{"id":10991,"date":"2020-12-05T14:15:07","date_gmt":"2020-12-05T22:15:07","guid":{"rendered":"http:\/\/13.53.127.146\/?p=10991"},"modified":"2020-12-05T14:16:58","modified_gmt":"2020-12-05T22:16:58","slug":"broadway-skytrain-rakenteille","status":"publish","type":"post","link":"https:\/\/www.vuosiamaailmalla.fi\/blog\/2020\/broadway-skytrain-rakenteille\/","title":{"rendered":"Broadway SkyTrain rakenteille"},"content":{"rendered":"<p style=\"text-align: justify;\">Syyskuun alussa raportoitiin hyvi\u00e4 uutisia, kun provinssimme <a title=\"Provinssivaaleissa enemmist\u00f6hallitus\" href=\"https:\/\/www.vuosiamaailmalla.fi\/?p=10917\">p\u00e4\u00e4ministeri John Horgan<\/a> ilmoitti pitk\u00e4\u00e4n odotetun <em>Broadway SkyTrainin<\/em> rakentamisen aloittamisesta viel\u00e4 t\u00e4n\u00e4 syksyn\u00e4. Kyseess\u00e4 on merkitt\u00e4v\u00e4st\u00e4 yhteens\u00e4 2,83 miljardia dollaria maksavasta <em>Millennium Linen<\/em> jatkosta, jonka my\u00f6t\u00e4 nykyist\u00e4 linjaa jatketaan 5,7 kilometrin ja kuuden uuden aseman verran aina l\u00e4nsi-Vancouverissa sijaitsevalle <em>Arbutus Streetille<\/em> saakka.<\/p>\n<p style=\"text-align: justify;\">Jatko on ensimm\u00e4inen kahdesta rakennusvaiheesta, jossa Millennium Line tulee lopulta ulottumaan aina Vancouverin l\u00e4nsilaidalla sijaitsevalle <em>University of British Columbian<\/em> kampukselle saakka. Yliopisto on merkitt\u00e4v\u00e4 liikenteen solmukohta, sill\u00e4 siell\u00e4 ty\u00f6skentelee ja opiskelee yli 50 000 ihmist\u00e4. Kampuksen kylkeen on my\u00f6s viime vuosina rakentunut alati laajeneva Wesbrookin asuinalue, jolla asuu useampi tuhat ihmist\u00e4.<\/p>\n<p><!--more--><\/p>\n<p style=\"text-align: center;\"><a href=\"\/blog\/wp-content\/uploads\/2020\/broadway_skytrain_suunnitelma3.jpg\"><img decoding=\"async\" src=\"\/blog\/wp-content\/uploads\/2020\/broadway_skytrain_suunnitelma3.jpg\" \/><\/a><\/p>\n<p style=\"text-align: center;\"><em>5,7 kilometri\u00e4 uutta SkytTrainia<\/em><\/p>\n<p style=\"text-align: justify;\">Liikenne kampukselle on ollut t\u00e4h\u00e4n saakka henkil\u00f6autojen sek\u00e4 bussiyhteyksien varassa. L\u00e4ntinen Vancouver on p\u00e4\u00e4asiassa omakotitalovaltaista <a title=\"Rikosaalto hienostoalueilla\" href=\"https:\/\/www.vuosiamaailmalla.fi\/?p=9302\">hienostoaluetta<\/a>, joten suuri osa opiskelijoista asuu Vancouverin it\u00e4puolella. T\u00e4m\u00e4 aiheuttaa voimakkaan poikittaisliikenteen kaupungin l\u00e4vitse ja <em>99 B-Linen\u00e4<\/em> tunnetusta bussiyhteydest\u00e4, jota tuleva SkyTrain linja seurailee,\u00a0 on muodostunut koko Pohjois-Amerikan vilkkain bussiyhteys. Linjan 120-paikkaiset nivelbussit kuljettavat p\u00e4ivitt\u00e4in huikeat 55 900 matkustajaa, vuorov\u00e4lien ollessa jopa alle kaksi minuuttia.<\/p>\n<p style=\"text-align: justify;\">Millennium Linen jatkoa onkin suunniteltu aina sen avautumisesta saakka vuonna 2002. Linja on saanut jatkoa pieniss\u00e4 osissa, joista viimeisin on vuonna 2016 avautunut 10,9 kilometri\u00e4 pitk\u00e4 <a title=\"Evergreen-linjan ty\u00f6maalla\" href=\"https:\/\/www.vuosiamaailmalla.fi\/?p=6936\"><em>Evergreen Extensionin<\/em> haara<\/a> Burnabyn <a title=\"Burnaby rakentaa metropolia\" href=\"https:\/\/www.vuosiamaailmalla.fi\/?p=8729\">Lougheedista<\/a> Coquitlamiin. Jatko on ollut eritt\u00e4in suosittu avautumisestaan l\u00e4htien ja p\u00e4ivitt\u00e4inen matkustajam\u00e4\u00e4r\u00e4 oli viime vuonna 39 500 ihmist\u00e4, mihin nopeasti kasvava v\u00e4est\u00f6 lis\u00e4\u00e4 alati painetta.<\/p>\n<p style=\"text-align: center;\"><a href=\"\/blog\/wp-content\/uploads\/2020\/laajentuva_skytrain_verkosto.jpg\"><img decoding=\"async\" src=\"\/blog\/wp-content\/uploads\/2020\/laajentuva_skytrain_verkosto.jpg\" \/><\/a><\/p>\n<p style=\"text-align: center;\"><em>Verkosto laajenee pala palalta<\/em><\/p>\n<p style=\"text-align: justify;\">Tuleva yhteys on siis merkitt\u00e4v\u00e4, sill\u00e4 sen lis\u00e4ksi ett\u00e4 se ulottaa SkyTrainia yh\u00e4 l\u00e4hemm\u00e4s UBC:t\u00e4, tuo se my\u00f6s nopean raideyhteyden koko Broadwayn varrelle. Broadway on Vancouverin toiseksi merkitt\u00e4vin ty\u00f6llisyyskeskittym\u00e4 heti Dowtownin j\u00e4lkeen ja pitk\u00e4n kadun varrella ty\u00f6skentelee 85 000 ihmist\u00e4. N\u00e4ille SkyTrain tulee olemaan huomattava parannus p\u00e4ivitt\u00e4iseen ty\u00f6matkaan, mink\u00e4 lis\u00e4ksi se avustaa uuden merkitt\u00e4v\u00e4n ty\u00f6paikka-alueen muodostumisessa False Creek Flatsin alueelle. Siell\u00e4 sijaitsevan <em>Emily Carr Universityn<\/em> ymp\u00e4rille ennustetaan syntyv\u00e4n noin 14 000 uutta ty\u00f6paikkaa ja alueella sijaitsee jo muun muassa <em>Mountain Equipment Companyn<\/em> sek\u00e4 <a title=\"Samsung Store\" href=\"https:\/\/www.vuosiamaailmalla.fi\/?p=241\"><em>Samsungin<\/em><\/a> konttorit.<\/p>\n<p style=\"text-align: center;\"><a href=\"\/blog\/wp-content\/uploads\/2020\/tyopaikkakeskittymat.jpg\"><img decoding=\"async\" src=\"\/blog\/wp-content\/uploads\/2020\/tyopaikkakeskittymat.jpg\" \/><\/a><\/p>\n<p style=\"text-align: center;\"><em>Vancouverin ty\u00f6paikkakeskittym\u00e4t<\/em><\/p>\n<p style=\"text-align: justify;\">Merkitt\u00e4v\u00e4\u00e4 uudessa linjassa on my\u00f6s ett\u00e4 se yhdist\u00e4\u00e4 valmistuessaan SkyTrainin kaikki kolme linjaa toisiinsa. Vancouverin kaupungintalon luona sijaitsevasta asemasta tulee merkitt\u00e4v\u00e4 vaihtoasema Millennium ja <em>Canada Linen<\/em> v\u00e4lill\u00e4 ja siit\u00e4 povataan erityisen vilkasta.<\/p>\n<p style=\"text-align: center;\"><a href=\"\/blog\/wp-content\/uploads\/2020\/city_hallin_asema.jpg\"><img decoding=\"async\" src=\"\/blog\/wp-content\/uploads\/2020\/city_hallin_asema.jpg\" \/><\/a><\/p>\n<p style=\"text-align: center;\"><em>Uusi kaupungintalon vaihtoasema<\/em><\/p>\n<p style=\"text-align: justify;\">On toki harmillista ettei jo alkanut rakennusvaihe yll\u00e4 UBC:lle saakka. Arbutus Streetin p\u00e4\u00e4teaseman ymp\u00e4rille rakennetaankin vaihtoasema bussiyhteyteen viimeiselle seitsem\u00e4n kilometrin matkalle. Toiveet toisen vaiheen toteuttamisesta ensimm\u00e4isen vaiheen yhteydess\u00e4 n\u00e4ytt\u00e4v\u00e4t kuitenkin ep\u00e4todenn\u00e4k\u00f6isilt\u00e4, sill\u00e4 vaikka 80% vancouverilaisista kannattaa hanketta, ei noin kolme miljardia dollaria maksavalle jatkohankkeelle ole rahoitusta. T\u00e4ll\u00e4 hetkell\u00e4 joukkoliikennett\u00e4 hallinnoivan <em>TransLinkin<\/em> suunnitelmissa on ett\u00e4 ensimm\u00e4inen vaihe valmistuu vuoteen 2025 menness\u00e4 ja jatko UBC:lle aikaisintaan vuonna 2030. T\u00e4m\u00e4 aikataulu on kuitenkin ep\u00e4varma, sill\u00e4 seuraavan raidehankkeen rahoituksesta kilpailee my\u00f6s <em>Expo Linen<\/em> jatkaminen Surreyst\u00e4 kohti Langleyt\u00e4, joka on aktiivisessa suunnittelussa.<\/p>\n<p style=\"text-align: center;\"><a href=\"\/blog\/wp-content\/uploads\/2020\/broadway_skytrain_suunnitelma2.jpg\"><img decoding=\"async\" src=\"\/blog\/wp-content\/uploads\/2020\/broadway_skytrain_suunnitelma2.jpg\" \/><\/a><\/p>\n<p style=\"text-align: center;\"><em>Yhteys UBC:lle syntyy kahdessa vaiheessa<\/em><\/p>\n<p style=\"text-align: justify;\">SkyTrain-verkoston laajentuminen on loistava asia ja jokainen hanke parantaa uusien alueiden saavutettavuutta t\u00e4ll\u00e4 laajalle levinneell\u00e4 metropolialueella. Jokainen hanke helpottaa my\u00f6s pahasti puuroutunutta <a title=\"Alex Fraser Bridge sai vetoketjun\" href=\"https:\/\/www.vuosiamaailmalla.fi\/?p=10245\">ty\u00f6paikkaliikennett\u00e4<\/a>, sill\u00e4 SkyTrain on autoon verrattuna huomattavasti nopeampi, eik\u00e4 sis\u00e4ll\u00e4 tarvetta maksaa pys\u00e4k\u00f6innist\u00e4. On kuitenkin valitettavaa ett\u00e4 seuraavaa laajennusta saadaan odottaa aina useita vuosia ja onkin kiintoisa n\u00e4hd\u00e4 josko <a title=\"K\u00e4sist\u00e4 karannut korona\" href=\"https:\/\/www.vuosiamaailmalla.fi\/?p=10986\">koronapandemian<\/a> j\u00e4ljilt\u00e4 tullaan n\u00e4kem\u00e4\u00e4n lis\u00e4\u00e4ntyneit\u00e4 investointeja liikennehankkeisiin <a title=\"Kanadan ty\u00f6llisyystilanne (2020)\" href=\"https:\/\/www.vuosiamaailmalla.fi\/?p=10715\">talouden elvytt\u00e4miseksi<\/a>. Broadwayn jatkon rahoitus varmistui jo vuonna 2018 eli ennen pandemiaa, mutta Langleyn linjaa t\u00e4m\u00e4 saattaa jouduttaa.<\/p>\n<p style=\"text-align: center;\"><a href=\"\/blog\/wp-content\/uploads\/2020\/broadway_skytrain_suunnitelma1.jpg\"><img decoding=\"async\" src=\"\/blog\/wp-content\/uploads\/2020\/broadway_skytrain_suunnitelma1.jpg\" \/><\/a><\/p>\n<p style=\"text-align: center;\"><em>Rakentamisen aikataulu<\/em><\/p>\n<p style=\"text-align: justify;\">Toinen vaihtoehto on my\u00f6s s\u00e4lytt\u00e4\u00e4 suurhankkeiden kustannuksia uusien asuinalueiden harteille, sill\u00e4 jokainen laajennus tuo mukanaan <a title=\"Tyhj\u00e4st\u00e4 nouseva Marine Gateway\" href=\"https:\/\/www.vuosiamaailmalla.fi\/?p=3228\">valtavat asuinrakennusprojektit<\/a>. Yksi t\u00e4llainen esimerkki l\u00f6ytyy Richmondista, jossa uuden Canada Linen varrelle rakentuvan <em>Capstan Stationin<\/em> kustannukset katetaan aseman ymp\u00e4rille kohonneiden asuintalojen rakennusmaksuilla. Asema on ensimm\u00e4inen yhteens\u00e4 kolmesta asemavarauksesta Canada Linen varrella ja toivottavasti avain uusiin yksityisen ja julkisen rahoituksen yhteishankkeisiin liikenneinfrastruktuurimme parantamiseksi.<\/p>\n<p style=\"text-align: center;\"><a href=\"\/blog\/wp-content\/uploads\/2020\/capstan_station1.jpg\"><img decoding=\"async\" src=\"\/blog\/wp-content\/uploads\/2020\/thumbs\/thumbs_capstan_station1.jpg\" \/><\/a><a href=\"\/blog\/wp-content\/uploads\/2020\/capstan_station2.jpg\"><img decoding=\"async\" src=\"\/blog\/wp-content\/uploads\/2020\/thumbs\/thumbs_capstan_station2.jpg\" \/><\/a><\/p>\n<p style=\"text-align: center;\"><em>Uusi Capstan Stationin asema<\/em><\/p>\n<p style=\"text-align: center;\"><iframe loading=\"lazy\" src=\"https:\/\/www.youtube-nocookie.com\/embed\/unGkRqIe768\" width=\"560\" height=\"315\" frameborder=\"0\" allowfullscreen=\"allowfullscreen\"><\/iframe><\/p>\n","protected":false},"excerpt":{"rendered":"<p>Syyskuun alussa raportoitiin hyvi\u00e4 uutisia, kun provinssimme p\u00e4\u00e4ministeri John Horgan ilmoitti pitk\u00e4\u00e4n odotetun Broadway SkyTrainin rakentamisen aloittamisesta viel\u00e4 t\u00e4n\u00e4 syksyn\u00e4. Kyseess\u00e4 on merkitt\u00e4v\u00e4st\u00e4 yhteens\u00e4 2,83 miljardia dollaria maksavasta Millennium Linen jatkosta, jonka my\u00f6t\u00e4 nykyist\u00e4 linjaa jatketaan 5,7 kilometrin ja kuuden uuden aseman verran aina l\u00e4nsi-Vancouverissa sijaitsevalle Arbutus Streetille saakka. Jatko on ensimm\u00e4inen kahdesta rakennusvaiheesta, jossa &hellip; <a href=\"https:\/\/www.vuosiamaailmalla.fi\/blog\/2020\/broadway-skytrain-rakenteille\/\" class=\"more-link\">Jatka lukemista<span class=\"screen-reader-text\"> &#8221;Broadway SkyTrain rakenteille&#8221;<\/span><\/a><\/p>\n","protected":false},"author":1,"featured_media":10993,"comment_status":"open","ping_status":"open","sticky":false,"template":"","format":"standard","meta":{"_jetpack_memberships_contains_paid_content":false,"footnotes":""},"categories":[17,3],"tags":[25,1547,392,935,1546,301,750,749,739,939,448,360],"class_list":["post-10991","post","type-post","status-publish","format-standard","has-post-thumbnail","hentry","category-arki-kanadassa","category-arki-ulkomailla","tag-ajankohtaista","tag-broadway-extension","tag-joukkoliikenne","tag-kanada","tag-millennium-line","tag-rakennustyomaa","tag-skytrain","tag-translink","tag-university-of-british-columbia","tag-vancouver","tag-vancouver-fairview","tag-vancouver-mount-pleasant"],"jetpack_featured_media_url":"https:\/\/www.vuosiamaailmalla.fi\/blog\/wp-content\/uploads\/capstan_station_banner.jpg","jetpack_sharing_enabled":true,"_links":{"self":[{"href":"https:\/\/www.vuosiamaailmalla.fi\/blog\/wp-json\/wp\/v2\/posts\/10991","targetHints":{"allow":["GET"]}}],"collection":[{"href":"https:\/\/www.vuosiamaailmalla.fi\/blog\/wp-json\/wp\/v2\/posts"}],"about":[{"href":"https:\/\/www.vuosiamaailmalla.fi\/blog\/wp-json\/wp\/v2\/types\/post"}],"author":[{"embeddable":true,"href":"https:\/\/www.vuosiamaailmalla.fi\/blog\/wp-json\/wp\/v2\/users\/1"}],"replies":[{"embeddable":true,"href":"https:\/\/www.vuosiamaailmalla.fi\/blog\/wp-json\/wp\/v2\/comments?post=10991"}],"version-history":[{"count":1,"href":"https:\/\/www.vuosiamaailmalla.fi\/blog\/wp-json\/wp\/v2\/posts\/10991\/revisions"}],"predecessor-version":[{"id":12356,"href":"https:\/\/www.vuosiamaailmalla.fi\/blog\/wp-json\/wp\/v2\/posts\/10991\/revisions\/12356"}],"wp:featuredmedia":[{"embeddable":true,"href":"https:\/\/www.vuosiamaailmalla.fi\/blog\/wp-json\/wp\/v2\/media\/10993"}],"wp:attachment":[{"href":"https:\/\/www.vuosiamaailmalla.fi\/blog\/wp-json\/wp\/v2\/media?parent=10991"}],"wp:term":[{"taxonomy":"category","embeddable":true,"href":"https:\/\/www.vuosiamaailmalla.fi\/blog\/wp-json\/wp\/v2\/categories?post=10991"},{"taxonomy":"post_tag","embeddable":true,"href":"https:\/\/www.vuosiamaailmalla.fi\/blog\/wp-json\/wp\/v2\/tags?post=10991"}],"curies":[{"name":"wp","href":"https:\/\/api.w.org\/{rel}","templated":true}]}}