{"id":11005,"date":"2019-12-15T16:42:47","date_gmt":"2019-12-16T00:42:47","guid":{"rendered":"http:\/\/13.53.127.146\/?p=11005"},"modified":"2021-12-11T14:41:53","modified_gmt":"2021-12-11T22:41:53","slug":"joulun-valoa-burnabyssa","status":"publish","type":"post","link":"https:\/\/www.vuosiamaailmalla.fi\/blog\/2019\/joulun-valoa-burnabyssa\/","title":{"rendered":"Joulun valoa Burnabyss\u00e4"},"content":{"rendered":"<p style=\"text-align: justify;\">Pime\u00e4n talven keskell\u00e4 jouluvalot tuovat monille joulun tunnelmaa ja ihmisten valoviritykset ovatkin <a title=\"Jouluvaloja kanadalaiseen tyyliin\" href=\"https:\/\/www.vuosiamaailmalla.fi\/?p=3764\">t\u00e4\u00e4ll\u00e4 Kanadassa<\/a> melkoisia. Koska omat parvekevalomme ovat sangen maltilliset, l\u00e4hdemme yleens\u00e4 kaupungille katsomaan jopa miljoonien jouluvalojen virityksi\u00e4 <a title=\"VanDusenin kaunis joulufestivaali\" href=\"https:\/\/www.vuosiamaailmalla.fi\/?p=10377\">valotapahtumiin<\/a> sek\u00e4 ihan vain asiasta seonneiden ihmisten pihoilla. Viime vuonna t\u00e4m\u00e4 perinteeksi muodostunut retki j\u00e4i <a title=\"Ensimm\u00e4inen joulu Kanadassa\" href=\"https:\/\/www.vuosiamaailmalla.fi\/?p=9912\">joulukiireilt\u00e4<\/a> tekem\u00e4tt\u00e4, joten t\u00e4n\u00e4 vuonna olikin virkist\u00e4v\u00e4\u00e4 l\u00e4hte\u00e4 katsastamaan jouluvaloja.<\/p>\n<p><!--more--><\/p>\n<p style=\"text-align: center;\"><a href=\"\/blog\/wp-content\/uploads\/2019\/jouluinen_burnaby_village_museum1.jpg\"><img decoding=\"async\" src=\"\/blog\/wp-content\/uploads\/2019\/thumbs\/thumbs_jouluinen_burnaby_village_museum1.jpg\" \/><\/a><a href=\"\/blog\/wp-content\/uploads\/2019\/jouluinen_burnaby_village_museum2.jpg\"><img decoding=\"async\" src=\"\/blog\/wp-content\/uploads\/2019\/thumbs\/thumbs_jouluinen_burnaby_village_museum2.jpg\" \/><\/a><\/p>\n<p style=\"text-align: center;\"><em>Joulun valoshowta<\/em><\/p>\n<p style=\"text-align: justify;\">Parhaiden jouluvalojen l\u00f6yt\u00e4misess\u00e4 avustavat sanomalehtien nettisivuilla olevat kartat, joilta valitsimme kohteeksemme kaksi jouluista tapahtumaa sek\u00e4 kaksi yksityisosoitetta. Illan ensimm\u00e4inen kohteemme sijaitsi aivan kotimme l\u00e4hettyvill\u00e4, <em>Burnaby Village Museumin <\/em>\u00a0hauskalla vanhanajan aikalaismuseolla. T\u00e4m\u00e4 1920-luvun tyyliin rakennettu museokyl\u00e4 koristellaan vuosittain tuhansilla valoilla, joita on ilmaista tulla katsomaan.<\/p>\n<p style=\"text-align: center;\"><a href=\"\/blog\/wp-content\/uploads\/2019\/jouluinen_burnaby_village_museum3.jpg\"><img decoding=\"async\" src=\"\/blog\/wp-content\/uploads\/2019\/thumbs\/thumbs_jouluinen_burnaby_village_museum3.jpg\" \/><\/a><a href=\"\/blog\/wp-content\/uploads\/2019\/jouluinen_burnaby_village_museum4.jpg\"><img decoding=\"async\" src=\"\/blog\/wp-content\/uploads\/2019\/thumbs\/thumbs_jouluinen_burnaby_village_museum4.jpg\" \/><\/a><a href=\"\/blog\/wp-content\/uploads\/2019\/jouluinen_burnaby_village_museum7.jpg\"><img decoding=\"async\" src=\"\/blog\/wp-content\/uploads\/2019\/thumbs\/thumbs_jouluinen_burnaby_village_museum7.jpg\" \/><\/a><br \/>\n<a href=\"\/blog\/wp-content\/uploads\/2019\/jouluinen_burnaby_village_museum5.jpg\"><img decoding=\"async\" src=\"\/blog\/wp-content\/uploads\/2019\/thumbs\/thumbs_jouluinen_burnaby_village_museum5.jpg\" \/><\/a><a href=\"\/blog\/wp-content\/uploads\/2019\/jouluinen_burnaby_village_museum6.jpg\"><img decoding=\"async\" src=\"\/blog\/wp-content\/uploads\/2019\/thumbs\/thumbs_jouluinen_burnaby_village_museum6.jpg\" \/><\/a><\/p>\n<p style=\"text-align: center;\"><em>Tunnelmallisesti koristeltu aikalaismuseo<\/em><\/p>\n<p style=\"text-align: justify;\">Emme ole k\u00e4yneet museokyl\u00e4ll\u00e4 aiemmin ja t\u00e4nne pit\u00e4\u00e4kin palata ehdottomasti uudemman kerran ihan ajan kanssa. Historiallinen kyl\u00e4nraitti oli puettu nyt kauniiseen jouluasuun v\u00e4rikk\u00e4ill\u00e4 valoilla rakennusten seinustoilla sek\u00e4 ymp\u00e4r\u00f6iviss\u00e4 puissa. Paikalla olikin runsaasti ihmisi\u00e4, jotka nauttivat erilaisista joulun\u00e4yt\u00f6ksist\u00e4 sek\u00e4 kolmihenkisen kuoron esitt\u00e4mist\u00e4 vanhanajan joululauluista.<\/p>\n<p style=\"text-align: center;\"><a href=\"\/blog\/wp-content\/uploads\/2019\/joululaulantaa1.jpg\"><img decoding=\"async\" src=\"\/blog\/wp-content\/uploads\/2019\/thumbs\/thumbs_joululaulantaa1.jpg\" \/><\/a><a href=\"\/blog\/wp-content\/uploads\/2019\/joululaulantaa2.jpg\"><img decoding=\"async\" src=\"\/blog\/wp-content\/uploads\/2019\/thumbs\/thumbs_joululaulantaa2.jpg\" \/><\/a><\/p>\n<p style=\"text-align: center;\"><em>Vanhanajan joululauluja<\/em><\/p>\n<p style=\"text-align: justify;\">Kyl\u00e4n l\u00e4mmin tunnelma sek\u00e4 gl\u00f6gi l\u00e4mmittiv\u00e4t mukavasti matkalla seuraavalle kohteellemme, joka sijaitsi Burnaby Laken pohjoispuolella l\u00e4hell\u00e4 Lougheedin keskustaa. Alueen muutkin asukkaat olivat koristelleet pihojaan moninaisilla jouluvaloilla, mutta osoitteessa <em>8222 Burnlake Drive<\/em> sijaitseva talo h\u00e4ik\u00e4isi silti loistollaan.<\/p>\n<p style=\"text-align: center;\"><a href=\"\/blog\/wp-content\/uploads\/2019\/jouluinen_talo_lake_cityssa3.jpg\"><img decoding=\"async\" src=\"\/blog\/wp-content\/uploads\/2019\/thumbs\/thumbs_jouluinen_talo_lake_cityssa3.jpg\" \/><\/a><a href=\"\/blog\/wp-content\/uploads\/2019\/jouluinen_talo_lake_cityssa4.jpg\"><img decoding=\"async\" src=\"\/blog\/wp-content\/uploads\/2019\/thumbs\/thumbs_jouluinen_talo_lake_cityssa4.jpg\" \/><\/a><\/p>\n<p style=\"text-align: center;\"><em>Hyv\u00e4ntekev\u00e4isyys saa jotkin koristamaan talonsa<\/em><\/p>\n<p style=\"text-align: justify;\">Asuintalon koko etupiha sek\u00e4 talo oli koristeltu tuhansilla v\u00e4rikk\u00e4ill\u00e4 valoilla ja lukuisilla hahmoilla, joista useat my\u00f6s liikkuivat. Pihamaalla soi kaunis joulumusiikki tunnelmaa luoden, jota riittikin kymmenien autojen virran kulkiessa t\u00e4m\u00e4n hyv\u00e4ntekev\u00e4isyyden nimiss\u00e4 koristellun asuintalon ohitse.<\/p>\n<p style=\"text-align: center;\"><a href=\"\/blog\/wp-content\/uploads\/2019\/jouluinen_talo_lake_cityssa1.jpg\"><img decoding=\"async\" src=\"\/blog\/wp-content\/uploads\/2019\/thumbs\/thumbs_jouluinen_talo_lake_cityssa1.jpg\" \/><\/a><a href=\"\/blog\/wp-content\/uploads\/2019\/jouluinen_talo_lake_cityssa2.jpg\"><img decoding=\"async\" src=\"\/blog\/wp-content\/uploads\/2019\/thumbs\/thumbs_jouluinen_talo_lake_cityssa2.jpg\" \/><\/a><\/p>\n<p style=\"text-align: center;\"><em>Monenlaisia hahmoja pihalla<\/em><\/p>\n<p style=\"text-align: justify;\">My\u00f6sk\u00e4\u00e4n seuraavalle kohteelle ei ollut pitk\u00e4 matka, sill\u00e4 <em>4187 Williams Street<\/em> sijaitsee l\u00e4hell\u00e4 <a title=\"Uskomaton Brentwood\" href=\"https:\/\/www.vuosiamaailmalla.fi\/?p=4576\">Brentwoodia<\/a>. Uudenaikaisen asuinrakennuksen koko pieni etupiha sek\u00e4 julkisivu olivat valojen peitossa ja meilt\u00e4 kestikin hetki bongata moninaisten koristeluiden yksityiskohtia. <a title=\"Kauniin v\u00e4rikk\u00e4\u00e4t jouluvalot\" href=\"https:\/\/www.vuosiamaailmalla.fi\/?p=7508\">T\u00e4llaisen talon<\/a> naapurissa on varmasti kiintoisaa asua, sill\u00e4 kaikki mit\u00e4 pihalleen laittaa n\u00e4ytt\u00e4\u00e4 naapuritalon rinnalla eritt\u00e4in vaatimattomalta.<\/p>\n<p style=\"text-align: center;\"><a href=\"\/blog\/wp-content\/uploads\/2019\/jouluinen_talo_north_burnabyssa1.jpg\"><img decoding=\"async\" src=\"\/blog\/wp-content\/uploads\/2019\/thumbs\/thumbs_jouluinen_talo_north_burnabyssa1.jpg\" \/><\/a><a href=\"\/blog\/wp-content\/uploads\/2019\/jouluinen_talo_north_burnabyssa2.jpg\"><img decoding=\"async\" src=\"\/blog\/wp-content\/uploads\/2019\/thumbs\/thumbs_jouluinen_talo_north_burnabyssa2.jpg\" \/><\/a><\/p>\n<p style=\"text-align: center;\"><em>V\u00e4rik\u00e4s asuintalo keskell\u00e4 pimeytt\u00e4<\/em><\/p>\n<p style=\"text-align: center;\"><a href=\"\/blog\/wp-content\/uploads\/2019\/jouluinen_talo_north_burnabyssa3.jpg\"><img decoding=\"async\" src=\"\/blog\/wp-content\/uploads\/2019\/thumbs\/thumbs_jouluinen_talo_north_burnabyssa3.jpg\" \/><\/a><a href=\"\/blog\/wp-content\/uploads\/2019\/jouluinen_talo_north_burnabyssa4.jpg\"><img decoding=\"async\" src=\"\/blog\/wp-content\/uploads\/2019\/thumbs\/thumbs_jouluinen_talo_north_burnabyssa4.jpg\" \/><\/a><a href=\"\/blog\/wp-content\/uploads\/2019\/jouluinen_talo_north_burnabyssa5.jpg\"><img decoding=\"async\" src=\"\/blog\/wp-content\/uploads\/2019\/thumbs\/thumbs_jouluinen_talo_north_burnabyssa5.jpg\" \/><\/a><\/p>\n<p style=\"text-align: center;\"><em>Yksityiskohtia piisaa<\/em><\/p>\n<p style=\"text-align: justify;\">Illan viimeinen pys\u00e4hdyspaikkamme sijaitsi North Vancouverissa <em>Park &amp; Tilfordin<\/em> nimisen ostoskeskuksen luona kaupungin it\u00e4laidalla. Olemme k\u00e4yneet kyseisell\u00e4 ostoskeskuksella aiemminkin, mutta emme ole koskaan huomanneet ett\u00e4 sen perimm\u00e4isess\u00e4 nurkkauksessa on portti t\u00e4ysin n\u00e4kyvilt\u00e4 verhoiltuun pikkupuistoon.<\/p>\n<p style=\"text-align: center;\"><a href=\"\/blog\/wp-content\/uploads\/2019\/tilford_hi-light1.jpg\"><img decoding=\"async\" src=\"\/blog\/wp-content\/uploads\/2019\/thumbs\/thumbs_tilford_hi-light1.jpg\" \/><\/a><a href=\"\/blog\/wp-content\/uploads\/2019\/tilford_hi-light8.jpg\"><img decoding=\"async\" src=\"\/blog\/wp-content\/uploads\/2019\/thumbs\/thumbs_tilford_hi-light8.jpg\" \/><\/a><\/p>\n<p style=\"text-align: center;\"><em>Meilt\u00e4 huomaamatta j\u00e4\u00e4nyt puisto<\/em><\/p>\n<p style=\"text-align: justify;\">Puiston valaisu tuhansilla jouluvaloilla on northvancouverilainen perinne, jossa paikallisten palokuntien henkil\u00f6st\u00f6 avustaa. Tarjolla olikin kauniiden jouluvalojen lis\u00e4ksi my\u00f6s ajelua paloauton kyydiss\u00e4, mik\u00e4 oli lasten suosiossa. Suosittu oli koko puistokin ja meist\u00e4 tuntui paikallisena poikkeukselliselta l\u00f6yt\u00e4\u00e4 t\u00e4llainen paikka sangen <a title=\"Py\u00f6r\u00e4ll\u00e4 Lynn Creekin vartta\" href=\"https:\/\/www.vuosiamaailmalla.fi\/?p=4746\">tutulta alueelta<\/a>.<\/p>\n<p style=\"text-align: center;\"><a href=\"\/blog\/wp-content\/uploads\/2019\/tilford_hi-light2.jpg\"><img decoding=\"async\" src=\"\/blog\/wp-content\/uploads\/2019\/thumbs\/thumbs_tilford_hi-light2.jpg\" \/><\/a><a href=\"\/blog\/wp-content\/uploads\/2019\/tilford_hi-light3.jpg\"><img decoding=\"async\" src=\"\/blog\/wp-content\/uploads\/2019\/thumbs\/thumbs_tilford_hi-light3.jpg\" \/><\/a><a href=\"\/blog\/wp-content\/uploads\/2019\/tilford_hi-light4.jpg\"><img decoding=\"async\" src=\"\/blog\/wp-content\/uploads\/2019\/thumbs\/thumbs_tilford_hi-light4.jpg\" \/><\/a><br \/>\n<a href=\"\/blog\/wp-content\/uploads\/2019\/tilford_hi-light5.jpg\"><img decoding=\"async\" src=\"\/blog\/wp-content\/uploads\/2019\/thumbs\/thumbs_tilford_hi-light5.jpg\" \/><\/a><a href=\"\/blog\/wp-content\/uploads\/2019\/tilford_hi-light6.jpg\"><img decoding=\"async\" src=\"\/blog\/wp-content\/uploads\/2019\/thumbs\/thumbs_tilford_hi-light6.jpg\" \/><\/a><a href=\"\/blog\/wp-content\/uploads\/2019\/tilford_hi-light7.jpg\"><img decoding=\"async\" src=\"\/blog\/wp-content\/uploads\/2019\/thumbs\/thumbs_tilford_hi-light7.jpg\" \/><\/a><\/p>\n<p style=\"text-align: center;\"><em>Palokuntalaisten kauniisti koristelema puisto<\/em><\/p>\n<p style=\"text-align: justify;\">Vuosittainen kierroksemme huikeiden jouluvalojen parissa olikin eritt\u00e4in onnistunut ja ensi vuonna verkkoa pit\u00e4nee ulottaa <a title=\"Taistelu l\u00e4hi\u00f6iden jouluvaloherruudesta\" href=\"https:\/\/www.vuosiamaailmalla.fi\/blog\/2020\/taistelu-lahioiden-jouluvaloherruudesta\/\">kauemmas esikaupunkeihin<\/a>, joissa jouluvalot kuuluvat olevan todellinen syd\u00e4men asia ja naapurikilvan mittari! N\u00e4ist\u00e4 kuvia ja juttua ensi vuonna.<\/p>\n","protected":false},"excerpt":{"rendered":"<p>Pime\u00e4n talven keskell\u00e4 jouluvalot tuovat monille joulun tunnelmaa ja ihmisten valoviritykset ovatkin t\u00e4\u00e4ll\u00e4 Kanadassa melkoisia. Koska omat parvekevalomme ovat sangen maltilliset, l\u00e4hdemme yleens\u00e4 kaupungille katsomaan jopa miljoonien jouluvalojen virityksi\u00e4 valotapahtumiin sek\u00e4 ihan vain asiasta seonneiden ihmisten pihoilla. Viime vuonna t\u00e4m\u00e4 perinteeksi muodostunut retki j\u00e4i joulukiireilt\u00e4 tekem\u00e4tt\u00e4, joten t\u00e4n\u00e4 vuonna olikin virkist\u00e4v\u00e4\u00e4 l\u00e4hte\u00e4 katsastamaan jouluvaloja.<\/p>\n","protected":false},"author":1,"featured_media":11008,"comment_status":"open","ping_status":"open","sticky":false,"template":"","format":"standard","meta":{"_jetpack_memberships_contains_paid_content":false,"footnotes":""},"categories":[17,3],"tags":[34,77,1549,589,1199,264,1290,935,184,1550],"class_list":["post-11005","post","type-post","status-publish","format-standard","has-post-thumbnail","hentry","category-arki-kanadassa","category-arki-ulkomailla","tag-arki","tag-burnaby","tag-burnaby-village-museum","tag-burnaby-brentwood","tag-burnaby-lougheed","tag-joulu","tag-jouluvalot","tag-kanada","tag-north-vancouver","tag-park-tilford-gardens"],"jetpack_featured_media_url":"https:\/\/www.vuosiamaailmalla.fi\/blog\/wp-content\/uploads\/tilford_hi-light_banner.jpg","jetpack_sharing_enabled":true,"_links":{"self":[{"href":"https:\/\/www.vuosiamaailmalla.fi\/blog\/wp-json\/wp\/v2\/posts\/11005","targetHints":{"allow":["GET"]}}],"collection":[{"href":"https:\/\/www.vuosiamaailmalla.fi\/blog\/wp-json\/wp\/v2\/posts"}],"about":[{"href":"https:\/\/www.vuosiamaailmalla.fi\/blog\/wp-json\/wp\/v2\/types\/post"}],"author":[{"embeddable":true,"href":"https:\/\/www.vuosiamaailmalla.fi\/blog\/wp-json\/wp\/v2\/users\/1"}],"replies":[{"embeddable":true,"href":"https:\/\/www.vuosiamaailmalla.fi\/blog\/wp-json\/wp\/v2\/comments?post=11005"}],"version-history":[{"count":2,"href":"https:\/\/www.vuosiamaailmalla.fi\/blog\/wp-json\/wp\/v2\/posts\/11005\/revisions"}],"predecessor-version":[{"id":12551,"href":"https:\/\/www.vuosiamaailmalla.fi\/blog\/wp-json\/wp\/v2\/posts\/11005\/revisions\/12551"}],"wp:featuredmedia":[{"embeddable":true,"href":"https:\/\/www.vuosiamaailmalla.fi\/blog\/wp-json\/wp\/v2\/media\/11008"}],"wp:attachment":[{"href":"https:\/\/www.vuosiamaailmalla.fi\/blog\/wp-json\/wp\/v2\/media?parent=11005"}],"wp:term":[{"taxonomy":"category","embeddable":true,"href":"https:\/\/www.vuosiamaailmalla.fi\/blog\/wp-json\/wp\/v2\/categories?post=11005"},{"taxonomy":"post_tag","embeddable":true,"href":"https:\/\/www.vuosiamaailmalla.fi\/blog\/wp-json\/wp\/v2\/tags?post=11005"}],"curies":[{"name":"wp","href":"https:\/\/api.w.org\/{rel}","templated":true}]}}