{"id":11013,"date":"2020-12-13T16:21:47","date_gmt":"2020-12-14T00:21:47","guid":{"rendered":"http:\/\/13.53.127.146\/?p=11013"},"modified":"2022-04-12T12:36:17","modified_gmt":"2022-04-12T19:36:17","slug":"kilpailu-korkeimmasta-pilvenpiirtajasta","status":"publish","type":"post","link":"https:\/\/www.vuosiamaailmalla.fi\/blog\/2020\/kilpailu-korkeimmasta-pilvenpiirtajasta\/","title":{"rendered":"Kilpailu korkeimmasta pilvenpiirt\u00e4j\u00e4st\u00e4"},"content":{"rendered":"<p style=\"text-align: justify;\">Vancouver ja sit\u00e4 ymp\u00e4r\u00f6iv\u00e4t esikaupungit kasvavat paraikaa vauhdilla, kun kaikkialla ymp\u00e4rill\u00e4 <a title=\"Burnaby rakentaa metropolia\" href=\"https:\/\/www.vuosiamaailmalla.fi\/?p=8729\">rakennetaan metropolia<\/a>. J\u00e4rjett\u00f6miin sv\u00e4\u00e4reihin kohonneiden <a title=\"Karannut kanadalainen unelma\" href=\"https:\/\/www.vuosiamaailmalla.fi\/?p=7518\">asuinkustannusten<\/a> peesiss\u00e4 my\u00f6s tonttimaasta on tullut niin kallista, ett\u00e4 uudet projektit ovat j\u00e4rjest\u00e4\u00e4n aiempia kunniahimoisempia ja kurkottavat yh\u00e4 korkeammalle. Viimeisen viiden vuoden aikana 45-kerroksisista ja 150 metri\u00e4 korkeista asuintorneista on tullut normaalia ja jopa 50 asuinkerrosta ylitt\u00e4vi\u00e4 pilvenpiirt\u00e4ji\u00e4 on rakenteilla tai jopa valmistunut kymmenkunta.<\/p>\n<p><!--more--><\/p>\n<p style=\"text-align: justify;\">Niinp\u00e4 &#8221;poikkeuksellisen korkeuden&#8221; raja onkin kohonnut 60 kerrokseen ja yli 200 metriin, jotka ovat olleet t\u00e4h\u00e4n saakka kannattavuuden ulottumattomissa. Metropolialueelta l\u00f6ytyy t\u00e4ll\u00e4 hetkell\u00e4 ainoastaan kaksi yli 60-kerroksista pilvenpiirt\u00e4j\u00e4\u00e4, joista molemmat Vancouverin Downtownissa. 62-kerroksinen <em>Living Shangri-La<\/em> on pit\u00e4nyt korkeimman rakennuksen titteli\u00e4 hallussaan jo vuodesta 2008 ja rakennuksen huippukorkeus on kunnioitettavat 201 metri\u00e4. Pilvenpiirt\u00e4j\u00e4 on edelleen ainoa 200 metri\u00e4 ylitt\u00e4nyt rakennus ja viereinen 63-kerroksinen <a title=\"Asukkaana Trump Towerissa\" href=\"https:\/\/www.vuosiamaailmalla.fi\/?p=9783\">entinen kotimme<\/a> <em>Trump Tower<\/em> ylt\u00e4\u00e4 ainoastaan 188 metrin korkeuteen\u00a0 l\u00e4hinn\u00e4 matalamman kerroskorkeuden vuoksi.<\/p>\n<p style=\"text-align: center;\"><a href=\"\/blog\/wp-content\/uploads\/2018\/trump_tower_hi-res1.jpg\"><img decoding=\"async\" src=\"\/blog\/wp-content\/uploads\/2018\/thumbs\/thumbs_trump_tower_hi-res1.jpg\" \/><\/a><\/p>\n<p style=\"text-align: center;\"><em>Vancouverin kaksi korkeinta<\/em><\/p>\n<p style=\"text-align: justify;\">Vancouverin tiukkojen n\u00e4k\u00f6k\u00e4yt\u00e4vien aiheuttamien korkeusrajoitusten vuoksi on ep\u00e4todenn\u00e4k\u00f6ist\u00e4 ett\u00e4 ydinkeskustassa n\u00e4hd\u00e4\u00e4n vastaisuudessakaan <a title=\"Uusi korkein toimistopilvenpiirt\u00e4j\u00e4\" href=\"https:\/\/www.vuosiamaailmalla.fi\/?p=9806\">t\u00e4t\u00e4 korkeampia<\/a> pilvenpiirt\u00e4ji\u00e4, vaikka muutamia t\u00e4llaisia rakennuspaikkoja onkin hy\u00f6dynt\u00e4m\u00e4tt\u00e4. Niinp\u00e4 korkeimman rakennuksen kruunu onkin siirtym\u00e4ss\u00e4 esikaupunkeihin, jossa rakennuskorkeudet ovat kohonneet viime vuosina huimasti. Ja esikaupungeista kaikkein korkeimmin rakentaa juuri oma <a title=\"Muutto Burnabyyn\" href=\"https:\/\/www.vuosiamaailmalla.fi\/?p=8202\">asuinkaupunkimme Burnaby<\/a>, jossa on k\u00e4ynniss\u00e4 <a title=\"Burnabyn projektip\u00e4ivitys (2021)\" href=\"https:\/\/www.vuosiamaailmalla.fi\/blog\/2021\/burnabyn-projektipaivitys-2021\/\">huimia hankkeita<\/a>.<\/p>\n<p style=\"text-align: center;\"><a href=\"\/blog\/wp-content\/uploads\/2020\/metrotown_skyline9.jpg\"><img decoding=\"async\" src=\"\/blog\/wp-content\/uploads\/2020\/metrotown_skyline9.jpg\" \/><\/a><\/p>\n<p style=\"text-align: center;\"><em>Burnabyst\u00e4 l\u00f6ytyy siluettia<\/em><\/p>\n<p style=\"text-align: justify;\">Kaupungin korkeimmat tornit ovat nykyisin <a title=\"Burnabyn projektip\u00e4ivitys (2018)\" href=\"https:\/\/www.vuosiamaailmalla.fi\/?p=9535\"><em>Amazing Brentwoodin<\/em><\/a> vuonna 2019 ja 2020 valmistuneet 56-kerroksiset ja 186 metri\u00e4 korkeat kaksoistornit. Burnaby ei juurikaan julkaise rakennushankkeiden virallisia korkeuksia, joten on ep\u00e4selv\u00e4\u00e4 kuinka korkea Metrotownissa rakentuvasta 53-kerroksisesta <a title=\"Metrotownin projektip\u00e4ivitys\" href=\"https:\/\/www.vuosiamaailmalla.fi\/?p=2857\"><em>Station Squaren<\/em><\/a> viidennest\u00e4 tornista tulee, mutta alueelle kohoaa my\u00f6s 48-kerroksinen ja 177 metri\u00e4 korkea <em>Highline<\/em>.<\/p>\n<p style=\"text-align: center;\"><a href=\"\/blog\/wp-content\/uploads\/2020\/highline_render1.jpg\"><img decoding=\"async\" src=\"\/blog\/wp-content\/uploads\/2020\/thumbs\/thumbs_highline_render1.jpg\" \/><\/a><a href=\"\/blog\/wp-content\/uploads\/2020\/station_square_render1.jpg\"><img decoding=\"async\" src=\"\/blog\/wp-content\/uploads\/2020\/thumbs\/thumbs_station_square_render1.jpg\" \/><\/a><\/p>\n<p style=\"text-align: center;\"><em>Highline ja Station Square eiv\u00e4t yll\u00e4 enn\u00e4tyksiin<\/em><\/p>\n<p style=\"text-align: center;\"><a href=\"\/blog\/wp-content\/uploads\/2020\/amazing_brentwood34.jpg\"><img decoding=\"async\" src=\"\/blog\/wp-content\/uploads\/2020\/amazing_brentwood34.jpg\" \/><\/a><\/p>\n<p style=\"text-align: center;\"><em>Burnabyn uudet korkeimmat<\/em><\/p>\n<p style=\"text-align: justify;\">N\u00e4iden korkeus ei riit\u00e4 kuitenkaan viem\u00e4\u00e4n valtikkaa Vancouverilta, mutta sen tulee tekem\u00e4\u00e4n Brentwoodin l\u00e4nsikulmalla jo maarakennusvaiheessa oleva massiivinen kolmen pilvenpiirt\u00e4j\u00e4n <em>Gilmore Place<\/em>. Korkeiden asuintornien kerroslukemat ovat 43, 51 ja 64 ja n\u00e4ist\u00e4 korkeimmasta tulee valmistuessaan L\u00e4nsi-Kanadan korkein kokonaan asuink\u00e4yt\u00f6ss\u00e4 oleva pilvenpiirt\u00e4j\u00e4 215 metrin harjakorkeudella.<\/p>\n<p style=\"text-align: center;\"><a href=\"\/blog\/wp-content\/uploads\/2020\/gilmore_place_render1.jpg\"><img decoding=\"async\" src=\"\/blog\/wp-content\/uploads\/2020\/thumbs\/thumbs_gilmore_place_render1.jpg\" \/><\/a><a href=\"\/blog\/wp-content\/uploads\/2020\/gilmore_place_kartta.jpg\"><img decoding=\"async\" src=\"\/blog\/wp-content\/uploads\/2020\/thumbs\/thumbs_gilmore_place_kartta.jpg\" \/><\/a><a href=\"\/blog\/wp-content\/uploads\/2020\/gilmore_place_render2.jpg\"><img decoding=\"async\" src=\"\/blog\/wp-content\/uploads\/2020\/thumbs\/thumbs_gilmore_place_render2.jpg\" \/><\/a><\/p>\n<p style=\"text-align: center;\"><em>Gilmore Placesta tulee uusi korkein<\/em><\/p>\n<p style=\"text-align: justify;\">Massiiviseen kompleksiin kuuluu varaus seitsem\u00e4lle muullekin tornille <a title=\"Broadway SkyTrain rakenteille\" href=\"https:\/\/www.vuosiamaailmalla.fi\/?p=10991\">SkyTrain-aseman<\/a> vastapuolella, joista yksi tulee olemaan 36-kerroksinen toimistotorni muuten asuink\u00e4ytt\u00f6\u00f6n tarkoitettujen pilvenpiirt\u00e4jien vastapainoksi. Ensimm\u00e4iset kolme tornia valmistuvat vuonna 2023 ja tulevat muuttamaan alueen profiilin tyystin.<\/p>\n<p style=\"text-align: center;\"><a href=\"\/blog\/wp-content\/uploads\/2020\/gilmore_place_render5.jpg\"><img decoding=\"async\" src=\"\/blog\/wp-content\/uploads\/2020\/thumbs\/thumbs_gilmore_place_render5.jpg\" \/><\/a><a href=\"\/blog\/wp-content\/uploads\/2020\/gilmore_place_render3.jpg\"><img decoding=\"async\" src=\"\/blog\/wp-content\/uploads\/2020\/thumbs\/thumbs_gilmore_place_render3.jpg\" \/><\/a><a href=\"\/blog\/wp-content\/uploads\/2020\/gilmore_place_render4.jpg\"><img decoding=\"async\" src=\"\/blog\/wp-content\/uploads\/2020\/thumbs\/thumbs_gilmore_place_render4.jpg\" \/><\/a><\/p>\n<p style=\"text-align: center;\"><em>Asuntoja 64 kerroksen korkeudelta<\/em><\/p>\n<p style=\"text-align: center;\"><a href=\"\/blog\/wp-content\/uploads\/2020\/gilmore_place_render6.jpg\"><img decoding=\"async\" src=\"\/blog\/wp-content\/uploads\/2020\/thumbs\/thumbs_gilmore_place_render6.jpg\" \/><\/a><\/p>\n<p style=\"text-align: center;\"><em>Joukkoon mahtuu uusi toimistotornikin<\/em><\/p>\n<p style=\"text-align: justify;\">Brentwoodin alueella nousee paraikaa lukuisia 50-kerroksia torneja, mutta yli 60 kerrokseen p\u00e4\u00e4seminen vaatii siirtymist\u00e4 t\u00e4nne Metrotownin alueelle, jossa on vireill\u00e4 kaksi hanketta. N\u00e4ist\u00e4 l\u00e4hes tuntematon on alueen valtav\u00e4yl\u00e4n <em>Kingswayn<\/em> varrelle kaavoitettava pilvenpiirt\u00e4j\u00e4, josta tiedet\u00e4\u00e4n vain ett\u00e4 se tulee olemaan 63-kerroksinen.<\/p>\n<p style=\"text-align: justify;\">Paljon enemm\u00e4n tiedet\u00e4\u00e4n suurrakennuttaja <em>Concord Pacificin<\/em> Metrotownin hankkeesta, jossa entisen <a title=\"Sears heitti pyyhkeen keh\u00e4\u00e4n\" href=\"https:\/\/www.vuosiamaailmalla.fi\/?p=9268\"><em>Searsin<\/em> tavaratalon<\/a> paikalle rakentuu yhteens\u00e4 kahdeksan pilvenpiirt\u00e4j\u00e4n kompleksi. N\u00e4ist\u00e4 ensimm\u00e4iseen vaiheeseen kuuluvat kolme tornia ylt\u00e4v\u00e4t 33, 45 ja 65 kerroksen korkeuteen, joista korkeimmasta tulee valmistuessaan j\u00e4lleen uusi L\u00e4nsi-Kanadan korkein pilvenpiirt\u00e4j\u00e4 nyt 230 metrin korkeudella. Ja koska Metrotown sijaitsee kukkulan laella, sijaitsee korkeimman tornin r\u00e4yst\u00e4s per\u00e4ti 360 metri\u00e4 merenpinnan yl\u00e4puolella.<\/p>\n<p style=\"text-align: center;\"><a href=\"\/blog\/wp-content\/uploads\/2020\/concord_metrotown_render3.jpg\"><img decoding=\"async\" src=\"\/blog\/wp-content\/uploads\/2020\/thumbs\/thumbs_concord_metrotown_render3.jpg\" \/><\/a><\/p>\n<p style=\"text-align: center;\"><em>N\u00e4ytt\u00e4v\u00e4t uudistornit<\/em><\/p>\n<p style=\"text-align: center;\"><a href=\"\/blog\/wp-content\/uploads\/2020\/concord_metrotown_render1.jpg\"><img decoding=\"async\" src=\"\/blog\/wp-content\/uploads\/2020\/thumbs\/thumbs_concord_metrotown_render1.jpg\" \/><\/a><a href=\"\/blog\/wp-content\/uploads\/2020\/concord_metrotown_render5.jpg\"><img decoding=\"async\" src=\"\/blog\/wp-content\/uploads\/2020\/thumbs\/thumbs_concord_metrotown_render5.jpg\" \/><\/a><a href=\"\/blog\/wp-content\/uploads\/2020\/concord_metrotown_render2.jpg\"><img decoding=\"async\" src=\"\/blog\/wp-content\/uploads\/2020\/thumbs\/thumbs_concord_metrotown_render2.jpg\" \/><\/a><\/p>\n<p style=\"text-align: center;\"><em>Tulevista asunnoista n\u00e4kee kauas<\/em><\/p>\n<p style=\"text-align: justify;\">Maisemat korkeimman tornin huipulta tulevatkin olemaan uskomattomat kaikkiin ilmansuuntiin ja jopa kaukaiset asiat kuten uskomattoman <a title=\"Mount Rainier omasta ikkunasta\" href=\"https:\/\/www.vuosiamaailmalla.fi\/?p=8215\">286 kilometrin p\u00e4\u00e4ss\u00e4<\/a> sijaitseva Mount Rainier tulevat n\u00e4kym\u00e4\u00e4n selv\u00e4sti.<\/p>\n<p style=\"text-align: justify;\">Enn\u00e4tyksi\u00e4 tahkova pilvenpiirt\u00e4j\u00e4 tulee tarjoamaan my\u00f6s uudenaikaisia mukavuuksia kuten ulkouima-altaan yhteyteen tulevat tynnyrisaunat, jotka kutkuttavat suomalaista mielt\u00e4 sek\u00e4 kompleksin jalustaa kiert\u00e4v\u00e4 ja osin tyhj\u00e4n p\u00e4\u00e4ll\u00e4 kulkeva 400-metrinen juoksurata.<\/p>\n<p style=\"text-align: center;\"><a href=\"\/blog\/wp-content\/uploads\/2020\/concord_metrotown_render4.jpg\"><img decoding=\"async\" src=\"\/blog\/wp-content\/uploads\/2020\/thumbs\/thumbs_concord_metrotown_render4.jpg\" \/><\/a><a href=\"\/blog\/wp-content\/uploads\/2020\/concord_metrotown_render6.jpg\"><img decoding=\"async\" src=\"\/blog\/wp-content\/uploads\/2020\/thumbs\/thumbs_concord_metrotown_render6.jpg\" \/><\/a><a href=\"\/blog\/wp-content\/uploads\/2020\/concord_metrotown_kartta.jpg\"><img decoding=\"async\" src=\"\/blog\/wp-content\/uploads\/2020\/thumbs\/thumbs_concord_metrotown_kartta.jpg\" \/><\/a><\/p>\n<p style=\"text-align: center;\"><em>Pitk\u00e4 liuta mukavuuksia<\/em><\/p>\n<p style=\"text-align: justify;\">J\u00e4ttitornin rakennusaikataulusta ei ole viel\u00e4 tietoa mutta valmistumisvuosi lienee 2025 tienoilla. Projekti on t\u00e4rke\u00e4 l\u00e4ht\u00f6laukaus vuosikymmeni\u00e4 kest\u00e4v\u00e4lle j\u00e4ttihankkeelle pilkkoa Metrotownia paraikaa hallitseva j\u00e4ttim\u00e4inen ostoskeskus erillisiin osiin uudella katuverkolla. T\u00e4ss\u00e4 syntyvien uusien kortteleiden p\u00e4\u00e4lle tulee arvatenkin korkeita torneja, jotka tulevat tekem\u00e4\u00e4n Metrotownista Burnabyn kiistattoman ykk\u00f6skeskustan.<\/p>\n<p style=\"text-align: center;\"><a href=\"\/blog\/wp-content\/uploads\/2020\/metrotownin_tulevaisuus1.jpg\"><img decoding=\"async\" src=\"\/blog\/wp-content\/uploads\/2020\/thumbs\/thumbs_metrotownin_tulevaisuus1.jpg\" \/><\/a><a href=\"\/blog\/wp-content\/uploads\/2020\/metrotownin_tulevaisuus2.jpg\"><img decoding=\"async\" src=\"\/blog\/wp-content\/uploads\/2020\/thumbs\/thumbs_metrotownin_tulevaisuus2.jpg\" \/><\/a><a href=\"\/blog\/wp-content\/uploads\/2020\/metrotownin_tulevaisuus3.jpg\"><img decoding=\"async\" src=\"\/blog\/wp-content\/uploads\/2020\/thumbs\/thumbs_metrotownin_tulevaisuus3.jpg\" \/><\/a><\/p>\n<p style=\"text-align: center;\"><em>Tuleva ostoskeskus myll\u00e4t\u00e4\u00e4n<\/em><\/p>\n<p style=\"text-align: justify;\"><em>Concord Metrotown<\/em> tulee pit\u00e4m\u00e4\u00e4n korkeimman rakennuksen kruunua hallussaan ainakin jonkin aikaa, mutta viel\u00e4 t\u00e4t\u00e4kin korkeampi ehdotus l\u00f6ytyy paraikaa t\u00e4ydellist\u00e4 muodonmuutosta l\u00e4pik\u00e4yv\u00e4n <a title=\"Lougheedin projektip\u00e4ivitys (2022)\" href=\"https:\/\/www.vuosiamaailmalla.fi\/blog\/2022\/lougheedin-projektipaivitys-2022\/\">Lougheedin alueelta<\/a>. Alueelle rakentuu paraikaa useita 50-kerroksisia asuintorneja, mutta kaikkein huikein on ty\u00f6nimell\u00e4 <em>Gatineau Place<\/em> tunnettu, my\u00f6skin kolmen tornin kompleksi aivan uuden <a title=\"Evergreen-linjan ty\u00f6maalla\" href=\"https:\/\/www.vuosiamaailmalla.fi\/?p=6936\">Evergreen-jatkeen<\/a> kyljess\u00e4.<\/p>\n<p style=\"text-align: justify;\">Kompleksin kaikki kolme tornia tulevat olemaan yli 200 metri\u00e4 korkeita ja matalinkin 62 kerrosta. Keskimm\u00e4isen pilvenpiirt\u00e4j\u00e4n korkeudeksi esitet\u00e4\u00e4n 67 kerrosta ja kaikkein korkeimman kattohuoneisto sijaitsisi kerroksessa 82. Rakennuskorkeuksia ei t\u00e4ss\u00e4 vaiheessa viel\u00e4 tiedet\u00e4, mutta korkeimman tornin on pakko olla v\u00e4hint\u00e4\u00e4nkin 260 metri\u00e4 korkea, todenn\u00e4k\u00f6isesti jopa enemm\u00e4n. Tuolloin aletaan jo liikkua l\u00e4hell\u00e4 superkorkean pilvenpiirt\u00e4j\u00e4n m\u00e4\u00e4ritelm\u00e4\u00e4 300 metrist\u00e4, mik\u00e4 kertoo rakennuttajien kisaavan tosissaan korkeimman tornin tittelist\u00e4.<\/p>\n<p style=\"text-align: center;\"><a href=\"\/blog\/wp-content\/uploads\/2020\/gatineau_place_suunnitelma.jpg\"><img decoding=\"async\" src=\"\/blog\/wp-content\/uploads\/2020\/thumbs\/thumbs_gatineau_place_suunnitelma.jpg\" \/><\/a><\/p>\n<p style=\"text-align: center;\"><em>Uskomattoman korkea ehdotus<\/em><\/p>\n<p style=\"text-align: justify;\">J\u00e4\u00e4 kuitenkin n\u00e4ht\u00e4v\u00e4ksi josko Lougheedin megaprojekti tulee toteutumaan, mutta sek\u00e4 Brentwoodin ett\u00e4 Metrotownin projektit ovat varmalla pohjalla ja niinp\u00e4 Vancouverin p\u00e4iv\u00e4t korkeimman pilvenpiirt\u00e4j\u00e4n sijaintipaikkana on auttamatta p\u00e4\u00e4ttym\u00e4ss\u00e4.<\/p>\n","protected":false},"excerpt":{"rendered":"<p>Vancouver ja sit\u00e4 ymp\u00e4r\u00f6iv\u00e4t esikaupungit kasvavat paraikaa vauhdilla, kun kaikkialla ymp\u00e4rill\u00e4 rakennetaan metropolia. J\u00e4rjett\u00f6miin sv\u00e4\u00e4reihin kohonneiden asuinkustannusten peesiss\u00e4 my\u00f6s tonttimaasta on tullut niin kallista, ett\u00e4 uudet projektit ovat j\u00e4rjest\u00e4\u00e4n aiempia kunniahimoisempia ja kurkottavat yh\u00e4 korkeammalle. Viimeisen viiden vuoden aikana 45-kerroksisista ja 150 metri\u00e4 korkeista asuintorneista on tullut normaalia ja jopa 50 asuinkerrosta ylitt\u00e4vi\u00e4 pilvenpiirt\u00e4ji\u00e4 on &hellip; <a href=\"https:\/\/www.vuosiamaailmalla.fi\/blog\/2020\/kilpailu-korkeimmasta-pilvenpiirtajasta\/\" class=\"more-link\">Jatka lukemista<span class=\"screen-reader-text\"> &#8221;Kilpailu korkeimmasta pilvenpiirt\u00e4j\u00e4st\u00e4&#8221;<\/span><\/a><\/p>\n","protected":false},"author":1,"featured_media":11015,"comment_status":"open","ping_status":"open","sticky":false,"template":"","format":"standard","meta":{"_jetpack_memberships_contains_paid_content":false,"footnotes":""},"categories":[17,3],"tags":[845,229,77,589,1199,78,1551,1552,1305,1553,935,301,592,939,442],"class_list":["post-11013","post","type-post","status-publish","format-standard","has-post-thumbnail","hentry","category-arki-kanadassa","category-arki-ulkomailla","tag-amazing-brentwood","tag-arkkitehtuuri","tag-burnaby","tag-burnaby-brentwood","tag-burnaby-lougheed","tag-burnaby-metrotown","tag-concord-metrotown","tag-gatineau-place","tag-gilmore-place","tag-highline","tag-kanada","tag-rakennustyomaa","tag-station-square","tag-vancouver","tag-visioita"],"jetpack_featured_media_url":"https:\/\/www.vuosiamaailmalla.fi\/blog\/wp-content\/uploads\/concord_metrotown_banner.jpg","jetpack_sharing_enabled":true,"_links":{"self":[{"href":"https:\/\/www.vuosiamaailmalla.fi\/blog\/wp-json\/wp\/v2\/posts\/11013","targetHints":{"allow":["GET"]}}],"collection":[{"href":"https:\/\/www.vuosiamaailmalla.fi\/blog\/wp-json\/wp\/v2\/posts"}],"about":[{"href":"https:\/\/www.vuosiamaailmalla.fi\/blog\/wp-json\/wp\/v2\/types\/post"}],"author":[{"embeddable":true,"href":"https:\/\/www.vuosiamaailmalla.fi\/blog\/wp-json\/wp\/v2\/users\/1"}],"replies":[{"embeddable":true,"href":"https:\/\/www.vuosiamaailmalla.fi\/blog\/wp-json\/wp\/v2\/comments?post=11013"}],"version-history":[{"count":2,"href":"https:\/\/www.vuosiamaailmalla.fi\/blog\/wp-json\/wp\/v2\/posts\/11013\/revisions"}],"predecessor-version":[{"id":12764,"href":"https:\/\/www.vuosiamaailmalla.fi\/blog\/wp-json\/wp\/v2\/posts\/11013\/revisions\/12764"}],"wp:featuredmedia":[{"embeddable":true,"href":"https:\/\/www.vuosiamaailmalla.fi\/blog\/wp-json\/wp\/v2\/media\/11015"}],"wp:attachment":[{"href":"https:\/\/www.vuosiamaailmalla.fi\/blog\/wp-json\/wp\/v2\/media?parent=11013"}],"wp:term":[{"taxonomy":"category","embeddable":true,"href":"https:\/\/www.vuosiamaailmalla.fi\/blog\/wp-json\/wp\/v2\/categories?post=11013"},{"taxonomy":"post_tag","embeddable":true,"href":"https:\/\/www.vuosiamaailmalla.fi\/blog\/wp-json\/wp\/v2\/tags?post=11013"}],"curies":[{"name":"wp","href":"https:\/\/api.w.org\/{rel}","templated":true}]}}