{"id":1104,"date":"2011-05-08T17:36:49","date_gmt":"2011-05-09T00:36:49","guid":{"rendered":"http:\/\/13.53.127.146\/?p=1104"},"modified":"2021-02-09T21:36:22","modified_gmt":"2021-02-10T05:36:22","slug":"hackesches-quartier","status":"publish","type":"post","link":"https:\/\/www.vuosiamaailmalla.fi\/blog\/2011\/hackesches-quartier\/","title":{"rendered":"Hackesches Quartier"},"content":{"rendered":"<p style=\"text-align: justify;\">Berliiniss\u00e4 rakennetaan paljon ja kiintoisia projekteja on jatkuvasti k\u00e4ynniss\u00e4. Yksi sangen kiintoisa oli t\u00e4ss\u00e4 aivan l\u00e4hist\u00f6ll\u00e4mme kuukausi sitten valmistunut <em>Hackesches Quartier<\/em>, joka on kokonaan uusi kortteli Mitten alueelle. Sodan j\u00e4lkeen joutomaatonttina sek\u00e4 parkkipaikkana toimineella tontilla aloitettiin ty\u00f6t uuden toimisto- ja ajanvietetiloja yhdist\u00e4v\u00e4n kaksiosaisen korttelin parissa vuonna 2008. Valmista piti tulla jo t\u00e4m\u00e4n vuoden alkutalvesta, mutta vuoden 2009 ankara talvi haittasi valut\u00f6it\u00e4 siin\u00e4 m\u00e4\u00e4rin, ett\u00e4 kortteli avautui kokonaisuudessaan vasta huhtikuussa.<\/p>\n<p><!--more--><\/p>\n<p style=\"text-align: center;\"><a href=\"\/blog\/wp-content\/uploads\/2009\/hackesches_quartier_rakenteilla.jpg\" target=\"_blank\" rel=\"noopener\"><img decoding=\"async\" style=\"border: 0px none; margin: 5px;\" src=\"\/blog\/wp-content\/uploads\/2009\/hackesches_quartier_rakenteilla.jpg\" alt=\"\" \/><\/a><\/p>\n<p style=\"text-align: center;\"><em>Ty\u00f6maa kes\u00e4ll\u00e4 2009<\/em><\/p>\n<p style=\"text-align: justify;\">Uusi kortteli sijoittuu sangen keskeiselle paikalle <em>Hackescher Marktin<\/em> trendikk\u00e4\u00e4n alueen sek\u00e4 Mitten p\u00e4\u00e4n\u00e4ht\u00e4vyyksien v\u00e4lille, joten sen kautta on sin\u00e4ll\u00e4\u00e4n sangen luontaista kulkea Hackescher Marktille menness\u00e4\u00e4n. Korttelin luona sijaitsee yksi Berliinin vilkkaimpia raitiovaunupys\u00e4kkej\u00e4, josta l\u00e4htev\u00e4t syv\u00e4lle It\u00e4-Berliiniin kulkevat linjat M4, M5 ja M6:kin. Itse kuljemme korttelin vierest\u00e4 joka p\u00e4iv\u00e4 t\u00f6ihin M6:lla, joten projektin etenemist\u00e4 on tullut seurattua rakennusaikana.<\/p>\n<p style=\"text-align: center;\"><a href=\"\/blog\/wp-content\/uploads\/2011\/uusi_adina_hotelli.jpg\" target=\"_blank\" rel=\"noopener\"><img decoding=\"async\" style=\"border: 0px none; margin: 5px;\" src=\"\/blog\/wp-content\/uploads\/2011\/thumbs\/thumbs_uusi_adina_hotelli.jpg\" alt=\"\" \/><\/a><a href=\"\/blog\/wp-content\/uploads\/2011\/leipomon_rakennus.jpg\" target=\"_blank\" rel=\"noopener\"><img decoding=\"async\" style=\"border: 0px none; margin: 5px;\" src=\"\/blog\/wp-content\/uploads\/2011\/thumbs\/thumbs_leipomon_rakennus.jpg\" alt=\"\" \/><\/a><\/p>\n<p style=\"text-align: center;\"><em>Uusi hotelli ja leipomo<\/em><\/p>\n<p style=\"text-align: justify;\">Ilmassa oli pienesti kiinnostusta siit\u00e4, mit\u00e4 valmiiseen kortteliin lopulta sijoittuisi, mutta lopputulos oli pieni pettymys. Maantason liiketiloihin on muuttanut muutaman toimiston sek\u00e4 hotellin lis\u00e4ksi muutama kahvila, ravintola, leipomo sek\u00e4 apteekki. Viimeeksi mainittu on sent\u00e4\u00e4n k\u00e4tev\u00e4 lis\u00e4, ollen kotimatkamme varrella. Kortteliin olisi toivonut ruokakauppaa, sill\u00e4 se olisi ollut eritt\u00e4in k\u00e4tev\u00e4sti kotimatkan varrella. Suurkaupungissa oppii kaiketi liian hyv\u00e4lle, sill\u00e4 korttelia l\u00e4himm\u00e4t ruokakaupat sijaitsevat vain 200m p\u00e4\u00e4ss\u00e4, mink\u00e4 lis\u00e4ksi aivan ty\u00f6paikkamme luona sijaitsee per\u00e4ti kaksi ruokakauppaa. Mutta silti kauppa t\u00e4ll\u00e4 paikalla olisi ollut mainittuja k\u00e4tev\u00e4mpi laiskoille kaupunkilaisille.<\/p>\n<p style=\"text-align: center;\"><a href=\"\/blog\/wp-content\/uploads\/2011\/hackesches_quartier3.jpg\" target=\"_blank\" rel=\"noopener\"><img decoding=\"async\" style=\"border: 0px none; margin: 5px;\" src=\"\/blog\/wp-content\/uploads\/2011\/thumbs\/thumbs_hackesches_quartier3.jpg\" alt=\"\" \/><\/a><a href=\"\/blog\/wp-content\/uploads\/2011\/hackesches_quartier.jpg\" target=\"_blank\" rel=\"noopener\"><img decoding=\"async\" style=\"border: 0px none; margin: 5px;\" src=\"\/blog\/wp-content\/uploads\/2011\/thumbs\/thumbs_hackesches_quartier.jpg\" alt=\"\" \/><\/a><a href=\"\/blog\/wp-content\/uploads\/2011\/hackesches_quartier2.jpg\" target=\"_blank\" rel=\"noopener\"><img decoding=\"async\" style=\"border: 0px none; margin: 5px;\" src=\"\/blog\/wp-content\/uploads\/2011\/thumbs\/thumbs_hackesches_quartier2.jpg\" alt=\"\" \/><\/a><\/p>\n<p style=\"text-align: center;\"><em>K\u00e4yt\u00e4v\u00e4 l\u00e4pi korttelin<\/em><\/p>\n<p style=\"text-align: justify;\">Mit\u00e4 korttelia on ehtinyt viime viikkoina seurata, eiv\u00e4t ihmiset n\u00e4yt\u00e4 viel\u00e4 t\u00e4ysin l\u00f6yt\u00e4neet sit\u00e4. L\u00e4pikulkuliikenne lis\u00e4\u00e4ntyy kyll\u00e4 jatkuvasti, mutta on silti pient\u00e4 itse Hackescher Marktin ihmisvirtoihin verrattuna. Saapa n\u00e4hd\u00e4 miten eloisa korttelista sek\u00e4 sen edustalle rakennetusta pienest\u00e4 Litfass Platzin aukiosta saadaan.<\/p>\n<p style=\"text-align: center;\"><a href=\"\/blog\/wp-content\/uploads\/2011\/litfass_platz2.jpg\" target=\"_blank\" rel=\"noopener\"><img decoding=\"async\" style=\"border: 0px none; margin: 5px;\" src=\"\/blog\/wp-content\/uploads\/2011\/thumbs\/thumbs_litfass_platz2.jpg\" alt=\"\" \/><\/a><a href=\"\/blog\/wp-content\/uploads\/2011\/litfass_platz1.jpg\" target=\"_blank\" rel=\"noopener\"><img decoding=\"async\" style=\"border: 0px none; margin: 5px;\" src=\"\/blog\/wp-content\/uploads\/2011\/thumbs\/thumbs_litfass_platz1.jpg\" alt=\"\" \/><\/a><\/p>\n<p style=\"text-align: center;\"><em>Uusi Litfass Platzin aukio<\/em><\/p>\n<p style=\"text-align: justify;\">Mit\u00e4 tulee korttelin arkkitehtuuriin, niin se yhdist\u00e4\u00e4 sangen monenlaisia tyylej\u00e4 iloisen sekaisinn. Punertava tiilirakennus sek\u00e4 kaareva harmaa rakennus ovat selv\u00e4sti hienoimmat, mutta omasta mielest\u00e4ni korttelin muutkin rakennukset ovat ihan mukiinmenevi\u00e4. Hyvin perus-arkkitehtuuria, mik\u00e4 sopii paikalleen kahden valtavan DDR:n asuintalon juurelle ihan passelisti. Ei riitele, mutta ei prameilekkaan.<\/p>\n<p style=\"text-align: center;\"><a href=\"\/blog\/wp-content\/uploads\/2011\/hackesches_quartierin_kaareva_rakennus.jpg\" target=\"_blank\" rel=\"noopener\"><img decoding=\"async\" style=\"border: 0px none; margin: 5px;\" src=\"\/blog\/wp-content\/uploads\/2011\/hackesches_quartierin_kaareva_rakennus.jpg\" alt=\"\" \/><\/a><\/p>\n<p style=\"text-align: center;\"><em>Kaareva p\u00e4\u00e4tyrakennus<\/em><\/p>\n<p style=\"text-align: justify;\">Projektin ehdottomasti paras puoli on kuitenkin se, miten se poisti kaupungin keskustasta j\u00e4lleen yhden joutomaatontin. Paikoin sangen harvaan rakennettu it\u00e4inen kaupunki sai t\u00e4ten j\u00e4lleen hyv\u00e4\u00e4 t\u00e4ydennyst\u00e4. Alla on viel\u00e4 hieno timelapse, jonka aivan projektin vierell\u00e4 asuva berliinil\u00e4inen on kuvannut.<\/p>\n<p style=\"text-align: center;\"><iframe loading=\"lazy\" src=\"https:\/\/player.vimeo.com\/video\/5728341\" width=\"500\" height=\"281\" frameborder=\"0\" allowfullscreen=\"allowfullscreen\"><\/iframe><\/p>\n","protected":false},"excerpt":{"rendered":"<p>Berliiniss\u00e4 rakennetaan paljon ja kiintoisia projekteja on jatkuvasti k\u00e4ynniss\u00e4. Yksi sangen kiintoisa oli t\u00e4ss\u00e4 aivan l\u00e4hist\u00f6ll\u00e4mme kuukausi sitten valmistunut Hackesches Quartier, joka on kokonaan uusi kortteli Mitten alueelle. Sodan j\u00e4lkeen joutomaatonttina sek\u00e4 parkkipaikkana toimineella tontilla aloitettiin ty\u00f6t uuden toimisto- ja ajanvietetiloja yhdist\u00e4v\u00e4n kaksiosaisen korttelin parissa vuonna 2008. Valmista piti tulla jo t\u00e4m\u00e4n vuoden alkutalvesta, mutta &hellip; <a href=\"https:\/\/www.vuosiamaailmalla.fi\/blog\/2011\/hackesches-quartier\/\" class=\"more-link\">Jatka lukemista<span class=\"screen-reader-text\"> &#8221;Hackesches Quartier&#8221;<\/span><\/a><\/p>\n","protected":false},"author":1,"featured_media":11787,"comment_status":"open","ping_status":"open","sticky":false,"template":"","format":"standard","meta":{"_jetpack_memberships_contains_paid_content":false,"footnotes":""},"categories":[18,3],"tags":[229,49,56,371,301,190,490],"class_list":["post-1104","post","type-post","status-publish","format-standard","has-post-thumbnail","hentry","category-arki-saksassa","category-arki-ulkomailla","tag-arkkitehtuuri","tag-berliini","tag-berlin-mitte","tag-hacke","tag-rakennustyomaa","tag-saksa","tag-timelapse"],"jetpack_featured_media_url":"https:\/\/www.vuosiamaailmalla.fi\/blog\/wp-content\/uploads\/litfass_platz_banner-1.jpg","jetpack_sharing_enabled":true,"_links":{"self":[{"href":"https:\/\/www.vuosiamaailmalla.fi\/blog\/wp-json\/wp\/v2\/posts\/1104","targetHints":{"allow":["GET"]}}],"collection":[{"href":"https:\/\/www.vuosiamaailmalla.fi\/blog\/wp-json\/wp\/v2\/posts"}],"about":[{"href":"https:\/\/www.vuosiamaailmalla.fi\/blog\/wp-json\/wp\/v2\/types\/post"}],"author":[{"embeddable":true,"href":"https:\/\/www.vuosiamaailmalla.fi\/blog\/wp-json\/wp\/v2\/users\/1"}],"replies":[{"embeddable":true,"href":"https:\/\/www.vuosiamaailmalla.fi\/blog\/wp-json\/wp\/v2\/comments?post=1104"}],"version-history":[{"count":3,"href":"https:\/\/www.vuosiamaailmalla.fi\/blog\/wp-json\/wp\/v2\/posts\/1104\/revisions"}],"predecessor-version":[{"id":11789,"href":"https:\/\/www.vuosiamaailmalla.fi\/blog\/wp-json\/wp\/v2\/posts\/1104\/revisions\/11789"}],"wp:featuredmedia":[{"embeddable":true,"href":"https:\/\/www.vuosiamaailmalla.fi\/blog\/wp-json\/wp\/v2\/media\/11787"}],"wp:attachment":[{"href":"https:\/\/www.vuosiamaailmalla.fi\/blog\/wp-json\/wp\/v2\/media?parent=1104"}],"wp:term":[{"taxonomy":"category","embeddable":true,"href":"https:\/\/www.vuosiamaailmalla.fi\/blog\/wp-json\/wp\/v2\/categories?post=1104"},{"taxonomy":"post_tag","embeddable":true,"href":"https:\/\/www.vuosiamaailmalla.fi\/blog\/wp-json\/wp\/v2\/tags?post=1104"}],"curies":[{"name":"wp","href":"https:\/\/api.w.org\/{rel}","templated":true}]}}