{"id":11084,"date":"2020-12-25T16:54:04","date_gmt":"2020-12-26T00:54:04","guid":{"rendered":"http:\/\/www.vuosiamaailmalla.fi\/blog\/?p=11084"},"modified":"2024-12-11T21:25:38","modified_gmt":"2024-12-12T05:25:38","slug":"joulu-pandemian-keskella","status":"publish","type":"post","link":"https:\/\/www.vuosiamaailmalla.fi\/blog\/2020\/joulu-pandemian-keskella\/","title":{"rendered":"Joulu pandemian keskell\u00e4"},"content":{"rendered":"<p style=\"text-align: justify;\">Joulua on vietetty t\u00e4n\u00e4 vuonna poikkeuksellisissa olosuhteissa pandemian keskell\u00e4. Matkustaminen on edelleen suureksi osaksi pannassa ja niinp\u00e4 mekin hylk\u00e4simme ajatuksen <a title=\"Joululoma nostalgisissa merkeiss\u00e4\" href=\"http:\/\/www.vuosiamaailmalla.fi\/blog\/2020\/joululoma-nostalgisissa-merkeissa\/\">perinteisest\u00e4 joulusta Suomessa<\/a> jo loppukes\u00e4st\u00e4, kun koronatilanne n\u00e4ytti <a title=\"Toinen aalto\" href=\"http:\/\/www.vuosiamaailmalla.fi\/blog\/2020\/toinen-aalto\/\">toisen aallon<\/a> merkkej\u00e4. Tautitilanne \u00e4ityikin eritt\u00e4in pahaksi heti <a title=\"Railakas halloween\" href=\"http:\/\/www.vuosiamaailmalla.fi\/blog\/2020\/railakas-halloween\/\">halloweenin j\u00e4lkeen<\/a>, kun tautitapausten m\u00e4\u00e4r\u00e4 moninkertaistui vain muutamissa viikoissa.<\/p>\n<p><!--more--><\/p>\n<p style=\"text-align: justify;\">Viranomaiset ovatkin pyyt\u00e4neet ihmisi\u00e4 viett\u00e4m\u00e4\u00e4n vastuullista <a title=\"Ensimm\u00e4inen perhejoulu\" href=\"https:\/\/www.vuosiamaailmalla.fi\/blog\/2021\/ensimmainen-perhejoulu\/\">joulua pieness\u00e4 porukassa<\/a> ja meid\u00e4n joulumme onkin t\u00e4ytt\u00e4nyt n\u00e4m\u00e4 kriteerit. Olemme viett\u00e4neet rauhallista aikaa kotona koko joulukuun ajan, joskin olemme tehneet pieni\u00e4 retki\u00e4 kuten perinteinen <a title=\"Taistelu l\u00e4hi\u00f6iden jouluvaloherruudesta\" href=\"https:\/\/www.vuosiamaailmalla.fi\/blog\/2020\/taistelu-lahioiden-jouluvaloherruudesta\/\">jouluvaloretki l\u00e4hi\u00f6iss\u00e4<\/a>. <a title=\"Joulun laittoa Burnabyss\u00e4\" href=\"http:\/\/www.vuosiamaailmalla.fi\/blog\/2016\/joulun-laittoa-burnabyssa\/\">Normaaliin tapaamme<\/a> koristelimme joulukuusen heti joulukuun alussa nauttiaksemme siit\u00e4 kotvan ajan ja leivoimme porukassa pipareita, jotka asunnossamme asuva piparihiiri ehti kuitenkin sy\u00f6d\u00e4 kaikki ennen joulua&#8230;<\/p>\n<p style=\"text-align: center;\"><a href=\"\/blog\/wp-content\/uploads\/2020\/joulukuusi_paikallaan2.jpg\"><img decoding=\"async\" src=\"\/blog\/wp-content\/uploads\/2020\/thumbs\/thumbs_joulukuusi_paikallaan2.jpg\" \/><\/a><a href=\"\/blog\/wp-content\/uploads\/2020\/joulukuusi_paikallaan1.jpg\"><img decoding=\"async\" src=\"\/blog\/wp-content\/uploads\/2020\/thumbs\/thumbs_joulukuusi_paikallaan1.jpg\" \/><\/a><\/p>\n<p style=\"text-align: center;\"><em>Joulukuusi hyviss\u00e4 ajoin pystyyn<\/em><\/p>\n<p style=\"text-align: center;\"><a href=\"\/blog\/wp-content\/uploads\/2020\/pipareiden_leivontaa1.jpg\"><img decoding=\"async\" src=\"\/blog\/wp-content\/uploads\/2020\/thumbs\/thumbs_pipareiden_leivontaa1.jpg\" \/><\/a><a href=\"\/blog\/wp-content\/uploads\/2020\/pipareiden_leivontaa2.jpg\"><img decoding=\"async\" src=\"\/blog\/wp-content\/uploads\/2020\/thumbs\/thumbs_pipareiden_leivontaa2.jpg\" \/><\/a><\/p>\n<p style=\"text-align: center;\"><em>Piparit katosivat hiiren suuhun<\/em><\/p>\n<p style=\"text-align: justify;\">Varsinainen joululoma alkoi viikko sitten perjantaina ja onpa ollut erikoista olla n\u00e4in pitk\u00e4 aika kotona. Siis kotonahan on saanut olla epidemian takia koko vuoden, mutta emme ole viett\u00e4neet vuosiin n\u00e4in pitk\u00e4\u00e4 lomaa kotosalla. Yleens\u00e4 kaikilla viikonloppua pidemmill\u00e4 lomilla on tullut <a title=\"Joululomalla\" href=\"http:\/\/www.vuosiamaailmalla.fi\/blog\/2012\/joululomalla\/\">l\u00e4hdetty\u00e4 Suomeen<\/a> tai sitten <a title=\"Trooppinen jouluaatto Guamissa\" href=\"http:\/\/www.vuosiamaailmalla.fi\/blog\/2018\/trooppinen-jouluaatto-guamissa\/\">ulkomaille joulun viettoon<\/a>.<\/p>\n<p style=\"text-align: justify;\">Kotona onkin ehtinyt tehd\u00e4 joululoman aikana monenlaisia jouluvalmisteluita. Min\u00e4 olen tietenkin kirjoitellut t\u00e4t\u00e4 blogiani ja Niina pyk\u00e4si upean piparkakkutalon, joka saa odottaa viel\u00e4 muutaman p\u00e4iv\u00e4n sy\u00f6mist\u00e4\u00e4n.<\/p>\n<p style=\"text-align: center;\"><a href=\"\/blog\/wp-content\/uploads\/2020\/piparitalon_rakennusta1.jpg\"><img decoding=\"async\" src=\"\/blog\/wp-content\/uploads\/2020\/thumbs\/thumbs_piparitalon_rakennusta1.jpg\" \/><\/a><a href=\"\/blog\/wp-content\/uploads\/2020\/piparitalon_rakennusta2.jpg\"><img decoding=\"async\" src=\"\/blog\/wp-content\/uploads\/2020\/thumbs\/thumbs_piparitalon_rakennusta2.jpg\" \/><\/a><\/p>\n<p style=\"text-align: center;\"><em>Tulevan rakennuksen pohjapiirustus<\/em><\/p>\n<p style=\"text-align: center;\"><a href=\"\/blog\/wp-content\/uploads\/2020\/piparitalon_rakennusta4.jpg\"><img decoding=\"async\" src=\"\/blog\/wp-content\/uploads\/2020\/thumbs\/thumbs_piparitalon_rakennusta4.jpg\" \/><\/a><a href=\"\/blog\/wp-content\/uploads\/2020\/piparitalon_rakennusta3.jpg\"><img decoding=\"async\" src=\"\/blog\/wp-content\/uploads\/2020\/thumbs\/thumbs_piparitalon_rakennusta3.jpg\" \/><\/a><a href=\"\/blog\/wp-content\/uploads\/2020\/piparitalon_rakennusta5.jpg\"><img decoding=\"async\" src=\"\/blog\/wp-content\/uploads\/2020\/thumbs\/thumbs_piparitalon_rakennusta5.jpg\" \/><\/a><\/p>\n<p style=\"text-align: center;\"><em>Taloa pyk\u00e4\u00e4m\u00e4ss\u00e4<\/em><\/p>\n<p style=\"text-align: center;\"><a href=\"\/blog\/wp-content\/uploads\/2020\/piparkakkutalo2.jpg\"><img decoding=\"async\" src=\"\/blog\/wp-content\/uploads\/2020\/thumbs\/thumbs_piparkakkutalo2.jpg\" \/><\/a><a href=\"\/blog\/wp-content\/uploads\/2020\/piparkakkutalo1.jpg\"><img decoding=\"async\" src=\"\/blog\/wp-content\/uploads\/2020\/thumbs\/thumbs_piparkakkutalo1.jpg\" \/><\/a><\/p>\n<p style=\"text-align: center;\"><em>Valmis piparit\u00f6n\u00f6<\/em><\/p>\n<p style=\"text-align: justify;\">Aivan joulun alla saimme t\u00e4\u00e4ll\u00e4 Burnabyss\u00e4 my\u00f6s <a title=\"Metrotownin talviset nietokset\" href=\"http:\/\/www.vuosiamaailmalla.fi\/blog\/2016\/metrotownin-talviset-nietokset\/\">ripauksen lunta<\/a>, kun lunta tuiskutti sankasti muutaman tunnin ajan lunta. Valitettavasti lumi pysyi maassa vain p\u00e4iv\u00e4n eik\u00e4 siis jouluaattoon saakka, mutta eilinen aatto oli silti kaunis ja kuiva, mik\u00e4 voittaa aina mustan ja vesisateisen joulun.<\/p>\n<p style=\"text-align: center;\"><a href=\"\/blog\/wp-content\/uploads\/2020\/pienesti_lunta_joulun_alla4.jpg\"><img decoding=\"async\" src=\"\/blog\/wp-content\/uploads\/2020\/pienesti_lunta_joulun_alla4.jpg\" \/><\/a><\/p>\n<p style=\"text-align: center;\"><em>Alkuviikosta tuli reippaasti lunta<\/em><\/p>\n<p style=\"text-align: center;\"><a href=\"\/blog\/wp-content\/uploads\/2020\/pienesti_lunta_joulun_alla3.jpg\"><img decoding=\"async\" src=\"\/blog\/wp-content\/uploads\/2020\/thumbs\/thumbs_pienesti_lunta_joulun_alla3.jpg\" \/><\/a><a href=\"\/blog\/wp-content\/uploads\/2020\/pienesti_lunta_joulun_alla1.jpg\"><img decoding=\"async\" src=\"\/blog\/wp-content\/uploads\/2020\/thumbs\/thumbs_pienesti_lunta_joulun_alla1.jpg\" \/><\/a><a href=\"\/blog\/wp-content\/uploads\/2020\/pienesti_lunta_joulun_alla2.jpg\"><img decoding=\"async\" src=\"\/blog\/wp-content\/uploads\/2020\/thumbs\/thumbs_pienesti_lunta_joulun_alla2.jpg\" \/><\/a><\/p>\n<p style=\"text-align: center;\"><em>Valkoista ei riitt\u00e4nyt jouluun saakka<\/em><\/p>\n<p style=\"text-align: justify;\">T\u00e4m\u00e4 vuosi on nyt jo <a title=\"Ensimm\u00e4inen joulu Kanadassa\" href=\"http:\/\/www.vuosiamaailmalla.fi\/blog\/2018\/ensimmainen-joulu-kanadassa\/\">toinen joulumme Kanadassa<\/a> ja juhlintaamme kuuluvat kuviot perinteisen suomalaisia. Aattoaamu alkoi riisipuurolla sek\u00e4 <a title=\"Jouluinen Lumiukko-sinfonia\" href=\"https:\/\/www.vuosiamaailmalla.fi\/blog\/2024\/jouluinen-lumiukko-sinfonia\/\">Lumiukko-animaatiolla<\/a>, mink\u00e4 j\u00e4lkeen katsottiin joulurauhan julistuksen j\u00e4lkil\u00e4hetys. N\u00e4in kymmenen tuntia Suomea j\u00e4ljess\u00e4 kaikki action on siell\u00e4 jo ohitse kun t\u00e4\u00e4ll\u00e4 vasta aloitellaan p\u00e4iv\u00e4\u00e4, mutta samoilla kuvioilla saa silti l\u00e4mpim\u00e4n joulumielen itselleen.<\/p>\n<p style=\"text-align: center;\"><a href=\"\/blog\/wp-content\/uploads\/2020\/kinkku_uuniin.jpg\"><img decoding=\"async\" src=\"\/blog\/wp-content\/uploads\/2020\/kinkku_uuniin.jpg\" \/><\/a><\/p>\n<p style=\"text-align: center;\"><em>Kinkku uuniin<\/em><\/p>\n<p style=\"text-align: center;\"><a href=\"\/blog\/wp-content\/uploads\/2020\/joulupoyta3.jpg\"><img decoding=\"async\" src=\"\/blog\/wp-content\/uploads\/2020\/thumbs\/thumbs_joulupoyta3.jpg\" \/><\/a><a href=\"\/blog\/wp-content\/uploads\/2020\/joulupoyta4.jpg\"><img decoding=\"async\" src=\"\/blog\/wp-content\/uploads\/2020\/thumbs\/thumbs_joulupoyta4.jpg\" \/><\/a><a href=\"\/blog\/wp-content\/uploads\/2020\/lumiukko_animaatio1.jpg\"><img decoding=\"async\" src=\"\/blog\/wp-content\/uploads\/2020\/thumbs\/thumbs_lumiukko_animaatio1.jpg\" \/><\/a><\/p>\n<p style=\"text-align: center;\"><em>Perinteiset jouluaaton kuviot<\/em><\/p>\n<p style=\"text-align: justify;\">P\u00e4iv\u00e4n kohokohta oli Niinan itse valmistama jouluateria johon kuului kaikki asiaankuuluva kinkusta laatikoihin sek\u00e4 rosolliin. Mukaan kuului my\u00f6s karjalanpaisti sek\u00e4 -piirakat, jotka maistuivat erinomaisilta.<\/p>\n<p style=\"text-align: center;\"><a href=\"\/blog\/wp-content\/uploads\/2020\/joulupoyta1.jpg\"><img decoding=\"async\" src=\"\/blog\/wp-content\/uploads\/2020\/thumbs\/thumbs_joulupoyta1.jpg\" \/><\/a><a href=\"\/blog\/wp-content\/uploads\/2020\/joulupoyta2.jpg\"><img decoding=\"async\" src=\"\/blog\/wp-content\/uploads\/2020\/thumbs\/thumbs_joulupoyta2.jpg\" \/><\/a><\/p>\n<p style=\"text-align: center;\"><em>Herkullinen joulup\u00f6yt\u00e4<\/em><\/p>\n<p style=\"text-align: justify;\">Ruokaa olikin tarjolla niin runsaasti, ett\u00e4 toimitimme sit\u00e4 annoksen Vancouverissa asuvalle suomalaiselle tutullemme, joka on paraikaa 14 p\u00e4iv\u00e4n koronakaranteenissa saavuttuaan juuri ennen joulua Suomesta. Kuulemma herkullinen juhlaruoka piristi muuten <a title=\"Vauhtia rokotuksiin\" href=\"http:\/\/www.vuosiamaailmalla.fi\/blog\/2021\/vauhtia-rokotuksiin\/\">ankeaa karanteeniarkea<\/a>, mik\u00e4 oli meist\u00e4 ilahduttavaa kuulla.<\/p>\n<p style=\"text-align: justify;\">Illalla avasimme joulupukin kuusen alle kiikuttamat lahjat ja raaputimme jouluarvat, kuitenkaan miljoonia voittamatta. Jouluaatto sujuikin kaiken kaikkiaan hyvin perinteisin merkein t\u00e4st\u00e4 poikkeuksellisesta ajasta huolimatta.<\/p>\n<p style=\"text-align: center;\"><a href=\"\/blog\/wp-content\/uploads\/2020\/jouluarvat.jpg\"><img decoding=\"async\" src=\"\/blog\/wp-content\/uploads\/2020\/jouluarvat.jpg\" \/><\/a><\/p>\n<p style=\"text-align: center;\"><em>Tyhj\u00e4 arpa mutta raaputtamisen j\u00e4nnityst\u00e4<\/em><\/p>\n<p style=\"text-align: justify;\">Lomaa jatkuu meill\u00e4 viel\u00e4 toista viikkoa, joten ehdin kirjoittaa t\u00e4nne blogiin viel\u00e4 useammankin kerran. Lis\u00e4ksi minulla on ollut ty\u00f6n alla <a title=\"Blogin viides sukupolvi\" href=\"http:\/\/www.vuosiamaailmalla.fi\/blog\/2021\/blogin-viides-sukupolvi-5-0\/\">merkitt\u00e4v\u00e4 blogiuudistus<\/a>, jonka vaikutuksen aktiivisimmat lukijat ovat voineet havaita. Siit\u00e4 lis\u00e4\u00e4 vuodenvaihteessa ja t\u00e4ss\u00e4 vaiheessa l\u00e4mpim\u00e4t joulun toivotukset t\u00e4\u00e4lt\u00e4 Kanadasta k\u00e4sin!<\/p>\n","protected":false},"excerpt":{"rendered":"<p>Joulua on vietetty t\u00e4n\u00e4 vuonna poikkeuksellisissa olosuhteissa pandemian keskell\u00e4. Matkustaminen on edelleen suureksi osaksi pannassa ja niinp\u00e4 mekin hylk\u00e4simme ajatuksen perinteisest\u00e4 joulusta Suomessa jo loppukes\u00e4st\u00e4, kun koronatilanne n\u00e4ytti toisen aallon merkkej\u00e4. Tautitilanne \u00e4ityikin eritt\u00e4in pahaksi heti halloweenin j\u00e4lkeen, kun tautitapausten m\u00e4\u00e4r\u00e4 moninkertaistui vain muutamissa viikoissa.<\/p>\n","protected":false},"author":1,"featured_media":11086,"comment_status":"open","ping_status":"open","sticky":false,"template":"","format":"standard","meta":{"_jetpack_memberships_contains_paid_content":false,"footnotes":""},"categories":[17,3],"tags":[25,34,932,77,78,264,935,1487],"class_list":["post-11084","post","type-post","status-publish","format-standard","has-post-thumbnail","hentry","category-arki-kanadassa","category-arki-ulkomailla","tag-ajankohtaista","tag-arki","tag-asunto","tag-burnaby","tag-burnaby-metrotown","tag-joulu","tag-kanada","tag-koronavirus"],"jetpack_featured_media_url":"https:\/\/www.vuosiamaailmalla.fi\/blog\/wp-content\/uploads\/joulupoyta_banner.jpg","jetpack_sharing_enabled":true,"_links":{"self":[{"href":"https:\/\/www.vuosiamaailmalla.fi\/blog\/wp-json\/wp\/v2\/posts\/11084","targetHints":{"allow":["GET"]}}],"collection":[{"href":"https:\/\/www.vuosiamaailmalla.fi\/blog\/wp-json\/wp\/v2\/posts"}],"about":[{"href":"https:\/\/www.vuosiamaailmalla.fi\/blog\/wp-json\/wp\/v2\/types\/post"}],"author":[{"embeddable":true,"href":"https:\/\/www.vuosiamaailmalla.fi\/blog\/wp-json\/wp\/v2\/users\/1"}],"replies":[{"embeddable":true,"href":"https:\/\/www.vuosiamaailmalla.fi\/blog\/wp-json\/wp\/v2\/comments?post=11084"}],"version-history":[{"count":6,"href":"https:\/\/www.vuosiamaailmalla.fi\/blog\/wp-json\/wp\/v2\/posts\/11084\/revisions"}],"predecessor-version":[{"id":13847,"href":"https:\/\/www.vuosiamaailmalla.fi\/blog\/wp-json\/wp\/v2\/posts\/11084\/revisions\/13847"}],"wp:featuredmedia":[{"embeddable":true,"href":"https:\/\/www.vuosiamaailmalla.fi\/blog\/wp-json\/wp\/v2\/media\/11086"}],"wp:attachment":[{"href":"https:\/\/www.vuosiamaailmalla.fi\/blog\/wp-json\/wp\/v2\/media?parent=11084"}],"wp:term":[{"taxonomy":"category","embeddable":true,"href":"https:\/\/www.vuosiamaailmalla.fi\/blog\/wp-json\/wp\/v2\/categories?post=11084"},{"taxonomy":"post_tag","embeddable":true,"href":"https:\/\/www.vuosiamaailmalla.fi\/blog\/wp-json\/wp\/v2\/tags?post=11084"}],"curies":[{"name":"wp","href":"https:\/\/api.w.org\/{rel}","templated":true}]}}