{"id":11092,"date":"2011-07-09T14:40:06","date_gmt":"2011-07-09T21:40:06","guid":{"rendered":"http:\/\/www.vuosiamaailmalla.fi\/blog\/?p=11092"},"modified":"2022-03-19T20:58:26","modified_gmt":"2022-03-20T03:58:26","slug":"syntymapaivaretki-central-parkissa","status":"publish","type":"post","link":"https:\/\/www.vuosiamaailmalla.fi\/blog\/2011\/syntymapaivaretki-central-parkissa\/","title":{"rendered":"Syntym\u00e4p\u00e4iv\u00e4retki Central Parkissa"},"content":{"rendered":"<p style=\"text-align: left;\"><em>Jatkoa\u00a0<a title=\"Fifth Avenue ja vierailu YK:n p\u00e4\u00e4majalla\" href=\"http:\/\/vuosiamaailmalla.fi\/blog\/2011\/fifth-avenue-ja-vierailu-ykn-paamajalla\/\">t\u00e4\u00e4lt\u00e4<\/a>. Matkakertomuksen muut osat l\u00f6ytyv\u00e4t\u00a0<a href=\"http:\/\/www.vuosiamaailmalla.fi\/blog\/?tag=matkakertomus-new-york-chicago\">t\u00e4\u00e4lt\u00e4<\/a>.<\/em><\/p>\n<p style=\"text-align: justify;\">Kauniina kes\u00e4p\u00e4iv\u00e4n\u00e4 valjenneena tiistaina vietett\u00e4isiin syntym\u00e4p\u00e4ivi\u00e4ni, mink\u00e4 vuoksi p\u00e4\u00e4timme ottaa hitusen aiempia p\u00e4ivi\u00e4 rennommin. P\u00e4iv\u00e4n vierailukohteemme olisi New Yorkin kuuluisa vehre\u00e4 keskus <em>Central Park<\/em>, jonne oli hotelliltamme vain muutaman kilometrin matka. Niinp\u00e4 k\u00e4velimme puistolle <em>Sixth Avenueta<\/em> pitkin, joka tunnetaan my\u00f6s nimell\u00e4 <em>Avenue of the Americas. <\/em>Sixth Avenue on leve\u00e4 katu mutta varsinkin Midtownin alueella synkk\u00e4 ja sangen kolkko, sill\u00e4 sit\u00e4 varjostavat sen molemmilla puolilla korkeat toimistokolossit.<\/p>\n<p><!--more--><\/p>\n<p style=\"text-align: center;\"><a href=\"\/blog\/wp-content\/uploads\/2011\/sixth_avenue_kyltti.jpg\"><img decoding=\"async\" src=\"\/blog\/wp-content\/uploads\/2011\/thumbs\/thumbs_sixth_avenue_kyltti.jpg\" \/><\/a><a href=\"\/blog\/wp-content\/uploads\/2011\/sixth_avenuen_vartta2.jpg\"><img decoding=\"async\" src=\"\/blog\/wp-content\/uploads\/2011\/thumbs\/thumbs_sixth_avenuen_vartta2.jpg\" \/><\/a><a href=\"\/blog\/wp-content\/uploads\/2011\/sixth_avenuen_vartta4.jpg\"><img decoding=\"async\" src=\"\/blog\/wp-content\/uploads\/2011\/thumbs\/thumbs_sixth_avenuen_vartta4.jpg\" \/><\/a><\/p>\n<p style=\"text-align: center;\"><em>Sixth Avenuen kolossien varjossa<\/em><\/p>\n<p style=\"text-align: justify;\">Kenties kaikkein silmiinpist\u00e4vimm\u00e4t rakennuksen kadun varrella ovat kolme XYZ Buildingeina tunnettua 45-54 kerroksista m\u00f6hk\u00e4lett\u00e4, jotka n\u00e4ytt\u00e4v\u00e4tulkoa l\u00e4hes identtisilt\u00e4. Toimistotornit rakennettiin 60- ja 70-lukujen taitteessa viereisen <a title=\"Suurenmoinen Rockefeller Center\" href=\"https:\/\/www.vuosiamaailmalla.fi\/blog\/2011\/suurenmoinen-rockefeller-center\/\"><em>Rockefeller Centerin<\/em><\/a> laajennuksena ja ne muodostavat Midtownin tiiviin ytimen johon kuuluu useita samanhenkisi\u00e4 rakennuksia. Alue on niin korka ja tiivis ett\u00e4 kaikkein korkeinta X-rakennusta ei edes n\u00e4e osana Manhattanin siluettia vaikka rakennuksella on korkeutta kunnioitettavat 230 metri\u00e4.<\/p>\n<p style=\"text-align: center;\"><a href=\"\/blog\/wp-content\/uploads\/2011\/sixth_avenuen_vartta1.jpg\"><img decoding=\"async\" src=\"\/blog\/wp-content\/uploads\/2011\/thumbs\/thumbs_sixth_avenuen_vartta1.jpg\" \/><\/a><a href=\"\/blog\/wp-content\/uploads\/2011\/central_parkin_nurkalla8.jpg\"><img decoding=\"async\" src=\"\/blog\/wp-content\/uploads\/2011\/thumbs\/thumbs_central_parkin_nurkalla8.jpg\" \/><\/a><a href=\"\/blog\/wp-content\/uploads\/2011\/radio_city_music_hall1.jpg\"><img decoding=\"async\" src=\"\/blog\/wp-content\/uploads\/2011\/thumbs\/thumbs_radio_city_music_hall1.jpg\" \/><\/a><\/p>\n<p style=\"text-align: center;\"><em>Midtownin rakennuksia<\/em><\/p>\n<p style=\"text-align: justify;\">Torneissa oli aikoinaan \u00f6ljyj\u00e4tti <em>Exxonin<\/em> p\u00e4\u00e4konttori ennen sen muuttoa <a title=\"Mahtava Dallas\" href=\"http:\/\/vuosiamaailmalla.fi\/blog\/2014\/mahtava-dallas\/\">Dallasiin<\/a> vuonna 1989. Sittemmin yksi kompleksin merkitt\u00e4vin vuokralainen on ollut mediamoguli Rupert Murdochin omistama <em>News Corporation<\/em> -ryhmittym\u00e4, jonka mediatalojen <em>Fox Newsin<\/em>, <em>The Wall Street Journalin<\/em> sek\u00e4 <em>New York Postin <\/em>toimitukset sijaitsevat yhdess\u00e4 rakennuksista.<\/p>\n<p style=\"text-align: center;\"><a href=\"\/blog\/wp-content\/uploads\/2011\/tiivis_seinama.jpg\"><img decoding=\"async\" src=\"\/blog\/wp-content\/uploads\/2011\/thumbs\/thumbs_tiivis_seinama.jpg\" \/><\/a><a href=\"\/blog\/wp-content\/uploads\/2011\/sixth_avenuen_vartta5.jpg\"><img decoding=\"async\" src=\"\/blog\/wp-content\/uploads\/2011\/thumbs\/thumbs_sixth_avenuen_vartta5.jpg\" \/><\/a><a href=\"\/blog\/wp-content\/uploads\/2011\/sixth_avenuen_vartta3.jpg\"><img decoding=\"async\" src=\"\/blog\/wp-content\/uploads\/2011\/thumbs\/thumbs_sixth_avenuen_vartta3.jpg\" \/><\/a><\/p>\n<p style=\"text-align: center;\"><em>Tiivis Midtown<\/em><\/p>\n<p style=\"text-align: justify;\">Sixth Avenuen synke\u00e4t korporaatiotornit her\u00e4tt\u00e4v\u00e4t omanlaista kunnioitustaan, mutta horisontissa alkaa my\u00f6s j\u00e4lleen siint\u00e4m\u00e4\u00e4n valoa kun l\u00e4hestyt\u00e4\u00e4n <em>59th Streeti\u00e4<\/em>, joka rajaa Midtownin Central Parkiin. Puistin reunalla on monenlaista kojua ja myyj\u00e4\u00e4 ja k\u00e4velimmekin Niinan kanssa pari korttelia l\u00e4nteen, jossa sijaitsee <em>Columbus Circle<\/em>. T\u00e4m\u00e4n kookkaan liikenneympyr\u00e4n keskell\u00e4 j\u00e4pitt\u00e4\u00e4 Amerikan mantereen vuonna 1492 l\u00f6yt\u00e4neen italialaisen l\u00f6yt\u00f6retkeilij\u00e4 Christopher Columbuksen patsas.<\/p>\n<p style=\"text-align: center;\"><a href=\"\/blog\/wp-content\/uploads\/2011\/central_parkin_nurkalla7.jpg\"><img decoding=\"async\" src=\"\/blog\/wp-content\/uploads\/2011\/thumbs\/thumbs_central_parkin_nurkalla7.jpg\" \/><\/a><a href=\"\/blog\/wp-content\/uploads\/2011\/central_parkin_nurkalla6.jpg\"><img decoding=\"async\" src=\"\/blog\/wp-content\/uploads\/2011\/thumbs\/thumbs_central_parkin_nurkalla6.jpg\" \/><\/a><a href=\"\/blog\/wp-content\/uploads\/2011\/central_parkin_nurkalla1.jpg\"><img decoding=\"async\" src=\"\/blog\/wp-content\/uploads\/2011\/thumbs\/thumbs_central_parkin_nurkalla1.jpg\" \/><\/a><\/p>\n<p style=\"text-align: center;\"><em>Central Parkin kulmalla<\/em><\/p>\n<p style=\"text-align: justify;\">Liikenneympyr\u00e4 on liikenteellisesti merkitt\u00e4v\u00e4 osa Manhattania, mutta sen lis\u00e4ksi se on piste josta kaikki et\u00e4isyydet New Yorkista mitataan. Se on my\u00f6s <em>Eight Avenuen<\/em> sek\u00e4 <em>Broadwayn<\/em> risteys, johon johtaa yhteens\u00e4 viisi katua. Kulmaus onkin ollut ruuhkainen aina 1800-luvun lopulta saakka ja se on rakennettu useita kertoja uudelleen. New Yorkin ensimm\u00e4isen maanalainen metrolinja sai paikalle aseman vuonna 1904 ja seuraavana vuonna t\u00e4m\u00e4n monimutkaisen ja kolariherk\u00e4n risteyksen tilalle alettiin rakentaa liikennepioneeri William Phelps Enon visioimaa uudenlaista konseptia, liikenneympyr\u00e4\u00e4. Amerikkalainen Eno tunnetaan sellaisten pienten asioiden kuten stop-merkin, yksisuuntaisen kadun, taksitolpan, jalankulkijasaarekkeen sek\u00e4 liikenneympyr\u00e4n keksij\u00e4n\u00e4 ja New Yorkin Columbus Circle olikin maailman ensimm\u00e4inen liikenneympyr\u00e4.<\/p>\n<p style=\"text-align: center;\"><a href=\"\/blog\/wp-content\/uploads\/2011\/central_parkin_nurkalla2.jpg\"><img decoding=\"async\" src=\"\/blog\/wp-content\/uploads\/2011\/thumbs\/thumbs_central_parkin_nurkalla2.jpg\" \/><\/a><\/p>\n<p style=\"text-align: center;\"><em>Fillari alle ja puistoon<\/em><\/p>\n<p style=\"text-align: justify;\">Vallankumouksellinen ympyr\u00e4 aiheutti kuitenkin aluksi paljon ongelmia, sill\u00e4 risteyksen kautta kulkevat raitiovaunulinjat kolaroivat usein ympyr\u00e4n kaaottisen autoliikenteen kanssa. Enon suunnittelema yksisuuntainen liikenneympyr\u00e4 vaihdettiinkin joksikin vuoksi kaksisuuntaiseksi, mist\u00e4 palattiin useiden vaiheiden kautta takaisin yksisuuntaiseen vaihtoehtoon, jonka viimeisin versio on vuodelta 2003.<\/p>\n<p style=\"text-align: justify;\">Liikenneympyr\u00e4n synnytt\u00e4m\u00e4\u00e4 aukiota reunustaa monta merkitt\u00e4v\u00e4\u00e4 rakennusta, joista yksi on <a title=\"Asukkaana Trump Towerissa\" href=\"http:\/\/vuosiamaailmalla.fi\/blog\/2018\/asukkaana-trump-towerissa\/\">Donald Trumpin<\/a> mustanpuhuva 177 metri\u00e4 ja 44 kerrosta korkea hotelli- ja asuintorni. Rakennus kantaa arvokasta osoitetta <em>1 Central Park West<\/em> ja sen sijainti aivan keskuspuiston nurkalla onkin priima.<\/p>\n<p style=\"text-align: center;\"><a href=\"\/blog\/wp-content\/uploads\/2011\/time_warner_center1.jpg\"><img decoding=\"async\" src=\"\/blog\/wp-content\/uploads\/2011\/thumbs\/thumbs_time_warner_center1.jpg\" \/><\/a><a href=\"\/blog\/wp-content\/uploads\/2011\/time_warner_center2.jpg\"><img decoding=\"async\" src=\"\/blog\/wp-content\/uploads\/2011\/thumbs\/thumbs_time_warner_center2.jpg\" \/><\/a><a href=\"\/blog\/wp-content\/uploads\/2011\/trump_international_hotel_new_york1.jpg\"><img decoding=\"async\" src=\"\/blog\/wp-content\/uploads\/2011\/thumbs\/thumbs_trump_international_hotel_new_york1.jpg\" \/><\/a><\/p>\n<p style=\"text-align: center;\"><em>Columbus Circlen ymp\u00e4ryst\u00e4<\/em><\/p>\n<p style=\"text-align: justify;\">Aukiota hallitsee kuitenkin vuonna 2003 valmistunut massiivinen <em>Time Warner Center<\/em>, jonka 230 metri\u00e4 korkeat lasiset kaksoistornit k\u00e4tkev\u00e4t sis\u00e4\u00e4ns\u00e4 mediaj\u00e4tin toimintoja sek\u00e4 <em>Mandarin Orientalin<\/em> luksushotellin. Tornien juuressa sijaitsee my\u00f6s huomattava ostoskeskus, luksusravintoloita ja sek\u00e4 <a title=\"Cokiksen alkul\u00e4hteell\u00e4 Atlantassa\" href=\"http:\/\/vuosiamaailmalla.fi\/blog\/2015\/cokiksen-alkulahteella-atlantassa\/\">uutiskanava CNN:n<\/a> New Yorkin toimitus.<\/p>\n<p style=\"text-align: center;\"><a href=\"\/blog\/wp-content\/uploads\/2011\/central_parkin_nurkalla3.jpg\"><img decoding=\"async\" src=\"\/blog\/wp-content\/uploads\/2011\/thumbs\/thumbs_central_parkin_nurkalla3.jpg\" \/><\/a><a href=\"\/blog\/wp-content\/uploads\/2011\/time_warner_center3.jpg\"><img decoding=\"async\" src=\"\/blog\/wp-content\/uploads\/2011\/thumbs\/thumbs_time_warner_center3.jpg\" \/><\/a><\/p>\n<p style=\"text-align: center;\"><em>Time Warner Center<\/em><\/p>\n<p style=\"text-align: justify;\">Aukion laidalta on n\u00e4pp\u00e4r\u00e4\u00e4 vuokrata k\u00e4ytt\u00f6\u00f6ns\u00e4 polkupy\u00f6r\u00e4t, joiden satulassa l\u00e4hdimme tutkimaan valtaisaa Central Parkia. Maailmankuulun keskuspuiston historia juontaa juurensa aina 1800-luvun puoliv\u00e4liin saakka, jolloin New Yorkissa elettiin nopean kasvun kautta. Kaupungin asukasluku nelinkertaistui vuosien 1821 &#8211; 1855 v\u00e4lill\u00e4 ja paikalliset varakkaat alkoivat vaatia lehtikirjoituksissaan uusia viheralueita kaupungin asukkaiden k\u00e4ytt\u00f6\u00f6n.<\/p>\n<p style=\"text-align: justify;\">Vuonna 1811 laadittu New Yorkin kaavoitussuunnitelma oli hieman aiemmin luonut pohjan Manhattanin nykyiselle ruutukaavalle, mutta suunnitelmaan ei sis\u00e4ltynyt keskuspuistoa. Kaupunki alkoi kuitenkin ostaa itselleen maata sen nykyiselt\u00e4 alueelta 1840-luvulla ja vuonna 1853 s\u00e4\u00e4detty laki sinet\u00f6i tulevan puiston paikan ja mitat. P\u00e4\u00e4t\u00f6st\u00e4 seurannut suunnitelukilpailu ratkesi viisi vuotta my\u00f6hemmin ja uusi puisto avautui osissa vuoteen 1876 menness\u00e4.<\/p>\n<p style=\"text-align: center;\"><a href=\"\/blog\/wp-content\/uploads\/2011\/new_york_central_park1.jpg\"><img decoding=\"async\" src=\"\/blog\/wp-content\/uploads\/2011\/thumbs\/thumbs_new_york_central_park1.jpg\" \/><\/a><a href=\"\/blog\/wp-content\/uploads\/2011\/new_york_central_park4.jpg\"><img decoding=\"async\" src=\"\/blog\/wp-content\/uploads\/2011\/thumbs\/thumbs_new_york_central_park4.jpg\" \/><\/a><a href=\"\/blog\/wp-content\/uploads\/2011\/new_york_central_park8.jpg\"><img decoding=\"async\" src=\"\/blog\/wp-content\/uploads\/2011\/thumbs\/thumbs_new_york_central_park8.jpg\" \/><\/a><\/p>\n<p style=\"text-align: center;\"><em>New Yorkin vehre\u00e4 keskus<\/em><\/p>\n<p style=\"text-align: center;\"><a href=\"\/blog\/wp-content\/uploads\/2011\/new_york_central_park2.jpg\"><img decoding=\"async\" src=\"\/blog\/wp-content\/uploads\/2011\/new_york_central_park2.jpg\" \/><\/a><\/p>\n<p style=\"text-align: center;\"><em>Klassinen hevosajelu keskuspuistossa<\/em><\/p>\n<p style=\"text-align: justify;\">Uusi suurpuiston sijainti keskell\u00e4 Manhattanin saarta oli loistava, sill\u00e4 se mahdollisti k\u00e4ytt\u00e4\u00e4 puiston pohjoisp\u00e4\u00e4n suurta tekoj\u00e4rve\u00e4 alueen juomavesivarastona. Siit\u00e4 vesi johdettiin pienempiin varastoihin, joista yksi sijaitsi <a title=\"Fifth Avenue ja vierailu YK:n p\u00e4\u00e4majalla\" href=\"http:\/\/vuosiamaailmalla.fi\/blog\/2011\/fifth-avenue-ja-vierailu-ykn-paamajalla\/\">nykyisen keskuskirjaston<\/a> paikalla. Tekoj\u00e4rven k\u00e4ytt\u00f6 juomaveten\u00e4 loppuikin vasta vuonna 1993 ja nykyisin virkistysk\u00e4ytt\u00f6\u00f6n muunnettu j\u00e4rvi kantaa nime\u00e4 <em>Jacqueline Kennedy Onassis Reservoir<\/em>.<\/p>\n<p style=\"text-align: center;\"><a href=\"\/blog\/wp-content\/uploads\/2011\/jacqueline_kennedy_onassis_reservoir1.jpg\"><img decoding=\"async\" src=\"\/blog\/wp-content\/uploads\/2011\/thumbs\/thumbs_jacqueline_kennedy_onassis_reservoir1.jpg\" \/><\/a><a href=\"\/blog\/wp-content\/uploads\/2011\/central_park_the_lake5.jpg\"><img decoding=\"async\" src=\"\/blog\/wp-content\/uploads\/2011\/thumbs\/thumbs_central_park_the_lake5.jpg\" \/><\/a><\/p>\n<p style=\"text-align: center;\"><em>Entinen juomavesivarasto<\/em><\/p>\n<p style=\"text-align: justify;\">Central Parkissa py\u00f6r\u00e4ileminen on helppoa, sill\u00e4 puistoa kiert\u00e4v\u00e4t hyv\u00e4kuntoiset asvaltoidut tiet sek\u00e4 lukuisat k\u00e4velypolut. Autoliikenne on sallittu ainoastaan kolmella pitkitt\u00e4isell\u00e4 tiell\u00e4 (vuoden 2011 tilanne) sek\u00e4 nelj\u00e4ll\u00e4 puiston poikki kulkevalla kadulla, mutta liikenne on rauhallista ja py\u00f6r\u00e4ilij\u00f6ille on osoitettu omat selke\u00e4t kaistansa. Yleinen kulkusuunta on vastap\u00e4iv\u00e4\u00e4n ja mekin py\u00f6r\u00e4ilimme puistoa juuri t\u00e4h\u00e4n suuntaan.<\/p>\n<p style=\"text-align: center;\"><a href=\"\/blog\/wp-content\/uploads\/2011\/central_park_the_lake2.jpg\"><img decoding=\"async\" src=\"\/blog\/wp-content\/uploads\/2011\/thumbs\/thumbs_central_park_the_lake2.jpg\" \/><\/a><a href=\"\/blog\/wp-content\/uploads\/2011\/central_park_the_lake1.jpg\"><img decoding=\"async\" src=\"\/blog\/wp-content\/uploads\/2011\/thumbs\/thumbs_central_park_the_lake1.jpg\" \/><\/a><a href=\"\/blog\/wp-content\/uploads\/2011\/central_park_the_lake3.jpg\"><img decoding=\"async\" src=\"\/blog\/wp-content\/uploads\/2011\/thumbs\/thumbs_central_park_the_lake3.jpg\" \/><\/a><\/p>\n<p style=\"text-align: center;\"><em>Kauniita Central Parkin maisemia<\/em><\/p>\n<p style=\"text-align: center;\"><a href=\"\/blog\/wp-content\/uploads\/2011\/central_park_the_lake4.jpg\"><img decoding=\"async\" src=\"\/blog\/wp-content\/uploads\/2011\/central_park_the_lake4.jpg\" \/><\/a><\/p>\n<p style=\"text-align: center;\"><em>Kes\u00e4inen syntt\u00e4rip\u00e4iv\u00e4<\/em><\/p>\n<p style=\"text-align: justify;\">Central Parkilla on kokoa 341 hehtaaria, mik\u00e4 tekee siit\u00e4 New Yorkin kaupungin viidenneksi suurimman puiston. Se on yksi maailman vierailluimpia kohteita yli 40 miljoonalla vuosittaisella k\u00e4vij\u00e4ll\u00e4\u00e4n, eik\u00e4 puistossa tarvitsekaan olla koskaan yksin. Puiston mitat ovat 2.5 x 0.5 kilometri\u00e4 ja matka sen ymp\u00e4ri on pituudeltaan noin 11 kilometri\u00e4, hieman reitist\u00e4 riippuen.<\/p>\n<p style=\"text-align: center;\"><a href=\"\/blog\/wp-content\/uploads\/2011\/central_parkin_nurkalla4.jpg\"><img decoding=\"async\" src=\"\/blog\/wp-content\/uploads\/2011\/thumbs\/thumbs_central_parkin_nurkalla4.jpg\" \/><\/a><a href=\"\/blog\/wp-content\/uploads\/2011\/central_parkin_nurkalla5.jpg\"><img decoding=\"async\" src=\"\/blog\/wp-content\/uploads\/2011\/thumbs\/thumbs_central_parkin_nurkalla5.jpg\" \/><\/a><\/p>\n<p style=\"text-align: center;\"><em>Puistossa on helppo suunnistaa<\/em><\/p>\n<p style=\"text-align: justify;\">Puistossa ja sielt\u00e4 avautuu upeita <a title=\"Kiertely\u00e4 Lower Manhattanilla\" href=\"http:\/\/vuosiamaailmalla.fi\/blog\/2011\/kiertelya-ja-kaartelua-lower-manhattanilla\/\">klassisia New Yorkin maisemia<\/a>, jotka ovat useimmille tuttuja, sill\u00e4 puistossa on kuvattu toistasataa elokuvaa ja lukemattomia televisiosarjoja. Tuttuja ovat erityisesti Midtownin siluetti pienempien <em>The Lake<\/em> sek\u00e4 <em>The Pondin<\/em> lammikoiden ylitse. Paikallisten suosima paikka on kuitenkin <em>Sheep Meadowsin<\/em> suuri nurmikko, jonne sadat newyorkilaiset ja turistit ker\u00e4\u00e4ntyv\u00e4t p\u00e4ivitt\u00e4in nauttimaan p\u00e4iv\u00e4st\u00e4\u00e4n. Keli oli my\u00f6s tiistaina t\u00e4ydellisen kes\u00e4inen ja meid\u00e4nkin teki mieli huilata hetki nurmikolla ymp\u00e4r\u00f6iv\u00e4\u00e4 el\u00e4m\u00e4\u00e4 katsellen.<\/p>\n<p style=\"text-align: center;\"><a href=\"\/blog\/wp-content\/uploads\/2011\/new_york_central_park6.jpg\"><img decoding=\"async\" src=\"\/blog\/wp-content\/uploads\/2011\/thumbs\/thumbs_new_york_central_park6.jpg\" \/><\/a><a href=\"\/blog\/wp-content\/uploads\/2011\/new_york_central_park5.jpg\"><img decoding=\"async\" src=\"\/blog\/wp-content\/uploads\/2011\/thumbs\/thumbs_new_york_central_park5.jpg\" \/><\/a><a href=\"\/blog\/wp-content\/uploads\/2011\/new_york_central_park9.jpg\"><img decoding=\"async\" src=\"\/blog\/wp-content\/uploads\/2011\/thumbs\/thumbs_new_york_central_park9.jpg\" \/><\/a><\/p>\n<p style=\"text-align: center;\"><em>Suuret nurmialueet ker\u00e4\u00e4v\u00e4t kaupunkilaisia<\/em><\/p>\n<p style=\"text-align: justify;\">Py\u00f6r\u00e4retkemme varrella n\u00e4imme l\u00e4helt\u00e4 my\u00f6s <em>Guggenheimin<\/em> museon kuin <em>The Eldoradon<\/em> kuuluisat asuintornit, joissa on asunut muun muassa Bruce Willis sek\u00e4 Bono.\u00a0 Keskuspuiston etel\u00e4p\u00e4\u00e4ss\u00e4 sijaitsee puolestaan Donald Trumpin kunnostama ja nykyisin operoima <em>Wollman Rink<\/em>, joka on talviaikaan eritt\u00e4in suosittu luistinrata. Kes\u00e4aikaan aukiolla sijaitsee pieni tivoli, joka ker\u00e4\u00e4 lapsiperheit\u00e4 nauttimaan kauniista kes\u00e4p\u00e4iv\u00e4st\u00e4.<\/p>\n<p style=\"text-align: center;\"><a href=\"\/blog\/wp-content\/uploads\/2011\/guggenheim_new_york1.jpg\"><img decoding=\"async\" src=\"\/blog\/wp-content\/uploads\/2011\/thumbs\/thumbs_guggenheim_new_york1.jpg\" \/><\/a><\/p>\n<p style=\"text-align: center;\"><em>Guggenheimin museo<\/em><\/p>\n<p style=\"text-align: center;\"><a href=\"\/blog\/wp-content\/uploads\/2011\/new_york_central_park7.jpg\"><img decoding=\"async\" src=\"\/blog\/wp-content\/uploads\/2011\/thumbs\/thumbs_new_york_central_park7.jpg\" \/><\/a><a href=\"\/blog\/wp-content\/uploads\/2011\/new_york_central_park3.jpg\"><img decoding=\"async\" src=\"\/blog\/wp-content\/uploads\/2011\/thumbs\/thumbs_new_york_central_park3.jpg\" \/><\/a><a href=\"\/blog\/wp-content\/uploads\/2011\/central_park_the_pond1.jpg\"><img decoding=\"async\" src=\"\/blog\/wp-content\/uploads\/2011\/thumbs\/thumbs_central_park_the_pond1.jpg\" \/><\/a><\/p>\n<p style=\"text-align: center;\"><em>Kaakkoiskulman klassiset maisemat<\/em><\/p>\n<p style=\"text-align: justify;\">Puiston kierretty\u00e4mme palautimme py\u00f6r\u00e4t ja poistuimme <em>Grand Army Plazan<\/em> aukiolle, jossa <em>Fifth Avenue<\/em> kohtaa Central Parkin. K\u00e4velimme <em>58th Streeti\u00e4<\/em> pitkin <em>Seventh Avenuelle<\/em>, ohittaen <em>Alwyn Courtina<\/em> tunnetun asuinrakennuksen. Rakennuksen julkisivu on \u00e4\u00e4rimm\u00e4isen koristeellinen, sis\u00e4lt\u00e4en satoja ja taas satoja terrakotta-tyylin laadittuja yksityiskohtia. Kuuluisassa rakennuksessa on asunut my\u00f6s muun muassa n\u00e4yttelij\u00e4 Liam Neeson.<\/p>\n<p style=\"text-align: center;\"><a href=\"\/blog\/wp-content\/uploads\/2011\/alwyn_court3.jpg\"><img decoding=\"async\" src=\"\/blog\/wp-content\/uploads\/2011\/thumbs\/thumbs_alwyn_court3.jpg\" \/><\/a><a href=\"\/blog\/wp-content\/uploads\/2011\/alwyn_court1.jpg\"><img decoding=\"async\" src=\"\/blog\/wp-content\/uploads\/2011\/thumbs\/thumbs_alwyn_court1.jpg\" \/><\/a><a href=\"\/blog\/wp-content\/uploads\/2011\/alwyn_court2.jpg\"><img decoding=\"async\" src=\"\/blog\/wp-content\/uploads\/2011\/thumbs\/thumbs_alwyn_court2.jpg\" \/><\/a><\/p>\n<p style=\"text-align: center;\"><em>Alwyn Courtin koristeellinen julkisivu<\/em><\/p>\n<p style=\"text-align: justify;\">Alwyn Courtia ymp\u00e4r\u00f6iv\u00e4 alue tulee olemaan tulevina vuosina valtavan myllerryksen keskell\u00e4, sill\u00e4 Sixth ja Eight Avenueiden v\u00e4liselle <em>57th Streetin<\/em> alueelle on nousemassa lukuisia superkorkeita asuinpilvenpiirt\u00e4ji\u00e4. Katua kutsutaankin jo nimell\u00e4 <em>Billionaires&#8217; Row<\/em> tulevilta asukkailta vaaditusta tulotasosta jotain kertoen.<\/p>\n<p style=\"text-align: center;\"><a href=\"\/blog\/wp-content\/uploads\/2011\/barclays_investment_bank.jpg\"><img decoding=\"async\" src=\"\/blog\/wp-content\/uploads\/2011\/barclays_investment_bank.jpg\" \/><\/a><\/p>\n<p style=\"text-align: center;\"><em>Pankkij\u00e4ttej\u00e4<\/em><\/p>\n<p style=\"text-align: justify;\">K\u00e4velimme Seventh Streeti\u00e4 pitkin takaisin hotellillemme suosikkipaikkamme <a title=\"Uusivuosi Times Squarella\" href=\"http:\/\/vuosiamaailmalla.fi\/blog\/2019\/uusivuosi-times-squarella\/\"><em>Times Squaren<\/em><\/a> kautta. Aukion h\u00e4lin\u00e4 ja audiovisuaalinen tykitys ovat vain jotain todella kiehtovaa, mink\u00e4laista emme kokeneet edes <a title=\"Nousevan auringon Tokio\" href=\"http:\/\/vuosiamaailmalla.fi\/blog\/2010\/nousevan-auringon-tokio\/\">Tokion<\/a> kuuluisalla <a title=\"Ihmisvilin\u00e4\u00e4 ja rakkaushotelleja Shibuyassa\" href=\"https:\/\/www.vuosiamaailmalla.fi\/blog\/2010\/ihmisvilinaa-ja-rakkaushotelleja-shibuyassa\/\">Shibuyan viihdealueella<\/a>.<\/p>\n<p style=\"text-align: center;\"><a href=\"\/blog\/wp-content\/uploads\/2011\/bedbugeja.jpg\"><img decoding=\"async\" src=\"\/blog\/wp-content\/uploads\/2011\/bedbugeja.jpg\" \/><\/a><\/p>\n<p style=\"text-align: center;\"><em>T\u00e4m\u00e4 hotelli ei houkuttele<\/em><\/p>\n<p style=\"text-align: center;\"><a href=\"\/blog\/wp-content\/uploads\/2011\/times_squarella17.jpg\"><img decoding=\"async\" src=\"\/blog\/wp-content\/uploads\/2011\/thumbs\/thumbs_times_squarella17.jpg\" \/><\/a><a href=\"\/blog\/wp-content\/uploads\/2011\/times_squarella19.jpg\"><img decoding=\"async\" src=\"\/blog\/wp-content\/uploads\/2011\/thumbs\/thumbs_times_squarella19.jpg\" \/><\/a><a href=\"\/blog\/wp-content\/uploads\/2011\/times_squarella18.jpg\"><img decoding=\"async\" src=\"\/blog\/wp-content\/uploads\/2011\/thumbs\/thumbs_times_squarella18.jpg\" \/><\/a><\/p>\n<p style=\"text-align: center;\"><em><a title=\"New Yorkin kirkkaat valot\" href=\"http:\/\/www.vuosiamaailmalla.fi\/blog\/2011\/new-yorkin-kirkkaat-valot\/\">Times Squarella<\/a> viihtyy aina<\/em><\/p>\n<p style=\"text-align: justify;\">Aukion l\u00e4heisell\u00e4 sivukadulla bongasimme my\u00f6s sangen kuuluisan velkakellon, joka oli ensimm\u00e4inen laatuaan maailmassa. Jatkuvasti yl\u00f6sp\u00e4in tikitt\u00e4v\u00e4 digitaalinen &#8221;kello&#8221; kertoo Yhdysvaltojen jatkuvasti kasvavasta valtionvelasta, joka oli kes\u00e4kuussa 2011 huimaavat 14,5 biljoonaa dollaria.<\/p>\n<p style=\"text-align: center;\"><a href=\"\/blog\/wp-content\/uploads\/2011\/velkakello.jpg\"><img decoding=\"async\" src=\"\/blog\/wp-content\/uploads\/2011\/velkakello.jpg\" \/><\/a><\/p>\n<p style=\"text-align: center;\"><em>Velkakellossa riitt\u00e4\u00e4 numeroita<\/em><\/p>\n<p style=\"text-align: justify;\">Iltap\u00e4iv\u00e4n ohjelmassamme oli my\u00f6s hotellin vaihto, sill\u00e4 olimme varanneet New Yorkiin kaksi eri hotellia. Uusi hotellimme oli viiden t\u00e4hden <em>Sofitel New York<\/em>, jonka huoneestamme aukeni upea maisema Rockefeller Centerille. Hienostohotellissa kelpaisikin pit\u00e4\u00e4 majaa viel\u00e4 viimeisten New Yorkin p\u00e4iviemme ajan.<\/p>\n<p style=\"text-align: center;\"><a href=\"\/blog\/wp-content\/uploads\/2011\/sofitel_new_york3.jpg\"><img decoding=\"async\" src=\"\/blog\/wp-content\/uploads\/2011\/thumbs\/thumbs_sofitel_new_york3.jpg\" \/><\/a><a href=\"\/blog\/wp-content\/uploads\/2011\/sofitel_new_york2.jpg\"><img decoding=\"async\" src=\"\/blog\/wp-content\/uploads\/2011\/thumbs\/thumbs_sofitel_new_york2.jpg\" \/><\/a><a href=\"\/blog\/wp-content\/uploads\/2011\/sofitel_new_york1.jpg\"><img decoding=\"async\" src=\"\/blog\/wp-content\/uploads\/2011\/thumbs\/thumbs_sofitel_new_york1.jpg\" \/><\/a><\/p>\n<p style=\"text-align: center;\"><em>Viiden t\u00e4hden maisema<\/em><\/p>\n<p style=\"text-align: justify;\">Illalla Niina oli j\u00e4rjest\u00e4nyt minulle syntt\u00e4ri-illallisen <a title=\"Brasil-Brasileiro\" href=\"http:\/\/vuosiamaailmalla.fi\/blog\/2011\/brasil-brasileiro\/\">brasilialaiseen pihviravintolaan<\/a>, jossa meille tuotiin lihaa liukuhihnalta. Niina oli my\u00f6s vinkannut henkil\u00f6kunnalle kyseess\u00e4 olevan syntym\u00e4p\u00e4iv\u00e4, joten ravintolan orkesteri k\u00e4vi laulamassa minulle onnittelulaulun.<\/p>\n<p style=\"text-align: center;\"><a href=\"\/blog\/wp-content\/uploads\/2011\/synttari_liharavintola1.jpg\"><img decoding=\"async\" src=\"\/blog\/wp-content\/uploads\/2011\/thumbs\/thumbs_synttari_liharavintola1.jpg\" \/><\/a><a href=\"\/blog\/wp-content\/uploads\/2011\/synttari_liharavintola2.jpg\"><img decoding=\"async\" src=\"\/blog\/wp-content\/uploads\/2011\/thumbs\/thumbs_synttari_liharavintola2.jpg\" \/><\/a><br \/>\n<a href=\"\/blog\/wp-content\/uploads\/2011\/synttari_liharavintola3.jpg\"><img decoding=\"async\" src=\"\/blog\/wp-content\/uploads\/2011\/thumbs\/thumbs_synttari_liharavintola3.jpg\" \/><\/a><a href=\"\/blog\/wp-content\/uploads\/2011\/onnittelulaulu.jpg\"><img decoding=\"async\" src=\"\/blog\/wp-content\/uploads\/2011\/thumbs\/thumbs_onnittelulaulu.jpg\" \/><\/a><\/p>\n<p style=\"text-align: center;\"><em>Syntt\u00e4ri-illallisella<\/em><\/p>\n<p style=\"text-align: justify;\">Hieman erilainen syntym\u00e4p\u00e4iv\u00e4 olikin n\u00e4in ohitse ja seuraava p\u00e4iv\u00e4 veisi meid\u00e4t takaisin Manhattanin etel\u00e4k\u00e4rjen edustalle n\u00e4kem\u00e4\u00e4n <a title=\"Maailmaa valaiseva Vapaudenpatsas\" href=\"http:\/\/www.vuosiamaailmalla.fi\/blog\/2011\/maailmaa-valaiseva-vapaudenpatsas\/\">maailmankuulu Vapaudenpatsas<\/a>. Tiedossa olisi my\u00f6hemmin illalla my\u00f6s valokuvauskierros <a title=\"New Yorkin kirkkaat valot\" href=\"http:\/\/www.vuosiamaailmalla.fi\/blog\/2011\/new-yorkin-kirkkaat-valot\/\">y\u00f6llisess\u00e4 New Yorkissa<\/a>, josta kuvia ja juttua matkakertomuksen seuraavissa osissa!<\/p>\n<p style=\"text-align: right;\"><em>Seuraavaan osaan <a title=\"New Yorkin kirkkaat valot\" href=\"http:\/\/www.vuosiamaailmalla.fi\/blog\/2011\/new-yorkin-kirkkaat-valot\/\">t\u00e4st\u00e4<\/a>. Matkakertomuksen muut osat l\u00f6ytyv\u00e4t\u00a0<a href=\"https:\/\/www.vuosiamaailmalla.fi\/?tag=matkakertomus-new-york-chicago\">t\u00e4\u00e4lt\u00e4<\/a>.<\/em><\/p>\n","protected":false},"excerpt":{"rendered":"<p>Jatkoa\u00a0t\u00e4\u00e4lt\u00e4. Matkakertomuksen muut osat l\u00f6ytyv\u00e4t\u00a0t\u00e4\u00e4lt\u00e4. Kauniina kes\u00e4p\u00e4iv\u00e4n\u00e4 valjenneena tiistaina vietett\u00e4isiin syntym\u00e4p\u00e4ivi\u00e4ni, mink\u00e4 vuoksi p\u00e4\u00e4timme ottaa hitusen aiempia p\u00e4ivi\u00e4 rennommin. P\u00e4iv\u00e4n vierailukohteemme olisi New Yorkin kuuluisa vehre\u00e4 keskus Central Park, jonne oli hotelliltamme vain muutaman kilometrin matka. Niinp\u00e4 k\u00e4velimme puistolle Sixth Avenueta pitkin, joka tunnetaan my\u00f6s nimell\u00e4 Avenue of the Americas. Sixth Avenue on leve\u00e4 katu &hellip; <a href=\"https:\/\/www.vuosiamaailmalla.fi\/blog\/2011\/syntymapaivaretki-central-parkissa\/\" class=\"more-link\">Jatka lukemista<span class=\"screen-reader-text\"> &#8221;Syntym\u00e4p\u00e4iv\u00e4retki Central Parkissa&#8221;<\/span><\/a><\/p>\n","protected":false},"author":1,"featured_media":11096,"comment_status":"open","ping_status":"open","sticky":false,"template":"","format":"standard","meta":{"_jetpack_memberships_contains_paid_content":false,"footnotes":""},"categories":[7,890],"tags":[1560,1559,569,1562,1317,295,1316,1561,1312,1563],"class_list":["post-11092","post","type-post","status-publish","format-standard","has-post-thumbnail","hentry","category-matkakertomukset","category-yhdysvallat","tag-central-park","tag-columbus-circle","tag-donald-trump","tag-jacqueline-kennedy-onassis-reservoir","tag-matkakertomus-new-york-chicago","tag-new-york","tag-new-york-midtown","tag-time-warner-center","tag-times-square","tag-wollman-rink"],"jetpack_featured_media_url":"https:\/\/www.vuosiamaailmalla.fi\/blog\/wp-content\/uploads\/central_parkissa_banner.jpg","jetpack_sharing_enabled":true,"_links":{"self":[{"href":"https:\/\/www.vuosiamaailmalla.fi\/blog\/wp-json\/wp\/v2\/posts\/11092","targetHints":{"allow":["GET"]}}],"collection":[{"href":"https:\/\/www.vuosiamaailmalla.fi\/blog\/wp-json\/wp\/v2\/posts"}],"about":[{"href":"https:\/\/www.vuosiamaailmalla.fi\/blog\/wp-json\/wp\/v2\/types\/post"}],"author":[{"embeddable":true,"href":"https:\/\/www.vuosiamaailmalla.fi\/blog\/wp-json\/wp\/v2\/users\/1"}],"replies":[{"embeddable":true,"href":"https:\/\/www.vuosiamaailmalla.fi\/blog\/wp-json\/wp\/v2\/comments?post=11092"}],"version-history":[{"count":11,"href":"https:\/\/www.vuosiamaailmalla.fi\/blog\/wp-json\/wp\/v2\/posts\/11092\/revisions"}],"predecessor-version":[{"id":12746,"href":"https:\/\/www.vuosiamaailmalla.fi\/blog\/wp-json\/wp\/v2\/posts\/11092\/revisions\/12746"}],"wp:featuredmedia":[{"embeddable":true,"href":"https:\/\/www.vuosiamaailmalla.fi\/blog\/wp-json\/wp\/v2\/media\/11096"}],"wp:attachment":[{"href":"https:\/\/www.vuosiamaailmalla.fi\/blog\/wp-json\/wp\/v2\/media?parent=11092"}],"wp:term":[{"taxonomy":"category","embeddable":true,"href":"https:\/\/www.vuosiamaailmalla.fi\/blog\/wp-json\/wp\/v2\/categories?post=11092"},{"taxonomy":"post_tag","embeddable":true,"href":"https:\/\/www.vuosiamaailmalla.fi\/blog\/wp-json\/wp\/v2\/tags?post=11092"}],"curies":[{"name":"wp","href":"https:\/\/api.w.org\/{rel}","templated":true}]}}