{"id":1110,"date":"2010-12-14T18:00:40","date_gmt":"2010-12-15T02:00:40","guid":{"rendered":"http:\/\/13.53.127.146\/?p=1110"},"modified":"2023-09-16T10:26:45","modified_gmt":"2023-09-16T17:26:45","slug":"jouluinen-vierailu-gestapo-ja-ss-museoilla-seka-loistokas-show","status":"publish","type":"post","link":"https:\/\/www.vuosiamaailmalla.fi\/blog\/2010\/jouluinen-vierailu-gestapo-ja-ss-museoilla-seka-loistokas-show\/","title":{"rendered":"Jouluinen vierailu Gestapo-museolla"},"content":{"rendered":"<p style=\"text-align: justify;\">Kun edellinen viikonloppu oli mennyt \u00e4itini kanssa Berliinin joulumarkkinoita <a title=\"Ostoksilla jouluvieraan kanssa\" href=\"https:\/\/www.vuosiamaailmalla.fi\/?p=1372\">kierrelless\u00e4<\/a>, oli heti seuraavana viikonloppuna ohjelmassa hieman samanlainen kierros. Niinan vanhemmat saapuivat <em>Finnairin<\/em> lentoem\u00e4ntien lakosta huolimatta perille suunnitellusti perjantai-iltap\u00e4iv\u00e4ll\u00e4. Hieman ongelmia lakko silti aiheutti, sill\u00e4 heid\u00e4n piti lent\u00e4\u00e4 Joensuun sijaan Savonlinnasta perille p\u00e4\u00e4st\u00e4kseen. Perille he p\u00e4\u00e4siv\u00e4t silti hyvin ja heti perjantai-illasta katsastimme jo <em>Rotes Rathausin<\/em> joulumarkkinat. Markkinoilla oli hieman edellist\u00e4 viikonloppua hankalampi liikkua, sill\u00e4 kuten <a title=\"Talven ihmemaa\" href=\"https:\/\/www.vuosiamaailmalla.fi\/?p=1329\">kerrottua<\/a>, Berliiniin satoi reilu viikko sitten runsaasti lunta, joka onkin pysynyt maassa sittemmin. Arjen hankaloittamisesta huolimatta lumi on silti mukavakin asia, sill\u00e4 lumikattoiset joulumarkkinakojut ovat entisest\u00e4\u00e4n tunnelmallisemmat ja gl\u00fchweiniakin on enemm\u00e4n pointtia juoda kylm\u00e4n torjumiseksi.<\/p>\n<p><!--more--><\/p>\n<p style=\"text-align: center;\"><a href=\"\/blog\/wp-content\/uploads\/2010\/rotes_rathausin_joulumarkkinat.jpg\" target=\"_blank\" rel=\"noopener\"><img decoding=\"async\" style=\"border: 0px none; margin: 5px;\" src=\"\/blog\/wp-content\/uploads\/2010\/thumbs\/thumbs_rotes_rathausin_joulumarkkinat.jpg\" alt=\"\" \/><\/a><a href=\"\/blog\/wp-content\/uploads\/2010\/karuselli.jpg\" target=\"_blank\" rel=\"noopener\"><img decoding=\"async\" style=\"border: 0px none; margin: 5px;\" src=\"\/blog\/wp-content\/uploads\/2010\/thumbs\/thumbs_karuselli.jpg\" alt=\"\" \/><\/a><a href=\"\/blog\/wp-content\/uploads\/2010\/vauhdikas_karuselli.jpg\" target=\"_blank\" rel=\"noopener\"><img decoding=\"async\" style=\"border: 0px none; margin: 5px;\" src=\"\/blog\/wp-content\/uploads\/2010\/thumbs\/thumbs_vauhdikas_karuselli.jpg\" alt=\"\" \/><\/a><\/p>\n<p style=\"text-align: center;\"><em>Rotes Rathausin joulumarkkinoilla<\/em><\/p>\n<p style=\"text-align: justify;\">Lauantai valkeni kauniina. Heti aamusta ryhm\u00e4mme jakautui niin, ett\u00e4 Niina l\u00e4hti \u00e4itins\u00e4 kanssa ostoksille ja min\u00e4 appiukon kanssa katsastamaan Potsdamer Platzin l\u00e4hettyvill\u00e4 sijaitsevaa<em> Topographie des Terrors<\/em> -museota. Kyseess\u00e4 on eritt\u00e4in kiintoisa uusi museo, joka aukesi yleis\u00f6lle vasta t\u00e4m\u00e4n vuoden kes\u00e4ll\u00e4 uudisrakennuksen valmistuttua per\u00e4ti 18 vuotta kest\u00e4neen hankkeen tuloksena. Museo sijaitsee natsi-Saksan pahamaineisten <em>Gestapon<\/em> ja <em>SS-joukkojen<\/em> entisen p\u00e4\u00e4majan paikalla ja se esittelee loistavasti miten natsit nousivat valtaan, sek\u00e4 miten he propagandan ja terrorin avulla tukahduttivat poliittiset vastustajansa ja saivat lopulta saksalaiset taakseen.<\/p>\n<p style=\"text-align: center;\"><a href=\"\/blog\/wp-content\/uploads\/2010\/topografie_des_terrors.jpg\" target=\"_blank\" rel=\"noopener\"><img decoding=\"async\" style=\"border: 0px none; margin: 5px;\" src=\"\/blog\/wp-content\/uploads\/2010\/thumbs\/thumbs_topografie_des_terrors.jpg\" alt=\"\" \/><\/a><a href=\"\/blog\/wp-content\/uploads\/2010\/gestapon_selleja.jpg\" target=\"_blank\" rel=\"noopener\"><img decoding=\"async\" style=\"border: 0px none; margin: 5px;\" src=\"\/blog\/wp-content\/uploads\/2010\/thumbs\/thumbs_gestapon_selleja.jpg\" alt=\"\" \/><\/a><\/p>\n<p style=\"text-align: center;\"><em>Museorakennus sek\u00e4 alkuper\u00e4isen rakennuksen s\u00e4ilyneit\u00e4 kellaritiloja<\/em><\/p>\n<p style=\"text-align: justify;\">Gestapo (koko nimi <em>Geheime Staatspolizei<\/em>) oli natsi-Saksan pel\u00e4tty salainen valtionpoliisi, joka perustettiin vuonna 1933 valtion turvallisuuden takaamiseksi. Tosiasiassa kyseess\u00e4 oli natsien hallinnoima poliisiorganisaatio, jonka p\u00e4\u00e4asiallinen teht\u00e4v\u00e4 oli kartoittaa ja raivata natsien poliittisia vastustajia. Organisaatiossa palvelivat eliittipoliisit, joilla oli t\u00e4ydet valtuudet ihmisten satunnaiseksi pid\u00e4tt\u00e4miseksi sek\u00e4 pahoinpitelemiseksi. Virallisesti pid\u00e4tetyt toimitettiin <em>Schutzhaft<\/em>iin (turvas\u00e4il\u00f6), mik\u00e4 oli vain kiertoilmaisu pid\u00e4tt\u00e4miselle ilman syytett\u00e4. Pid\u00e4tetyt teljettiin selleihin, muun muassa p\u00e4\u00e4majan kellariin. N\u00e4m\u00e4 kellaritilat ovat edelleen n\u00e4ht\u00e4viss\u00e4, sill\u00e4 ne s\u00e4ilyiv\u00e4t jopa p\u00e4\u00e4lle rakennetun Berliinin muurin alla maansis\u00e4ll\u00e4. Pid\u00e4tettyj\u00e4 kuulusteltiin, kidutettiin ja teloitettiin Gestapon vankiloissa ilman oikeudenk\u00e4yntej\u00e4.<\/p>\n<p style=\"text-align: center;\"><a href=\"\/blog\/wp-content\/uploads\/2010\/gestapon_pidattama_kommunisti_honecker.jpg\" target=\"_blank\" rel=\"noopener\"><img decoding=\"async\" style=\"border: 0px none; margin: 5px;\" src=\"\/blog\/wp-content\/uploads\/2010\/gestapon_pidattama_kommunisti_honecker.jpg\" alt=\"\" \/><\/a><\/p>\n<p style=\"text-align: center;\"><em>Gestapon kuulustelema kommunisti nimelt\u00e4 Erich Honecker<\/em><\/p>\n<p style=\"text-align: justify;\">Toisen maailmansodan aikana organisaation toiminta laajeni kaikkien niiden ihmisryhmien mets\u00e4st\u00e4miseksi, jotka natsi-Saksa katsoi vihollisikseen. Kaikki kiinni saadut juutalaiset, mustalaiset, slaavit ja homoseksuaalit passitettiin keskitysleireille tai teloitettiin vankiloissa. Gestapon perustaja oli natsijohtaja Hermann G\u00f6hring, joka toimi sodan aikana natsi-Saksan ilmavoimien, <em>Luftwaffen<\/em>, komentajana. G\u00f6hring saatiin sodan lopuksi kiinni ja tuomittiin N\u00fcrnbergiss\u00e4 kuolemaan. G\u00f6hring ehti kuitenkin tehd\u00e4 itsemurhan syanidikapselilla ennen tuomion t\u00e4yteenpanoa.<\/p>\n<p style=\"text-align: center;\"><a href=\"\/blog\/wp-content\/uploads\/2010\/koko_kopla.jpg\" target=\"_blank\" rel=\"noopener\"><img decoding=\"async\" style=\"border: 0px none; margin: 5px;\" src=\"\/blog\/wp-content\/uploads\/2010\/koko_kopla.jpg\" alt=\"\" \/><\/a><\/p>\n<p style=\"text-align: center;\"><em>Koko poppoo valtaanousun aikaan<\/em><\/p>\n<p style=\"text-align: center;\"><a href=\"\/blog\/wp-content\/uploads\/2010\/hitler_berliinissa.jpg\" target=\"_blank\" rel=\"noopener\"><img decoding=\"async\" style=\"border: 0px none; margin: 5px;\" src=\"\/blog\/wp-content\/uploads\/2010\/thumbs\/thumbs_hitler_berliinissa.jpg\" alt=\"\" \/><\/a><a href=\"\/blog\/wp-content\/uploads\/2010\/eri_mielta.jpg\" target=\"_blank\" rel=\"noopener\"><img decoding=\"async\" style=\"border: 0px none; margin: 5px;\" src=\"\/blog\/wp-content\/uploads\/2010\/thumbs\/thumbs_eri_mielta.jpg\" alt=\"\" \/><\/a><\/p>\n<p style=\"text-align: center;\"><em>30-luvulla oli vaarallista olla eri mielt\u00e4<\/em><\/p>\n<p style=\"text-align: center;\"><a href=\"\/blog\/wp-content\/uploads\/2010\/lustgarten_natsi-saksan_aikaan.jpg\" target=\"_blank\" rel=\"noopener\"><img decoding=\"async\" style=\"border: 0px none; margin: 5px;\" src=\"\/blog\/wp-content\/uploads\/2010\/thumbs\/thumbs_lustgarten_natsi-saksan_aikaan.jpg\" alt=\"\" \/><\/a><a href=\"\/blog\/wp-content\/uploads\/2010\/lustgarten_altes_museum.jpg\" target=\"_blank\" rel=\"noopener\"><img decoding=\"async\" style=\"border: 0px none; margin: 5px;\" src=\"\/blog\/wp-content\/uploads\/2010\/thumbs\/thumbs_lustgarten_altes_museum.jpg\" alt=\"\" \/><\/a><\/p>\n<p style=\"text-align: center;\"><em>Lustgarten 1930-luvulla ja kes\u00e4ll\u00e4 2010<\/em><\/p>\n<p style=\"text-align: justify;\">Gestapo on tunnetuin kymmenist\u00e4 poliisiorganisaatioista, jotka toimivat SS:n (<em>Schutzstaffel<\/em>) alaisuudessa. T\u00e4m\u00e4 aluksi Hitlerin henkivartiokaartiksi perustettu j\u00e4rjest\u00f6 laajentui hiljalleen valtavaksi puolisotilaalliseksi organisaatioksi, jota johti yksi Hitlerin l\u00e4himmist\u00e4 natsijohtajista, Heinrich Himmler. Himmlerin alaisuudessa kaikki Saksan poliisivoimat ajoivat natsien poliittisia tavoitteita ja tukivat Kolmannen Valtakunnan ja sen johtajien nousua. Himmler oli yksi &#8221;lopullisen ratkaisun&#8221; p\u00e4\u00e4arkkitehdeist\u00e4 ja h\u00e4nen alaisuudessaan SS-joukot sodan aikana toimeenpanivat joukkomurhan keskitysleireill\u00e4. Sodan loppupuolella Himmler petti Hitlerin ja yritti neuvotella ruotsalaisen kreivi Folke Bernadotten v\u00e4lityksell\u00e4 natsi-Saksan antautumisesta Yhdysvaltojen ja Britannian joukoille. N\u00e4m\u00e4 kuitenkin torjuivat ehdotuksen. Pian t\u00e4m\u00e4n j\u00e4lkeen Himmler j\u00e4i kiinni brittil\u00e4iselle partiolle, joka tunnisti valepukuisen natsi-johtajan. Pid\u00e4tettyn\u00e4 Himmler kuitenkin onnistui nielaisemaan syanidikapselin ja h\u00e4net haudattiin ilman merkint\u00f6j\u00e4 mets\u00e4\u00e4n L\u00fcneburgin kaupungin l\u00e4hettyville.<\/p>\n<p style=\"text-align: center;\"><a href=\"\/blog\/wp-content\/uploads\/2010\/time_lehden_kannet.jpg\" target=\"_blank\" rel=\"noopener\"><img decoding=\"async\" style=\"border: 0px none; margin: 5px;\" src=\"\/blog\/wp-content\/uploads\/2010\/time_lehden_kannet.jpg\" alt=\"\" \/><\/a><\/p>\n<p style=\"text-align: center;\"><em>Himmler ja Heydrich sodanaikaisissa etukansissa<\/em><\/p>\n<p style=\"text-align: justify;\">Museossa kaikki vaiheet on esitetty johdonmukaisesti ja perusteellisesti. Erityisesti natsien valtaannousun aikaiset tapahtumat ja Gestapon sek\u00e4 SS:n terrori tuona aikana on taustoitetty hyvin ja esitetty tarkasti. Tapahtumista lukiessa ei voi my\u00f6sk\u00e4\u00e4n v\u00e4ltty\u00e4 ajattelematta nykyist\u00e4 maailmantilaa, jossa tietyt l\u00e4nsivaltiot perustelevat kaikkia toimiaan sek\u00e4 kansalaisten vapauksien kaventamista osana sis\u00e4isen turvallisuuden parantamista. Menneisyydest\u00e4 on siis edelleen syyt\u00e4 ottaa oppia varmistaakseen etteiv\u00e4t samaiset tapahtumat toistu koskaan. Olikin hienoa n\u00e4hd\u00e4 monia koululaisryhmi\u00e4 kierroksella museossa. Arviolta yl\u00e4asteen kynnyksell\u00e4 olevat nuoret kuuntelivat kiinnostuksella kertomuksia tapahtuneesta ja esittiv\u00e4t kysymyksi\u00e4. Saksalaiset nuoret eiv\u00e4t todellakaan ole pimennossa tapahtuneesta ja asiaa selv\u00e4sti k\u00e4sitell\u00e4\u00e4n kouluissa, mik\u00e4 on hieno juttu. Kansallinen viisaus kun kumpuaan omasta historiastaan oppimalla.<\/p>\n<p style=\"text-align: center;\"><a href=\"\/blog\/wp-content\/uploads\/2010\/oikeudenkaynnin_tulokset.jpg\" target=\"_blank\" rel=\"noopener\"><img decoding=\"async\" style=\"border: 0px none; margin: 5px;\" src=\"\/blog\/wp-content\/uploads\/2010\/thumbs\/thumbs_oikeudenkaynnin_tulokset.jpg\" alt=\"\" \/><\/a><\/p>\n<p style=\"text-align: center;\"><em>Natsi-johtajien loppu N\u00fcrnbergin oikeudenk\u00e4ynniss\u00e4<\/em><\/p>\n<p style=\"text-align: center;\"><a href=\"\/blog\/wp-content\/uploads\/2010\/raunioitunut_berliini.jpg\" target=\"_blank\" rel=\"noopener\"><img decoding=\"async\" style=\"border: 0px none; margin: 5px;\" src=\"\/blog\/wp-content\/uploads\/2010\/raunioitunut_berliini.jpg\" alt=\"\" \/><\/a><\/p>\n<p style=\"text-align: center;\"><em>Raunioitunut Berliini (ympyr\u00f6ityn\u00e4 pahamainen p\u00e4\u00e4maja)<\/em><\/p>\n<p style=\"text-align: justify;\">Lauantai oli kaunis pakkasp\u00e4iv\u00e4, joten museon j\u00e4lkeen palasimme Rotes Rathausin markkinoille, jossa s\u00f6imme joulumarkkinaherkkuja lounaaksi. Illalla k\u00e4vimme vieraiden toiveesta j\u00e4lleen tuossa l\u00e4heisess\u00e4 intialaisessa ravintolassa, sek\u00e4 kiersimme appivanhempienkin kanssa <em>Alexan<\/em> tivolilla. Lauantai ja my\u00f6h\u00e4isilta tarkoittivat ett\u00e4 tivolialueella oli hirvitt\u00e4v\u00e4 tungos. Silti tivolin tuhansia v\u00e4rej\u00e4 ja valoja oli upea ihastella pime\u00e4ll\u00e4. Valokuvaaminen oli tungoksen keskell\u00e4 kuitenkin hieman hankalampaa.<\/p>\n<p style=\"text-align: center;\"><a href=\"\/blog\/wp-content\/uploads\/2010\/joulupukki_segwaylla.jpg\" target=\"_blank\" rel=\"noopener\"><img decoding=\"async\" style=\"border: 0px none; margin: 5px;\" src=\"\/blog\/wp-content\/uploads\/2010\/thumbs\/thumbs_joulupukki_segwaylla.jpg\" alt=\"\" \/><\/a><\/p>\n<p style=\"text-align: center;\"><em>Segway-pukki<\/em><\/p>\n<p style=\"text-align: center;\"><a href=\"\/blog\/wp-content\/uploads\/2010\/tavarapaljoutta_tivolilla.jpg\" target=\"_blank\" rel=\"noopener\"><img decoding=\"async\" style=\"border: 0px none; margin: 5px;\" src=\"\/blog\/wp-content\/uploads\/2010\/tavarapaljoutta_tivolilla.jpg\" alt=\"\" \/><\/a><\/p>\n<p style=\"text-align: center;\"><em>Tivolin tavarar\u00f6ykki\u00f6it\u00e4<\/em><\/p>\n<p style=\"text-align: center;\"><a href=\"\/blog\/wp-content\/uploads\/2010\/karuselli_korkeuksissa.jpg\" target=\"_blank\" rel=\"noopener\"><img decoding=\"async\" style=\"border: 0px none; margin: 5px;\" src=\"\/blog\/wp-content\/uploads\/2010\/thumbs\/thumbs_karuselli_korkeuksissa.jpg\" alt=\"\" \/><\/a><a href=\"\/blog\/wp-content\/uploads\/2010\/hurja_kieputin.jpg\" target=\"_blank\" rel=\"noopener\"><img decoding=\"async\" style=\"border: 0px none; margin: 5px;\" src=\"\/blog\/wp-content\/uploads\/2010\/thumbs\/thumbs_hurja_kieputin.jpg\" alt=\"\" \/><\/a><\/p>\n<p style=\"text-align: center;\"><em>Laitteita tivolilla<\/em><\/p>\n<p style=\"text-align: justify;\">Sunnuntaina suuntasimme puolilta p\u00e4ivin Prenzlauer Bergiin, jossa j\u00e4rjestet\u00e4\u00e4n <em>Kulturbrauerain <\/em>(kulttuuripanimo) alueella pienet joulumarkkinat. Erikoisuutena ovat lukuiset pohjoismaalaiset kauppiaat, joita oli t\u00e4ll\u00e4kin kertaa paikalla lukuisia. Suomalaisia kauppiaita oli nelj\u00e4 ja myynniss\u00e4 oli niin suomalaista gl\u00f6gi\u00e4 (joka tekikin kauppansa saksalaisten keskuudessa), suomalaista hunajaa kuin puukkojakin. Harmillisesti markkinat avautuivat vasta kello 13, joten jouduimme kuluttamaan tunnin l\u00e4heisess\u00e4 ravintolassa kevyesti lounastaen. Ihmettelimme my\u00f6s hetken aikaa markkinoilla tarjolla ollutta &#8221;palvelua&#8221;, jossa halukkaat pystyiv\u00e4t l\u00e4mmittelem\u00e4\u00e4n paksujen mantteleiden sis\u00e4ll\u00e4, kuuman vesipatterin p\u00e4\u00e4ll\u00e4 istuen. Kaikkea ne saksalaiset keksiv\u00e4tk\u00e4\u00e4n.<\/p>\n<p style=\"text-align: center;\"><a href=\"\/blog\/wp-content\/uploads\/2010\/lampomantteli.jpg\" target=\"_blank\" rel=\"noopener\"><img decoding=\"async\" style=\"border: 0px none; margin: 5px;\" src=\"\/blog\/wp-content\/uploads\/2010\/lampomantteli.jpg\" alt=\"\" \/><\/a><\/p>\n<p style=\"text-align: center;\"><em>Saksalainen keksint\u00f6 l\u00e4mmittelyyn<\/em><\/p>\n<p style=\"text-align: center;\"><a href=\"\/blog\/wp-content\/uploads\/2010\/suomalaista_glogia.jpg\" target=\"_blank\" rel=\"noopener\"><img decoding=\"async\" style=\"border: 0px none; margin: 5px;\" src=\"\/blog\/wp-content\/uploads\/2010\/suomalaista_glogia.jpg\" alt=\"\" \/><\/a><\/p>\n<p style=\"text-align: center;\"><em>Suomalainen keksint\u00f6 l\u00e4mmittelyyn<\/em><\/p>\n<p style=\"text-align: justify;\">Iltap\u00e4iv\u00e4ksi olimme varanneet liput <em>Friedrichstadtpalastissa<\/em> esitett\u00e4v\u00e4\u00e4n <em>Yma<\/em> nimiseen showhun. Kyseess\u00e4 on musiikkia, tanssia, laulua, sek\u00e4 loistavaa akrobatiaa yhdist\u00e4v\u00e4 n\u00e4ytt\u00e4v\u00e4 show kauniin naisen (Yma) el\u00e4m\u00e4st\u00e4. Show alkoi py\u00f6ri\u00e4 syyskuun alussa ja se korvasi yli kaksi vuotta samaisessa teatterissa py\u00f6rineen menestys-shown nimelt\u00e4 <em>Qi<\/em>. Qi oli todella loistava sadunomainen show ja k\u00e4vimmekin katsomassa sen per\u00e4ti kahdesti. Yma on tyylilt\u00e4\u00e4n aivan erilainen &#8211; moderni ja seksik\u00e4s &#8211; mutta hy\u00f6dynt\u00e4\u00e4 silti loistavasti teatterin modernia tekniikkaa sek\u00e4 maailman suurimmaksi tituleerattavaa esiintymislavaa. Tanssit ovatkin n\u00e4ytt\u00e4vi\u00e4 upealla puvustuksella ja laulu hyv\u00e4\u00e4.<\/p>\n<p style=\"text-align: center;\"><a href=\"\/blog\/wp-content\/uploads\/2010\/yman_valiajalla1.jpg\" target=\"_blank\" rel=\"noopener\"><img decoding=\"async\" style=\"border: 0px none; margin: 5px;\" src=\"\/blog\/wp-content\/uploads\/2010\/thumbs\/thumbs_yman_valiajalla1.jpg\" alt=\"\" \/><\/a><a href=\"\/blog\/wp-content\/uploads\/2010\/yman_valiajalla2.jpg\" target=\"_blank\" rel=\"noopener\"><img decoding=\"async\" style=\"border: 0px none; margin: 5px;\" src=\"\/blog\/wp-content\/uploads\/2010\/thumbs\/thumbs_yman_valiajalla2.jpg\" alt=\"\" \/><\/a><\/p>\n<p style=\"text-align: center;\"><em>Friedrichstadtpalastin sis\u00e4ll\u00e4<\/em><\/p>\n<p style=\"text-align: justify;\">Mainittakoon heti aluksi hienosti toteutetut <a href=\"http:\/\/youtu.be\/7kfW2KjNocU\">kolmiulotteiset kasvot<\/a>, jotka viihdyttiv\u00e4t yleis\u00f6\u00e4 v\u00e4liaikoina teatterisalin katonrajassa. Kasvojen muotoiselle valkoiselle taustalle heijastettu videokuva n\u00e4ytti melkein kuin aidolta hymyilless\u00e4\u00e4n ja vinkatessaan silm\u00e4\u00e4 yleis\u00f6lle! Esityksen aluksi esitetyt laulut eiv\u00e4t aluksi aivan miellytt\u00e4nyt korvaa. Tunnettujen pop-hittien tulkinta kun tuntui hieman oudolta ensi kertaa kuulleessa. Kuitenkin kun noin puoliv\u00e4liss\u00e4 esityksen p\u00e4\u00e4laulaja lauloi yksin Kate Winsletin <em>&#8221;What If&#8221;<\/em> -kappaleen, olin ainakin min\u00e4 t\u00e4ysin vakuuttunut t\u00e4m\u00e4n laulutaidosta. Sivuston mukaan p\u00e4\u00e4laulaja Andreas Renee Swobodan \u00e4\u00e4ni ylt\u00e4\u00e4 jonkinlaisen kolmiaskelisen C:n (<em>dreigestrichenen C<\/em>) korkeudelle, mik\u00e4 olikin henke\u00e4 salpaavaa kuulla.<\/p>\n<p style=\"text-align: center;\"><a href=\"\/blog\/wp-content\/uploads\/2010\/3d-kasvot.jpg\" target=\"_blank\" rel=\"noopener\"><img decoding=\"async\" style=\"border: 0px none; margin: 5px;\" src=\"\/blog\/wp-content\/uploads\/2010\/3d-kasvot.jpg\" alt=\"\" \/><\/a><\/p>\n<p style=\"text-align: center;\"><em>H\u00e4mm\u00e4stytt\u00e4v\u00e4t 3D-kasvot<\/em><\/p>\n<p style=\"text-align: justify;\">Esitys oli kaikin puolin n\u00e4ytt\u00e4v\u00e4 ja loistokas, ja se tarjosi huikeita esityksi\u00e4. Yksi huikeimmista oli akrobaattipariskunta, jonka mies jaksoi hampaillaan (kyll\u00e4!) pidell\u00e4 molempia noin 15 metrin korkeudessa k\u00f6yden varassa. T\u00e4m\u00e4n j\u00e4lkeen mies puolestaan roikkui naisen oikeasta jalasta, samalla kuin naisen toinen jalka oli kiinnitetty k\u00f6yteen. Molempien paino siis kulki halki naisen 180-asteen kulmassa olleiden jalkojen l\u00e4pi, mit\u00e4 teki oikein pahaa katsella. Kaikki n\u00e4hty tapahtui viel\u00e4p\u00e4 ilman turvak\u00f6ysi\u00e4, joten kyseess\u00e4 oli melkoisen huikea suoritus!<\/p>\n<p style=\"text-align: justify;\">Vaikka Yma ei olekaan aivan Qi:n veroinen, voi sit\u00e4 silti l\u00e4mpim\u00e4sti suositella. Vieraamme pitiv\u00e4t siit\u00e4 todella paljon, samoin kuin mekin. Shown aikana oli j\u00e4lleen kielletty\u00e4 kuvata, joten kuvani ovat vain aivan lopusta aploodien ajalta.<\/p>\n<p style=\"text-align: center;\"><a href=\"\/blog\/wp-content\/uploads\/2010\/yman_esiintyjia.jpg\" target=\"_blank\" rel=\"noopener\"><img decoding=\"async\" style=\"border: 0px none; margin: 5px;\" src=\"\/blog\/wp-content\/uploads\/2010\/thumbs\/thumbs_yman_esiintyjia.jpg\" alt=\"\" \/><\/a><a href=\"\/blog\/wp-content\/uploads\/2010\/yman_esiintyjat.jpg\" target=\"_blank\" rel=\"noopener\"><img decoding=\"async\" style=\"border: 0px none; margin: 5px;\" src=\"\/blog\/wp-content\/uploads\/2010\/thumbs\/thumbs_yman_esiintyjat.jpg\" alt=\"\" \/><\/a><a href=\"\/blog\/wp-content\/uploads\/2010\/valokeilat.jpg\" target=\"_blank\" rel=\"noopener\"><img decoding=\"async\" style=\"border: 0px none; margin: 5px;\" src=\"\/blog\/wp-content\/uploads\/2010\/thumbs\/thumbs_valokeilat.jpg\" alt=\"\" \/><\/a><\/p>\n<p style=\"text-align: center;\"><em>Aplodimyrsky Yman esiintyjille<\/em><\/p>\n<p style=\"text-align: justify;\">Loppuilta menikin ulkona tuiskuavalta lumisateelta turvassa l\u00e4heisess\u00e4 pihviravintolassa, sek\u00e4 my\u00f6hemmin asunnollamme. Maanantai oli puolestaan Suomen itsen\u00e4isyysp\u00e4iv\u00e4, joka ei valitettavasti tarkoittanut mit\u00e4\u00e4n Saksassa. Tai no ty\u00f6ss\u00e4 oli rauhallista, kun kolleegat Suomessa olivat vapaalla. Meid\u00e4n pakertaessa normaalisti t\u00f6iss\u00e4, lensiv\u00e4t vieraamme iltap\u00e4iv\u00e4st\u00e4 takaisin Suomeen. Illalla unohdimme katsoa linnan juhlat, vaikka ne olisikin ollut mahdollista n\u00e4hd\u00e4 suorana <em>Yle Areenan<\/em> kautta. Sen verran kuitenkin juhlistimme itsen\u00e4isyysp\u00e4iv\u00e4\u00e4, ett\u00e4 k\u00e4vimme lounaalla suomalaisporukan voimin&#8230;ranskalaisessa ravintolassa.<\/p>\n<p style=\"text-align: center;\"><a href=\"\/blog\/wp-content\/uploads\/2010\/12_euron_kukka-asetelma.jpg\" target=\"_blank\" rel=\"noopener\"><img decoding=\"async\" style=\"border: 0px none; margin: 5px;\" src=\"\/blog\/wp-content\/uploads\/2010\/12_euron_kukka-asetelma.jpg\" alt=\"\" \/><\/a><\/p>\n<p style=\"text-align: center;\"><em>Vieraiden ostama kukka-asetelma &#8211; hinta: 12\u20ac!<\/em><\/p>\n<p style=\"text-align: justify;\">Niin meniv\u00e4t molemmat per\u00e4kk\u00e4iset vierailut mukavasti. Niiden my\u00f6t\u00e4 saimme Niinan kanssakin j\u00e4lleen kunnon annoksen <a title=\"Opas Berliinin joulumarkkinoille\" href=\"https:\/\/www.vuosiamaailmalla.fi\/?p=1385\">joulumarkkinoita<\/a>, sill\u00e4 kahdestaan tulee harvemmin l\u00e4hdetty\u00e4 niit\u00e4 ihmettelem\u00e4\u00e4n, ainakaan toiselle puolen kaupunkia. Menneen\u00e4 viikonloppuna kelikin oli sen verran kehno, ett\u00e4 se rajasi j\u00e4\u00e4m\u00e4\u00e4n kotiin sen sijaan, ett\u00e4 olisi tullut l\u00e4hdetty\u00e4 kaupungille. Ehk\u00e4 sit\u00e4 tulee viel\u00e4 l\u00e4hdetty\u00e4 tulevana viikonloppuna, joka onkin viimeinen Saksassa ennen joulua Suomessa. Sit\u00e4 ennen tulee varmasti kuitenkin kirjoitettua viel\u00e4 muutamasta aiheesta ja ovatpa sit\u00e4 <a title=\"Pikkujoulut legendaarisella Caf\u00e9 Moskaulla\" href=\"https:\/\/www.vuosiamaailmalla.fi\/?p=1332\">firman pikkujoulutkin<\/a> t\u00e4m\u00e4n viikon perjantaina&#8230;<\/p>\n","protected":false},"excerpt":{"rendered":"<p>Kun edellinen viikonloppu oli mennyt \u00e4itini kanssa Berliinin joulumarkkinoita kierrelless\u00e4, oli heti seuraavana viikonloppuna ohjelmassa hieman samanlainen kierros. Niinan vanhemmat saapuivat Finnairin lentoem\u00e4ntien lakosta huolimatta perille suunnitellusti perjantai-iltap\u00e4iv\u00e4ll\u00e4. Hieman ongelmia lakko silti aiheutti, sill\u00e4 heid\u00e4n piti lent\u00e4\u00e4 Joensuun sijaan Savonlinnasta perille p\u00e4\u00e4st\u00e4kseen. Perille he p\u00e4\u00e4siv\u00e4t silti hyvin ja heti perjantai-illasta katsastimme jo Rotes Rathausin joulumarkkinat. &hellip; <a href=\"https:\/\/www.vuosiamaailmalla.fi\/blog\/2010\/jouluinen-vierailu-gestapo-ja-ss-museoilla-seka-loistokas-show\/\" class=\"more-link\">Jatka lukemista<span class=\"screen-reader-text\"> &#8221;Jouluinen vierailu Gestapo-museolla&#8221;<\/span><\/a><\/p>\n","protected":false},"author":1,"featured_media":11802,"comment_status":"open","ping_status":"open","sticky":false,"template":"","format":"standard","meta":{"_jetpack_memberships_contains_paid_content":false,"footnotes":""},"categories":[18,3],"tags":[21,354,34,49,421,56,60,378,375,139,264,274,379,377,190,376,373,374],"class_list":["post-1110","post","type-post","status-publish","format-standard","has-post-thumbnail","hentry","category-arki-saksassa","category-arki-ulkomailla","tag-2-maailmansota","tag-alexa","tag-arki","tag-berliini","tag-berliinin-joulumarkkinat","tag-berlin-mitte","tag-berlin-prenzlauer-berg","tag-friedrichstadtpalast","tag-gestapo","tag-historiaa-2","tag-joulu","tag-joulumarkkinat","tag-kulturbrauerai","tag-natsit","tag-saksa","tag-ss","tag-topographie-des-terrors","tag-yma"],"jetpack_featured_media_url":"https:\/\/www.vuosiamaailmalla.fi\/blog\/wp-content\/uploads\/yman_esiintyjat_banner.jpg","jetpack_sharing_enabled":true,"_links":{"self":[{"href":"https:\/\/www.vuosiamaailmalla.fi\/blog\/wp-json\/wp\/v2\/posts\/1110","targetHints":{"allow":["GET"]}}],"collection":[{"href":"https:\/\/www.vuosiamaailmalla.fi\/blog\/wp-json\/wp\/v2\/posts"}],"about":[{"href":"https:\/\/www.vuosiamaailmalla.fi\/blog\/wp-json\/wp\/v2\/types\/post"}],"author":[{"embeddable":true,"href":"https:\/\/www.vuosiamaailmalla.fi\/blog\/wp-json\/wp\/v2\/users\/1"}],"replies":[{"embeddable":true,"href":"https:\/\/www.vuosiamaailmalla.fi\/blog\/wp-json\/wp\/v2\/comments?post=1110"}],"version-history":[{"count":4,"href":"https:\/\/www.vuosiamaailmalla.fi\/blog\/wp-json\/wp\/v2\/posts\/1110\/revisions"}],"predecessor-version":[{"id":13288,"href":"https:\/\/www.vuosiamaailmalla.fi\/blog\/wp-json\/wp\/v2\/posts\/1110\/revisions\/13288"}],"wp:featuredmedia":[{"embeddable":true,"href":"https:\/\/www.vuosiamaailmalla.fi\/blog\/wp-json\/wp\/v2\/media\/11802"}],"wp:attachment":[{"href":"https:\/\/www.vuosiamaailmalla.fi\/blog\/wp-json\/wp\/v2\/media?parent=1110"}],"wp:term":[{"taxonomy":"category","embeddable":true,"href":"https:\/\/www.vuosiamaailmalla.fi\/blog\/wp-json\/wp\/v2\/categories?post=1110"},{"taxonomy":"post_tag","embeddable":true,"href":"https:\/\/www.vuosiamaailmalla.fi\/blog\/wp-json\/wp\/v2\/tags?post=1110"}],"curies":[{"name":"wp","href":"https:\/\/api.w.org\/{rel}","templated":true}]}}