{"id":11107,"date":"2010-11-15T14:46:38","date_gmt":"2010-11-15T22:46:38","guid":{"rendered":"http:\/\/www.vuosiamaailmalla.fi\/blog\/?p=11107"},"modified":"2021-03-27T16:47:34","modified_gmt":"2021-03-27T23:47:34","slug":"kirsikankukkia-japanissa-ja-etela-koreassa","status":"publish","type":"post","link":"https:\/\/www.vuosiamaailmalla.fi\/blog\/2010\/kirsikankukkia-japanissa-ja-etela-koreassa\/","title":{"rendered":"Kirsikankukkia Japanissa ja Etel\u00e4-Koreassa"},"content":{"rendered":"<p style=\"text-align: justify;\">Kev\u00e4\u00e4ll\u00e4 2010 kirsikankukkasesongin aikaan tekem\u00e4mme kolmen viikon lomamatka <a href=\"https:\/\/www.vuosiamaailmalla.fi\/blog\/tag\/matkakertomus-japani\">Japaniin<\/a> ja <a href=\"https:\/\/www.vuosiamaailmalla.fi\/blog\/tag\/matkakertomus-korea\/\">Etel\u00e4-Koreaan<\/a> tutustutti meid\u00e4t kahteen l\u00e4nsimaisesta erottuvaan kulttuuriin, joissa yhdistyv\u00e4t sek\u00e4 perinteinen ett\u00e4 ultramoderni. Kiehtovia maisemia ja erikoisia sattumuksia t\u00e4lt\u00e4 matkalta on luettavissa t\u00e4ss\u00e4 14-osaisessa matkakertomuksessa!<\/p>\n<p><!--more--><\/p>\n<p><iframe loading=\"lazy\" style=\"border: 0;\" tabindex=\"0\" src=\"https:\/\/www.google.com\/maps\/embed?pb=!1m28!1m12!1m3!1d6729056.982669029!2d130.59699269457974!3d34.561850256081016!2m3!1f0!2f0!3f0!3m2!1i1024!2i768!4f13.1!4m13!3e3!4m5!1s0x60188b857628235d%3A0xcdd8aef709a2b520!2sTokyo%2C%20Japan!3m2!1d35.680399699999995!2d139.7690174!4m5!1s0x3541eda1e9848429%3A0xf60a729936398783!2sFukuoka%2C%20Japan!3m2!1d33.5901838!2d130.4016888!5e0!3m2!1sen!2sus!4v1609281702173!5m2!1sen!2sus\" width=\"600\" height=\"450\" frameborder=\"0\" allowfullscreen=\"allowfullscreen\" aria-hidden=\"false\"><\/iframe><\/p>\n<p><iframe loading=\"lazy\" style=\"border: 0;\" tabindex=\"0\" src=\"https:\/\/www.google.com\/maps\/embed?pb=!1m28!1m12!1m3!1d1645540.3463077105!2d126.89069047635165!3d36.3378588324907!2m3!1f0!2f0!3f0!3m2!1i1024!2i768!4f13.1!4m13!3e6!4m5!1s0x3568eb6de823cd35%3A0x35d8cb74247108a7!2sBusan%2C%20South%20Korea!3m2!1d35.1795543!2d129.07564159999998!4m5!1s0x357ca28b61c565cd%3A0x858aedb4e4ea83eb!2sSeoul%2C%20South%20Korea!3m2!1d37.566535!2d126.97796919999999!5e0!3m2!1sen!2sus!4v1609281788300!5m2!1sen!2sus\" width=\"600\" height=\"450\" frameborder=\"0\" allowfullscreen=\"allowfullscreen\" aria-hidden=\"false\"><\/iframe><\/p>\n<hr \/>\n<p>Osa 1: <strong><a title=\"Nousevan auringon Tokio\" href=\"http:\/\/www.vuosiamaailmalla.fi\/blog\/2010\/nousevan-auringon-tokio\/\">Nousevan auringon Tokio<\/a><\/strong><\/p>\n<p><a title=\"Nousevan auringon Tokio\" href=\"http:\/\/www.vuosiamaailmalla.fi\/blog\/2010\/nousevan-auringon-tokio\/\"><img decoding=\"async\" src=\"\/blog\/wp-content\/uploads\/tokio_panoraama_banner-1.jpg\" \/><\/a><\/p>\n<p>Osa 2: <a title=\"Tungosta kirsikankukkapiknikill\u00e4\" href=\"https:\/\/www.vuosiamaailmalla.fi\/blog\/2010\/tungosta-kirsikankukkapiknikilla\/\"><strong>Tungosta kirsikankukkapiknikill\u00e4<\/strong><\/a><\/p>\n<p><a title=\"Tungosta kirsikankukkapiknikill\u00e4\" href=\"https:\/\/www.vuosiamaailmalla.fi\/blog\/2010\/tungosta-kirsikankukkapiknikilla\/\"><img decoding=\"async\" src=\"\/blog\/wp-content\/uploads\/ruuhkaa_asakusassa_banner.jpg\" \/><\/a><\/p>\n<p>Osa 3: <a title=\"Robotteja ja maailman parasta sushia\" href=\"https:\/\/www.vuosiamaailmalla.fi\/blog\/2010\/robotteja-ja-maailman-parasta-sushia\/\"><strong>Robotteja ja maailman parasta sushia<\/strong><\/a><\/p>\n<p><a title=\"Robotteja ja maailman parasta sushia\" href=\"https:\/\/www.vuosiamaailmalla.fi\/blog\/2010\/robotteja-ja-maailman-parasta-sushia\/\"><img decoding=\"async\" src=\"\/blog\/wp-content\/uploads\/asimo_banner.jpg\" \/><\/a><\/p>\n<p>Osa 4: <a title=\"Ihmisvilin\u00e4\u00e4 ja rakkaushotelleja Shibuyassa\" href=\"https:\/\/www.vuosiamaailmalla.fi\/blog\/2010\/ihmisvilinaa-ja-rakkaushotelleja-shibuyassa\/\"><strong>Ihmisvilin\u00e4\u00e4 ja rakkaushotelleja Shibuyassa<\/strong><\/a><\/p>\n<p><a title=\"Ihmisvilin\u00e4\u00e4 ja rakkaushotelleja Shibuyassa\" href=\"http:\/\/www.vuosiamaailmalla.fi\/blog\/2010\/rakkaushotelleja-suunnatonta-ruuhkaa-seka-yokohama\/\"><img decoding=\"async\" src=\"\/blog\/wp-content\/uploads\/maailman_vilkkain_risteys_banner.jpg\" \/><\/a><\/p>\n<p>Osa 5: <a title=\"Aurinkoisella p\u00e4iv\u00e4retkell\u00e4 Yokohamassa\" href=\"https:\/\/www.vuosiamaailmalla.fi\/blog\/2010\/kauniilla-paivaretkella-yokohamassa\/\"><strong>Aurinkoisella p\u00e4iv\u00e4retkell\u00e4 Yokohamassa<\/strong><\/a><\/p>\n<p><a title=\"Aurinkoisella p\u00e4iv\u00e4retkell\u00e4 Yokohamassa\" href=\"http:\/\/www.vuosiamaailmalla.fi\/blog\/2010\/rakkaushotelleja-suunnatonta-ruuhkaa-seka-yokohama\/\"><img decoding=\"async\" src=\"\/blog\/wp-content\/uploads\/kaunis_paiva_yokohamassa_banner.jpg\" \/><\/a><\/p>\n<p>Osa 6: <a title=\"Kaksi p\u00e4iv\u00e4\u00e4 Osakan py\u00f6rteiss\u00e4\" href=\"http:\/\/www.vuosiamaailmalla.fi\/blog\/2010\/kaksi-paivaa-osakan-pyorteissa\/\"><strong>Kaksi p\u00e4iv\u00e4\u00e4 Osakan py\u00f6rteiss\u00e4<\/strong><\/a><\/p>\n<p><a title=\"Kaksi p\u00e4iv\u00e4\u00e4 Osakan py\u00f6rteiss\u00e4\" href=\"http:\/\/www.vuosiamaailmalla.fi\/blog\/2010\/kaksi-paivaa-osakan-pyorteissa\/\"><img decoding=\"async\" src=\"\/blog\/wp-content\/uploads\/osaka_castle_banner-1.jpg\" \/><\/a><\/p>\n<p>Osa 7: <a title=\"Kahden tuhannen temppelin Kioto\" href=\"http:\/\/www.vuosiamaailmalla.fi\/blog\/2010\/kahden-tuhannen-temppelin-kioto\/\"><strong>Kahden tuhannen temppelin Kioto<\/strong><\/a><\/p>\n<p><a title=\"Kahden tuhannen temppelin Kioto\" href=\"http:\/\/www.vuosiamaailmalla.fi\/blog\/2010\/kahden-tuhannen-temppelin-kioto\/\"><img decoding=\"async\" src=\"\/blog\/wp-content\/uploads\/teehetki_banner-1.jpg\" \/><\/a><\/p>\n<p>Osa 8: <a title=\"Apinavuori ja 1200 pyh\u00e4\u00e4 kaurista\" href=\"http:\/\/www.vuosiamaailmalla.fi\/blog\/2010\/apinavuori-ja-1200-pyhaa-kaurista\/\"><strong>Apinavuori ja 1200 pyh\u00e4\u00e4 kaurista<\/strong><\/a><\/p>\n<p><a title=\"Apinavuori ja 1200 pyh\u00e4\u00e4 kaurista\" href=\"http:\/\/www.vuosiamaailmalla.fi\/blog\/2010\/apinavuori-ja-1200-pyhaa-kaurista\/\"><img decoding=\"async\" src=\"\/blog\/wp-content\/uploads\/apinan_ruokinta_banner.jpg\" \/><\/a><\/p>\n<p>Osa 9: <a title=\"140 euron pihvi sek\u00e4 maailman pisin riippusilta\" href=\"http:\/\/www.vuosiamaailmalla.fi\/blog\/2010\/140-euron-pihvi-seka-maailman-pisin-riippusilta\/\"><strong>140 euron pihvi sek\u00e4 maailman pisin riippusilta<\/strong><\/a><\/p>\n<p><a title=\"140 euron pihvi sek\u00e4 maailman pisin riippusilta\" href=\"http:\/\/www.vuosiamaailmalla.fi\/blog\/2010\/140-euron-pihvi-seka-maailman-pisin-riippusilta\/\"><img decoding=\"async\" src=\"\/blog\/wp-content\/uploads\/koysirata_mount_rokkolle_banner-1.jpg\" \/><\/a><\/p>\n<p>Osa 10: <strong><a title=\"Valkea linna Himejiss\u00e4, koskettava Hiroshima sek\u00e4 Japanin p\u00e4\u00e4tepisteemme Fukuoka\" href=\"http:\/\/www.vuosiamaailmalla.fi\/blog\/2010\/valkea-linna-himejissa-koskettava-hiroshima-seka-japanin-paatepisteemme-fukuoka\/\">Valkea linna Himejiss\u00e4, koskettava Hiroshima sek\u00e4 Japanin p\u00e4\u00e4tepisteemme Fukuoka<\/a><\/strong><\/p>\n<p><a title=\"Valkea linna Himejiss\u00e4, koskettava Hiroshima sek\u00e4 Japanin p\u00e4\u00e4tepisteemme Fukuoka\" href=\"http:\/\/www.vuosiamaailmalla.fi\/blog\/2010\/valkea-linna-himejissa-koskettava-hiroshima-seka-japanin-paatepisteemme-fukuoka\/\"><img decoding=\"async\" src=\"\/blog\/wp-content\/uploads\/himeji_castle_sadesaalla_banner-1.jpg\" \/><\/a><\/p>\n<p>Osa 11: <a title=\"Lautalla yli Koreansalmen Busaniin\" href=\"http:\/\/www.vuosiamaailmalla.fi\/blog\/2010\/lautalla-yli-koreansalmen-busaniin\/\"><strong>Lautalla yli Koreansalmen Busaniin<\/strong><\/a><\/p>\n<p><a title=\"Lautalla yli Koreansalmen Busaniin\" href=\"http:\/\/www.vuosiamaailmalla.fi\/blog\/2010\/lautalla-yli-koreansalmen-busaniin\/\"><img decoding=\"async\" src=\"\/blog\/wp-content\/uploads\/gwangan_bridge_silta_banner-1.jpg\" \/><\/a><\/p>\n<p>Osa 12: <a title=\"Ensip\u00e4iv\u00e4t j\u00e4ttikaupunki Soulissa\" href=\"http:\/\/www.vuosiamaailmalla.fi\/blog\/2010\/ensipaivat-jattikaupunki-soulissa\/\"><strong>Ensip\u00e4iv\u00e4t j\u00e4ttikaupunki Soulissa<\/strong><\/a><\/p>\n<p><a title=\"Ensip\u00e4iv\u00e4t j\u00e4ttikaupunki Soulissa\" href=\"http:\/\/www.vuosiamaailmalla.fi\/blog\/2010\/ensipaivat-jattikaupunki-soulissa\/\"><img decoding=\"async\" src=\"\/blog\/wp-content\/uploads\/etelaista_soulia_banner-1.jpg\" \/><\/a><\/p>\n<p>Osa 13: <a title=\"Retki kylm\u00e4n sodan viimeiselle rajalle\" href=\"http:\/\/www.vuosiamaailmalla.fi\/blog\/2010\/retki-kylman-sodan-viimeiselle-rajalle\/\"><strong>Retki kylm\u00e4n sodan viimeiselle rajalle<\/strong><\/a><\/p>\n<p><a title=\"Retki kylm\u00e4n sodan viimeiselle rajalle\" href=\"http:\/\/www.vuosiamaailmalla.fi\/blog\/2010\/retki-kylman-sodan-viimeiselle-rajalle\/\"><img decoding=\"async\" src=\"\/blog\/wp-content\/uploads\/dmz_banner.jpg\" \/><\/a><\/p>\n<p>Osa 14: <a title=\"Soulin viimeiset p\u00e4iv\u00e4t sek\u00e4 mietteit\u00e4 matkasta\" href=\"http:\/\/www.vuosiamaailmalla.fi\/blog\/2010\/soulin-viimeiset-paivat-seka-mietteita-matkasta\/\"><strong>Soulin viimeiset p\u00e4iv\u00e4t sek\u00e4 mietteit\u00e4 matkasta<\/strong><\/a><\/p>\n<p><a title=\"Soulin viimeiset p\u00e4iv\u00e4t sek\u00e4 mietteit\u00e4 matkasta\" href=\"http:\/\/www.vuosiamaailmalla.fi\/blog\/2010\/soulin-viimeiset-paivat-seka-mietteita-matkasta\/\"><img decoding=\"async\" src=\"\/blog\/wp-content\/uploads\/korealaiset_haat_banner-1.jpg\" \/><\/a><\/p>\n","protected":false},"excerpt":{"rendered":"<p>Kev\u00e4\u00e4ll\u00e4 2010 kirsikankukkasesongin aikaan tekem\u00e4mme kolmen viikon lomamatka Japaniin ja Etel\u00e4-Koreaan tutustutti meid\u00e4t kahteen l\u00e4nsimaisesta erottuvaan kulttuuriin, joissa yhdistyv\u00e4t sek\u00e4 perinteinen ett\u00e4 ultramoderni. Kiehtovia maisemia ja erikoisia sattumuksia t\u00e4lt\u00e4 matkalta on luettavissa t\u00e4ss\u00e4 14-osaisessa matkakertomuksessa!<\/p>\n","protected":false},"author":1,"featured_media":12133,"comment_status":"open","ping_status":"open","sticky":false,"template":"","format":"standard","meta":{"_jetpack_memberships_contains_paid_content":false,"footnotes":""},"categories":[493,8,7],"tags":[632,494,495],"class_list":["post-11107","post","type-post","status-publish","format-standard","has-post-thumbnail","hentry","category-etela-korea","category-japani","category-matkakertomukset","tag-matkakertomus-japani","tag-matkakertomus-japani-ja-korea","tag-matkakertomus-korea"],"jetpack_featured_media_url":"https:\/\/www.vuosiamaailmalla.fi\/blog\/wp-content\/uploads\/keisarillisen_palatsin_edustalla_banner-1.jpg","jetpack_sharing_enabled":true,"_links":{"self":[{"href":"https:\/\/www.vuosiamaailmalla.fi\/blog\/wp-json\/wp\/v2\/posts\/11107","targetHints":{"allow":["GET"]}}],"collection":[{"href":"https:\/\/www.vuosiamaailmalla.fi\/blog\/wp-json\/wp\/v2\/posts"}],"about":[{"href":"https:\/\/www.vuosiamaailmalla.fi\/blog\/wp-json\/wp\/v2\/types\/post"}],"author":[{"embeddable":true,"href":"https:\/\/www.vuosiamaailmalla.fi\/blog\/wp-json\/wp\/v2\/users\/1"}],"replies":[{"embeddable":true,"href":"https:\/\/www.vuosiamaailmalla.fi\/blog\/wp-json\/wp\/v2\/comments?post=11107"}],"version-history":[{"count":10,"href":"https:\/\/www.vuosiamaailmalla.fi\/blog\/wp-json\/wp\/v2\/posts\/11107\/revisions"}],"predecessor-version":[{"id":12134,"href":"https:\/\/www.vuosiamaailmalla.fi\/blog\/wp-json\/wp\/v2\/posts\/11107\/revisions\/12134"}],"wp:featuredmedia":[{"embeddable":true,"href":"https:\/\/www.vuosiamaailmalla.fi\/blog\/wp-json\/wp\/v2\/media\/12133"}],"wp:attachment":[{"href":"https:\/\/www.vuosiamaailmalla.fi\/blog\/wp-json\/wp\/v2\/media?parent=11107"}],"wp:term":[{"taxonomy":"category","embeddable":true,"href":"https:\/\/www.vuosiamaailmalla.fi\/blog\/wp-json\/wp\/v2\/categories?post=11107"},{"taxonomy":"post_tag","embeddable":true,"href":"https:\/\/www.vuosiamaailmalla.fi\/blog\/wp-json\/wp\/v2\/tags?post=11107"}],"curies":[{"name":"wp","href":"https:\/\/api.w.org\/{rel}","templated":true}]}}