{"id":11173,"date":"2020-12-30T17:09:40","date_gmt":"2020-12-31T01:09:40","guid":{"rendered":"http:\/\/www.vuosiamaailmalla.fi\/blog\/?p=11173"},"modified":"2020-12-30T17:09:40","modified_gmt":"2020-12-31T01:09:40","slug":"talvipaiva-squamishissa","status":"publish","type":"post","link":"https:\/\/www.vuosiamaailmalla.fi\/blog\/2020\/talvipaiva-squamishissa\/","title":{"rendered":"Talvip\u00e4iv\u00e4 Squamishissa"},"content":{"rendered":"<p style=\"text-align: justify;\">Kuluvan joululoman aikana on tullut vietetty\u00e4 paljon aikaa nelj\u00e4n sein\u00e4n sis\u00e4ss\u00e4 paitsi <a title=\"Joulu pandemian keskell\u00e4\" href=\"http:\/\/www.vuosiamaailmalla.fi\/blog\/2020\/joulu-pandemian-keskella\/\">koronan johdosta<\/a>, mutta my\u00f6s todella <a title=\"Runsassateinen tammikuu\" href=\"http:\/\/www.vuosiamaailmalla.fi\/blog\/2020\/runsassateinen-tammikuu\/\">sateisen talven<\/a> vuoksi. Niinp\u00e4 kun aurinko on tullut joinain p\u00e4ivin\u00e4 esiin, olemme sek\u00e4 me ett\u00e4 koko Vancouver ampaisseet ulos happihyppelem\u00e4\u00e4n. Yksi t\u00e4llainen p\u00e4iv\u00e4 osui t\u00e4m\u00e4n viikon maanantaille ja l\u00e4hdimmekin tuolloin p\u00e4iv\u00e4retkelle kauniiseen Squamishiin.<\/p>\n<p><!--more--><\/p>\n<p style=\"text-align: justify;\">Koska t\u00e4m\u00e4n talven laskettelukausi j\u00e4\u00e4 meilt\u00e4 v\u00e4liin, emme ole ajelleet Squamishin suunnalla useampaan kuukauteen. Edellinen kerta n\u00e4ill\u00e4 nurkilla lieneekin joltain viime talven <a title=\"Nuiva laskettelukauden avaus\" href=\"http:\/\/www.vuosiamaailmalla.fi\/blog\/2019\/nuiva-laskettelukauden-avaus\/\">Whistlerin reissulta<\/a> eli vett\u00e4 on ehtinyt virrata melkoisesti Squamish Riveriss\u00e4 tuon j\u00e4lkeen. Samaisen joen ranta olikin retkemme kohteena, sill\u00e4 siell\u00e4 sijaitsee <em>Eagle Run<\/em> niminen n\u00e4k\u00f6alapaikka, jolta voi bongata valkop\u00e4\u00e4kotkia. Paikalla olikin muutama joenvarren puissa istunut kotka, mutta koska <a title=\"Lohennousua Serpentine Riverill\u00e4\" href=\"http:\/\/www.vuosiamaailmalla.fi\/blog\/2020\/lohennousua-serpentine-riverilla\/\">lohennousukausi<\/a> on jo ohitse, ei joella ollut kova vipin\u00e4.<\/p>\n<p style=\"text-align: center;\"><a href=\"\/blog\/wp-content\/uploads\/2020\/squamish_eagle_run1.jpg\"><img decoding=\"async\" src=\"\/blog\/wp-content\/uploads\/2020\/squamish_eagle_run1.jpg\" \/><\/a><\/p>\n<p style=\"text-align: center;\"><em>Syksyll\u00e4 lohi nousee Squamish Riverille<\/em><\/p>\n<p style=\"text-align: center;\"><a href=\"\/blog\/wp-content\/uploads\/2020\/squamish_eagle_run2.jpg\"><img decoding=\"async\" src=\"\/blog\/wp-content\/uploads\/2020\/thumbs\/thumbs_squamish_eagle_run2.jpg\" \/><\/a><a href=\"\/blog\/wp-content\/uploads\/2020\/squamish_eagle_run3.jpg\"><img decoding=\"async\" src=\"\/blog\/wp-content\/uploads\/2020\/thumbs\/thumbs_squamish_eagle_run3.jpg\" \/><\/a><\/p>\n<p style=\"text-align: center;\"><em>Lumihuiput ymp\u00e4r\u00f6iv\u00e4t Squamishia<\/em><\/p>\n<p style=\"text-align: justify;\">Itse keli oli kertakaikkisen upea, sill\u00e4 ymp\u00e4r\u00f6iv\u00e4t vuoret olivat tuoreen lumivaipan peitossa. Ihastelimme maisemaa aikamme raikkaasta ilmasta nauttien, emmek\u00e4 olleet ainoat ihmiset ulkoilemassa.<\/p>\n<p style=\"text-align: justify;\">Joelta jatkoimme katsomaan l\u00e4heist\u00e4 uutta asutusaluetta, joita kohoaa Squamishiinkin valtavaa vauhtia. Vancouverin <a title=\"Karannut kanadalainen unelma\" href=\"http:\/\/www.vuosiamaailmalla.fi\/blog\/2015\/karannut-kanadalainen-unelma\/\">kalliit asuntomarkkinat<\/a> sek\u00e4 viimeisen vuoden aikana korona ovat saaneet monet asunnonostajat muuttamaan Squamishiin, jossa asuminen on halvempaa ja ymp\u00e4rill\u00e4 on upea luonto. Kyl\u00e4n asukasluku onkin kasvanut jo yli 20 000:nen mutta kyl\u00e4st\u00e4 on aina kovin hankala saada otetta, sill\u00e4 sen lukuisat taajamat sijaitsevat hieman erill\u00e4\u00e4n Whistleriin johtavan valtatien varrella.<\/p>\n<p style=\"text-align: center;\"><a href=\"\/blog\/wp-content\/uploads\/2020\/talvipaiva_squamishissa1.jpg\"><img decoding=\"async\" src=\"\/blog\/wp-content\/uploads\/2020\/thumbs\/thumbs_talvipaiva_squamishissa1.jpg\" \/><\/a><a href=\"\/blog\/wp-content\/uploads\/2020\/talvipaiva_squamishissa2.jpg\"><img decoding=\"async\" src=\"\/blog\/wp-content\/uploads\/2020\/thumbs\/thumbs_talvipaiva_squamishissa2.jpg\" \/><\/a><\/p>\n<p style=\"text-align: center;\"><em>Squamishinkin v\u00e4kiluku lis\u00e4\u00e4ntyy ripe\u00e4sti<\/em><\/p>\n<p style=\"text-align: justify;\">Ostimme Squamishista lounasta, jonka kanssa ajoimme piknikille viitisen kilometri\u00e4 etel\u00e4\u00e4n sijaitsevalle <em>Murrin Provincial Parkille<\/em>. T\u00e4m\u00e4 pieni puisto sijaitsee aivan <em>Sea-to-Sky-Highwayn<\/em> varrella ja on kes\u00e4isin niin t\u00e4ynn\u00e4 ihmisi\u00e4, ettemme ole vierailleet siell\u00e4 koskaan. Tai no olemme kerran pys\u00e4k\u00f6ineet sinne tehdess\u00e4mme vaelluksen l\u00e4heiselle <a title=\"Vaelluskauden avaus Petgill Lakella\" href=\"http:\/\/www.vuosiamaailmalla.fi\/blog\/2015\/vaelluskauden-avaus-petgill-lakella\/\">Petgil Lakelle<\/a>.<\/p>\n<p style=\"text-align: justify;\">Ev\u00e4\u00e4t sy\u00f6ty\u00e4mme p\u00e4\u00e4timme viel\u00e4 katsastaa pienen puiston vaelluspolut, jotka yll\u00e4ttiv\u00e4tkin meid\u00e4t sek\u00e4 pituudellaan ett\u00e4 varsinkin maastonmuodoiltaan. Pys\u00e4k\u00f6intialueelta ei nimitt\u00e4in hahmota, ett\u00e4 mets\u00e4n keskell\u00e4 kohoaa yhteens\u00e4 299 metri\u00e4 korkea kallio, jolle kipuaminen ei olekaan ihan pelkk\u00e4 sunnuntaik\u00e4vely. Emme edes tulleet katsoneeksi karttaa, ajatellessamme ett\u00e4 kyseess\u00e4 on vain pieni k\u00e4vely. Eip\u00e4 ihme ett\u00e4 paikka vet\u00e4\u00e4 erityisesti kalliokiipeilij\u00f6it\u00e4, sill\u00e4 teknist\u00e4 kalliopintaa l\u00f6ytyy puistosta todella runsaasti.<\/p>\n<p style=\"text-align: center;\"><a href=\"\/blog\/wp-content\/uploads\/2020\/murrin_provincial_park1.jpg\"><img decoding=\"async\" src=\"\/blog\/wp-content\/uploads\/2020\/thumbs\/thumbs_murrin_provincial_park1.jpg\" \/><\/a><a href=\"\/blog\/wp-content\/uploads\/2020\/murrin_provincial_park2.jpg\"><img decoding=\"async\" src=\"\/blog\/wp-content\/uploads\/2020\/thumbs\/thumbs_murrin_provincial_park2.jpg\" \/><\/a><\/p>\n<p style=\"text-align: center;\"><em>Hikinen nousu kallion huipulle<\/em><\/p>\n<p style=\"text-align: justify;\">Kipuaminen huipulla sijaitsevalle <em>Quercus Pointille<\/em> olikin eritt\u00e4inen hikinen urakka, mutta kun matkaan oli kerta l\u00e4hdetty, ei takaisinkaan malttanut k\u00e4\u00e4nty\u00e4. Onneksi ylh\u00e4\u00e4lt\u00e4 aukeava maisema palkitsi vaivann\u00e4\u00f6n, joskaan <a title=\"Kameralaitteisto: Nokia 9 PureView\" href=\"http:\/\/www.vuosiamaailmalla.fi\/blog\/2020\/kameralaitteisto-nokia-9-pureview\/\">k\u00e4nnyk\u00e4ll\u00e4<\/a> ei saanut vastavaloon kovin hyv\u00e4\u00e4 valokuvaa. Meilt\u00e4 j\u00e4i my\u00f6s katsastamatta kaikkein korkein kalliohuippu, sill\u00e4 auringon alkaessa jo laskea, emme halunneet tulla alas h\u00e4m\u00e4r\u00e4ss\u00e4.<\/p>\n<p style=\"text-align: center;\"><a href=\"\/blog\/wp-content\/uploads\/2020\/quercus_point1.jpg\"><img decoding=\"async\" src=\"\/blog\/wp-content\/uploads\/2020\/thumbs\/thumbs_quercus_point1.jpg\" \/><\/a><a href=\"\/blog\/wp-content\/uploads\/2020\/quercus_point2.jpg\"><img decoding=\"async\" src=\"\/blog\/wp-content\/uploads\/2020\/thumbs\/thumbs_quercus_point2.jpg\" \/><\/a><\/p>\n<p style=\"text-align: center;\"><em>Maisema Quercus Pointilta palkitsi<\/em><\/p>\n<p style=\"text-align: justify;\">Pieni talvinen p\u00e4iv\u00e4retkemme Squamishiin olikin mukavaa vaihtelua kotipainotteiseen lomaan ja tarjosi jopa meille t\u00e4ysin uusia maisemia. Aimo annoksen raikalta ilmaa saaneena jaksaakin j\u00e4lleen kirjoitella kotona t\u00e4nne blogiin, samalla kun ulkona vihmoo paluun tehnyt kylm\u00e4 sade.<\/p>\n","protected":false},"excerpt":{"rendered":"<p>Kuluvan joululoman aikana on tullut vietetty\u00e4 paljon aikaa nelj\u00e4n sein\u00e4n sis\u00e4ss\u00e4 paitsi koronan johdosta, mutta my\u00f6s todella sateisen talven vuoksi. Niinp\u00e4 kun aurinko on tullut joinain p\u00e4ivin\u00e4 esiin, olemme sek\u00e4 me ett\u00e4 koko Vancouver ampaisseet ulos happihyppelem\u00e4\u00e4n. Yksi t\u00e4llainen p\u00e4iv\u00e4 osui t\u00e4m\u00e4n viikon maanantaille ja l\u00e4hdimmekin tuolloin p\u00e4iv\u00e4retkelle kauniiseen Squamishiin.<\/p>\n","protected":false},"author":1,"featured_media":11174,"comment_status":"open","ping_status":"open","sticky":false,"template":"","format":"standard","meta":{"_jetpack_memberships_contains_paid_content":false,"footnotes":""},"categories":[17,3,774,775],"tags":[34,935,1564,612,202,938],"class_list":["post-11173","post","type-post","status-publish","format-standard","has-post-thumbnail","hentry","category-arki-kanadassa","category-arki-ulkomailla","category-ulkoilu","category-vaellus-ulkoilu","tag-arki","tag-kanada","tag-murrin-provincial-park","tag-squamish","tag-talvi","tag-vaellus"],"jetpack_featured_media_url":"https:\/\/www.vuosiamaailmalla.fi\/blog\/wp-content\/uploads\/squamish_eagle_run_banner.jpg","jetpack_sharing_enabled":true,"_links":{"self":[{"href":"https:\/\/www.vuosiamaailmalla.fi\/blog\/wp-json\/wp\/v2\/posts\/11173","targetHints":{"allow":["GET"]}}],"collection":[{"href":"https:\/\/www.vuosiamaailmalla.fi\/blog\/wp-json\/wp\/v2\/posts"}],"about":[{"href":"https:\/\/www.vuosiamaailmalla.fi\/blog\/wp-json\/wp\/v2\/types\/post"}],"author":[{"embeddable":true,"href":"https:\/\/www.vuosiamaailmalla.fi\/blog\/wp-json\/wp\/v2\/users\/1"}],"replies":[{"embeddable":true,"href":"https:\/\/www.vuosiamaailmalla.fi\/blog\/wp-json\/wp\/v2\/comments?post=11173"}],"version-history":[{"count":2,"href":"https:\/\/www.vuosiamaailmalla.fi\/blog\/wp-json\/wp\/v2\/posts\/11173\/revisions"}],"predecessor-version":[{"id":11176,"href":"https:\/\/www.vuosiamaailmalla.fi\/blog\/wp-json\/wp\/v2\/posts\/11173\/revisions\/11176"}],"wp:featuredmedia":[{"embeddable":true,"href":"https:\/\/www.vuosiamaailmalla.fi\/blog\/wp-json\/wp\/v2\/media\/11174"}],"wp:attachment":[{"href":"https:\/\/www.vuosiamaailmalla.fi\/blog\/wp-json\/wp\/v2\/media?parent=11173"}],"wp:term":[{"taxonomy":"category","embeddable":true,"href":"https:\/\/www.vuosiamaailmalla.fi\/blog\/wp-json\/wp\/v2\/categories?post=11173"},{"taxonomy":"post_tag","embeddable":true,"href":"https:\/\/www.vuosiamaailmalla.fi\/blog\/wp-json\/wp\/v2\/tags?post=11173"}],"curies":[{"name":"wp","href":"https:\/\/api.w.org\/{rel}","templated":true}]}}