{"id":11194,"date":"2021-01-01T17:13:15","date_gmt":"2021-01-02T01:13:15","guid":{"rendered":"http:\/\/www.vuosiamaailmalla.fi\/blog\/?p=11194"},"modified":"2021-01-01T17:24:37","modified_gmt":"2021-01-02T01:24:37","slug":"blogin-viides-sukupolvi-5-0","status":"publish","type":"post","link":"https:\/\/www.vuosiamaailmalla.fi\/blog\/2021\/blogin-viides-sukupolvi-5-0\/","title":{"rendered":"Blogin viides sukupolvi"},"content":{"rendered":"<p style=\"text-align: justify;\">Jo <a title=\"El\u00e4m\u00e4mme seikkailu \u2013 10 vuotta maailmalla\" href=\"http:\/\/www.vuosiamaailmalla.fi\/blog\/2016\/elamamme-seikkailu-10-vuotta-maailmalla\/\">vuosikymmenen ajan<\/a> blogia kirjoittaneena, olen huomannut joidenkin asioiden hankaloittavan pidemm\u00e4n ajan p\u00e4\u00e4lle blogin yll\u00e4pitoa. T\u00e4llaisia ovat esimerkiksi ajoittaiset katkokset, blogin taustalla py\u00f6riv\u00e4n <em>WordPressin<\/em> jatkuva p\u00e4ivitt\u00e4minen sek\u00e4 tarve aina aika ajoin p\u00e4ivitt\u00e4\u00e4 ulkoasua tuoreempaan. Perinteisesti olen keskittynyt p\u00e4ivitt\u00e4m\u00e4\u00e4n ulkoasua vain maltillisin v\u00e4liajoin ja <a title=\"Vuosia Maailmalla 4.0\" href=\"http:\/\/www.vuosiamaailmalla.fi\/blog\/2016\/vuosia-maailmalla-4-0\/\">nykyinen ulkoasu<\/a> on vuodelta 2016. Se kuitenkin tyydytt\u00e4\u00e4 edelleen tarpeeni ja skaalautuu my\u00f6s mobiililaitteille, joten olenkin keskitt\u00e4nyt huomioni blogin tekniseen taustaan.<\/p>\n<p><!--more--><\/p>\n<p style=\"text-align: justify;\">Ulkoasun takaa l\u00f6ytyykin useita asioita, jotka ovat sy\u00f6neet miest\u00e4 jo usean vuoden ajan. Aikojen saatossa blogini on k\u00e4ynyt l\u00e4pi monta iteraatiota, siirtyen alunperin nettifoorumille kirjoitetuista viesteist\u00e4 ensiksi ilmaisen <a title=\"Uusi ulkoasu 2.0\" href=\"http:\/\/www.vuosiamaailmalla.fi\/blog\/2011\/uusi-ulkoasu-2-0\/\">bloggauspalvelun<\/a> alle ja siit\u00e4 vuonna 2012 maksulliselle webhotellin p\u00e4\u00e4ll\u00e4 py\u00f6riv\u00e4lle <a title=\"Blogi 3.0\" href=\"http:\/\/www.vuosiamaailmalla.fi\/blog\/2012\/blogi-3-0\/\">WordPress-alustalle<\/a>. N\u00e4m\u00e4 ovat olleet kaikki merkitt\u00e4vi\u00e4 muutoksia ja vieneet blogia parempaan suuntaan, mutta valitettavasti edes maksullisella alustalla toimiminen ei ole vastannut odotuksiani.<\/p>\n<p style=\"text-align: center;\"><a href=\"\/blog\/wp-content\/uploads\/2011\/uusi_ulkoasu.jpg\"><img decoding=\"async\" src=\"\/blog\/wp-content\/uploads\/2011\/thumbs\/thumbs_uusi_ulkoasu.jpg\" \/><\/a><a href=\"\/blog\/wp-content\/uploads\/2016\/blogi_4_0_ulkoasu.jpg\"><img decoding=\"async\" src=\"\/blog\/wp-content\/uploads\/2016\/thumbs\/thumbs_blogi_4_0_ulkoasu.jpg\" \/><\/a><\/p>\n<p style=\"text-align: center;\"><em>Blogi on n\u00e4hnyt monta iteraatiota<\/em><\/p>\n<p style=\"text-align: justify;\">Siirtyminen suomalaisen webhotellin alta uudelle alustalle onkin ollut haaveenani jo vuosien ajan, mutta urakka on tuntunut l\u00e4hes mahdottomalta. Tied\u00e4n kokemuksesta miten herkk\u00e4 WordPress on hajoamaan, joten savijaloilla seisovaa blogia ei ole halunnut horjuttaa. Mietinkin pitk\u00e4\u00e4n josko maksaisin jollekin migraatiosta uudelle alustalle, mutta t\u00e4m\u00e4kin tuntui \u00e4\u00e4rett\u00f6m\u00e4n vaikealta ratkaisulta ilman varmaksi tiedetty\u00e4 lopputulosta.<\/p>\n<p style=\"text-align: justify;\">Lopulta koronaviruksen aiheuttama <a title=\"Joulu pandemian keskell\u00e4\" href=\"http:\/\/www.vuosiamaailmalla.fi\/blog\/2020\/joulu-pandemian-keskella\/\">pitk\u00e4 joululoma<\/a> kotosalla tarjosi yli kaksi viikkoa aikaa ottaa h\u00e4rk\u00e4\u00e4 sarvista ja yritt\u00e4\u00e4 itse migraatiota. Olin haaveillut jo pitk\u00e4\u00e4n pystytt\u00e4v\u00e4ni blogini modernin pilvipalvelun p\u00e4\u00e4lle, jota suomalainen <em>Suncomet<\/em> ei ole valitettavasti edustanut. Valintani uudesta alustasta on maailmanlaajuinen markkinajohtaja <em>Amazon Web Services<\/em>, jonka p\u00e4\u00e4ll\u00e4 py\u00f6riv\u00e4t sellaiset pikkutuotteet kuin <a title=\"K\u00e4ytt\u00f6kokemuksia Netflixist\u00e4\" href=\"http:\/\/www.vuosiamaailmalla.fi\/blog\/2012\/kayttokokemuksia-netflixista\/\"><em>Netflix<\/em><\/a>. Ilahduttavasti AWS tarjoaa my\u00f6s ilmaisen aloituspaketin, jonka p\u00e4\u00e4lle aloinkin rakentamaan uutta blogialustaani.<\/p>\n<p style=\"text-align: center;\"><a href=\"\/blog\/wp-content\/uploads\/2021\/aws_palvelut2.jpg\"><img decoding=\"async\" src=\"\/blog\/wp-content\/uploads\/2021\/aws_palvelut2.jpg\" \/><\/a><\/p>\n<p style=\"text-align: center;\"><em>Asennukseen l\u00f6ytyy valmiita paketteja<\/em><\/p>\n<p style=\"text-align: justify;\">Vaikka ty\u00f6skentelenkin IT-alalla ja pilvipalvelut kuuluvat p\u00e4ivitt\u00e4isiin keskusteluihimme, olen ylemmiss\u00e4 johtoteht\u00e4viss\u00e4 toimiessani hieman vieraantunut ruohonjuuritason s\u00e4\u00e4t\u00e4misest\u00e4 ja siksi projekti hirvittikin ennakkoon. En nimitt\u00e4in tiennyt mit\u00e4 odottaa, mutta tiesin silti modernien j\u00e4rjestelmien muuttuvan nopeasti sangen monimutkaisiksi. Onneksi netist\u00e4 l\u00f6ytyv\u00e4 tietous on loputonta ja useiden joulun p\u00e4ivien s\u00e4\u00e4t\u00e4misen j\u00e4lkeen sain siirretty\u00e4 blogini toimivassa muodossa AWS:n <a title=\"Halki Ruotsin sek\u00e4 kes\u00e4loma roadsterilla\" href=\"http:\/\/www.vuosiamaailmalla.fi\/blog\/2011\/halki-ruotsin-seka-kesaloma-roadsterilla\/\">Tukholmassa<\/a> sijaitsevaan datakeskukseen. Migraation viimeinen askel oli siirt\u00e4\u00e4 jo tutuksi muodostuneen domainin <em>vuosiamaailmalla.fi<\/em> hallinnan AWS:\u00e4\u00e4n ja n\u00e4in ollen kaikki nyt n\u00e4kem\u00e4si on uudelta palvelimelta ladattua!<\/p>\n<p style=\"text-align: justify;\">AWS:n hyv\u00e4 puoli on sen l\u00e4hes 100% tavoitettavuus ja jos n\u00e4etkin blogini jatkossa alhaalla, johtuu se todenn\u00e4k\u00f6isesti siit\u00e4 ett\u00e4 <a title=\"Blogin s\u00e4\u00e4t\u00f6\u00e4\" href=\"http:\/\/www.vuosiamaailmalla.fi\/blog\/2016\/blogin-saatoa\/\">s\u00e4\u00e4d\u00e4n jotain<\/a>. <em>Amazonin<\/em> teknologia mahdollistaa my\u00f6s skaalata blogia eli jos blogin lukijam\u00e4\u00e4r\u00e4 jatkaa tasaista kasvuaan, on minun helppo lis\u00e4t\u00e4 resursseja nopeuden kasvattamiseksi. Blogin selaamisen pit\u00e4isikin tuntua nyt yht\u00e4 nopealta kuin mink\u00e4 tahansa normaalin nettisivuston, mik\u00e4 on valtava muutos vuosia vallinneeseen tilanteeseen, joka ehti ajaa minut melkein <a title=\"Vauhtia uusista nimipalvelimista\" href=\"http:\/\/www.vuosiamaailmalla.fi\/blog\/2012\/vauhtia-uusista-nimipalvelimista\/\">hulluuden partaalle<\/a>.<\/p>\n<p style=\"text-align: justify;\">Uusi palvelin mahdollistaakin minun ottaa k\u00e4ytt\u00f6\u00f6n sivuston tilastot, jotka poistin k\u00e4yt\u00f6st\u00e4 vuonna 2016 blogin toimintaa nopeuttaakseni. En olekaan n\u00e4hnyt kunnollista tilastotietoa blogini vierailum\u00e4\u00e4rist\u00e4 useaan vuoteen, mik\u00e4 tulee olemaan kiehtovaa n\u00e4hd\u00e4!<\/p>\n<p style=\"text-align: justify;\">Pienemp\u00e4n\u00e4 muutoksena kaikkien kirjoitusteni linkit on my\u00f6s vaihdettu <a title=\"Vaihtoehto Googlelle\" href=\"http:\/\/www.vuosiamaailmalla.fi\/blog\/2015\/vaihtoehto-googlelle\/\">hakukone yst\u00e4v\u00e4llisemp\u00e4\u00e4n<\/a> muotoon, joka kertoo lukijallekin paremmin kirjoitusten sis\u00e4ll\u00f6st\u00e4 ennen niiden avaamista. Vanhat linkit jatkavat kuitenkin toimintaansa entiseen tapaan ja muualle linkatut kuvatkin toimivat kuten ennen.<\/p>\n<p style=\"text-align: justify;\">Ehk\u00e4 kaikkein t\u00e4rkeint\u00e4 on kuitenkin, ett\u00e4 blogini on viimeinkin kunnollisesti varmuuskopioitu ja palautettavissa jos jotain odottamatonta tapahtuu. Aiemmalla alustalla tietyt seikat estiv\u00e4t minua luomasta kunnollisia varmuuskopioita ja blogin palauttaminen olisikin ollut massiivinen ty\u00f6. Nyt t\u00e4t\u00e4 huolta ei ole, sill\u00e4 iso osa prosessista on automatisoitu, mik\u00e4 tuo huomattavaa mielenrauhaa.<\/p>\n<p style=\"text-align: center;\"><a href=\"\/blog\/wp-content\/uploads\/2021\/aws_palvelut1.jpg\"><img decoding=\"async\" src=\"\/blog\/wp-content\/uploads\/2021\/aws_palvelut1.jpg\" \/><\/a><\/p>\n<p style=\"text-align: center;\"><em>Pilvipalvelut tarjoavat valtavasti valmiuksia<\/em><\/p>\n<p style=\"text-align: justify;\">AWS:\u00e4\u00e4n siirtyminen tarkoittaa, ett\u00e4 blogin py\u00f6ritys on jatkossakin minulle maksullista puuhaa. T\u00e4m\u00e4 on kuitenkin <a title=\"Blogin kirjoittamisen ty\u00f6skentelyprosessi\" href=\"http:\/\/www.vuosiamaailmalla.fi\/blog\/2015\/blogin-kirjoittamisen-tyoskentelyprosessi\/\">syv\u00e4st\u00e4 intohimosta<\/a> kumpuava projekti ja harrastus, ja useimmat harrastukset maksavat jotakin. En tule siis jatkossakaan edes harkitsemaan mainosten lis\u00e4\u00e4mist\u00e4 blogiini, sill\u00e4 t\u00e4t\u00e4 blogia kirjoitetaan rakkaudesta lajiin sek\u00e4 ilosta avustaa ulkomaille muuttoa pohtivia. Toivon todellakin ett\u00e4 kirjoituksistani on lukijoilleni hy\u00f6ty\u00e4 ja toivottavasti my\u00f6s hupia!<\/p>\n<p style=\"text-align: justify;\">Vaikka kaikki nyt tehdyt muutokset ovatkin suurelta osin lukijalle n\u00e4kym\u00e4tt\u00f6mi\u00e4, voin kertoa niiden tuovan suuren helpotuksen, kun esimerkiksi uusimpia p\u00e4ivityksi\u00e4 ei tarvitse asentaa ristin merkki\u00e4 tehden. T\u00e4m\u00e4 kaikki tarkoittaa pienemp\u00e4\u00e4 tarvetta s\u00e4\u00e4t\u00e4\u00e4 ja mahdollistaa k\u00e4ytt\u00e4\u00e4 enemm\u00e4n aikaa itse blogin kirjoittamiseen! Siin\u00e4 minulla onkin edess\u00e4 loputon suo, mutta koronan ansiosta t\u00e4ss\u00e4kin on edistytty, sill\u00e4 kun uusia matkoja ei ole pystynyt tekem\u00e4\u00e4n, on ollut aikaa kirjoittaa aiemmista.<\/p>\n<p style=\"text-align: justify;\">Toivottavasti siis blogini viides sukupolvi ja version 5.0 tekeekin sen lukemisesta entist\u00e4 jouheampaa ja miellytt\u00e4v\u00e4mp\u00e4\u00e4 vuonna 2021! Kiitos mielenkiinnosta kirjoituksiani kohtaan ja kaikki palaute sek\u00e4 <a title=\"Pisteytys kirjoituksiin\" href=\"http:\/\/www.vuosiamaailmalla.fi\/blog\/2012\/pisteytys-kirjoituksiin\/\">kirjoitusten pisteytys<\/a> ilahduttavat minua aina! Hyv\u00e4\u00e4 uuttavuotta!<\/p>\n","protected":false},"excerpt":{"rendered":"<p>Jo vuosikymmenen ajan blogia kirjoittaneena, olen huomannut joidenkin asioiden hankaloittavan pidemm\u00e4n ajan p\u00e4\u00e4lle blogin yll\u00e4pitoa. T\u00e4llaisia ovat esimerkiksi ajoittaiset katkokset, blogin taustalla py\u00f6riv\u00e4n WordPressin jatkuva p\u00e4ivitt\u00e4minen sek\u00e4 tarve aina aika ajoin p\u00e4ivitt\u00e4\u00e4 ulkoasua tuoreempaan. Perinteisesti olen keskittynyt p\u00e4ivitt\u00e4m\u00e4\u00e4n ulkoasua vain maltillisin v\u00e4liajoin ja nykyinen ulkoasu on vuodelta 2016. Se kuitenkin tyydytt\u00e4\u00e4 edelleen tarpeeni ja skaalautuu &hellip; <a href=\"https:\/\/www.vuosiamaailmalla.fi\/blog\/2021\/blogin-viides-sukupolvi-5-0\/\" class=\"more-link\">Jatka lukemista<span class=\"screen-reader-text\"> &#8221;Blogin viides sukupolvi&#8221;<\/span><\/a><\/p>\n","protected":false},"author":1,"featured_media":11196,"comment_status":"open","ping_status":"open","sticky":false,"template":"","format":"standard","meta":{"_jetpack_memberships_contains_paid_content":false,"footnotes":""},"categories":[226],"tags":[25,1565],"class_list":["post-11194","post","type-post","status-publish","format-standard","has-post-thumbnail","hentry","category-blogista","tag-ajankohtaista","tag-amazon-web-services"],"jetpack_featured_media_url":"https:\/\/www.vuosiamaailmalla.fi\/blog\/wp-content\/uploads\/blogi_awn_banner.jpg","jetpack_sharing_enabled":true,"_links":{"self":[{"href":"https:\/\/www.vuosiamaailmalla.fi\/blog\/wp-json\/wp\/v2\/posts\/11194","targetHints":{"allow":["GET"]}}],"collection":[{"href":"https:\/\/www.vuosiamaailmalla.fi\/blog\/wp-json\/wp\/v2\/posts"}],"about":[{"href":"https:\/\/www.vuosiamaailmalla.fi\/blog\/wp-json\/wp\/v2\/types\/post"}],"author":[{"embeddable":true,"href":"https:\/\/www.vuosiamaailmalla.fi\/blog\/wp-json\/wp\/v2\/users\/1"}],"replies":[{"embeddable":true,"href":"https:\/\/www.vuosiamaailmalla.fi\/blog\/wp-json\/wp\/v2\/comments?post=11194"}],"version-history":[{"count":7,"href":"https:\/\/www.vuosiamaailmalla.fi\/blog\/wp-json\/wp\/v2\/posts\/11194\/revisions"}],"predecessor-version":[{"id":11205,"href":"https:\/\/www.vuosiamaailmalla.fi\/blog\/wp-json\/wp\/v2\/posts\/11194\/revisions\/11205"}],"wp:featuredmedia":[{"embeddable":true,"href":"https:\/\/www.vuosiamaailmalla.fi\/blog\/wp-json\/wp\/v2\/media\/11196"}],"wp:attachment":[{"href":"https:\/\/www.vuosiamaailmalla.fi\/blog\/wp-json\/wp\/v2\/media?parent=11194"}],"wp:term":[{"taxonomy":"category","embeddable":true,"href":"https:\/\/www.vuosiamaailmalla.fi\/blog\/wp-json\/wp\/v2\/categories?post=11194"},{"taxonomy":"post_tag","embeddable":true,"href":"https:\/\/www.vuosiamaailmalla.fi\/blog\/wp-json\/wp\/v2\/tags?post=11194"}],"curies":[{"name":"wp","href":"https:\/\/api.w.org\/{rel}","templated":true}]}}