{"id":11227,"date":"2014-11-26T19:32:09","date_gmt":"2014-11-27T03:32:09","guid":{"rendered":"http:\/\/www.vuosiamaailmalla.fi\/blog\/?p=11227"},"modified":"2022-11-11T15:28:59","modified_gmt":"2022-11-11T23:28:59","slug":"luontonahtavyyksia-seka-herkuttelumatka-seattleen","status":"publish","type":"post","link":"https:\/\/www.vuosiamaailmalla.fi\/blog\/2014\/luontonahtavyyksia-seka-herkuttelumatka-seattleen\/","title":{"rendered":"Luonton\u00e4ht\u00e4vyyksi\u00e4 sek\u00e4 herkuttelumatka Seattleen"},"content":{"rendered":"<p style=\"text-align: justify;\">Meill\u00e4 on riitt\u00e4nyt viime vuosina runsaasti seuraa, kun aiemmin Berliiniss\u00e4 kanssamme ty\u00f6skennellyt tuttumme saapuu usein ty\u00f6matkalle Vancouveriin. Viimeisin visiitti oli kaksi viikkoa sitten, kun jo tuttu vieras saapui viimeisimm\u00e4lle ty\u00f6matkalleen. Vieraamme kanssa onkin tullut n\u00e4hty\u00e4 runsaasti paikkoja ja olemmekin esimerkiksi <a title=\"Juhannusretki rannikkovuorten ymp\u00e4ri\" href=\"http:\/\/www.vuosiamaailmalla.fi\/blog\/2015\/juhannusretki-rannikkovuorten-ympari\/\">ajaneet rannikovuorten ymp\u00e4ri<\/a> ja vaeltaneet <a title=\"Haastava Mount Strachan\" href=\"http:\/\/www.vuosiamaailmalla.fi\/blog\/2015\/haastava-mount-strachan\/\">Vancouverin l\u00e4hivuorilla<\/a>.<\/p>\n<p><!--more--><\/p>\n<p style=\"text-align: justify;\">Yleens\u00e4 teemme vieraamme kanssa retki\u00e4 l\u00e4hinn\u00e4 viikonloppuisin, mutta tiistaihin osunut <a title=\"Sekavat pyh\u00e4p\u00e4iv\u00e4t\" href=\"http:\/\/www.vuosiamaailmalla.fi\/blog\/2019\/sekavat-pyhapaivat\/\">toisen maailmansodan muistop\u00e4iv\u00e4<\/a> ja siit\u00e4 seurannut vapaap\u00e4iv\u00e4 sai meid\u00e4t ajamaan aurinkoisessa keliss\u00e4 Squamishiin, katsomaan josko Brackendalen jokialueella n\u00e4kyisi valkop\u00e4\u00e4kotkia. Alue on erityisen kaunis my\u00f6s <a title=\"Talvip\u00e4iv\u00e4 Squamishissa\" href=\"http:\/\/www.vuosiamaailmalla.fi\/blog\/2020\/talvipaiva-squamishissa\/\">n\u00e4in talviaikaan<\/a>, sill\u00e4 ymp\u00e4r\u00f6iville vuorille on jo satanut tuoretta lunta, mik\u00e4 ennakoi <a title=\"Laskettelukauden korkkaus\" href=\"http:\/\/www.vuosiamaailmalla.fi\/blog\/2015\/kauden-korkkaus\/\">laskettelukauden l\u00e4hestymist\u00e4<\/a>.<\/p>\n<p style=\"text-align: center;\"><a href=\"\/blog\/wp-content\/uploads\/2014\/kotkia_brackendalessa1.jpg\"><img decoding=\"async\" src=\"\/blog\/wp-content\/uploads\/2014\/thumbs\/thumbs_kotkia_brackendalessa1.jpg\" \/><\/a><a href=\"\/blog\/wp-content\/uploads\/2014\/vuoret_brackendalen_taustalla2.jpg\"><img decoding=\"async\" src=\"\/blog\/wp-content\/uploads\/2014\/thumbs\/thumbs_vuoret_brackendalen_taustalla2.jpg\" \/><\/a><a href=\"\/blog\/wp-content\/uploads\/2014\/vuoret_brackendalen_taustalla1.jpg\"><img decoding=\"async\" src=\"\/blog\/wp-content\/uploads\/2014\/thumbs\/thumbs_vuoret_brackendalen_taustalla1.jpg\" \/><\/a><\/p>\n<p style=\"text-align: center;\"><em>Talvinen Brackendale<\/em><\/p>\n<p style=\"text-align: justify;\">Squamish Riverin ranta on loistava paikka kotkien bongaukseen, sill\u00e4 lintuha houkuttelee paikalle usein juuri marraskuussa tapahtuva <a title=\"Lohennousua Serpentine Riverill\u00e4\" href=\"http:\/\/www.vuosiamaailmalla.fi\/blog\/2020\/lohennousua-serpentine-riverilla\/\">lohennousukausi<\/a>. N\u00e4immekin rannalla sek\u00e4 yl\u00e4puolellamme useita ylv\u00e4it\u00e4 valkop\u00e4\u00e4kotkia, mutta my\u00f6s hylkeen, joka jahtasi jotain vedenpinnan alapuolella uiskennellutta.<\/p>\n<p style=\"text-align: center;\"><a href=\"\/blog\/wp-content\/uploads\/2014\/kotkia_brackendalessa3.jpg\"><img decoding=\"async\" src=\"\/blog\/wp-content\/uploads\/2014\/thumbs\/thumbs_kotkia_brackendalessa3.jpg\" \/><\/a><a href=\"\/blog\/wp-content\/uploads\/2014\/vuoret_brackendalen_taustalla3.jpg\"><img decoding=\"async\" src=\"\/blog\/wp-content\/uploads\/2014\/thumbs\/thumbs_vuoret_brackendalen_taustalla3.jpg\" \/><\/a><a href=\"\/blog\/wp-content\/uploads\/2014\/kotkia_brackendalessa2.jpg\"><img decoding=\"async\" src=\"\/blog\/wp-content\/uploads\/2014\/thumbs\/thumbs_kotkia_brackendalessa2.jpg\" \/><\/a><br \/>\n<a href=\"\/blog\/wp-content\/uploads\/2014\/kotkia_brackendalessa5.jpg\"><img decoding=\"async\" src=\"\/blog\/wp-content\/uploads\/2014\/thumbs\/thumbs_kotkia_brackendalessa5.jpg\" \/><\/a><a href=\"\/blog\/wp-content\/uploads\/2014\/kotkia_brackendalessa4.jpg\"><img decoding=\"async\" src=\"\/blog\/wp-content\/uploads\/2014\/thumbs\/thumbs_kotkia_brackendalessa4.jpg\" \/><\/a><a href=\"\/blog\/wp-content\/uploads\/2014\/kotkia_brackendalessa6.jpg\"><img decoding=\"async\" src=\"\/blog\/wp-content\/uploads\/2014\/thumbs\/thumbs_kotkia_brackendalessa6.jpg\" \/><\/a><\/p>\n<p style=\"text-align: center;\"><em>Valkop\u00e4\u00e4kotkia joen ymp\u00e4rill\u00e4<\/em><\/p>\n<p style=\"text-align: justify;\">Kotimatkalla pys\u00e4hdyimme aivan valtatien vieress\u00e4 ymp\u00e4ri vuoden kuohuvilla <em>Shannon Fallsin<\/em> vesiputouksilla. Putoukset ovat 335 metrin korkuisina provinssin kolmanneksi korkeimmat ja pys\u00e4hdyksen arvoinen.<\/p>\n<p style=\"text-align: center;\"><a href=\"\/blog\/wp-content\/uploads\/2014\/shannon_falls1.jpg\"><img decoding=\"async\" src=\"\/blog\/wp-content\/uploads\/2014\/thumbs\/thumbs_shannon_falls1.jpg\" \/><\/a><a href=\"\/blog\/wp-content\/uploads\/2014\/shannon_falls3.jpg\"><img decoding=\"async\" src=\"\/blog\/wp-content\/uploads\/2014\/thumbs\/thumbs_shannon_falls3.jpg\" \/><\/a><a href=\"\/blog\/wp-content\/uploads\/2014\/shannon_falls2.jpg\"><img decoding=\"async\" src=\"\/blog\/wp-content\/uploads\/2014\/thumbs\/thumbs_shannon_falls2.jpg\" \/><\/a><\/p>\n<p style=\"text-align: center;\"><em>Kuohuva Shannon Falls<\/em><\/p>\n<p style=\"text-align: justify;\">Viikonloppuna vierailimme iltasella North Vancouverissa sijaitsevalla <a title=\"Vieraita vanhalta mantereelta\" href=\"http:\/\/www.vuosiamaailmalla.fi\/blog\/2013\/vieraita-vanhalta-mantereelta\/\"><em>Capilano Suspension Bridgell\u00e4<\/em><\/a>, joka valmistautuu t\u00e4h\u00e4n aikaan vuodesta jo talvikauden n\u00e4ytt\u00e4v\u00e4\u00e4n <a title=\"Canyon Lightsin valokanjoni\" href=\"http:\/\/www.vuosiamaailmalla.fi\/blog\/2014\/canyon-lightsin-valaistu-kanjoni\/\"><em>Canyon Lights<\/em> valotapahtumaan<\/a>. Ajoitimme vierailumme niin ett\u00e4 koimme n\u00e4ht\u00e4vyyden sek\u00e4 valoisalla ett\u00e4 tuhansien jouluvalojen sytytty\u00e4, mik\u00e4 on aina yht\u00e4 syk\u00e4hdytt\u00e4v\u00e4 kokemus.<\/p>\n<p style=\"text-align: center;\"><a href=\"\/blog\/wp-content\/uploads\/2014\/canyon_lights4.jpg\"><img decoding=\"async\" src=\"\/blog\/wp-content\/uploads\/2014\/canyon_lights4.jpg\" \/><\/a><\/p>\n<p style=\"text-align: center;\"><em>Capilanon riippusillalla<\/em><\/p>\n<p style=\"text-align: center;\"><a href=\"\/blog\/wp-content\/uploads\/2014\/canyon_lights3.jpg\"><img decoding=\"async\" src=\"\/blog\/wp-content\/uploads\/2014\/thumbs\/thumbs_canyon_lights3.jpg\" \/><\/a><a href=\"\/blog\/wp-content\/uploads\/2014\/canyon_lights2.jpg\"><img decoding=\"async\" src=\"\/blog\/wp-content\/uploads\/2014\/thumbs\/thumbs_canyon_lights2.jpg\" \/><\/a><a href=\"\/blog\/wp-content\/uploads\/2014\/canyon_lights1.jpg\"><img decoding=\"async\" src=\"\/blog\/wp-content\/uploads\/2014\/thumbs\/thumbs_canyon_lights1.jpg\" \/><\/a><\/p>\n<p style=\"text-align: center;\"><em>Jouluvalot syttyv\u00e4t<\/em><\/p>\n<p style=\"text-align: justify;\">Seuraavan p\u00e4iv\u00e4n retkellemme seuraamme ly\u00f6tt\u00e4ytyi my\u00f6s ty\u00f6tuttumme suomalainen kolleega ja ajoimme nelisteen Fraser Valleyhin. Vierailimme pikaisesti katsomassa <a title=\"Syysretki Mount Thomille\" href=\"http:\/\/www.vuosiamaailmalla.fi\/blog\/2014\/syysretki-mount-thomille\/\">Mount Thomin<\/a> maiseman Chilliwackissa ja pys\u00e4hdyimme my\u00f6s ihmettelem\u00e4\u00e4n osittain j\u00e4\u00e4tyneit\u00e4 <a title=\"Sapattivieraat k\u00e4ym\u00e4ss\u00e4\" href=\"http:\/\/www.vuosiamaailmalla.fi\/blog\/2015\/sapattivieraat-kaymassa\/\"><em>Bridal Veil Fallsin <\/em><\/a>vesiputousta. Paikoin j\u00e4\u00e4tynyt putous oli meist\u00e4 maaginen ja tarjosi tilaisuuden n\u00e4ytt\u00e4viin valokuviin.<\/p>\n<p style=\"text-align: center;\"><a href=\"\/blog\/wp-content\/uploads\/2014\/syksyinen_mount_thomin_maisema.jpg\"><img decoding=\"async\" src=\"\/blog\/wp-content\/uploads\/2014\/syksyinen_mount_thomin_maisema.jpg\" \/><\/a><\/p>\n<p style=\"text-align: center;\"><em>Syysmaisema Mount Thomilta<\/em><\/p>\n<p style=\"text-align: center;\"><a href=\"\/blog\/wp-content\/uploads\/2014\/jaatynyt_bridal_falls4.jpg\"><img decoding=\"async\" src=\"\/blog\/wp-content\/uploads\/2014\/thumbs\/thumbs_jaatynyt_bridal_falls4.jpg\" \/><\/a><a href=\"\/blog\/wp-content\/uploads\/2014\/jaatynyt_bridal_falls2.jpg\"><img decoding=\"async\" src=\"\/blog\/wp-content\/uploads\/2014\/thumbs\/thumbs_jaatynyt_bridal_falls2.jpg\" \/><\/a><a href=\"\/blog\/wp-content\/uploads\/2014\/jaatynyt_bridal_falls3.jpg\"><img decoding=\"async\" src=\"\/blog\/wp-content\/uploads\/2014\/thumbs\/thumbs_jaatynyt_bridal_falls3.jpg\" \/><\/a><\/p>\n<p style=\"text-align: center;\"><em>Paikoin j\u00e4\u00e4tynyt Bridal Veil Falls<\/em><\/p>\n<p style=\"text-align: center;\"><a href=\"\/blog\/wp-content\/uploads\/2014\/jaatynyt_bridal_falls1.jpg\"><img decoding=\"async\" src=\"\/blog\/wp-content\/uploads\/2014\/jaatynyt_bridal_falls1.jpg\" \/><\/a><\/p>\n<p style=\"text-align: center;\"><em>Makrokuvausta<\/em><\/p>\n<p style=\"text-align: justify;\">P\u00e4iv\u00e4retkemme varsinainen kohde oli kuitenkin Harrison Hot Springsin pieni kyl\u00e4, joka sijaitsee n\u00e4ytt\u00e4v\u00e4ll\u00e4 paikalla valtaisan Harrison Laken etel\u00e4p\u00e4\u00e4ss\u00e4. Kyl\u00e4 on kes\u00e4aikaan <a title=\"Telttaviikonloppu Harrison Lakella\" href=\"http:\/\/www.vuosiamaailmalla.fi\/blog\/2019\/telttaviikonloppu-harrison-lakella\/\">t\u00e4ynn\u00e4 ihmisi\u00e4<\/a> mutta koleana alkutalven p\u00e4iv\u00e4n\u00e4 paikalla ei ollut ruuhkaista poutaisesta kelist\u00e4 huolimatta.<\/p>\n<p style=\"text-align: center;\"><a href=\"\/blog\/wp-content\/uploads\/2014\/whippoorwill_point_trail_panoraama.jpg\"><img decoding=\"async\" src=\"\/blog\/wp-content\/uploads\/2014\/whippoorwill_point_trail_panoraama_pieni.jpg\" \/><\/a><\/p>\n<p style=\"text-align: center;\"><em>Kuulas Harrison Lake<\/em><\/p>\n<p style=\"text-align: justify;\">Emme olleet paikalla kyl\u00e4n kuuluisien kuumien l\u00e4hteiden takia vaan tarkoituksenamme oli kiert\u00e4\u00e4 kyl\u00e4n kyljess\u00e4 sijaitseva <em>Whippoorwill Point Trail<\/em>. Kyseinen vaellusreitti on mitaltaan ainoastaan nelj\u00e4 kilometri\u00e4, mutta meilt\u00e4 tuhraantui sen kiert\u00e4miseen puolitoistatuntia, sill\u00e4 kolusimme polun varressa olleita <a title=\"Kes\u00e4p\u00e4iv\u00e4 geok\u00e4tk\u00f6ilem\u00e4ss\u00e4\" href=\"http:\/\/www.vuosiamaailmalla.fi\/blog\/2015\/kesapaiva-geo-katkoilemassa\/\">geok\u00e4tk\u00f6j\u00e4<\/a>. K\u00e4tk\u00f6t l\u00f6ytyiv\u00e4t ammattitaidolla helposti ja pienen niemennokan k\u00e4rjest\u00e4 avautui upea maisema j\u00e4rvelle.<\/p>\n<p style=\"text-align: center;\"><a href=\"\/blog\/wp-content\/uploads\/2014\/harrison_hot_springs_pumppaamo.jpg\"><img decoding=\"async\" src=\"\/blog\/wp-content\/uploads\/2014\/thumbs\/thumbs_harrison_hot_springs_pumppaamo.jpg\" \/><\/a><a href=\"\/blog\/wp-content\/uploads\/2014\/whippoorwill_point_trail2.jpg\"><img decoding=\"async\" src=\"\/blog\/wp-content\/uploads\/2014\/thumbs\/thumbs_whippoorwill_point_trail2.jpg\" \/><\/a><a href=\"\/blog\/wp-content\/uploads\/2014\/whippoorwill_point_trail1.jpg\"><img decoding=\"async\" src=\"\/blog\/wp-content\/uploads\/2014\/thumbs\/thumbs_whippoorwill_point_trail1.jpg\" \/><\/a><\/p>\n<p style=\"text-align: center;\"><em>Polku niemen nokkaan<\/em><\/p>\n<p style=\"text-align: center;\"><a href=\"\/blog\/wp-content\/uploads\/2014\/whippoorwill_point_trail3.jpg\"><img decoding=\"async\" src=\"\/blog\/wp-content\/uploads\/2014\/thumbs\/thumbs_whippoorwill_point_trail3.jpg\" \/><\/a><a href=\"\/blog\/wp-content\/uploads\/2014\/whippoorwill_point_trail5.jpg\"><img decoding=\"async\" src=\"\/blog\/wp-content\/uploads\/2014\/thumbs\/thumbs_whippoorwill_point_trail5.jpg\" \/><\/a><a href=\"\/blog\/wp-content\/uploads\/2014\/whippoorwill_point_trail4.jpg\"><img decoding=\"async\" src=\"\/blog\/wp-content\/uploads\/2014\/thumbs\/thumbs_whippoorwill_point_trail4.jpg\" \/><\/a><\/p>\n<p style=\"text-align: center;\"><em>Geok\u00e4tk\u00f6j\u00e4 polun varrella<\/em><\/p>\n<p style=\"text-align: justify;\">Seuraavana viikonloppuna meill\u00e4 olikin tiedossa erityisohjelmaa, sill\u00e4 ajoimme lauantaina Seattleen. Minulle ja Niinalle kyseess\u00e4 oli jo <a title=\"Itsen\u00e4isyysp\u00e4iv\u00e4n retki Seattleen\" href=\"http:\/\/www.vuosiamaailmalla.fi\/blog\/2012\/retki-seattleen\/\">nelj\u00e4s matka kaupunkiin<\/a> ja matkan ideana toimi elokuvateattereissa paraikaa py\u00f6riv\u00e4 tieteiselokuva <em>Interstellar<\/em>, jonka k\u00e4vimme katsomassa harvinaisena <a title=\"Interstellar 15\/70mm IMAX\" href=\"http:\/\/www.vuosiamaailmalla.fi\/blog\/2014\/interstellar-1570mm-imax\/\">70 millimetrin IMAX-versiona<\/a> j\u00e4ttim\u00e4iselt\u00e4 elokuvakankaalta.<\/p>\n<p style=\"text-align: justify;\">Ennen elokuvan alkua py\u00f6rimme hetken aikaa teatteria ymp\u00e4r\u00f6iv\u00e4ll\u00e4 <em>Pacific Science Centerin<\/em> alueella, jossa sijaitsee my\u00f6s kaupungin <a title=\"Ensimm\u00e4ist\u00e4 kertaa Seattlessa\" href=\"http:\/\/www.vuosiamaailmalla.fi\/blog\/2012\/ensimmaista-kertaa-seattlessa\/\">kuuluisa n\u00e4k\u00f6alatorni<\/a> <em>Space Needle<\/em>. T\u00e4ll\u00e4 kertaa emme kiivenneet 184 metri\u00e4 korkeaan torniin ihailemaan sielt\u00e4 aukeavia maisemia ja keskityimmekin l\u00e4hinn\u00e4 ihailemaan sit\u00e4 alhaalta k\u00e4sin.<\/p>\n<p style=\"text-align: center;\"><a href=\"\/blog\/wp-content\/uploads\/2014\/space_needlen_ymparysta3.jpg\"><img decoding=\"async\" src=\"\/blog\/wp-content\/uploads\/2014\/thumbs\/thumbs_space_needlen_ymparysta3.jpg\" \/><\/a><a href=\"\/blog\/wp-content\/uploads\/2014\/space_needlen_ymparysta1.jpg\"><img decoding=\"async\" src=\"\/blog\/wp-content\/uploads\/2014\/thumbs\/thumbs_space_needlen_ymparysta1.jpg\" \/><\/a><a href=\"\/blog\/wp-content\/uploads\/2014\/space_needlen_ymparysta2.jpg\"><img decoding=\"async\" src=\"\/blog\/wp-content\/uploads\/2014\/thumbs\/thumbs_space_needlen_ymparysta2.jpg\" \/><\/a><\/p>\n<p style=\"text-align: center;\"><em>Leffateatterin l\u00e4hialuetta<\/em><\/p>\n<p style=\"text-align: center;\"><a href=\"\/blog\/wp-content\/uploads\/2014\/syksyisessa_seattlessa1.jpg\"><img decoding=\"async\" src=\"\/blog\/wp-content\/uploads\/2014\/thumbs\/thumbs_syksyisessa_seattlessa1.jpg\" \/><\/a><a href=\"\/blog\/wp-content\/uploads\/2014\/syksyisessa_seattlessa2.jpg\"><img decoding=\"async\" src=\"\/blog\/wp-content\/uploads\/2014\/thumbs\/thumbs_syksyisessa_seattlessa2.jpg\" \/><\/a><\/p>\n<p style=\"text-align: center;\"><em>Seattlen kuuluisa avaruusneula<\/em><\/p>\n<p style=\"text-align: justify;\">Maisemia meille tarjosi hotellihuoneemme <em>Marriott Renaissancessa,<\/em> jonka eritt\u00e4in likaisista ikkunoista aukeni hieno ydinkeskustan maisema. Maisemaa ei riit\u00e4 kuitenkaan en\u00e4\u00e4 pitk\u00e4\u00e4n, sill\u00e4 aivan rakennuksen eteen on jo alettu rakentaamaan uutta 162-metrist\u00e4 <em>Madison Centre<\/em> nimist\u00e4 pilvenpiirt\u00e4j\u00e4\u00e4, joka tulee peitt\u00e4m\u00e4\u00e4n koko maiseman. Nyt n\u00e4kym\u00e4\u00e4 kelpasi kuitenkin viel\u00e4 ihailla ja esimerkiksi Seattlen keskustakirjasto n\u00e4ytti mielenkiintoisalta yl\u00e4puolelta n\u00e4htyn\u00e4.<\/p>\n<p style=\"text-align: center;\"><a href=\"\/blog\/wp-content\/uploads\/2014\/seattlen_keskustahotellin_maisema2.jpg\"><img decoding=\"async\" src=\"\/blog\/wp-content\/uploads\/2014\/seattlen_keskustahotellin_maisema2.jpg\" \/><\/a><\/p>\n<p style=\"text-align: center;\"><em>Smith Tower ja Seattlen satama<\/em><\/p>\n<p style=\"text-align: center;\"><a href=\"\/blog\/wp-content\/uploads\/2014\/seattlen_keskustahotellin_maisema1.jpg\"><img decoding=\"async\" src=\"\/blog\/wp-content\/uploads\/2014\/thumbs\/thumbs_seattlen_keskustahotellin_maisema1.jpg\" \/><\/a><a href=\"\/blog\/wp-content\/uploads\/2014\/seattlen_keskustahotellin_maisema3.jpg\"><img decoding=\"async\" src=\"\/blog\/wp-content\/uploads\/2014\/thumbs\/thumbs_seattlen_keskustahotellin_maisema3.jpg\" \/><\/a><a href=\"\/blog\/wp-content\/uploads\/2014\/seattlen_keskustahotellin_maisema4.jpg\"><img decoding=\"async\" src=\"\/blog\/wp-content\/uploads\/2014\/thumbs\/thumbs_seattlen_keskustahotellin_maisema4.jpg\" \/><\/a><\/p>\n<p style=\"text-align: center;\"><em>Hotellihuoneen maisema<\/em><\/p>\n<p style=\"text-align: justify;\">Interstellar oli p\u00e4iv\u00e4n\u00e4yt\u00f6s, joten meill\u00e4 oli iltap\u00e4iv\u00e4st\u00e4 viel\u00e4 aikaa tutkia Seattlea. P\u00e4\u00e4timmekin ajaa hieman ydinkeskustasta pohjoiseen sijaitsevalle Fremontin alueelle, joka tunnetaan eritt\u00e4in hipsterin\u00e4 vastakulttuurin alueena. Nykyisin Fremont on voimakkaasti gentrifioitunut, mihin on vaikuttanut vuonna 2006 alueelle toimiston avanneen <a title=\"Vaihtoehto Googlelle\" href=\"http:\/\/www.vuosiamaailmalla.fi\/blog\/2015\/vaihtoehto-googlelle\/\"><em>Googlen<\/em><\/a> saapuminen. Sen per\u00e4st\u00e4 alueelle on muuttanut muitakin teknologiayrityksi\u00e4 kuten <em>Adobe<\/em> ja seattlelainen ohjelmistoyhti\u00f6 <em>Tableau<\/em>.<\/p>\n<p style=\"text-align: justify;\">Alueen maisemaa hallitsee vuonna 1932 valmistunut 6-kaistainen <em>Aurora Bridge<\/em> joka muodostaa yhdess\u00e4 hieman idemp\u00e4n\u00e4 sijaitsevan 8-kaistaisen <em>Ship Canal\u00a0 Bridgen<\/em> (jota pitkin <em>Interstate 5<\/em> kulkee) kanssa merkitt\u00e4vimm\u00e4t pohjoisesta saapuvat sis\u00e4\u00e4ntulov\u00e4yl\u00e4t Seattleen. Aurora Bridgell\u00e4 on alituskorkeutta per\u00e4ti 51 metri\u00e4, mink\u00e4 vuoksi silta n\u00e4kyykin kauas. Korkeutensa vuoksi se on my\u00f6s suosittu itsemurhapaikka ja sillalta on vuosien saatossa sy\u00f6ksynyt kuolemaansa yli viisikymment\u00e4 ihmist\u00e4.<\/p>\n<p style=\"text-align: center;\"><a href=\"\/blog\/wp-content\/uploads\/2014\/fremontin_silta.jpg\"><img decoding=\"async\" src=\"\/blog\/wp-content\/uploads\/2014\/fremontin_silta.jpg\" \/><\/a><\/p>\n<p style=\"text-align: center;\"><em>Pitk\u00e4 ja korkea Aurora Bridge<\/em><\/p>\n<p style=\"text-align: justify;\">Vilkasliikenteisen sillan alapuolella on kuitenkin yll\u00e4tt\u00e4v\u00e4n rauhallista. Alueen yksi n\u00e4ht\u00e4vyys l\u00f6ytyy yll\u00e4tt\u00e4v\u00e4st\u00e4 paikasta sillan pohjoisp\u00e4\u00e4n juuresta, josta sijaitsee <em>Fremont Trollina<\/em> tunnettu viisi ja puolimetrinen peikkopatsas. Paikallisten artistien vuonna 1990 esittelem\u00e4 patsas painaa yli kuusi tonnia ja se pit\u00e4\u00e4 kourassaan <a title=\"Urheiluauto, kolmen t\u00e4hden illallinen ja viiden t\u00e4hden y\u00f6\" href=\"http:\/\/www.vuosiamaailmalla.fi\/blog\/2011\/urheiluauto-kolmen-tahden-illallinen-ja-viiden-tahden-yo\/\">kuplavolkkaria<\/a>. Veistos on suosittu paikka ottaa valokuva ja vuoroaan saakin viikonloppuisin odottaa hetkisen.<\/p>\n<p style=\"text-align: center;\"><a href=\"\/blog\/wp-content\/uploads\/2014\/fremontin_peikko3.jpg\"><img decoding=\"async\" src=\"\/blog\/wp-content\/uploads\/2014\/thumbs\/thumbs_fremontin_peikko3.jpg\" \/><\/a><a href=\"\/blog\/wp-content\/uploads\/2014\/fremontin_peikko2.jpg\"><img decoding=\"async\" src=\"\/blog\/wp-content\/uploads\/2014\/thumbs\/thumbs_fremontin_peikko2.jpg\" \/><\/a><a href=\"\/blog\/wp-content\/uploads\/2014\/fremontin_peikko1.jpg\"><img decoding=\"async\" src=\"\/blog\/wp-content\/uploads\/2014\/thumbs\/thumbs_fremontin_peikko1.jpg\" \/><\/a><\/p>\n<p style=\"text-align: center;\"><em>Hauska Fremont Troll<\/em><\/p>\n<p style=\"text-align: justify;\">Iltamme p\u00e4\u00e4ttyi lopulta herkuttelemaan Fremontin alueella sijaitsevalla <em>Tilth<\/em> hienostoravintolalla. Tavalliseen omakotitaloon rakennetun ravintolan ruokalistalta l\u00f6ytyi useampikin eri maistelumenu, joista p\u00e4\u00e4dyimme seurueemme kesken valitsemaan hieman erikoisemman kahdeksan ruokalajin vegaanin maistelumenun.<\/p>\n<p style=\"text-align: center;\"><a href=\"\/blog\/wp-content\/uploads\/2014\/tilth_ravintola1.jpg\"><img decoding=\"async\" src=\"\/blog\/wp-content\/uploads\/2014\/thumbs\/thumbs_tilth_ravintola1.jpg\" \/><\/a><a href=\"\/blog\/wp-content\/uploads\/2014\/tilth_ravintola2.jpg\"><img decoding=\"async\" src=\"\/blog\/wp-content\/uploads\/2014\/thumbs\/thumbs_tilth_ravintola2.jpg\" \/><\/a><a href=\"\/blog\/wp-content\/uploads\/2014\/tilth_ravintola3.jpg\"><img decoding=\"async\" src=\"\/blog\/wp-content\/uploads\/2014\/thumbs\/thumbs_tilth_ravintola3.jpg\" \/><\/a><\/p>\n<p style=\"text-align: center;\"><em>Hienostoravintola Tilth<\/em><\/p>\n<p style=\"text-align: justify;\">Vaikka olenkin liharuoan suuri yst\u00e4v\u00e4, kiehtoi meit\u00e4 kokeilla laadukkaasti valmistettu vegaanimenu, joka onnistuikin yll\u00e4tt\u00e4m\u00e4\u00e4n meid\u00e4t monessa kohtaa. Kokin tervehdyksen j\u00e4lkeen meille esimerkiksi tarjoiltiin maukas omena- ja sellerikeittoa, jota seurasi eritt\u00e4in tuore salaatti. T\u00e4m\u00e4n per\u00e4\u00e4n tarjoiltiin muutama pieni napostelulautanen sek\u00e4 mascarpone-juustolla t\u00e4ydennetty risotto herkullisilla oliiveilla.<\/p>\n<p style=\"text-align: center;\"><a href=\"\/blog\/wp-content\/uploads\/2014\/tilth_ruoka1.jpg\"><img decoding=\"async\" src=\"\/blog\/wp-content\/uploads\/2014\/thumbs\/thumbs_tilth_ruoka1.jpg\" \/><\/a><a href=\"\/blog\/wp-content\/uploads\/2014\/tilth_ruoka2.jpg\"><img decoding=\"async\" src=\"\/blog\/wp-content\/uploads\/2014\/thumbs\/thumbs_tilth_ruoka2.jpg\" \/><\/a><a href=\"\/blog\/wp-content\/uploads\/2014\/tilth_ruoka3.jpg\"><img decoding=\"async\" src=\"\/blog\/wp-content\/uploads\/2014\/thumbs\/thumbs_tilth_ruoka3.jpg\" \/><\/a><br \/>\n<a href=\"\/blog\/wp-content\/uploads\/2014\/tilth_ruoka4.jpg\"><img decoding=\"async\" src=\"\/blog\/wp-content\/uploads\/2014\/thumbs\/thumbs_tilth_ruoka4.jpg\" \/><\/a><a href=\"\/blog\/wp-content\/uploads\/2014\/tilth_ruoka5.jpg\"><img decoding=\"async\" src=\"\/blog\/wp-content\/uploads\/2014\/thumbs\/thumbs_tilth_ruoka5.jpg\" \/><\/a><a href=\"\/blog\/wp-content\/uploads\/2014\/tilth_ruoka6.jpg\"><img decoding=\"async\" src=\"\/blog\/wp-content\/uploads\/2014\/thumbs\/thumbs_tilth_ruoka6.jpg\" \/><\/a><\/p>\n<p style=\"text-align: center;\"><em>Monipuolisia alkupaloja<\/em><\/p>\n<p style=\"text-align: justify;\">P\u00e4\u00e4ruokana menuun kuului ensimm\u00e4iseksi kuningasoistereita italialaisen polentan kanssa. Seuraavassa annoksessa saimme nauttia hyv\u00e4ll\u00e4 kastikkeella kuorrutetusta t\u00e4pl\u00e4ravusta, jota seurasi viel\u00e4 vegaanimenun ulkopuolelta joukkoon lis\u00e4tty puoliraa&#8217;aksi paistettu h\u00e4r\u00e4nfilee.<\/p>\n<p style=\"text-align: center;\"><a href=\"\/blog\/wp-content\/uploads\/2014\/tilth_ruoka7.jpg\"><img decoding=\"async\" src=\"\/blog\/wp-content\/uploads\/2014\/thumbs\/thumbs_tilth_ruoka7.jpg\" \/><\/a><a href=\"\/blog\/wp-content\/uploads\/2014\/tilth_ruoka8.jpg\"><img decoding=\"async\" src=\"\/blog\/wp-content\/uploads\/2014\/thumbs\/thumbs_tilth_ruoka8.jpg\" \/><\/a><br \/>\n<a href=\"\/blog\/wp-content\/uploads\/2014\/tilth_ruoka9.jpg\"><img decoding=\"async\" src=\"\/blog\/wp-content\/uploads\/2014\/thumbs\/thumbs_tilth_ruoka9.jpg\" \/><\/a><a href=\"\/blog\/wp-content\/uploads\/2014\/tilth_ruoka10.jpg\"><img decoding=\"async\" src=\"\/blog\/wp-content\/uploads\/2014\/thumbs\/thumbs_tilth_ruoka10.jpg\" \/><\/a><\/p>\n<p style=\"text-align: center;\"><em>P\u00e4\u00e4ruoan erilaisia annoksia<\/em><\/p>\n<p style=\"text-align: justify;\">Illan p\u00e4\u00e4tti laaja j\u00e4lkiruokakattaus, johon kuului niin kurpitsapannukaku, herkullinen juustolautanen sek\u00e4 suklaaganache kookoskermalla ja pienell\u00e4 suklaakeksill\u00e4. Ateria oli kaiken kaikkiaan eritt\u00e4in kattava ja ruokanautintoa kesti per\u00e4ti kolmen tunnin ajan.<\/p>\n<p style=\"text-align: center;\"><a href=\"\/blog\/wp-content\/uploads\/2014\/tilth_ruoka11.jpg\"><img decoding=\"async\" src=\"\/blog\/wp-content\/uploads\/2014\/thumbs\/thumbs_tilth_ruoka11.jpg\" \/><\/a><a href=\"\/blog\/wp-content\/uploads\/2014\/tilth_ruoka12.jpg\"><img decoding=\"async\" src=\"\/blog\/wp-content\/uploads\/2014\/thumbs\/thumbs_tilth_ruoka12.jpg\" \/><\/a><a href=\"\/blog\/wp-content\/uploads\/2014\/tilth_ruoka13.jpg\"><img decoding=\"async\" src=\"\/blog\/wp-content\/uploads\/2014\/thumbs\/thumbs_tilth_ruoka13.jpg\" \/><\/a><\/p>\n<p style=\"text-align: center;\"><em>Monipuolinen j\u00e4lkiruokakattaus<\/em><\/p>\n<p style=\"text-align: justify;\">Kyll\u00e4isin\u00e4 siirryimme hotellille nukkumaan ja seuraavana p\u00e4iv\u00e4n\u00e4 ajoimme takaisin kotiin. Lyhyt ja ainoastaan p\u00e4iv\u00e4n mittainen matkamme Seattleen ehtikin k\u00e4sitt\u00e4\u00e4 monenlaista teht\u00e4v\u00e4\u00e4 ja n\u00e4ht\u00e4v\u00e4\u00e4 <a title=\"El\u00e4m\u00e4\u00e4 suurempi T\u00e4htien Sota\" href=\"http:\/\/www.vuosiamaailmalla.fi\/blog\/2016\/elamaa-suurempi-tahtien-sota\/\">elokuvael\u00e4myksen<\/a> lis\u00e4ksi ja meille j\u00e4ikin reissustamme hyv\u00e4 ja positiivinen mieli, sek\u00e4 halu palata kaupunkiin pian taas uudelleen.<\/p>\n","protected":false},"excerpt":{"rendered":"<p>Meill\u00e4 on riitt\u00e4nyt viime vuosina runsaasti seuraa, kun aiemmin Berliiniss\u00e4 kanssamme ty\u00f6skennellyt tuttumme saapuu usein ty\u00f6matkalle Vancouveriin. Viimeisin visiitti oli kaksi viikkoa sitten, kun jo tuttu vieras saapui viimeisimm\u00e4lle ty\u00f6matkalleen. Vieraamme kanssa onkin tullut n\u00e4hty\u00e4 runsaasti paikkoja ja olemmekin esimerkiksi ajaneet rannikovuorten ymp\u00e4ri ja vaeltaneet Vancouverin l\u00e4hivuorilla.<\/p>\n","protected":false},"author":1,"featured_media":11228,"comment_status":"open","ping_status":"open","sticky":false,"template":"","format":"standard","meta":{"_jetpack_memberships_contains_paid_content":false,"footnotes":""},"categories":[17,3,7,774,775,890],"tags":[1567,727,934,1569,1593,1424,935,936,193,1250,945,612,1570,725,1743,1571,11],"class_list":["post-11227","post","type-post","status-publish","format-standard","has-post-thumbnail","hentry","category-arki-kanadassa","category-arki-ulkomailla","category-matkakertomukset","category-ulkoilu","category-vaellus-ulkoilu","category-yhdysvallat","tag-bridal-veil-falls","tag-capilano-suspension-bridge","tag-fine-dining","tag-fremont-troll","tag-geokatkoily","tag-harrison-hot-springs","tag-kanada","tag-ravintolat","tag-seattle","tag-shannon-falls","tag-space-needle","tag-squamish","tag-tilth","tag-vierailu","tag-washington-osavaltio","tag-whippoorwill-point-trail","tag-matkakertomukset-yhdysvallat"],"jetpack_featured_media_url":"https:\/\/www.vuosiamaailmalla.fi\/blog\/wp-content\/uploads\/seattlen_keskustahotellin_maisema_banner.jpg","jetpack_sharing_enabled":true,"_links":{"self":[{"href":"https:\/\/www.vuosiamaailmalla.fi\/blog\/wp-json\/wp\/v2\/posts\/11227","targetHints":{"allow":["GET"]}}],"collection":[{"href":"https:\/\/www.vuosiamaailmalla.fi\/blog\/wp-json\/wp\/v2\/posts"}],"about":[{"href":"https:\/\/www.vuosiamaailmalla.fi\/blog\/wp-json\/wp\/v2\/types\/post"}],"author":[{"embeddable":true,"href":"https:\/\/www.vuosiamaailmalla.fi\/blog\/wp-json\/wp\/v2\/users\/1"}],"replies":[{"embeddable":true,"href":"https:\/\/www.vuosiamaailmalla.fi\/blog\/wp-json\/wp\/v2\/comments?post=11227"}],"version-history":[{"count":4,"href":"https:\/\/www.vuosiamaailmalla.fi\/blog\/wp-json\/wp\/v2\/posts\/11227\/revisions"}],"predecessor-version":[{"id":12070,"href":"https:\/\/www.vuosiamaailmalla.fi\/blog\/wp-json\/wp\/v2\/posts\/11227\/revisions\/12070"}],"wp:featuredmedia":[{"embeddable":true,"href":"https:\/\/www.vuosiamaailmalla.fi\/blog\/wp-json\/wp\/v2\/media\/11228"}],"wp:attachment":[{"href":"https:\/\/www.vuosiamaailmalla.fi\/blog\/wp-json\/wp\/v2\/media?parent=11227"}],"wp:term":[{"taxonomy":"category","embeddable":true,"href":"https:\/\/www.vuosiamaailmalla.fi\/blog\/wp-json\/wp\/v2\/categories?post=11227"},{"taxonomy":"post_tag","embeddable":true,"href":"https:\/\/www.vuosiamaailmalla.fi\/blog\/wp-json\/wp\/v2\/tags?post=11227"}],"curies":[{"name":"wp","href":"https:\/\/api.w.org\/{rel}","templated":true}]}}