{"id":11255,"date":"2021-01-21T11:37:49","date_gmt":"2021-01-21T19:37:49","guid":{"rendered":"http:\/\/www.vuosiamaailmalla.fi\/blog\/?p=11255"},"modified":"2022-01-23T21:26:36","modified_gmt":"2022-01-24T05:26:36","slug":"yhdeksan-vuotta-kanadassa","status":"publish","type":"post","link":"https:\/\/www.vuosiamaailmalla.fi\/blog\/2021\/yhdeksan-vuotta-kanadassa\/","title":{"rendered":"Yhdeks\u00e4n vuotta Kanadassa"},"content":{"rendered":"<p style=\"text-align: justify;\">\u00c4skett\u00e4in p\u00e4\u00e4ttynyt vuosi 2020 oli kyll\u00e4 t\u00e4ysin odottamaton ja kun katselen vuodentakaista kirjoitustani <a title=\"Kahdeksan vuotta Kanadassa\" href=\"http:\/\/www.vuosiamaailmalla.fi\/blog\/2020\/kahdeksan-vuotta-kanadassa\/\">kahdeksannesta vuodestamme<\/a> Kanadassa, en voi kuin h\u00e4mm\u00e4stell\u00e4 miten tiet\u00e4m\u00e4tt\u00f6mi\u00e4 kaikki olivat viel\u00e4 tuolloin tulevan vuoden tapahtumista. Suunnitelmissa oli viel\u00e4 tuolloin matkoja ja normaalia arkiel\u00e4m\u00e4\u00e4, mik\u00e4 kaikki peruuntuisi vuoden mittaan.<\/p>\n<p><!--more--><\/p>\n<p style=\"text-align: justify;\">Ennen koronahullutusta, ehdimme kuitenkin t\u00e4p\u00e4r\u00e4sti k\u00e4ym\u00e4\u00e4n upealla <a title=\"T\u00e4ydellinen lasketteluloma Coloradossa\" href=\"http:\/\/www.vuosiamaailmalla.fi\/blog\/2020\/taydellinen-lasketteluloma-coloradossa\/\">laskettelumatkalla Coloradossa<\/a>. Epidemian l\u00e4hestyminen oli kyll\u00e4 jo tuolloin ihmisten puheissa ja tartuntoja tilastoitiin runsaasti my\u00f6s laskettelukeskuksissa, mutta onneksi selvisimme matkasta vain upeat muistot tuliaisinamme.<\/p>\n<p style=\"text-align: center;\"><a href=\"\/blog\/wp-content\/uploads\/2020\/keystone_panoraama2.jpg\"><img decoding=\"async\" src=\"\/blog\/wp-content\/uploads\/2020\/keystone_panoraama2_pieni.jpg\" \/><\/a><\/p>\n<p style=\"text-align: center;\"><em>Coloradossa laskettiin ennen koronaa<\/em><\/p>\n<p style=\"text-align: justify;\">P\u00e4\u00e4si\u00e4iseksi suunniteltu Seattlen matkamme kuitenkin peruuntui ja vuoden toinen matka oli <a title=\"Puolieristyksiss\u00e4 kev\u00e4\u00e4n keskell\u00e4\" href=\"http:\/\/www.vuosiamaailmalla.fi\/blog\/2020\/puolieristyksissa-kevaan-keskella\/\">koronarajoitusten<\/a> v\u00e4liss\u00e4 tehty automatka <a title=\"Kes\u00e4lomamatkalla koronan keskell\u00e4\" href=\"http:\/\/www.vuosiamaailmalla.fi\/blog\/2020\/kesalomamatkalla-koronan-keskella\/\">pohjoiseen British Columbiaan<\/a>, jonka <a title=\"Pohjoisen buumikaupunki Kitimat\" href=\"http:\/\/www.vuosiamaailmalla.fi\/blog\/2020\/pohjoisen-buumikaupunki-kitimat\/\">pienet kyl\u00e4t<\/a> ja <a title=\"Kanadan sateisin kaupunki Prince Rupert\" href=\"http:\/\/www.vuosiamaailmalla.fi\/blog\/2020\/kanadan-sateisin-kaupunki-prince-rupert\/\">vuoristomaisemat<\/a> tekiv\u00e4t meihin vaikutuksen hieman huonosta kelist\u00e4 huolimatta. Syksyyn puristimme viel\u00e4 rentouttavan lomaviikon aina yht\u00e4 ihanassa Tofinossa.<\/p>\n<p style=\"text-align: center;\"><a href=\"\/blog\/wp-content\/uploads\/2020\/hazeltonin_intiaanikyla1.jpg\"><img decoding=\"async\" src=\"\/blog\/wp-content\/uploads\/2020\/thumbs\/thumbs_hazeltonin_intiaanikyla1.jpg\" \/><\/a><a href=\"\/blog\/wp-content\/uploads\/2020\/kitimatin_suurin_puu.jpg\"><img decoding=\"async\" src=\"\/blog\/wp-content\/uploads\/2020\/thumbs\/thumbs_kitimatin_suurin_puu.jpg\" \/><\/a><a href=\"\/blog\/wp-content\/uploads\/2020\/hagwilget_bridge5.jpg\"><img decoding=\"async\" src=\"\/blog\/wp-content\/uploads\/2020\/thumbs\/thumbs_hagwilget_bridge5.jpg\" \/><\/a><\/p>\n<p style=\"text-align: center;\"><em>Pohjoisessa piisasi er\u00e4maisemia<\/em><\/p>\n<p style=\"text-align: center;\"><a href=\"\/blog\/wp-content\/uploads\/2020\/lakelse_lake_panoraama.jpg\"><img decoding=\"async\" src=\"\/blog\/wp-content\/uploads\/2020\/lakelse_lake_panoraama_pieni.jpg\" \/><\/a><\/p>\n<p style=\"text-align: center;\"><em>Leirint\u00e4\u00e4 n\u00e4iss\u00e4 maisemissa<\/em><\/p>\n<p style=\"text-align: justify;\">Loppukes\u00e4n aikana ja erityisesti <a title=\"Toinen aalto\" href=\"http:\/\/www.vuosiamaailmalla.fi\/blog\/2020\/toinen-aalto\/\">syksyyn tultaessa<\/a> epidemia pahentui j\u00e4lleen ja hylk\u00e4simmekin toivon tulevasta laskettelukaudesta, mik\u00e4 on ensimm\u00e4inen kerta koko Kanadassa asuttuna aikana. Pienesti harmillisesti kuluva\u00a0 kausi on ollut sangen luminen, joten ne jotka vuorille ovat uskaltautuneet, on kyll\u00e4 palkittu hyvill\u00e4 olosuhteilla.<\/p>\n<p style=\"text-align: justify;\">Vaikka vuosi 2020 olikin katastrofaalinen eri <a title=\"Kanadan ty\u00f6llisyystilanne (2020)\" href=\"http:\/\/www.vuosiamaailmalla.fi\/blog\/2020\/kanadan-tyollisyystilanne-2020\/\">maiden talouksille<\/a>, oli se kuitenkin henkil\u00f6kohtaisesti hyvien uutisten vuosi. J\u00e4tin hein\u00e4kuussa videopelikehityksen taakseni ja siirryin uusiin johtoteht\u00e4viin toisessa firmassa, jonka haasteet ovat pit\u00e4neet minut kiireisen\u00e4 koko loppuvuoden. Ty\u00f6kuviot jatkuvat mielenkiintoisina my\u00f6s t\u00e4n\u00e4 vuonna, joten epidemiavuosi ei ollut huono aivan kaikessa.<\/p>\n<p style=\"text-align: center;\"><a href=\"\/blog\/wp-content\/uploads\/2020\/tyollisten_maara_2020.jpg\"><img decoding=\"async\" src=\"\/blog\/wp-content\/uploads\/2020\/tyollisten_maara_2020.jpg\" \/><\/a><\/p>\n<p style=\"text-align: center;\"><em>Talous otti t\u00e4n\u00e4 vuonna osumaa<\/em><\/p>\n<p style=\"text-align: justify;\">Syksyn ehdoton kohokohta oli <a title=\"Huikea 2021 BMW X3M Competition\" href=\"http:\/\/www.vuosiamaailmalla.fi\/blog\/2020\/huikea-2021-bmw-x3m-competition\/\">uuden urheiluautomme<\/a> saapuminen. Uusi auto tilattiin jo kes\u00e4kuun lopulla, mutta sen saapuminen suoraan tehtaalta kesti syyskuuhun asti. Uuden auton ratissa onkin ollut mahtavaa, joskin koronarajoitusten vuoksi kilometrej\u00e4 ei ole kertynyt ensimm\u00e4isten nelj\u00e4n kuukauden aikana kuin alle 3000. T\u00e4m\u00e4n ansiosta auto onkin s\u00e4ilytt\u00e4nyt uutuudentunteensa ja t\u00e4m\u00e4n vuoden aikana kilometrej\u00e4 karttunee j\u00e4lleen.<\/p>\n<p style=\"text-align: center;\"><a href=\"\/blog\/wp-content\/uploads\/2020\/bmw_x3m_competition_ensiajolla2.jpg\"><img decoding=\"async\" src=\"\/blog\/wp-content\/uploads\/2020\/bmw_x3m_competition_ensiajolla2.jpg\" \/><\/a><\/p>\n<p style=\"text-align: center;\"><em>Uudella autolla kelpaa ajella<\/em><\/p>\n<p style=\"text-align: justify;\">Vuotemme piti alun perin p\u00e4\u00e4tty\u00e4 perinteiseen tapaan <a title=\"Joululoma nostalgisissa merkeiss\u00e4\" href=\"http:\/\/www.vuosiamaailmalla.fi\/blog\/2020\/joululoma-nostalgisissa-merkeissa\/\">jouluun Suomessa<\/a>, mutta vietimmekin sen sijaan toista kertaa <a title=\"Joulu pandemian keskell\u00e4\" href=\"http:\/\/www.vuosiamaailmalla.fi\/blog\/2020\/joulu-pandemian-keskella\/\">joulua kotosalla<\/a>. Pitk\u00e4 per\u00e4ti 16 p\u00e4iv\u00e4n joululoma oli mit\u00e4 mahtavin ja tarjosi mahdollisuuden kirjoittaa runsaasti blogia sek\u00e4 siirt\u00e4\u00e4 se my\u00f6s <a title=\"Blogin viides sukupolvi\" href=\"http:\/\/www.vuosiamaailmalla.fi\/blog\/2021\/blogin-viides-sukupolvi-5-0\/\">uudelle alustalle<\/a>, mik\u00e4 ilahduttaa minua viel\u00e4kin.<\/p>\n<p style=\"text-align: center;\"><a href=\"\/blog\/wp-content\/uploads\/2020\/joulukuusi_paikallaan2.jpg\"><img decoding=\"async\" src=\"\/blog\/wp-content\/uploads\/2020\/thumbs\/thumbs_joulukuusi_paikallaan2.jpg\" \/><\/a><a href=\"\/blog\/wp-content\/uploads\/2020\/pipareiden_leivontaa2.jpg\"><img decoding=\"async\" src=\"\/blog\/wp-content\/uploads\/2020\/thumbs\/thumbs_pipareiden_leivontaa2.jpg\" \/><\/a><a href=\"\/blog\/wp-content\/uploads\/2020\/joulupoyta1.jpg\"><img decoding=\"async\" src=\"\/blog\/wp-content\/uploads\/2020\/thumbs\/thumbs_joulupoyta1.jpg\" \/><\/a><\/p>\n<p style=\"text-align: center;\"><em>Toinen joulu Kanadassa<\/em><\/p>\n<p style=\"text-align: justify;\">N\u00e4in lueteltuna yhdeks\u00e4nteen Kanadan vuoteemme mahtui kaikesta huolimatta monenlaista, mutta kokonaisuutena vuosi oli ennalta-arvaamaton ja hyvin erilainen kuin <a title=\"Kahdeksan vuotta Kanadassa\" href=\"https:\/\/www.vuosiamaailmalla.fi\/blog\/2020\/kahdeksan-vuotta-kanadassa\/\">vuosi sitten<\/a> aavistelin. Nyt alkava <a title=\"El\u00e4m\u00e4nt\u00e4yteiset 10 vuotta Kanadassa\" href=\"https:\/\/www.vuosiamaailmalla.fi\/blog\/2022\/elamantayteiset-10-vuotta-kanadassa\/\">kymmenes vuosi Kanadassa<\/a> tulee kuitenkin olemaan melkoinen merkkivuosi, sill\u00e4 se on samalla my\u00f6s <a title=\"15 vuotta maailmalla\" href=\"https:\/\/www.vuosiamaailmalla.fi\/blog\/2021\/15-vuotta-maailmalla\/\">viidestoista vuotemme maailmalla<\/a> ja se jos mik\u00e4 on pitk\u00e4 aika!<\/p>\n<p style=\"text-align: justify;\">Ennalta tied\u00e4mme jo ett\u00e4 tuleva vuosi tulee <a title=\"Iloisia perheuutisia!\" href=\"https:\/\/www.vuosiamaailmalla.fi\/blog\/2021\/iloisia-perheuutisia\/\">muuttamaan el\u00e4m\u00e4\u00e4mme merkitt\u00e4v\u00e4sti<\/a> ja toivottavasti p\u00e4\u00e4semme vierailemaan vuoden aikana j\u00e4lleen my\u00f6s kotopuolessa. Epidemia hallinnee ainakin vuoden ensimm\u00e4ist\u00e4 puoliskoa ja <a title=\"Uuden el\u00e4m\u00e4n alku\" href=\"https:\/\/www.vuosiamaailmalla.fi\/blog\/2021\/uuden-elaman-alku\/\">tytt\u00e4remme syntym\u00e4<\/a> j\u00e4lkimm\u00e4ist\u00e4. N\u00e4iden kahden tuntemattoman asian edess\u00e4 j\u00e4t\u00e4nkin suuremmat arvailut sikseen ja tarkastelen tapahtunutta j\u00e4lleen vuoden p\u00e4\u00e4st\u00e4 uudelleen.<\/p>\n","protected":false},"excerpt":{"rendered":"<p>\u00c4skett\u00e4in p\u00e4\u00e4ttynyt vuosi 2020 oli kyll\u00e4 t\u00e4ysin odottamaton ja kun katselen vuodentakaista kirjoitustani kahdeksannesta vuodestamme Kanadassa, en voi kuin h\u00e4mm\u00e4stell\u00e4 miten tiet\u00e4m\u00e4tt\u00f6mi\u00e4 kaikki olivat viel\u00e4 tuolloin tulevan vuoden tapahtumista. Suunnitelmissa oli viel\u00e4 tuolloin matkoja ja normaalia arkiel\u00e4m\u00e4\u00e4, mik\u00e4 kaikki peruuntuisi vuoden mittaan.<\/p>\n","protected":false},"author":1,"featured_media":11909,"comment_status":"open","ping_status":"open","sticky":false,"template":"","format":"standard","meta":{"_jetpack_memberships_contains_paid_content":false,"footnotes":""},"categories":[17,3,4],"tags":[34,935],"class_list":["post-11255","post","type-post","status-publish","format-standard","has-post-thumbnail","hentry","category-arki-kanadassa","category-arki-ulkomailla","category-asuminen-kanadassa","tag-arki","tag-kanada"],"jetpack_featured_media_url":"https:\/\/www.vuosiamaailmalla.fi\/blog\/wp-content\/uploads\/kanadan_lippu_banner-1.jpg","jetpack_sharing_enabled":true,"_links":{"self":[{"href":"https:\/\/www.vuosiamaailmalla.fi\/blog\/wp-json\/wp\/v2\/posts\/11255","targetHints":{"allow":["GET"]}}],"collection":[{"href":"https:\/\/www.vuosiamaailmalla.fi\/blog\/wp-json\/wp\/v2\/posts"}],"about":[{"href":"https:\/\/www.vuosiamaailmalla.fi\/blog\/wp-json\/wp\/v2\/types\/post"}],"author":[{"embeddable":true,"href":"https:\/\/www.vuosiamaailmalla.fi\/blog\/wp-json\/wp\/v2\/users\/1"}],"replies":[{"embeddable":true,"href":"https:\/\/www.vuosiamaailmalla.fi\/blog\/wp-json\/wp\/v2\/comments?post=11255"}],"version-history":[{"count":6,"href":"https:\/\/www.vuosiamaailmalla.fi\/blog\/wp-json\/wp\/v2\/posts\/11255\/revisions"}],"predecessor-version":[{"id":12636,"href":"https:\/\/www.vuosiamaailmalla.fi\/blog\/wp-json\/wp\/v2\/posts\/11255\/revisions\/12636"}],"wp:featuredmedia":[{"embeddable":true,"href":"https:\/\/www.vuosiamaailmalla.fi\/blog\/wp-json\/wp\/v2\/media\/11909"}],"wp:attachment":[{"href":"https:\/\/www.vuosiamaailmalla.fi\/blog\/wp-json\/wp\/v2\/media?parent=11255"}],"wp:term":[{"taxonomy":"category","embeddable":true,"href":"https:\/\/www.vuosiamaailmalla.fi\/blog\/wp-json\/wp\/v2\/categories?post=11255"},{"taxonomy":"post_tag","embeddable":true,"href":"https:\/\/www.vuosiamaailmalla.fi\/blog\/wp-json\/wp\/v2\/tags?post=11255"}],"curies":[{"name":"wp","href":"https:\/\/api.w.org\/{rel}","templated":true}]}}