{"id":1132,"date":"2012-11-08T16:00:35","date_gmt":"2012-11-09T00:00:35","guid":{"rendered":"http:\/\/13.53.127.146\/?p=1132"},"modified":"2021-02-24T19:55:34","modified_gmt":"2021-02-25T03:55:34","slug":"arkisia-aania","status":"publish","type":"post","link":"https:\/\/www.vuosiamaailmalla.fi\/blog\/2012\/arkisia-aania\/","title":{"rendered":"Arkisia \u00e4\u00e4ni\u00e4"},"content":{"rendered":"<p style=\"text-align: justify;\">Jokaisella kaupungilla on oma arkinen \u00e4\u00e4nimaailmansa, johon kaupungissa asuva tottuu aivan huomaamattaan. Yleens\u00e4 t\u00e4h\u00e4n \u00e4\u00e4nimaailmaan kuuluvat esimerkiksi hissien, autojen, julkisen liikenteen sek\u00e4 muiden laitteiden ja tekij\u00f6iden erilaiset \u00e4\u00e4net ja \u00e4\u00e4nimerkit, jotka toistuvat tarpeeksi taajaan ymp\u00e4rill\u00e4mme.<\/p>\n<p style=\"text-align: justify;\">Nyt osa Vancouverin arkista \u00e4\u00e4nimaailmaa on tallennettu videolle nimelt\u00e4 <em>&#8221;Sampled Vancouver&#8221;<\/em>. Video on amat\u00f6\u00f6rituotanto, eik\u00e4 virallinen <em>Coca-Colan<\/em> mainos, vaikka onkin melko selv\u00e4\u00e4, ett\u00e4 tekij\u00e4t toivovat <a title=\"Cokiksen alkul\u00e4hteell\u00e4 Atlantassa\" href=\"http:\/\/www.vuosiamaailmalla.fi\/blog\/2015\/cokiksen-alkulahteella-atlantassa\/\">Coca-Colan<\/a> huomaavan heid\u00e4n videonsa ja ottavan heihin yhteytt\u00e4. Vaikka mainospuoli n\u00e4kyykin kohtuullisen vahvasti, on video silti ihan hauskasti tuotettu ja paikallinen kyll\u00e4 tunnistaa siin\u00e4 tuttuja \u00e4\u00e4ni\u00e4.<\/p>\n<p style=\"text-align: center;\"><iframe loading=\"lazy\" src=\"https:\/\/www.youtube-nocookie.com\/embed\/xghE6F83gUA\" width=\"560\" height=\"315\" frameborder=\"0\"><\/iframe><\/p>\n","protected":false},"excerpt":{"rendered":"<p>Jokaisella kaupungilla on oma arkinen \u00e4\u00e4nimaailmansa, johon kaupungissa asuva tottuu aivan huomaamattaan. Yleens\u00e4 t\u00e4h\u00e4n \u00e4\u00e4nimaailmaan kuuluvat esimerkiksi hissien, autojen, julkisen liikenteen sek\u00e4 muiden laitteiden ja tekij\u00f6iden erilaiset \u00e4\u00e4net ja \u00e4\u00e4nimerkit, jotka toistuvat tarpeeksi taajaan ymp\u00e4rill\u00e4mme. Nyt osa Vancouverin arkista \u00e4\u00e4nimaailmaa on tallennettu videolle nimelt\u00e4 &#8221;Sampled Vancouver&#8221;. Video on amat\u00f6\u00f6rituotanto, eik\u00e4 virallinen Coca-Colan mainos, vaikka onkin &hellip; <a href=\"https:\/\/www.vuosiamaailmalla.fi\/blog\/2012\/arkisia-aania\/\" class=\"more-link\">Jatka lukemista<span class=\"screen-reader-text\"> &#8221;Arkisia \u00e4\u00e4ni\u00e4&#8221;<\/span><\/a><\/p>\n","protected":false},"author":1,"featured_media":0,"comment_status":"open","ping_status":"open","sticky":false,"template":"","format":"standard","meta":{"_jetpack_memberships_contains_paid_content":false,"footnotes":""},"categories":[17,3],"tags":[34,133,935,939],"class_list":["post-1132","post","type-post","status-publish","format-standard","hentry","category-arki-kanadassa","category-arki-ulkomailla","tag-arki","tag-hassua","tag-kanada","tag-vancouver"],"jetpack_featured_media_url":"","jetpack_sharing_enabled":true,"_links":{"self":[{"href":"https:\/\/www.vuosiamaailmalla.fi\/blog\/wp-json\/wp\/v2\/posts\/1132","targetHints":{"allow":["GET"]}}],"collection":[{"href":"https:\/\/www.vuosiamaailmalla.fi\/blog\/wp-json\/wp\/v2\/posts"}],"about":[{"href":"https:\/\/www.vuosiamaailmalla.fi\/blog\/wp-json\/wp\/v2\/types\/post"}],"author":[{"embeddable":true,"href":"https:\/\/www.vuosiamaailmalla.fi\/blog\/wp-json\/wp\/v2\/users\/1"}],"replies":[{"embeddable":true,"href":"https:\/\/www.vuosiamaailmalla.fi\/blog\/wp-json\/wp\/v2\/comments?post=1132"}],"version-history":[{"count":2,"href":"https:\/\/www.vuosiamaailmalla.fi\/blog\/wp-json\/wp\/v2\/posts\/1132\/revisions"}],"predecessor-version":[{"id":11886,"href":"https:\/\/www.vuosiamaailmalla.fi\/blog\/wp-json\/wp\/v2\/posts\/1132\/revisions\/11886"}],"wp:attachment":[{"href":"https:\/\/www.vuosiamaailmalla.fi\/blog\/wp-json\/wp\/v2\/media?parent=1132"}],"wp:term":[{"taxonomy":"category","embeddable":true,"href":"https:\/\/www.vuosiamaailmalla.fi\/blog\/wp-json\/wp\/v2\/categories?post=1132"},{"taxonomy":"post_tag","embeddable":true,"href":"https:\/\/www.vuosiamaailmalla.fi\/blog\/wp-json\/wp\/v2\/tags?post=1132"}],"curies":[{"name":"wp","href":"https:\/\/api.w.org\/{rel}","templated":true}]}}