{"id":1169,"date":"2010-06-21T18:03:55","date_gmt":"2010-06-22T01:03:55","guid":{"rendered":"http:\/\/13.53.127.146\/?p=1169"},"modified":"2021-06-27T11:21:21","modified_gmt":"2021-06-27T18:21:21","slug":"juhannus-saksassa","status":"publish","type":"post","link":"https:\/\/www.vuosiamaailmalla.fi\/blog\/2010\/juhannus-saksassa\/","title":{"rendered":"Juhannus Saksassa"},"content":{"rendered":"<p style=\"text-align: justify;\">T\u00e4n\u00e4\u00e4n vietet\u00e4\u00e4n kes\u00e4p\u00e4iv\u00e4nseisausta, mik\u00e4 tarkoittaa vuoden pisint\u00e4 p\u00e4iv\u00e4\u00e4 t\u00e4\u00e4ll\u00e4 pohjoisella pallonpuoliskolla. T\u00e4h\u00e4n aikaan vuodesta aurinko ei laske napapiirin pohjoispuolella lainkaan ja Etel\u00e4-Suomessakin y\u00f6 on\u00a0 lyhyt ja valkea. Saksassa t\u00e4t\u00e4 keskikes\u00e4n on paljon vaikeampi huomata, sill\u00e4 Berliininkin korkeudella ollaan sen verran Suomea etel\u00e4mp\u00e4n\u00e4, ett\u00e4 aurinko ehtii laskea ja pime\u00e4 saapua. Berliiniss\u00e4 pime\u00e4 tulee n\u00e4ihin aikoihin tuossa iltakympin maissa ja aamulla aurinko pompsahtaa yl\u00f6s jo hieman ennen viitt\u00e4. Valoisuus ei siis aiheuta Saksassa yht\u00e4 herk\u00e4sti y\u00f6tt\u00f6mi\u00e4 \u00f6it\u00e4\u00a0 kuin Suomessa.<\/p>\n<p><!--more--><\/p>\n<p style=\"text-align: justify;\">\ud83d\udca1 <em>T\u00e4m\u00e4 kirjoitus on julkaistu alunperin vuonna 2010 ja p\u00e4ivitetty kes\u00e4kuussa 2019.<\/em><\/p>\n<p style=\"text-align: justify;\">Suomessa kes\u00e4p\u00e4iv\u00e4nseisausta seuraa tietenkin keskikes\u00e4njuhla juhannus. K\u00e4site juhannuksesta (<em>Mittsommerfest<\/em>) tunnetaan kyll\u00e4 t\u00e4\u00e4ll\u00e4 Saksassakin, mutta se miellet\u00e4\u00e4n skandinaaviseksi ilmi\u00f6ksi ja valon juhlaksi. Juhannusta ei juhlitakaan Saksassa oikeastaan mitenk\u00e4\u00e4n, eik\u00e4 siit\u00e4 maanlaajuista lomakautta Suomen tapaan. Kolmen edelliskes\u00e4n perusteella en muista juhannuksesta oikeastaan mit\u00e4\u00e4n normaalista viikonlopusta poikkeavaa. Paikallisille suomalaisille juhannus toki on t\u00e4rke\u00e4\u00e4 aikaa ja monet juhlistavat viikonloppua <a title=\"Grillikausi alkoi lauantaina\" href=\"https:\/\/www.vuosiamaailmalla.fi\/?p=2315\">grillauksen<\/a> ja parin olusen merkeiss\u00e4.<\/p>\n<p style=\"text-align: center;\"><a href=\"\/blog\/wp-content\/uploads\/2010\/fete_de_la_musique.jpg\"><img decoding=\"async\" src=\"\/blog\/wp-content\/uploads\/2010\/fete_de_la_musique.jpg\" \/><\/a><\/p>\n<p style=\"text-align: center;\"><em>Fete De La Musique n\u00e4kyy ja kuuluu Berliiniss\u00e4<\/em><\/p>\n<p style=\"text-align: justify;\">Juhannukseen osuus Berliiniss\u00e4 kuitenkin monia tapahtumia, kuten kes\u00e4kuun 21. p\u00e4iv\u00e4 vietett\u00e4v\u00e4 maailmanlaajuinen <a href=\"http:\/\/www.fetedelamusique.de\/\"><em>F\u00eate de la Musique<\/em><\/a> (suom. maailman musiikkip\u00e4iv\u00e4), joka juhlistaa keskikes\u00e4\u00e4 musiikin voimin. Juhla n\u00e4kyy Berliiniss\u00e4 monin paikoin ja yksi esiintymispaikoista sijaitsee<a title=\"Historiallinen asuinkorttelimme Nikolaiviertel\" href=\"https:\/\/www.vuosiamaailmalla.fi\/?p=8515\"> asuinkorttelissamme<\/a>. Juhlalavoja on ymp\u00e4ri kaupungin ja niill\u00e4 esiintyy orkestereita pitkin p\u00e4iv\u00e4\u00e4. Tapahtumapaikkoja on yli 50 ja kaikki esitykset ovat yleis\u00f6lle ilmaisia.<\/p>\n<p style=\"text-align: justify;\">N\u00e4in ollen t\u00e4m\u00e4k\u00e4\u00e4n juhannus ei merkitse meid\u00e4n arjessamme mit\u00e4\u00e4n normaalista viikonlopusta poikkeavaa, vaikka keli onkin mukavan kes\u00e4inen. L\u00e4mp\u00f6\u00e4 on luvassa tulevalle viikolle miellytt\u00e4v\u00e4t 23-25 astetta ja tiedossa on runsaasti aurinkoisia p\u00e4ivi\u00e4. Toivon mukaan suuressa osassa Suomeakin saataisiin viett\u00e4\u00e4 juhannusta vastaavanlaisissa olosuhteissa. Hyv\u00e4\u00e4 juhannusta kaikille!<\/p>\n","protected":false},"excerpt":{"rendered":"<p>T\u00e4n\u00e4\u00e4n vietet\u00e4\u00e4n kes\u00e4p\u00e4iv\u00e4nseisausta, mik\u00e4 tarkoittaa vuoden pisint\u00e4 p\u00e4iv\u00e4\u00e4 t\u00e4\u00e4ll\u00e4 pohjoisella pallonpuoliskolla. T\u00e4h\u00e4n aikaan vuodesta aurinko ei laske napapiirin pohjoispuolella lainkaan ja Etel\u00e4-Suomessakin y\u00f6 on\u00a0 lyhyt ja valkea. Saksassa t\u00e4t\u00e4 keskikes\u00e4n on paljon vaikeampi huomata, sill\u00e4 Berliininkin korkeudella ollaan sen verran Suomea etel\u00e4mp\u00e4n\u00e4, ett\u00e4 aurinko ehtii laskea ja pime\u00e4 saapua. Berliiniss\u00e4 pime\u00e4 tulee n\u00e4ihin aikoihin tuossa &hellip; <a href=\"https:\/\/www.vuosiamaailmalla.fi\/blog\/2010\/juhannus-saksassa\/\" class=\"more-link\">Jatka lukemista<span class=\"screen-reader-text\"> &#8221;Juhannus Saksassa&#8221;<\/span><\/a><\/p>\n","protected":false},"author":1,"featured_media":10115,"comment_status":"open","ping_status":"open","sticky":false,"template":"","format":"standard","meta":{"_jetpack_memberships_contains_paid_content":false,"footnotes":""},"categories":[18,3,5],"tags":[25,34,149,159,190],"class_list":["post-1169","post","type-post","status-publish","format-standard","has-post-thumbnail","hentry","category-arki-saksassa","category-arki-ulkomailla","category-asuminen-saksassa","tag-ajankohtaista","tag-arki","tag-juhannus","tag-kesa","tag-saksa"],"jetpack_featured_media_url":"https:\/\/www.vuosiamaailmalla.fi\/blog\/wp-content\/uploads\/juhannus_saksassa_banner.jpg","jetpack_sharing_enabled":true,"_links":{"self":[{"href":"https:\/\/www.vuosiamaailmalla.fi\/blog\/wp-json\/wp\/v2\/posts\/1169","targetHints":{"allow":["GET"]}}],"collection":[{"href":"https:\/\/www.vuosiamaailmalla.fi\/blog\/wp-json\/wp\/v2\/posts"}],"about":[{"href":"https:\/\/www.vuosiamaailmalla.fi\/blog\/wp-json\/wp\/v2\/types\/post"}],"author":[{"embeddable":true,"href":"https:\/\/www.vuosiamaailmalla.fi\/blog\/wp-json\/wp\/v2\/users\/1"}],"replies":[{"embeddable":true,"href":"https:\/\/www.vuosiamaailmalla.fi\/blog\/wp-json\/wp\/v2\/comments?post=1169"}],"version-history":[{"count":1,"href":"https:\/\/www.vuosiamaailmalla.fi\/blog\/wp-json\/wp\/v2\/posts\/1169\/revisions"}],"predecessor-version":[{"id":12266,"href":"https:\/\/www.vuosiamaailmalla.fi\/blog\/wp-json\/wp\/v2\/posts\/1169\/revisions\/12266"}],"wp:featuredmedia":[{"embeddable":true,"href":"https:\/\/www.vuosiamaailmalla.fi\/blog\/wp-json\/wp\/v2\/media\/10115"}],"wp:attachment":[{"href":"https:\/\/www.vuosiamaailmalla.fi\/blog\/wp-json\/wp\/v2\/media?parent=1169"}],"wp:term":[{"taxonomy":"category","embeddable":true,"href":"https:\/\/www.vuosiamaailmalla.fi\/blog\/wp-json\/wp\/v2\/categories?post=1169"},{"taxonomy":"post_tag","embeddable":true,"href":"https:\/\/www.vuosiamaailmalla.fi\/blog\/wp-json\/wp\/v2\/tags?post=1169"}],"curies":[{"name":"wp","href":"https:\/\/api.w.org\/{rel}","templated":true}]}}