{"id":1174,"date":"2010-06-14T18:58:15","date_gmt":"2010-06-15T01:58:15","guid":{"rendered":"http:\/\/13.53.127.146\/?p=1174"},"modified":"2021-02-25T21:04:39","modified_gmt":"2021-02-26T05:04:39","slug":"maailman-suurin-urheilujuhla","status":"publish","type":"post","link":"https:\/\/www.vuosiamaailmalla.fi\/blog\/2010\/maailman-suurin-urheilujuhla\/","title":{"rendered":"Maailman suurin urheilujuhla"},"content":{"rendered":"<p style=\"text-align: justify;\">Perjantaina py\u00f6r\u00e4hti nelj\u00e4n vuoden tauon j\u00e4lkeen k\u00e4yntiin maailman suurin urheilujuhla, jalkapallon MM-kisat. Kisat j\u00e4rjestet\u00e4\u00e4n kaukana Etel\u00e4-Afrikassa, mutta se ei tarkoita etteik\u00f6 kokonaisen kuukauden kest\u00e4v\u00e4t kisat n\u00e4kyisi Saksan kaupunkien katukuvassa.<\/p>\n<p style=\"text-align: justify;\">Kisojen alkua on odotettu kuin kuuta nousevaa ja viime viikot ovat t\u00e4ytt\u00e4neet kaupat virallisilla kisatuotteilla sek\u00e4 kaikenlaisella Saksan lipun v\u00e4reihin maalatulla kisaroinalla. Tavara on k\u00e4ynytkin kaupaksi ja autoihin kiinnitettyj\u00e4 Saksan lippuja on liehunut kaduilla jo viikkotolkulla. Valtava innostus ei tullut yll\u00e4tyksen\u00e4 t\u00e4m\u00e4n jalkapallohullun kansan keskuudessa asuvaa, mutta jotenkin aina sen mittasuhteet pist\u00e4v\u00e4t ihmettelem\u00e4\u00e4n. Erityisesti innostus MM-kisoja kohtaan juontaa perunsa edellisiin, vuonna 2006 pelattuihin kisoihin.<\/p>\n<p><!--more--><\/p>\n<p style=\"text-align: justify;\">Tuolloin kisat pelattiin Saksassa kauniiden kes\u00e4kelien vallitessa. Kotikisat sek\u00e4 oman maan hyv\u00e4 p\u00e4rj\u00e4\u00e4minen (lopullinen sijoitus 3.) sai saksalaiset fanit kaduille riemuitsemaan urheilujuhlasta koko kuukauden ajaksi. Pronssiottelua Portugalia vastaan Berliinin Tiergarteniin aivan <a title=\"Ikoninen Brandenburger Tor\" href=\"https:\/\/www.vuosiamaailmalla.fi\/?p=8080\">Brandenburgin portin<\/a> taakse rakennetulle <em>Fanmailelle<\/em>, eli fanimailille, kokoontui per\u00e4ti miljoona ihmist\u00e4! T\u00e4t\u00e4 ajanjaksoa nimitet\u00e4\u00e4n Saksassa nimell\u00e4 <em>Sommerm\u00e4rchen<\/em>, eli kes\u00e4satu, sill\u00e4 ilmassa oli tuolloin jotain taianomaista.<\/p>\n<p style=\"text-align: justify;\">Muutimme Saksaan tuona vuonna vain pari kuukautta noiden kisojen j\u00e4lkeen, joten emme koskaan saaneet kokea tuota j\u00e4lkeenp\u00e4in paljon puhuttua tunnelmaa. Olemme kuitenkin sittemmin kuulleet, ett\u00e4 noiden kisojen aikana saksalaiset tunsivat pitk\u00e4st\u00e4 aikaa suurta ylpeytt\u00e4 maastaan ja esimerkiksi Saksan lipun julkisesta heiluttamisesta tuli jotenkin hyv\u00e4ksytty\u00e4 ja kansallisrakkautta osoittavaa. T\u00e4llaista taustaa vasten on helppo ymm\u00e4rt\u00e4\u00e4, ett\u00e4 innostus t\u00e4m\u00e4n vuoden kisoista on kova.<\/p>\n<p style=\"text-align: justify;\">Eilen Saksa kohtasi kisojen ensimm\u00e4isess\u00e4 ottelussaan <a href=\"https:\/\/www.vuosiamaailmalla.fi\/?p=2593\">Australian<\/a>, jonka maa r\u00f6kitti 4-0. Ottelun ollessa viel\u00e4 k\u00e4ynniss\u00e4 <a title=\"Vieraita ja avoautolla It\u00e4meren rannikolla\" href=\"https:\/\/www.vuosiamaailmalla.fi\/?p=2412\">k\u00e4velimme<\/a> er\u00e4\u00e4lt\u00e4 ravintolalta kohti kotia. Olo oli outo, sill\u00e4 kaduilla oli melkein autiota ja aivan kaikilla ravintoloilla oli pihalla televisio tai j\u00e4tti-screeni, josta ottelua seurasi v\u00e4ke\u00e4. Katuja k\u00e4velless\u00e4 selostusta pystyi jatkuvasti seuraamaan, sill\u00e4 edellisen television \u00e4\u00e4nen alkaessa vaimentumaan, alkoi seuraavan \u00e4\u00e4ni jo voimistumaan. K\u00e4velimme korttelikaupalla jatkuvasti selostusta kuunnellen!<\/p>\n<p style=\"text-align: justify;\">&#8221;L\u00e4helt\u00e4 piti&#8221; tilanteiden aiheuttama kohahdus kuului my\u00f6s kaduilla ja tuntui todellakin ett\u00e4 koko suurkaupunki eli ottelussa mukana. Yksik\u00e4\u00e4n nelj\u00e4st\u00e4 maalista ei my\u00f6sk\u00e4\u00e4n j\u00e4tt\u00e4nyt mit\u00e4\u00e4n arvailun varaan, sill\u00e4 vain parikymment\u00e4 sekuntia maalin j\u00e4lkeen, alkoivat ilotulitusraketit paukkua pitkin kaupunkia. Ja t\u00e4m\u00e4 kaikki siis ensimm\u00e4isess\u00e4 ottelussa jalkapallossa surkeaa Australiaa vastaan! Kuvitelkaa vain, mit\u00e4 se on jos Saksa p\u00e4\u00e4see peleiss\u00e4 pitk\u00e4lle, saati finaaliin saakka. T\u00e4t\u00e4 mietimme kotona nukkuessamme ja kaduilta kantautuvaa autojen t\u00f6\u00f6tt\u00e4ilykonserttia kuunnellen.<\/p>\n<p style=\"text-align: justify;\">Itse en tule kisoja juuri ollenkaan seuraamaan, mutta pyrin kuitenkin seuraamaan kisatunnelmaa ja <a href=\"https:\/\/www.vuosiamaailmalla.fi\/?p=1182\">raportoimaan<\/a> siit\u00e4 t\u00e4\u00e4ll\u00e4 blogissani.<\/p>\n","protected":false},"excerpt":{"rendered":"<p>Perjantaina py\u00f6r\u00e4hti nelj\u00e4n vuoden tauon j\u00e4lkeen k\u00e4yntiin maailman suurin urheilujuhla, jalkapallon MM-kisat. Kisat j\u00e4rjestet\u00e4\u00e4n kaukana Etel\u00e4-Afrikassa, mutta se ei tarkoita etteik\u00f6 kokonaisen kuukauden kest\u00e4v\u00e4t kisat n\u00e4kyisi Saksan kaupunkien katukuvassa. Kisojen alkua on odotettu kuin kuuta nousevaa ja viime viikot ovat t\u00e4ytt\u00e4neet kaupat virallisilla kisatuotteilla sek\u00e4 kaikenlaisella Saksan lipun v\u00e4reihin maalatulla kisaroinalla. Tavara on k\u00e4ynytkin kaupaksi &hellip; <a href=\"https:\/\/www.vuosiamaailmalla.fi\/blog\/2010\/maailman-suurin-urheilujuhla\/\" class=\"more-link\">Jatka lukemista<span class=\"screen-reader-text\"> &#8221;Maailman suurin urheilujuhla&#8221;<\/span><\/a><\/p>\n","protected":false},"author":1,"featured_media":11964,"comment_status":"open","ping_status":"open","sticky":false,"template":"","format":"standard","meta":{"_jetpack_memberships_contains_paid_content":false,"footnotes":""},"categories":[18,3],"tags":[25,49,144,318,190,191],"class_list":["post-1174","post","type-post","status-publish","format-standard","has-post-thumbnail","hentry","category-arki-saksassa","category-arki-ulkomailla","tag-ajankohtaista","tag-berliini","tag-jalkapallo","tag-jalkapallon-mm-kisat","tag-saksa","tag-saksalainen-juttu"],"jetpack_featured_media_url":"https:\/\/www.vuosiamaailmalla.fi\/blog\/wp-content\/uploads\/jaliskisat_2010_banner.jpg","jetpack_sharing_enabled":true,"_links":{"self":[{"href":"https:\/\/www.vuosiamaailmalla.fi\/blog\/wp-json\/wp\/v2\/posts\/1174","targetHints":{"allow":["GET"]}}],"collection":[{"href":"https:\/\/www.vuosiamaailmalla.fi\/blog\/wp-json\/wp\/v2\/posts"}],"about":[{"href":"https:\/\/www.vuosiamaailmalla.fi\/blog\/wp-json\/wp\/v2\/types\/post"}],"author":[{"embeddable":true,"href":"https:\/\/www.vuosiamaailmalla.fi\/blog\/wp-json\/wp\/v2\/users\/1"}],"replies":[{"embeddable":true,"href":"https:\/\/www.vuosiamaailmalla.fi\/blog\/wp-json\/wp\/v2\/comments?post=1174"}],"version-history":[{"count":1,"href":"https:\/\/www.vuosiamaailmalla.fi\/blog\/wp-json\/wp\/v2\/posts\/1174\/revisions"}],"predecessor-version":[{"id":11965,"href":"https:\/\/www.vuosiamaailmalla.fi\/blog\/wp-json\/wp\/v2\/posts\/1174\/revisions\/11965"}],"wp:featuredmedia":[{"embeddable":true,"href":"https:\/\/www.vuosiamaailmalla.fi\/blog\/wp-json\/wp\/v2\/media\/11964"}],"wp:attachment":[{"href":"https:\/\/www.vuosiamaailmalla.fi\/blog\/wp-json\/wp\/v2\/media?parent=1174"}],"wp:term":[{"taxonomy":"category","embeddable":true,"href":"https:\/\/www.vuosiamaailmalla.fi\/blog\/wp-json\/wp\/v2\/categories?post=1174"},{"taxonomy":"post_tag","embeddable":true,"href":"https:\/\/www.vuosiamaailmalla.fi\/blog\/wp-json\/wp\/v2\/tags?post=1174"}],"curies":[{"name":"wp","href":"https:\/\/api.w.org\/{rel}","templated":true}]}}