{"id":1182,"date":"2010-06-27T17:00:21","date_gmt":"2010-06-28T00:00:21","guid":{"rendered":"http:\/\/13.53.127.146\/?p=1182"},"modified":"2021-02-25T21:02:06","modified_gmt":"2021-02-26T05:02:06","slug":"saksa-englanti","status":"publish","type":"post","link":"https:\/\/www.vuosiamaailmalla.fi\/blog\/2010\/saksa-englanti\/","title":{"rendered":"Saksa-Englanti"},"content":{"rendered":"<p style=\"text-align: justify;\">Kauniin sunnuntaip\u00e4iv\u00e4n kunniaksi l\u00e4hdimme aamup\u00e4iv\u00e4ll\u00e4 kaupungille k\u00e4velem\u00e4\u00e4n. Suuntasimme kohti <a title=\"Ikoninen Brandenburger Tor\" href=\"https:\/\/www.vuosiamaailmalla.fi\/?p=8080\">Brandenburgin porttia<\/a> ja siit\u00e4 sitten Potsdamer Platzille brunssia nauttimaan. Piipahdimme my\u00f6s Berliinin suurella <em>Fanmeilella<\/em>, joka tosin oli tuolloin viel\u00e4 hyvin hiljainen. N\u00e4in ei ollut pari tuntia my\u00f6hemmin, kun yli 350 000 ihmist\u00e4 kokoontui katsomaan ennakkoon tiukaksi veikattua Saksan ja Englannin v\u00e4list\u00e4 ottelua.<\/p>\n<p><!--more--><\/p>\n<p style=\"text-align: justify;\">Ottelu olikin eritt\u00e4in j\u00e4nnitt\u00e4v\u00e4 ja vaiherikas, mutta lopulta Saksa vei sen selvin numeroin 4-1. H\u00e4vi\u00e4v\u00e4n pudotessa kisoista piti itsekin m\u00f6ll\u00f6tt\u00e4\u00e4 ottelu kotona ja fiilistell\u00e4 mukana. Joka tapauksessa ottelu on huomenna t\u00f6iss\u00e4 se puheenaihe, joten jotain pit\u00e4\u00e4 yritt\u00e4\u00e4 tiet\u00e4\u00e4.<\/p>\n<p style=\"text-align: justify;\">Kuten aiempienkin otteluiden kohdalla, oli koko Berliini ja Saksa j\u00e4lleen mukana pelin tapahtumissa, mist\u00e4 ehk\u00e4 hieman kertoo nopeasti parvekkeeltamme nappaamani video juhlinnan \u00e4\u00e4nist\u00e4 v\u00e4litt\u00f6m\u00e4sti 1-0 maalin j\u00e4lkeen. Ja tulipa 2-0:n kohdalla moikattua ensi kertaa vastap\u00e4\u00e4n talosta parvekkeelle riemuaan huutavalle naapurille. Niin se jalkapallo yhdist\u00e4\u00e4&#8230;<\/p>\n<p style=\"text-align: justify;\">Fanmeilelle ei varmaan tule l\u00e4hdetty\u00e4 tungeksimaan p\u00e4\u00e4si Saksa vaikka finaaliin saakka, mutta hyvi\u00e4 tilannekuvia alueelta l\u00f6ytyy esimerkiksi <a href=\"http:\/\/www.morgenpost.de\/berlin\/article1331174\/Fussballfest-auf-der-Berliner-Fanmeile.html\"><em>Berliner Morgenpostista<\/em>.<\/a><\/p>\n<p style=\"text-align: center;\"><iframe loading=\"lazy\" src=\"https:\/\/www.youtube-nocookie.com\/embed\/So4nhXh0-s8\" width=\"560\" height=\"315\" frameborder=\"0\"><\/iframe><\/p>\n<p style=\"text-align: center;\"><em>Juhlinnan \u00e4\u00e4ni\u00e4 1-0 maalin j\u00e4lkeen<\/em><\/p>\n","protected":false},"excerpt":{"rendered":"<p>Kauniin sunnuntaip\u00e4iv\u00e4n kunniaksi l\u00e4hdimme aamup\u00e4iv\u00e4ll\u00e4 kaupungille k\u00e4velem\u00e4\u00e4n. Suuntasimme kohti Brandenburgin porttia ja siit\u00e4 sitten Potsdamer Platzille brunssia nauttimaan. Piipahdimme my\u00f6s Berliinin suurella Fanmeilella, joka tosin oli tuolloin viel\u00e4 hyvin hiljainen. N\u00e4in ei ollut pari tuntia my\u00f6hemmin, kun yli 350 000 ihmist\u00e4 kokoontui katsomaan ennakkoon tiukaksi veikattua Saksan ja Englannin v\u00e4list\u00e4 ottelua.<\/p>\n","protected":false},"author":1,"featured_media":11961,"comment_status":"open","ping_status":"open","sticky":false,"template":"","format":"standard","meta":{"_jetpack_memberships_contains_paid_content":false,"footnotes":""},"categories":[18,3],"tags":[25,34,49,144,318,190,191],"class_list":["post-1182","post","type-post","status-publish","format-standard","has-post-thumbnail","hentry","category-arki-saksassa","category-arki-ulkomailla","tag-ajankohtaista","tag-arki","tag-berliini","tag-jalkapallo","tag-jalkapallon-mm-kisat","tag-saksa","tag-saksalainen-juttu"],"jetpack_featured_media_url":"https:\/\/www.vuosiamaailmalla.fi\/blog\/wp-content\/uploads\/saksa_englanti_banner.jpg","jetpack_sharing_enabled":true,"_links":{"self":[{"href":"https:\/\/www.vuosiamaailmalla.fi\/blog\/wp-json\/wp\/v2\/posts\/1182","targetHints":{"allow":["GET"]}}],"collection":[{"href":"https:\/\/www.vuosiamaailmalla.fi\/blog\/wp-json\/wp\/v2\/posts"}],"about":[{"href":"https:\/\/www.vuosiamaailmalla.fi\/blog\/wp-json\/wp\/v2\/types\/post"}],"author":[{"embeddable":true,"href":"https:\/\/www.vuosiamaailmalla.fi\/blog\/wp-json\/wp\/v2\/users\/1"}],"replies":[{"embeddable":true,"href":"https:\/\/www.vuosiamaailmalla.fi\/blog\/wp-json\/wp\/v2\/comments?post=1182"}],"version-history":[{"count":2,"href":"https:\/\/www.vuosiamaailmalla.fi\/blog\/wp-json\/wp\/v2\/posts\/1182\/revisions"}],"predecessor-version":[{"id":11963,"href":"https:\/\/www.vuosiamaailmalla.fi\/blog\/wp-json\/wp\/v2\/posts\/1182\/revisions\/11963"}],"wp:featuredmedia":[{"embeddable":true,"href":"https:\/\/www.vuosiamaailmalla.fi\/blog\/wp-json\/wp\/v2\/media\/11961"}],"wp:attachment":[{"href":"https:\/\/www.vuosiamaailmalla.fi\/blog\/wp-json\/wp\/v2\/media?parent=1182"}],"wp:term":[{"taxonomy":"category","embeddable":true,"href":"https:\/\/www.vuosiamaailmalla.fi\/blog\/wp-json\/wp\/v2\/categories?post=1182"},{"taxonomy":"post_tag","embeddable":true,"href":"https:\/\/www.vuosiamaailmalla.fi\/blog\/wp-json\/wp\/v2\/tags?post=1182"}],"curies":[{"name":"wp","href":"https:\/\/api.w.org\/{rel}","templated":true}]}}