{"id":1185,"date":"2010-06-05T16:40:23","date_gmt":"2010-06-05T23:40:23","guid":{"rendered":"http:\/\/13.53.127.146\/?p=1185"},"modified":"2015-10-23T19:02:43","modified_gmt":"2015-10-24T02:02:43","slug":"euroviisut-2011-berliinissa","status":"publish","type":"post","link":"https:\/\/www.vuosiamaailmalla.fi\/blog\/2010\/euroviisut-2011-berliinissa\/","title":{"rendered":"Euroviisut 2011 Berliiniss\u00e4?"},"content":{"rendered":"<p style=\"text-align: justify;\">Ei kulunut edes viikkoa Saksan historian toisesta Euroviisujen voitosta, kun keskustelu ensi vuoden viisujen pitopaikasta l\u00e4hti jo k\u00e4yntiin mediassa. Berliinin pormestari Klaus Wowereit eh\u00e4ttikin jo ilmoittamaan, ett\u00e4 luovana taiteiden kehtona tunnettu p\u00e4\u00e4kaupunki olisi kisoille luonnollinen pitopaikka. My\u00f6s p\u00e4\u00e4kaupunki status puoltaa pormestarin mukaan Berliini\u00e4. Jos viisut j\u00e4rjestet\u00e4\u00e4n Berliiniss\u00e4, se tarkoittaisi ett\u00e4 tapahtumapaikkana toimisi vuonna 2008 valmistunut noin 17 000 ihmist\u00e4 mahduttava <a href=\"https:\/\/www.vuosiamaailmalla.fi\/?p=2432\"><em>o2 World<\/em> monitoimiareena<\/a>.<\/p>\n<p><!--more--><\/p>\n<p style=\"text-align: justify;\">Monen suurkaupungin Saksassa asia ei kuitenkaan ole kirkossa kuulutettu, sill\u00e4 vahvoina ehdokkaina pidet\u00e4\u00e4n my\u00f6s <a href=\"https:\/\/www.vuosiamaailmalla.fi\/?p=310\">Hampuria<\/a>, <a href=\"https:\/\/www.vuosiamaailmalla.fi\/?p=1265\">K\u00f6lni\u00e4<\/a> ja <a href=\"https:\/\/www.vuosiamaailmalla.fi\/?p=7347\">Hannoveria<\/a>. Hampuri on Saksan toiseksi suurimpana kaupunkina monen suuren tapahtuman paikka ja K\u00f6lnist\u00e4 l\u00f6ytyy Saksan suurin monitoimihalli (Berliinin o2 World on toiseksi suurin). Lis\u00e4ksi Saksan Euroviisujen vahva taustamies Stefan Raab on kotoisin K\u00f6lnist\u00e4 ja t\u00e4ten luonnollisesti on taipuvainen lobbaamaan L\u00e4nsi-Saksan suurkaupungin suuntaan. Hieman pienemp\u00e4\u00e4 Keski-Saksan Hannoveria puolestaan puoltaa se yksinkertainen fakta, ett\u00e4 t\u00e4m\u00e4n vuoden voittaja 19-vuotias Lena Meyer-Landrut on kotoisin sielt\u00e4. Hannoverilaiset ovatkin jo ehtineet pit\u00e4m\u00e4\u00e4n itsest\u00e4\u00e4nselvyyten\u00e4 kaupunkinsa valintaa.<\/p>\n<p style=\"text-align: justify;\">T\u00e4ll\u00e4 hetkell\u00e4 tapahtuman ajankohdaksi suunnitellaan 21. toukokuuta, mutta t\u00e4h\u00e4nkin liittyy ongelma. Saksan kansallinen yleisradioyhti\u00f6 <em>ARD<\/em>\u00a0on sitoutunut n\u00e4ytt\u00e4m\u00e4\u00e4n tuolloin pelattavan Saksan jalkapalloliigan cupin loppuottelun. Lis\u00e4ksi viisujen j\u00e4rjest\u00e4minen t\u00e4llaisen t\u00e4k\u00e4l\u00e4isen merkkitapahtuman kanssa p\u00e4\u00e4llekk\u00e4in n\u00e4kyisi voimakkaasti katsojam\u00e4\u00e4riss\u00e4, joten ajankohta onkin viel\u00e4 Euroopan yleisradioyhti\u00f6iden liiton tarkemmassa harkinnassa.<\/p>\n<p style=\"text-align: justify;\">Hienoahan se olisi jos viisut j\u00e4rjestett\u00e4isiin Berliiniss\u00e4, vaikka pid\u00e4nkin ep\u00e4todenn\u00e4k\u00f6isen\u00e4 lipun ostamista tapahtumaan. Aina suurtapahtuman tuovat mukavasti lis\u00e4v\u00e4ri\u00e4 kaupunkikuvaan ja o2 Worldille on meilt\u00e4 vain 2km linnuntiet\u00e4. Harmillisesti ehdotukset suurtapahtuman j\u00e4rjest\u00e4misest\u00e4 olympiastadionilla taikka <a href=\"https:\/\/www.vuosiamaailmalla.fi\/?p=7328\">Tempelhofin lentokent\u00e4n<\/a> entisell\u00e4 alueella avoimen taivaan alla on jo hyl\u00e4tty ep\u00e4sopivina.<\/p>\n<p style=\"text-align: justify;\">Varmaa onkin, ett\u00e4 kisa ei ole Suomen kisojen tapaan <a title=\"Euroviisut 2011 meniv\u00e4t D\u00fcsseldorfiin\" href=\"https:\/\/www.vuosiamaailmalla.fi\/?p=1084\">selv\u00e4<\/a> ennen kuin jokainen kaupunki on pelannut korttinsa. \ud83d\ude42<\/p>\n","protected":false},"excerpt":{"rendered":"<p>Ei kulunut edes viikkoa Saksan historian toisesta Euroviisujen voitosta, kun keskustelu ensi vuoden viisujen pitopaikasta l\u00e4hti jo k\u00e4yntiin mediassa. Berliinin pormestari Klaus Wowereit eh\u00e4ttikin jo ilmoittamaan, ett\u00e4 luovana taiteiden kehtona tunnettu p\u00e4\u00e4kaupunki olisi kisoille luonnollinen pitopaikka. My\u00f6s p\u00e4\u00e4kaupunki status puoltaa pormestarin mukaan Berliini\u00e4. Jos viisut j\u00e4rjestet\u00e4\u00e4n Berliiniss\u00e4, se tarkoittaisi ett\u00e4 tapahtumapaikkana toimisi vuonna 2008 valmistunut &hellip; <a href=\"https:\/\/www.vuosiamaailmalla.fi\/blog\/2010\/euroviisut-2011-berliinissa\/\" class=\"more-link\">Jatka lukemista<span class=\"screen-reader-text\"> &#8221;Euroviisut 2011 Berliiniss\u00e4?&#8221;<\/span><\/a><\/p>\n","protected":false},"author":1,"featured_media":0,"comment_status":"open","ping_status":"open","sticky":false,"template":"","format":"standard","meta":{"_jetpack_memberships_contains_paid_content":false,"footnotes":""},"categories":[18,3],"tags":[25,49,106,190],"class_list":["post-1185","post","type-post","status-publish","format-standard","hentry","category-arki-saksassa","category-arki-ulkomailla","tag-ajankohtaista","tag-berliini","tag-euroviisut","tag-saksa"],"jetpack_featured_media_url":"","jetpack_sharing_enabled":true,"_links":{"self":[{"href":"https:\/\/www.vuosiamaailmalla.fi\/blog\/wp-json\/wp\/v2\/posts\/1185","targetHints":{"allow":["GET"]}}],"collection":[{"href":"https:\/\/www.vuosiamaailmalla.fi\/blog\/wp-json\/wp\/v2\/posts"}],"about":[{"href":"https:\/\/www.vuosiamaailmalla.fi\/blog\/wp-json\/wp\/v2\/types\/post"}],"author":[{"embeddable":true,"href":"https:\/\/www.vuosiamaailmalla.fi\/blog\/wp-json\/wp\/v2\/users\/1"}],"replies":[{"embeddable":true,"href":"https:\/\/www.vuosiamaailmalla.fi\/blog\/wp-json\/wp\/v2\/comments?post=1185"}],"version-history":[{"count":0,"href":"https:\/\/www.vuosiamaailmalla.fi\/blog\/wp-json\/wp\/v2\/posts\/1185\/revisions"}],"wp:attachment":[{"href":"https:\/\/www.vuosiamaailmalla.fi\/blog\/wp-json\/wp\/v2\/media?parent=1185"}],"wp:term":[{"taxonomy":"category","embeddable":true,"href":"https:\/\/www.vuosiamaailmalla.fi\/blog\/wp-json\/wp\/v2\/categories?post=1185"},{"taxonomy":"post_tag","embeddable":true,"href":"https:\/\/www.vuosiamaailmalla.fi\/blog\/wp-json\/wp\/v2\/tags?post=1185"}],"curies":[{"name":"wp","href":"https:\/\/api.w.org\/{rel}","templated":true}]}}