{"id":11854,"date":"2021-02-15T16:54:25","date_gmt":"2021-02-16T00:54:25","guid":{"rendered":"http:\/\/www.vuosiamaailmalla.fi\/blog\/?p=11854"},"modified":"2021-02-20T11:58:44","modified_gmt":"2021-02-20T19:58:44","slug":"luminen-family-day","status":"publish","type":"post","link":"https:\/\/www.vuosiamaailmalla.fi\/blog\/2021\/luminen-family-day\/","title":{"rendered":"Luminen Family Day"},"content":{"rendered":"<p style=\"text-align: justify;\">Kanadassa on vietetty t\u00e4n\u00e4 viikonloppuna vuosittaista <em>Family Dayn<\/em> pitk\u00e4\u00e4 viikonloppua. Vuosi sitten <a title=\"Sekavat pyh\u00e4p\u00e4iv\u00e4t\" href=\"http:\/\/www.vuosiamaailmalla.fi\/blog\/2019\/sekavat-pyhapaivat\/\">kyseinen juhlapyh\u00e4<\/a> siirrettiin British Columbiassakin vastaamaan muun maan ajankohtaa ja yleens\u00e4 kyseinen pyh\u00e4 on tarkoittanut meille tiukkaa lasketteluviikonloppua <a title=\"Lunta etsim\u00e4ss\u00e4 Sun Peaksilla\" href=\"http:\/\/www.vuosiamaailmalla.fi\/blog\/2015\/lunta-etsimassa-sun-peaksilla\/\">joko l\u00e4hemp\u00e4n\u00e4<\/a> tai sitten <a title=\"V\u00e4h\u00e4luminen hiihtoloma Utahissa\" href=\"http:\/\/www.vuosiamaailmalla.fi\/blog\/2018\/vahaluminen-hiihtoloma-utahissa\/\">kauempana kotoa<\/a>. Koronan vuoksi t\u00e4m\u00e4n vuoden reissu- ja laskettelusuunnitelmat ovat t\u00e4ysin erilaiset ja niinp\u00e4 viikonloppu onkin kulunut kotosalla rentoutuen sek\u00e4 blogia kirjoittaen.<\/p>\n<p><!--more--><\/p>\n<p style=\"text-align: center;\"><a href=\"\/blog\/wp-content\/uploads\/2021\/lumi_teki_talven_metrotowniin3.jpg\"><img decoding=\"async\" src=\"\/blog\/wp-content\/uploads\/2021\/thumbs\/thumbs_lumi_teki_talven_metrotowniin3.jpg\" \/><\/a><a href=\"\/blog\/wp-content\/uploads\/2021\/lumi_teki_talven_metrotowniin2.jpg\"><img decoding=\"async\" src=\"\/blog\/wp-content\/uploads\/2021\/thumbs\/thumbs_lumi_teki_talven_metrotowniin2.jpg\" \/><\/a><a href=\"\/blog\/wp-content\/uploads\/2021\/lumi_teki_talven_metrotowniin1.jpg\"><img decoding=\"async\" src=\"\/blog\/wp-content\/uploads\/2021\/thumbs\/thumbs_lumi_teki_talven_metrotowniin1.jpg\" \/><\/a><\/p>\n<p style=\"text-align: center;\"><em>Luminen pitk\u00e4 viikonloppu<\/em><\/p>\n<p style=\"text-align: justify;\">Laskettelijoita on kuitenkin hellitty viimeisen viikon aikana hyvill\u00e4 olosuhteilla, sill\u00e4 viime viikolla Vancouverissakin hytistiin t\u00e4k\u00e4l\u00e4isitt\u00e4in hyvin kylmiss\u00e4 -7 asteen y\u00f6pakkasissa. Asia huvittaa, sill\u00e4 samaan aikaan muualla Kanadassa elohopea putosi jopa -40 asteen alapuolelle, joten tasan eiv\u00e4t k\u00e4y nallekarkit maan eri laidoilla. Poikkeuksellinen p\u00e4iv\u00e4 oli varsinkin hyinen torstai, jolloin kaikkialla Kanadassa oltiin yhden vuorokauden ajan pakkasella, mit\u00e4 ei ole koettu viimeisen vuosisadan aikana kuin ainoastaan kaksi kertaa aiemmin.<\/p>\n<p style=\"text-align: center;\"><a href=\"\/blog\/wp-content\/uploads\/2021\/talvinen_queens_park7.jpg\"><img decoding=\"async\" src=\"\/blog\/wp-content\/uploads\/2021\/talvinen_queens_park7.jpg\" \/><\/a><\/p>\n<p style=\"text-align: center;\"><em>Raikkaalla ulkoilulla<\/em><\/p>\n<p style=\"text-align: justify;\">Keli jatkui kylm\u00e4n\u00e4 my\u00f6s viikonloppuun ja Vancouverissa satoikin kaupungissa lauantaina ja sunnuntaina <a title=\"Joulu pandemian keskell\u00e4\" href=\"http:\/\/www.vuosiamaailmalla.fi\/blog\/2020\/joulu-pandemian-keskella\/\">vuoden toinen lumi<\/a>, jota on maassa viel\u00e4 t\u00e4t\u00e4kin kirjoittaessa. Viikonlopulle osuneet lumisateet eiv\u00e4t poikkeuksellisesti aiheuttaneet <a title=\"Lumikaaos yll\u00e4tti Vancouverin\" href=\"http:\/\/www.vuosiamaailmalla.fi\/blog\/2016\/jouluinen-lumikaaos-yllatti-vancouverin\/\">liikennekaaosta<\/a> ja tietkin saatiin pidetty\u00e4 puhtaana koko ajan <a title=\"Taistelu tiesuolasta\" href=\"http:\/\/www.vuosiamaailmalla.fi\/blog\/2017\/taistelu-tiesuolasta\/\">voimakkaalla suolauksella<\/a>.<\/p>\n<p style=\"text-align: center;\"><a href=\"\/blog\/wp-content\/uploads\/2021\/talvinen_queens_park8.jpg\"><img decoding=\"async\" src=\"\/blog\/wp-content\/uploads\/2021\/thumbs\/thumbs_talvinen_queens_park8.jpg\" \/><\/a><a href=\"\/blog\/wp-content\/uploads\/2021\/talvinen_queens_park1.jpg\"><img decoding=\"async\" src=\"\/blog\/wp-content\/uploads\/2021\/thumbs\/thumbs_talvinen_queens_park1.jpg\" \/><\/a><a href=\"\/blog\/wp-content\/uploads\/2021\/talvinen_queens_park2.jpg\"><img decoding=\"async\" src=\"\/blog\/wp-content\/uploads\/2021\/thumbs\/thumbs_talvinen_queens_park2.jpg\" \/><\/a><\/p>\n<p style=\"text-align: center;\"><em>Talven ihmemaa<\/em><\/p>\n<p style=\"text-align: justify;\">Lauantaina meit\u00e4 huvittikin l\u00e4hte\u00e4 ulkoilemaan ja kokeilemaan <a title=\"Huikea 2021 BMW X3M Competition\" href=\"http:\/\/www.vuosiamaailmalla.fi\/blog\/2020\/huikea-2021-bmw-x3m-competition\/\">uuden automme<\/a> <a title=\"Talvirenkaat urheiluautoon\" href=\"http:\/\/www.vuosiamaailmalla.fi\/blog\/2021\/talvirenkaat-urheiluautoon\/\">uusia talvirenkaita<\/a> tosi toimessa. Niinp\u00e4 ajoimme naapurikaupunki New Westminsteriin, jossa sijaitsee mukava 30 hehtaarin kokoinen <em>Queen&#8217;s Park<\/em>, joka on 71 000 asukkaan esikaupungin suurin puisto.<\/p>\n<p style=\"text-align: center;\"><a href=\"\/blog\/wp-content\/uploads\/2021\/talvinen_queens_park3.jpg\"><img decoding=\"async\" src=\"\/blog\/wp-content\/uploads\/2021\/thumbs\/thumbs_talvinen_queens_park3.jpg\" \/><\/a><a href=\"\/blog\/wp-content\/uploads\/2021\/talvinen_queens_park5.jpg\"><img decoding=\"async\" src=\"\/blog\/wp-content\/uploads\/2021\/thumbs\/thumbs_talvinen_queens_park5.jpg\" \/><\/a><a href=\"\/blog\/wp-content\/uploads\/2021\/talvinen_queens_park4.jpg\"><img decoding=\"async\" src=\"\/blog\/wp-content\/uploads\/2021\/thumbs\/thumbs_talvinen_queens_park4.jpg\" \/><\/a><\/p>\n<p style=\"text-align: center;\"><em>Talvinen Queen&#8217;s Park<\/em><\/p>\n<p style=\"text-align: center;\"><a href=\"\/blog\/wp-content\/uploads\/2021\/talvinen_queens_park6.jpg\"><img decoding=\"async\" src=\"\/blog\/wp-content\/uploads\/2021\/talvinen_queens_park6.jpg\" \/><\/a><\/p>\n<p style=\"text-align: center;\"><em>Talvip\u00e4iv\u00e4 New Westminsteriss\u00e4<\/em><\/p>\n<p style=\"text-align: justify;\">L\u00f6ysimme puiston vasta viime kes\u00e4n\u00e4 ja siell\u00e4 on ollut mukava k\u00e4yd\u00e4 lyhyill\u00e4 k\u00e4velyill\u00e4. Puisto on lapsiperheiden suosima sill\u00e4 siell\u00e4 sijaitsee suuri leikkipaikka ja kes\u00e4isin my\u00f6s pieni kotiel\u00e4intila. Talveksi el\u00e4imet on siirretty muualle, mutta sen sijaan suosittuja ovat puiston m\u00e4kiset rinteet, joita kymmenet perheet olivat kokoontuneet laskemaan kilpaa. Lunta oli maassa vain kymmenen sentti\u00e4, joten m\u00e4et oli tampattu nopeasti tasaisiksi, mik\u00e4 ei kuitenkaan n\u00e4ytt\u00e4nyt haittaavan riemukasta menoa.<\/p>\n<p style=\"text-align: center;\"><a href=\"\/blog\/wp-content\/uploads\/2021\/maenlaskua_queens_parkissa1.jpg\"><img decoding=\"async\" src=\"\/blog\/wp-content\/uploads\/2021\/thumbs\/thumbs_maenlaskua_queens_parkissa1.jpg\" \/><\/a><a href=\"\/blog\/wp-content\/uploads\/2021\/maenlaskua_queens_parkissa2.jpg\"><img decoding=\"async\" src=\"\/blog\/wp-content\/uploads\/2021\/thumbs\/thumbs_maenlaskua_queens_parkissa2.jpg\" \/><\/a><\/p>\n<p style=\"text-align: center;\"><em>Suosittu pulkkam\u00e4ki<\/em><\/p>\n<p style=\"text-align: justify;\">Lumisateet jatkuivat sakeana viel\u00e4 seuraavanakin p\u00e4iv\u00e4n\u00e4 ja k\u00e4vimmekin k\u00e4velyll\u00e4 t\u00e4ss\u00e4 Burnabyn omassa <em>Central Parkin<\/em> keskuspuistossa. Siell\u00e4 puiston korkeat puut olivat lumesta valkoisina samaan aikaan kun taivaalta leijaili suuria lumihiutaleita jatkuvalla sy\u00f6t\u00f6ll\u00e4, luoden talvimaisemaa.<\/p>\n<p style=\"text-align: center;\"><a href=\"\/blog\/wp-content\/uploads\/2021\/lumisade_metrotownissa7.jpg\"><img decoding=\"async\" src=\"\/blog\/wp-content\/uploads\/2021\/thumbs\/thumbs_lumisade_metrotownissa7.jpg\" \/><\/a><a href=\"\/blog\/wp-content\/uploads\/2021\/lumisade_metrotownissa8.jpg\"><img decoding=\"async\" src=\"\/blog\/wp-content\/uploads\/2021\/thumbs\/thumbs_lumisade_metrotownissa8.jpg\" \/><\/a><br \/>\n<a href=\"\/blog\/wp-content\/uploads\/2021\/lumisade_metrotownissa9.jpg\"><img decoding=\"async\" src=\"\/blog\/wp-content\/uploads\/2021\/thumbs\/thumbs_lumisade_metrotownissa9.jpg\" \/><\/a><a href=\"\/blog\/wp-content\/uploads\/2021\/lumisade_metrotownissa10.jpg\"><img decoding=\"async\" src=\"\/blog\/wp-content\/uploads\/2021\/thumbs\/thumbs_lumisade_metrotownissa10.jpg\" \/><\/a><\/p>\n<p style=\"text-align: center;\"><em>Keskuspuistokin valkeana<\/em><\/p>\n<p style=\"text-align: center;\"><a href=\"\/blog\/wp-content\/uploads\/2021\/lumisade_metrotownissa11.jpg\"><img decoding=\"async\" src=\"\/blog\/wp-content\/uploads\/2021\/lumisade_metrotownissa11.jpg\" \/><\/a><\/p>\n<p style=\"text-align: center;\"><em>Vuodenajasta erehtynyt pensas<\/em><\/p>\n<p style=\"text-align: justify;\">On j\u00e4nn\u00e4 miten erilaiselta kotiamme ymp\u00e4r\u00f6iv\u00e4 alue n\u00e4ytt\u00e4\u00e4 lumisateen keskell\u00e4 ja <a title=\"Metrotownin talviset nietokset\" href=\"http:\/\/www.vuosiamaailmalla.fi\/blog\/2016\/metrotownin-talviset-nietokset\/\">maan ollessa valkoisena<\/a>. Vastaavaa on saatu todistaa jo <a title=\"Luminen viikonloppu\" href=\"http:\/\/www.vuosiamaailmalla.fi\/blog\/2018\/luminen-viikonloppu\/\">useampana talvena<\/a>, joskin lumi pysyy maassa yleens\u00e4 vain muutamien p\u00e4ivien ajan. N\u00e4in n\u00e4ytt\u00e4\u00e4 k\u00e4yv\u00e4n my\u00f6s t\u00e4ll\u00e4 kertaa, sill\u00e4 elohopea on kohonnut j\u00e4lleen plussalle ja alkuviikon sateet sulattavat varmasti lopunkin lumen. Se ei kuitenkaan haittaa, sill\u00e4 johan t\u00e4ss\u00e4 kaivataankin talven sijaan valoisaa kev\u00e4tt\u00e4 sek\u00e4 pidentyvi\u00e4 iltoja.<\/p>\n<p style=\"text-align: center;\"><a href=\"\/blog\/wp-content\/uploads\/2021\/lumisade_metrotownissa1.jpg\"><img decoding=\"async\" src=\"\/blog\/wp-content\/uploads\/2021\/thumbs\/thumbs_lumisade_metrotownissa1.jpg\" \/><\/a><a href=\"\/blog\/wp-content\/uploads\/2021\/lumisade_metrotownissa2.jpg\"><img decoding=\"async\" src=\"\/blog\/wp-content\/uploads\/2021\/thumbs\/thumbs_lumisade_metrotownissa2.jpg\" \/><\/a><a href=\"\/blog\/wp-content\/uploads\/2021\/lumisade_metrotownissa3.jpg\"><img decoding=\"async\" src=\"\/blog\/wp-content\/uploads\/2021\/thumbs\/thumbs_lumisade_metrotownissa3.jpg\" \/><\/a><br \/>\n<a href=\"\/blog\/wp-content\/uploads\/2021\/lumisade_metrotownissa4.jpg\"><img decoding=\"async\" src=\"\/blog\/wp-content\/uploads\/2021\/thumbs\/thumbs_lumisade_metrotownissa4.jpg\" \/><\/a><a href=\"\/blog\/wp-content\/uploads\/2021\/lumisade_metrotownissa5.jpg\"><img decoding=\"async\" src=\"\/blog\/wp-content\/uploads\/2021\/thumbs\/thumbs_lumisade_metrotownissa5.jpg\" \/><\/a><a href=\"\/blog\/wp-content\/uploads\/2021\/lumisade_metrotownissa6.jpg\"><img decoding=\"async\" src=\"\/blog\/wp-content\/uploads\/2021\/thumbs\/thumbs_lumisade_metrotownissa6.jpg\" \/><\/a><\/p>\n<p style=\"text-align: center;\"><em>Lumenvalkea l\u00e4hialue<\/em><\/p>\n","protected":false},"excerpt":{"rendered":"<p>Kanadassa on vietetty t\u00e4n\u00e4 viikonloppuna vuosittaista Family Dayn pitk\u00e4\u00e4 viikonloppua. Vuosi sitten kyseinen juhlapyh\u00e4 siirrettiin British Columbiassakin vastaamaan muun maan ajankohtaa ja yleens\u00e4 kyseinen pyh\u00e4 on tarkoittanut meille tiukkaa lasketteluviikonloppua joko l\u00e4hemp\u00e4n\u00e4 tai sitten kauempana kotoa. Koronan vuoksi t\u00e4m\u00e4n vuoden reissu- ja laskettelusuunnitelmat ovat t\u00e4ysin erilaiset ja niinp\u00e4 viikonloppu onkin kulunut kotosalla rentoutuen sek\u00e4 blogia &hellip; <a href=\"https:\/\/www.vuosiamaailmalla.fi\/blog\/2021\/luminen-family-day\/\" class=\"more-link\">Jatka lukemista<span class=\"screen-reader-text\"> &#8221;Luminen Family Day&#8221;<\/span><\/a><\/p>\n","protected":false},"author":1,"featured_media":11855,"comment_status":"open","ping_status":"closed","sticky":false,"template":"","format":"standard","meta":{"_jetpack_memberships_contains_paid_content":false,"footnotes":""},"categories":[17,3],"tags":[34,77,78,1560,935,575,1586,270,202],"class_list":["post-11854","post","type-post","status-publish","format-standard","has-post-thumbnail","hentry","category-arki-kanadassa","category-arki-ulkomailla","tag-arki","tag-burnaby","tag-burnaby-metrotown","tag-central-park","tag-kanada","tag-new-westminster","tag-queens-park","tag-saa","tag-talvi"],"jetpack_featured_media_url":"https:\/\/www.vuosiamaailmalla.fi\/blog\/wp-content\/uploads\/talvinen_queens_park_banner.jpg","jetpack_sharing_enabled":true,"_links":{"self":[{"href":"https:\/\/www.vuosiamaailmalla.fi\/blog\/wp-json\/wp\/v2\/posts\/11854","targetHints":{"allow":["GET"]}}],"collection":[{"href":"https:\/\/www.vuosiamaailmalla.fi\/blog\/wp-json\/wp\/v2\/posts"}],"about":[{"href":"https:\/\/www.vuosiamaailmalla.fi\/blog\/wp-json\/wp\/v2\/types\/post"}],"author":[{"embeddable":true,"href":"https:\/\/www.vuosiamaailmalla.fi\/blog\/wp-json\/wp\/v2\/users\/1"}],"replies":[{"embeddable":true,"href":"https:\/\/www.vuosiamaailmalla.fi\/blog\/wp-json\/wp\/v2\/comments?post=11854"}],"version-history":[{"count":3,"href":"https:\/\/www.vuosiamaailmalla.fi\/blog\/wp-json\/wp\/v2\/posts\/11854\/revisions"}],"predecessor-version":[{"id":11876,"href":"https:\/\/www.vuosiamaailmalla.fi\/blog\/wp-json\/wp\/v2\/posts\/11854\/revisions\/11876"}],"wp:featuredmedia":[{"embeddable":true,"href":"https:\/\/www.vuosiamaailmalla.fi\/blog\/wp-json\/wp\/v2\/media\/11855"}],"wp:attachment":[{"href":"https:\/\/www.vuosiamaailmalla.fi\/blog\/wp-json\/wp\/v2\/media?parent=11854"}],"wp:term":[{"taxonomy":"category","embeddable":true,"href":"https:\/\/www.vuosiamaailmalla.fi\/blog\/wp-json\/wp\/v2\/categories?post=11854"},{"taxonomy":"post_tag","embeddable":true,"href":"https:\/\/www.vuosiamaailmalla.fi\/blog\/wp-json\/wp\/v2\/tags?post=11854"}],"curies":[{"name":"wp","href":"https:\/\/api.w.org\/{rel}","templated":true}]}}