{"id":11861,"date":"2021-02-20T11:32:16","date_gmt":"2021-02-20T19:32:16","guid":{"rendered":"http:\/\/www.vuosiamaailmalla.fi\/blog\/?p=11861"},"modified":"2021-02-20T11:50:15","modified_gmt":"2021-02-20T19:50:15","slug":"talvirenkaat-urheiluautoon","status":"publish","type":"post","link":"https:\/\/www.vuosiamaailmalla.fi\/blog\/2021\/talvirenkaat-urheiluautoon\/","title":{"rendered":"Talvirenkaat urheiluautoon"},"content":{"rendered":"<p style=\"text-align: justify;\">Viisi kuukautta sitten toimitettu <a title=\"Huikea 2021 BMW X3M Competition\" href=\"http:\/\/www.vuosiamaailmalla.fi\/blog\/2020\/huikea-2021-bmw-x3m-competition\/\">uusi urheiluautomme<\/a> on ker\u00e4nnyt ensikuukausiensa aikana matkamittariinsa vasta vaivaiset 3300 kilometri\u00e4. <a title=\"K\u00e4sist\u00e4 karannut korona\" href=\"http:\/\/www.vuosiamaailmalla.fi\/blog\/2020\/kasista-karannut-korona\/\">Koronan aikana<\/a> ei tule menty\u00e4 juuri mihink\u00e4\u00e4n, joten kilometrien karttuminen on ollut l\u00e4hinn\u00e4 lyhyiden viikonloppuajeluiden varassa. Kuitenkin lyhyell\u00e4kin kokemuksella uusi automme on vakuuttanut meid\u00e4t kaikin puolin mahtavana pelin\u00e4 ja on ollut j\u00e4nn\u00e4 huomata miten nopeasti sit\u00e4 tottuu hallitsemaan 510 hevosvoiman tehoja.<\/p>\n<p><!--more--><\/p>\n<p style=\"text-align: justify;\">Koronan syyt\u00e4 on my\u00f6s ettemme ole k\u00e4yneet t\u00e4n\u00e4 talvena laskettelemassa, joten vuorille tai Whistleriin ei ole ollut tarvetta ajaa. N\u00e4in ollen uusille talvirenkaille ei ole ollut pakottavaa tarvetta, sill\u00e4 Vancouverissa on saatu t\u00e4n\u00e4 vuonna lunta <a title=\"Joulu pandemian keskell\u00e4\" href=\"http:\/\/www.vuosiamaailmalla.fi\/blog\/2020\/joulu-pandemian-keskella\/\">vain kahdesti<\/a>, jotka molemmat olivat vain muutaman p\u00e4iv\u00e4n kylmi\u00e4 jaksoja.<\/p>\n<p style=\"text-align: center;\"><a href=\"\/blog\/wp-content\/uploads\/2020\/x3m_talvirenkaat8.jpg\"><img decoding=\"async\" src=\"\/blog\/wp-content\/uploads\/2020\/x3m_talvirenkaat8.jpg\" \/><\/a><\/p>\n<p style=\"text-align: center;\"><em>Ainoalla lomamatka Tofinoon<\/em><\/p>\n<p style=\"text-align: justify;\">Lumettomasta talvesta huolimatta olisi kuitenkin tyhm\u00e4\u00e4 ajaa $116,000 dollarin autolla ilman talvirenkaita, sill\u00e4 kes\u00e4renkaiden kumiseosten ominaisuudet muuttuvat +7C asteen alapuolella, jotka ovat normaaleita talvil\u00e4mp\u00f6tiloja t\u00e4\u00e4ll\u00e4 l\u00e4nsirannikolla. Niinp\u00e4 hankinkin uudet talvirenkaat jo heti lokakuun lopussa.<\/p>\n<p style=\"text-align: center;\"><a href=\"\/blog\/wp-content\/uploads\/2020\/x3m_talvirenkaat1.jpg\"><img decoding=\"async\" src=\"\/blog\/wp-content\/uploads\/2020\/thumbs\/thumbs_x3m_talvirenkaat1.jpg\" \/><\/a><a href=\"\/blog\/wp-content\/uploads\/2020\/x3m_talvirenkaat2.jpg\"><img decoding=\"async\" src=\"\/blog\/wp-content\/uploads\/2020\/thumbs\/thumbs_x3m_talvirenkaat2.jpg\" \/><\/a><br \/>\n<a href=\"\/blog\/wp-content\/uploads\/2020\/x3m_talvirenkaat4.jpg\"><img decoding=\"async\" src=\"\/blog\/wp-content\/uploads\/2020\/thumbs\/thumbs_x3m_talvirenkaat4.jpg\" \/><\/a><a href=\"\/blog\/wp-content\/uploads\/2020\/x3m_talvirenkaat3.jpg\"><img decoding=\"async\" src=\"\/blog\/wp-content\/uploads\/2020\/thumbs\/thumbs_x3m_talvirenkaat3.jpg\" \/><\/a><\/p>\n<p style=\"text-align: center;\"><em>Uuden talvirenkaat alla marraskuussa<\/em><\/p>\n<p style=\"text-align: justify;\">Kyseess\u00e4 ovat j\u00e4rjestyksess\u00e4\u00e4n kolmannet talvirenkaamme <a title=\"Yhdeks\u00e4n vuotta Kanadassa\" href=\"http:\/\/www.vuosiamaailmalla.fi\/blog\/2021\/yhdeksan-vuotta-kanadassa\/\">yhdeks\u00e4n Kanadassa asutun vuoden<\/a> sek\u00e4 nyt jo nelj\u00e4n auton aikana. <a title=\"Talvirenkaat British Columbiassa\" href=\"http:\/\/www.vuosiamaailmalla.fi\/blog\/2012\/talvirenkaat-british-columbiassa\/\">Ensimm\u00e4iset talvirenkaat<\/a> kestiv\u00e4t ensimm\u00e4iset <a title=\"2012 BMW X1 xDrive28i\" href=\"http:\/\/www.vuosiamaailmalla.fi\/blog\/2012\/2012-bmw-x1-xdrive28i\/\">kaksi<\/a> <a title=\"2014 BMW X1 xDrive35i\" href=\"http:\/\/www.vuosiamaailmalla.fi\/blog\/2014\/2014-bmw-x1-xdrive35i\/\">autoa<\/a> ja viisi talvea, mutta <a title=\"2017 BMW X1 xDrive28i\" href=\"http:\/\/www.vuosiamaailmalla.fi\/blog\/2017\/2017-bmw-x1-xdrive28i\/\">kolmanteen autoomme<\/a> piti ostaa <a title=\"Alla uudet talvirenkaat\" href=\"http:\/\/www.vuosiamaailmalla.fi\/blog\/2017\/alla-uudet-talvirenkaat\/\">uudet vanteet ja renkaat<\/a> edelliseksi kolmeksi viime talveksi. Siirryimme my\u00f6s uusimman auton kanssa X1 kokoluokasta X3-luokkaan, joten vanhat 18 tuuman talvivanteet eiv\u00e4t olisi sopineet mitenk\u00e4\u00e4n uuteen autoon, joten edess\u00e4 oli uusien osto.<\/p>\n<p style=\"text-align: center;\"><a href=\"\/blog\/wp-content\/uploads\/2020\/x3m_talvirenkaat_paketissa1.jpg\"><img decoding=\"async\" src=\"\/blog\/wp-content\/uploads\/2020\/thumbs\/thumbs_x3m_talvirenkaat_paketissa1.jpg\" \/><\/a><a href=\"\/blog\/wp-content\/uploads\/2020\/x3m_talvirenkaat_paketissa2.jpg\"><img decoding=\"async\" src=\"\/blog\/wp-content\/uploads\/2020\/thumbs\/thumbs_x3m_talvirenkaat_paketissa2.jpg\" \/><\/a><\/p>\n<p style=\"text-align: center;\"><em>Edukkaan tyylikk\u00e4\u00e4t Niche Vossot<\/em><\/p>\n<p style=\"text-align: justify;\">Aloitimme hintatason kartoituksen tyypilliseen tapaan paikallisesta bemariliikkeest\u00e4, josta annettu $6,999 dollarin hinta oli kuin isku palleaan. Liikkeen edustaja oli valmis nappaamaan hinnasta tonnin, mutta summa oli silti aivan karmea. Niinp\u00e4 p\u00e4\u00e4dyimmekin tutkimaan muita vaihtoehtoja, kuten tilaamista jenkeist\u00e4. Viime kerralla tilasin talvirenkaamme amerikkalaisesta <em>Tirerackista<\/em>, josta ei kuitenkaan l\u00f6ytynyt tyylik\u00e4st\u00e4 vaihtoehtoa upean<em> 2021 BMW X3M Competition<\/em> urheiluautomme alle.<\/p>\n<p style=\"text-align: center;\"><a href=\"\/blog\/wp-content\/uploads\/2020\/x3m_talvirenkaat5.jpg\"><img decoding=\"async\" src=\"\/blog\/wp-content\/uploads\/2020\/x3m_talvirenkaat5.jpg\" \/><\/a><\/p>\n<p style=\"text-align: center;\"><em>Tuumaa pienemm\u00e4t talvivanteet<\/em><\/p>\n<p style=\"text-align: justify;\">Toinen vaihtoehto olisi ollut tilata samat bemarin myym\u00e4t vanteet kolmannelta osapuolelta, joiden hinnat t\u00e4ysin samasta tuotteesta ovat huomattavasti edullisemmat. N\u00e4m\u00e4 liikkeet eiv\u00e4t kuitenkaan lakisyist\u00e4 toimita Kanadaan ja rajan ollessa koronan vuoksi kiinni, ei renkaita voinut <a title=\"Rajashoppailussa enn\u00e4tyslukemat\" href=\"http:\/\/www.vuosiamaailmalla.fi\/blog\/2012\/rajashoppailussa-ennatyslukemat\/\">l\u00e4hte\u00e4 hakemaankaan<\/a>.<\/p>\n<p style=\"text-align: center;\"><a href=\"\/blog\/wp-content\/uploads\/2020\/x3m_talvirenkaat6.jpg\"><img decoding=\"async\" src=\"\/blog\/wp-content\/uploads\/2020\/thumbs\/thumbs_x3m_talvirenkaat6.jpg\" \/><\/a><a href=\"\/blog\/wp-content\/uploads\/2020\/x3m_talvirenkaat7.jpg\"><img decoding=\"async\" src=\"\/blog\/wp-content\/uploads\/2020\/thumbs\/thumbs_x3m_talvirenkaat7.jpg\" \/><\/a><\/p>\n<p style=\"text-align: center;\"><em>Aurinkoinen talvi<\/em><\/p>\n<p style=\"text-align: justify;\">Lopulta voittajaratkaisu olikin ostaa vanteet ja kumit kanadalaisista nettiliikkeist\u00e4, ja asennuttaa ne paikallisessa rengasliikkeess\u00e4. Voittajavalinnaksi muodostui tyylik\u00e4s ruudinharmaa <strong>Niche Vosso Matte Anthracite<\/strong> vanne, johon kietaisin ymp\u00e4rille <strong>Nokian Hakkapeliitta R3 SUV<\/strong> talvikumit. Vannekoossa p\u00e4\u00e4dyin kes\u00e4vanteita tuuman pienemp\u00e4\u00e4n 20 tuuman kokoon, mik\u00e4 tarjoaa miellytt\u00e4v\u00e4n pehme\u00e4n kyydin, jolla p\u00e4rj\u00e4\u00e4 kuoppaisella tai j\u00e4\u00e4polanteisellakin tiell\u00e4.<\/p>\n<p style=\"text-align: justify;\">Koko komeudelle tuli lopulta hintaa $3,250 eli alle puolet bemariliikkeen hinnasta! Vanteet ovat mielest\u00e4ni todella tyylikk\u00e4\u00e4t ja lis\u00e4sin niihin viel\u00e4 halvalla <em>eBaysta<\/em> ostetut bemarin keski\u00f6t tuomaan n\u00e4k\u00f6\u00e4. Parasta oli ett\u00e4 vanhat talvirenkaat meniv\u00e4t kaupaksi $1,500 dollarilla, joten v\u00e4liin ei tarvinnut pist\u00e4\u00e4 kovinkaan paljoa rahaa.<\/p>\n<p style=\"text-align: center;\"><a href=\"\/blog\/wp-content\/uploads\/2020\/x3m_talvirenkaat_paketissa3.jpg\"><img decoding=\"async\" src=\"\/blog\/wp-content\/uploads\/2020\/x3m_talvirenkaat_paketissa3.jpg\" \/><\/a><\/p>\n<p style=\"text-align: center;\"><em>Keski\u00f6t vaihtoon<\/em><\/p>\n<p style=\"text-align: justify;\">Kookkaisiin 21 tuuman kes\u00e4vanteisiin sek\u00e4 sporttisiin kes\u00e4nakkeihin verrattuna talvirenkaat eiv\u00e4t tietenk\u00e4\u00e4n n\u00e4yt\u00e4 aivan yht\u00e4 hyv\u00e4lt\u00e4, mutta ovat todella miellytt\u00e4v\u00e4t ja tarjoavat loistavan pidon. Nokian kumeissa on poikkeuksellisen syv\u00e4t kuviot ja renkaat onkin suunniteltu selv\u00e4sti pohjoisiin olosuhteisiin, mik\u00e4 ei vastaa Vancouverin paljaita maanteit\u00e4, mutta joka tulee varmasti tarpeen <a title=\"Maaliskuista laskettelua Whistleriss\u00e4\" href=\"http:\/\/www.vuosiamaailmalla.fi\/blog\/2016\/maaliskuista-laskettelua-whistlerissa\/\">Whistleriin<\/a> tai <a title=\"P\u00e4\u00e4si\u00e4inen Sun Peaksilla\" href=\"http:\/\/www.vuosiamaailmalla.fi\/blog\/2018\/paasiainen-sun-peaksilla\/\">sis\u00e4maahan<\/a> laskettelemaan ajettaessa.<\/p>\n<p style=\"text-align: center;\"><a href=\"\/blog\/wp-content\/uploads\/2021\/talvirenkaat_tosi_toimessa1.jpg\"><img decoding=\"async\" src=\"\/blog\/wp-content\/uploads\/2021\/thumbs\/thumbs_talvirenkaat_tosi_toimessa1.jpg\" \/><\/a><a href=\"\/blog\/wp-content\/uploads\/2021\/talvirenkaat_tosi_toimessa2.jpg\"><img decoding=\"async\" src=\"\/blog\/wp-content\/uploads\/2021\/thumbs\/thumbs_talvirenkaat_tosi_toimessa2.jpg\" \/><\/a><\/p>\n<p style=\"text-align: center;\"><em>Ainoa kerta tuoreella lumella<\/em><\/p>\n<p style=\"text-align: justify;\">En ole p\u00e4\u00e4ssyt kokeilemaan uusia renkaita lumella kuin ainoastaan <a title=\"Luminen Family Day\" href=\"http:\/\/www.vuosiamaailmalla.fi\/blog\/2021\/luminen-family-day\/\">viime viikonloppuna<\/a>, jolloin ne pitiv\u00e4t hyvin kaikissa olosuhteissa. Renkaista on ollut my\u00f6s apua kylmin\u00e4 pakkasaamuina, jolloin kes\u00e4renkaat olisivat kivikovat ja liukkaat, mutta <em>Nokian<\/em> kumeilla ei ole ollut mit\u00e4\u00e4n ongelmia. Pehmeiden kumien kanssa auton sporttisuus kyll\u00e4 k\u00e4rsii aavistuksen, sill\u00e4 renkaat tuntuvat hieman vetkuloilta kun autoa painaa tiukasti mutkaan, mutta t\u00e4llaiseen holtittomaan ajoon ei ole talvisaikaan syyt\u00e4, turvallisuuden ollessa etusijalla.<\/p>\n<p style=\"text-align: justify;\">Olenkin kaiken kaikkiaan tyytyv\u00e4inen hankintaamme, jonka p\u00e4hk\u00e4ilyss\u00e4 meni taas oma aikansa. Kun uutta autoa on tarkoitus pit\u00e4\u00e4 noin viiden vuoden ajan, tulee uusista renkaista ja vanteista olemaan meille paljon iloa ja Nokioissa riitt\u00e4\u00e4 varmasti kulumapintaa kaikiksi noiksi talviksi.<\/p>\n","protected":false},"excerpt":{"rendered":"<p>Viisi kuukautta sitten toimitettu uusi urheiluautomme on ker\u00e4nnyt ensikuukausiensa aikana matkamittariinsa vasta vaivaiset 3300 kilometri\u00e4. Koronan aikana ei tule menty\u00e4 juuri mihink\u00e4\u00e4n, joten kilometrien karttuminen on ollut l\u00e4hinn\u00e4 lyhyiden viikonloppuajeluiden varassa. Kuitenkin lyhyell\u00e4kin kokemuksella uusi automme on vakuuttanut meid\u00e4t kaikin puolin mahtavana pelin\u00e4 ja on ollut j\u00e4nn\u00e4 huomata miten nopeasti sit\u00e4 tottuu hallitsemaan 510 hevosvoiman &hellip; <a href=\"https:\/\/www.vuosiamaailmalla.fi\/blog\/2021\/talvirenkaat-urheiluautoon\/\" class=\"more-link\">Jatka lukemista<span class=\"screen-reader-text\"> &#8221;Talvirenkaat urheiluautoon&#8221;<\/span><\/a><\/p>\n","protected":false},"author":1,"featured_media":11863,"comment_status":"open","ping_status":"closed","sticky":false,"template":"","format":"standard","meta":{"_jetpack_memberships_contains_paid_content":false,"footnotes":""},"categories":[17,3],"tags":[25,39,232,1524,935,202,1576],"class_list":["post-11861","post","type-post","status-publish","format-standard","has-post-thumbnail","hentry","category-arki-kanadassa","category-arki-ulkomailla","tag-ajankohtaista","tag-autot","tag-bmw","tag-bmw-x3m-competition","tag-kanada","tag-talvi","tag-talvirenkaat"],"jetpack_featured_media_url":"https:\/\/www.vuosiamaailmalla.fi\/blog\/wp-content\/uploads\/x3m_talvirenkaat_banner.jpg","jetpack_sharing_enabled":true,"_links":{"self":[{"href":"https:\/\/www.vuosiamaailmalla.fi\/blog\/wp-json\/wp\/v2\/posts\/11861","targetHints":{"allow":["GET"]}}],"collection":[{"href":"https:\/\/www.vuosiamaailmalla.fi\/blog\/wp-json\/wp\/v2\/posts"}],"about":[{"href":"https:\/\/www.vuosiamaailmalla.fi\/blog\/wp-json\/wp\/v2\/types\/post"}],"author":[{"embeddable":true,"href":"https:\/\/www.vuosiamaailmalla.fi\/blog\/wp-json\/wp\/v2\/users\/1"}],"replies":[{"embeddable":true,"href":"https:\/\/www.vuosiamaailmalla.fi\/blog\/wp-json\/wp\/v2\/comments?post=11861"}],"version-history":[{"count":2,"href":"https:\/\/www.vuosiamaailmalla.fi\/blog\/wp-json\/wp\/v2\/posts\/11861\/revisions"}],"predecessor-version":[{"id":11865,"href":"https:\/\/www.vuosiamaailmalla.fi\/blog\/wp-json\/wp\/v2\/posts\/11861\/revisions\/11865"}],"wp:featuredmedia":[{"embeddable":true,"href":"https:\/\/www.vuosiamaailmalla.fi\/blog\/wp-json\/wp\/v2\/media\/11863"}],"wp:attachment":[{"href":"https:\/\/www.vuosiamaailmalla.fi\/blog\/wp-json\/wp\/v2\/media?parent=11861"}],"wp:term":[{"taxonomy":"category","embeddable":true,"href":"https:\/\/www.vuosiamaailmalla.fi\/blog\/wp-json\/wp\/v2\/categories?post=11861"},{"taxonomy":"post_tag","embeddable":true,"href":"https:\/\/www.vuosiamaailmalla.fi\/blog\/wp-json\/wp\/v2\/tags?post=11861"}],"curies":[{"name":"wp","href":"https:\/\/api.w.org\/{rel}","templated":true}]}}