{"id":11880,"date":"2011-07-21T21:21:14","date_gmt":"2011-07-22T04:21:14","guid":{"rendered":"http:\/\/www.vuosiamaailmalla.fi\/blog\/?p=11880"},"modified":"2022-03-19T21:00:41","modified_gmt":"2022-03-20T04:00:41","slug":"maailmaa-valaiseva-vapaudenpatsas","status":"publish","type":"post","link":"https:\/\/www.vuosiamaailmalla.fi\/blog\/2011\/maailmaa-valaiseva-vapaudenpatsas\/","title":{"rendered":"Maailmaa valaiseva Vapaudenpatsas"},"content":{"rendered":"<p style=\"text-align: left;\"><em>Jatkoa\u00a0<a title=\"New Yorkin kirkkaat valot\" href=\"http:\/\/www.vuosiamaailmalla.fi\/blog\/2011\/new-yorkin-kirkkaat-valot\/\">t\u00e4\u00e4lt\u00e4<\/a>. Matkakertomuksen muut osat l\u00f6ytyv\u00e4t\u00a0<a href=\"http:\/\/www.vuosiamaailmalla.fi\/blog\/?tag=matkakertomus-new-york-chicago\">t\u00e4\u00e4lt\u00e4<\/a>.<\/em><\/p>\n<p style=\"text-align: justify;\"><a title=\"Syntym\u00e4p\u00e4iv\u00e4retki Central Parkissa\" href=\"http:\/\/www.vuosiamaailmalla.fi\/blog\/2011\/syntymapaivaretki-central-parkissa\/\">Railakkaan syntym\u00e4p\u00e4iv\u00e4illallisen<\/a> sek\u00e4 my\u00f6h\u00e4\u00e4n menneen <a title=\"New Yorkin kirkkaat valot\" href=\"http:\/\/www.vuosiamaailmalla.fi\/blog\/2011\/new-yorkin-kirkkaat-valot\/\">y\u00f6llisen valokuvauskierroksen<\/a> j\u00e4ljilt\u00e4 nukuimme seuraavana aamuna hieman edellisaamua pidemp\u00e4\u00e4n. Uusi aamu valkeni aavistuksen utuisena, mutta silti aiempien p\u00e4ivien tapaan kes\u00e4isen l\u00e4mpim\u00e4n\u00e4 ja p\u00e4iv\u00e4n retkemme suuntana olisi jo toistamiseen Manhattanin etel\u00e4k\u00e4rki sek\u00e4 sen edustalla ylv\u00e4\u00e4n\u00e4 seisova Vapaudenpatsas!<\/p>\n<p><!--more--><\/p>\n<p style=\"text-align: justify;\">Vierailu Liberty Islandilla sijaitsevalla patsaalla on teoriassa ilmaista, mutta koska saarelle on p\u00e4\u00e4sy ainoastaan j\u00e4rjestetyn lauttakierroksen yhteydess\u00e4, perit\u00e4\u00e4n vierailumaksu kuljetuksesta. P\u00e4\u00e4syliput lauttaan ostetaan vanhalta <em>Castle Clintonin<\/em> linnoitukselta, joka sijaitsee Manhattanin saaren etel\u00e4k\u00e4rjess\u00e4 Battery Parkin puistossa.<\/p>\n<p style=\"text-align: center;\"><a href=\"\/blog\/wp-content\/uploads\/2011\/castle_clinton.jpg\"><img decoding=\"async\" src=\"\/blog\/wp-content\/uploads\/2011\/castle_clinton.jpg\" \/><\/a><\/p>\n<p style=\"text-align: center;\"><em>Historiallinen Castle Clinton<\/em><\/p>\n<p style=\"text-align: justify;\">Linnake sijaitsi alkujaan pienell\u00e4 rantaluodolla, jonne se pystytettiin vuonna 1808 suojaamaan kaupunkia ennakoitua sotaa Iso-Britanniaa vastaan, joka syttyikin nelj\u00e4 vuotta my\u00f6hemmin. Kyseinen sapeleiden kalistelu tunnetaan Vuoden 1812 sotana ja Castle Clinton oli osa useamman linnakkesaaren puolustuslinjaa New Yorkin edustalla. Linnakkeelta ei lopulta ammuttu laukaustakaan kolmivuotisen sodan aikana.<\/p>\n<p style=\"text-align: justify;\">Vuosien 1855 ja 1890 v\u00e4lill\u00e4 Castle Clinton oli miljoonien maahantulijoiden rekister\u00f6intipaikka ennen l\u00e4heisen Ellis Islandin valjastusta t\u00e4h\u00e4n tarkoitukseen. Seuraavina vuosina linnoituksessa toimi New Yorkin suosittu akvaario aina vuoteen 1941 saakka. Vuosisadan loppupuolella linnoitus meinattiin purkaa useita kertoja, mutta se s\u00e4ilyi ja museoitiin lopulta osaksi t\u00e4ytt\u00f6maalla luotua uutta Battery Parkia.<\/p>\n<p style=\"text-align: center;\"><a href=\"\/blog\/wp-content\/uploads\/2011\/lautta_liberty_islandille1.jpg\"><img decoding=\"async\" src=\"\/blog\/wp-content\/uploads\/2011\/thumbs\/thumbs_lautta_liberty_islandille1.jpg\" \/><\/a><a href=\"\/blog\/wp-content\/uploads\/2011\/liberty_bike.jpg\"><img decoding=\"async\" src=\"\/blog\/wp-content\/uploads\/2011\/thumbs\/thumbs_liberty_bike.jpg\" \/><\/a><\/p>\n<p style=\"text-align: center;\"><em>L\u00e4ht\u00f6piste Liberty Islandille<\/em><\/p>\n<p style=\"text-align: justify;\">Puiston edustalta l\u00e4htee Vapaudenpatsaalle lauttoja tiuhalla v\u00e4lill\u00e4, joten lippuja ei tarvitse v\u00e4ltt\u00e4m\u00e4tt\u00e4 varata etuk\u00e4teen. Purjehdus Manhattanilta Liberty Islandille on lyhyt ja matkan aikana aukeavat hienot <a title=\"Kiertely\u00e4 Lower Manhattanilla\" href=\"http:\/\/www.vuosiamaailmalla.fi\/blog\/2011\/kiertelya-ja-kaartelua-lower-manhattanilla\/\">Lower Manhattanin maisemat<\/a>.<\/p>\n<p style=\"text-align: center;\"><a href=\"\/blog\/wp-content\/uploads\/2011\/lautta_liberty_islandille2.jpg\"><img decoding=\"async\" src=\"\/blog\/wp-content\/uploads\/2011\/thumbs\/thumbs_lautta_liberty_islandille2.jpg\" \/><\/a><a href=\"\/blog\/wp-content\/uploads\/2011\/lautta_liberty_islandille3.jpg\"><img decoding=\"async\" src=\"\/blog\/wp-content\/uploads\/2011\/thumbs\/thumbs_lautta_liberty_islandille3.jpg\" \/><\/a><a href=\"\/blog\/wp-content\/uploads\/2011\/lautta_liberty_islandille4.jpg\"><img decoding=\"async\" src=\"\/blog\/wp-content\/uploads\/2011\/thumbs\/thumbs_lautta_liberty_islandille4.jpg\" \/><\/a><\/p>\n<p style=\"text-align: center;\"><em>Turistilautan kyydiss\u00e4<\/em><\/p>\n<p style=\"text-align: justify;\">Itse Liberty Island on pieni vain viiden hehtaarin kokoinen my\u00f6skin entinen linnakesaari. Saarella on ollut sen historian aikana useita omistajia ja se tunnettiin pitk\u00e4\u00e4n Bedloe&#8217;s Islandina sen yli sata vuotta omistaneen omistajan kauppias Isaac Bedloen mukaan. Saarelle rakennettiin Castle Clintonin vanavedess\u00e4 Fort Woodin linnake vuonna 1811, jonka 11-sakaraisen muurin p\u00e4\u00e4ll\u00e4 Vapaudenpatsas yht\u00e4 edelleen seisoo.<\/p>\n<p style=\"text-align: center;\"><a href=\"\/blog\/wp-content\/uploads\/2011\/liberty_island1.jpg\"><img decoding=\"async\" src=\"\/blog\/wp-content\/uploads\/2011\/liberty_island1.jpg\" \/><\/a><\/p>\n<p style=\"text-align: center;\"><em>Pieni Liberty Island<\/em><\/p>\n<p style=\"text-align: justify;\">Varsinaisen sodan sijaan Liberty Island on kyll\u00e4 n\u00e4hnyt taistelua sen omistajuudesta, sill\u00e4 saarta ovat vaatineet vuorotellen itselleen sek\u00e4 New Yorkin ett\u00e4 New Jerseyn osavaltiot. Taistelu saaresta juontaa juurensa vanhaan ep\u00e4selv\u00e4\u00e4n sanamuotoon osavaltioiden rajasta vuodelta 1664, jonka Yhdysvaltojen Korkein oikeus m\u00e4\u00e4ritti vuonna 1824 tarkoittavan New Yorkin lahden keskikohtaa. Asiasta v\u00e4\u00e4nnettiin k\u00e4tt\u00e4 uudelleen vuonna 1987, jolloin Korkein oikeus j\u00e4tti k\u00e4sittelem\u00e4tt\u00e4 asiaa, mutta otti asiaan lopulta kantaa vuonna 1998 p\u00e4\u00e4t\u00f6ksess\u00e4\u00e4n jossa Liberty Island j\u00e4i New Yorkin osavaltion haltuun enklaavina New Jerseyn aluevesien sis\u00e4ll\u00e4. Viereinen Ellis Island siirtyi kuitenkin p\u00e4\u00e4asiallisesti New Jerseyn haltuun, sill\u00e4 oikeus arvioi 83% saaresta eli kaiken my\u00f6hempin\u00e4 aikoina t\u00e4ytt\u00f6maalla t\u00e4ytetyn kuuluvan New Jerseyhin.<\/p>\n<p style=\"text-align: justify;\">Liberty Islandia l\u00e4hestytt\u00e4ess\u00e4 komean ikoninen Vapaudenpatsas (eng. <em>Statue of Liberty<\/em>) kasvattaa kokoaan. Jalustoineen 93 metri\u00e4 korkea pronssipatsas valmistui vuonna 1886 ja on Ranskan kansan lahja Yhdysvalloille juhlistamaan maan satavuotista itsen\u00e4isyytt\u00e4. Idean patsaasta esitti ensimm\u00e4isen\u00e4 ranskalainen Edouard de Laboulaye vuonna 1865. Laboulaye oli suuri Yhdysvaltojen yst\u00e4v\u00e4 ja ihaili maan demokraattista historiaa sek\u00e4 erityisesti orjuuden kielt\u00e4mist\u00e4 vuonna 1865 p\u00e4\u00e4ttyneen Yhdysvaltojen sis\u00e4llissodan\u00a0 j\u00e4lkeen, <a title=\"Lincoln Memorial\" href=\"http:\/\/www.vuosiamaailmalla.fi\/blog\/2013\/lincoln-memorial\/\">presidentti Abraham Lincolnin<\/a> johdolla.<\/p>\n<p style=\"text-align: center;\"><a href=\"\/blog\/wp-content\/uploads\/2011\/liberty_island2.jpg\"><img decoding=\"async\" src=\"\/blog\/wp-content\/uploads\/2011\/thumbs\/thumbs_liberty_island2.jpg\" \/><\/a><a href=\"\/blog\/wp-content\/uploads\/2011\/liberty_island3.jpg\"><img decoding=\"async\" src=\"\/blog\/wp-content\/uploads\/2011\/thumbs\/thumbs_liberty_island3.jpg\" \/><\/a><\/p>\n<p style=\"text-align: center;\"><em>New Yorkin portinvartija<\/em><\/p>\n<p style=\"text-align: justify;\">Ajatus patsaasta sai nopeasti vastakaikua sek\u00e4 Ranskassa ett\u00e4 Yhdysvalloissa ja hanketta kannattavat alkoivat ker\u00e4\u00e4m\u00e4\u00e4n sille rahoitusta. Patsaan suunnittelijaksi valikoitui ranskalainen Frederic Auguste Bartholdi, joka oli aiemmin ehdottanut 1860-luvun lopulla valmistuneen Suezin kanavan suulle suurta veistosta naisesta pit\u00e4m\u00e4ss\u00e4 lyhty\u00e4. Uutta hanketta markkinoitiin paitsi kansallistunteella, my\u00f6s k\u00e4yt\u00e4nn\u00f6llisen\u00e4 majakkana lahden vilkkaalle laivaliikenteelle, miss\u00e4 k\u00e4yt\u00f6ss\u00e4 patsas ei kuitenkaan lopulta toiminut lyhtyns\u00e4 heikon valovoiman vuoksi.<\/p>\n<p style=\"text-align: center;\"><a href=\"\/blog\/wp-content\/uploads\/2011\/vapaudenpatsas_lahelta5.jpg\"><img decoding=\"async\" src=\"\/blog\/wp-content\/uploads\/2011\/thumbs\/thumbs_vapaudenpatsas_lahelta5.jpg\" \/><\/a><a href=\"\/blog\/wp-content\/uploads\/2011\/vapaudenpatsas_lahelta4.jpg\"><img decoding=\"async\" src=\"\/blog\/wp-content\/uploads\/2011\/thumbs\/thumbs_vapaudenpatsas_lahelta4.jpg\" \/><\/a><a href=\"\/blog\/wp-content\/uploads\/2011\/vapaudenpatsas_lahelta6.jpg\"><img decoding=\"async\" src=\"\/blog\/wp-content\/uploads\/2011\/thumbs\/thumbs_vapaudenpatsas_lahelta6.jpg\" \/><\/a><\/p>\n<p style=\"text-align: center;\"><em>Majakkanakin toiminut Vapaudenpatsas<\/em><\/p>\n<p style=\"text-align: justify;\">Pronssinen patsas valmistettiin Ranskassa ja laivattiin Amerikkaan 350 eri kappaleena, jotka koottiin paikan p\u00e4\u00e4ll\u00e4. Soihtua pid\u00e4ttelev\u00e4 k\u00e4si saapui maahan jo vuonna 1876 sopivasti <a title=\"Sateinen Philadelphia\" href=\"http:\/\/www.vuosiamaailmalla.fi\/blog\/2013\/sateinen-philadelphia\/\">Philadelphiassa<\/a> pidett\u00e4v\u00e4\u00e4n Amerikan mantereen ensimm\u00e4iseen maailmann\u00e4yttelyyn, maan satavuotisjuhlavuonna. My\u00f6s patsaan p\u00e4\u00e4 n\u00e4htiin ennen New Yorkiin laivaamista aluksi n\u00e4ytteill\u00e4 Pariisissa, jossa se sai ihailua osakseen.<\/p>\n<p style=\"text-align: center;\"><a href=\"\/blog\/wp-content\/uploads\/2011\/vapaudenpatsas2.jpg\"><img decoding=\"async\" src=\"\/blog\/wp-content\/uploads\/2011\/thumbs\/thumbs_vapaudenpatsas2.jpg\" \/><\/a><a href=\"\/blog\/wp-content\/uploads\/2011\/vapaudenpatsas4.jpg\"><img decoding=\"async\" src=\"\/blog\/wp-content\/uploads\/2011\/thumbs\/thumbs_vapaudenpatsas4.jpg\" \/><\/a><a href=\"\/blog\/wp-content\/uploads\/2011\/vapaudenpatsas1.jpg\"><img decoding=\"async\" src=\"\/blog\/wp-content\/uploads\/2011\/thumbs\/thumbs_vapaudenpatsas1.jpg\" \/><\/a><br \/>\n<a href=\"\/blog\/wp-content\/uploads\/2011\/vapaudenpatsas5.jpg\"><img decoding=\"async\" src=\"\/blog\/wp-content\/uploads\/2011\/thumbs\/thumbs_vapaudenpatsas5.jpg\" \/><\/a><a href=\"\/blog\/wp-content\/uploads\/2011\/vapaudenpatsas3.jpg\"><img decoding=\"async\" src=\"\/blog\/wp-content\/uploads\/2011\/thumbs\/thumbs_vapaudenpatsas3.jpg\" \/><\/a><\/p>\n<p style=\"text-align: center;\"><em>125-vuotias pronssirouva<\/em><\/p>\n<p style=\"text-align: justify;\">Patsas koottiin nelj\u00e4ss\u00e4 kuukaudessa ja paljastettiin lopulta yleis\u00f6lle presidentti Grover Clevelandin toimesta lokakuun 20. p\u00e4iv\u00e4 1886. Ruskean pronssipatsaan vastaanotto oli ylitsevuotavan positiivinen ja nykyiseen vihre\u00e4\u00e4n ulkomuotoonsa patsas patinoitui vuoteen 1906 menness\u00e4.<\/p>\n<p style=\"text-align: center;\"><a href=\"\/blog\/wp-content\/uploads\/2011\/vapaudenpatsas_lahelta1.jpg\"><img decoding=\"async\" src=\"\/blog\/wp-content\/uploads\/2011\/thumbs\/thumbs_vapaudenpatsas_lahelta1.jpg\" \/><\/a><a href=\"\/blog\/wp-content\/uploads\/2011\/vapaudenpatsas_lahelta2.jpg\"><img decoding=\"async\" src=\"\/blog\/wp-content\/uploads\/2011\/thumbs\/thumbs_vapaudenpatsas_lahelta2.jpg\" \/><\/a><a href=\"\/blog\/wp-content\/uploads\/2011\/vapaudenpatsas_lahelta3.jpg\"><img decoding=\"async\" src=\"\/blog\/wp-content\/uploads\/2011\/thumbs\/thumbs_vapaudenpatsas_lahelta3.jpg\" \/><\/a><\/p>\n<p style=\"text-align: center;\"><em>Vapauden jumalatar<\/em><\/p>\n<p style=\"text-align: justify;\">Alkujaan vierailijoilla oli p\u00e4\u00e4se sek\u00e4 patsaan p\u00e4\u00e4hineeseen ett\u00e4 soihdun pikkuruiselle n\u00e4k\u00f6alatasanteelle, mutta j\u00e4lkimm\u00e4inen suljettiin pysyv\u00e4sti vuonna 1916 New Jerseyss\u00e4 tapahtuneen pommi-iskun j\u00e4lkeen. Syyskuun 11. p\u00e4iv\u00e4n New Yorkin terrori-iskujen j\u00e4lkeen Vapaudenpatsas oli vierailijoiden ulottumattomissa aina elokuuhun 2004 saakka, jolloin jalustan museoon alkoi j\u00e4lleen p\u00e4\u00e4sem\u00e4\u00e4n. P\u00e4\u00e4hineeseen p\u00e4\u00e4sy\u00e4 saatiin kuitenkin odottaa\u00a0 aina hein\u00e4kuuhun 2009 saakka.<\/p>\n<p style=\"text-align: justify;\">Patsaan sis\u00e4lle sek\u00e4 p\u00e4\u00e4hineeseen p\u00e4\u00e4seminen vaatii kuitenkin ennakkovarausta, mik\u00e4 ei ole ongelma jalustan museoon p\u00e4\u00e4st\u00e4kseen. Huipulle p\u00e4\u00e4sy vaatii kuitenkin ajan varaamista yli puoli vuotta etuk\u00e4teen ja koska matkamme suunniteltiin sangen pieness\u00e4 ajassa, saimmekin ihailla patsasta vain sen juurelta k\u00e4sin. Patsas on silti kaikessa ikonisuudessaan huikea n\u00e4ky, jota <a title=\"Kameralaitteisto: Canon EOS 500D (Rebel T1i)\" href=\"http:\/\/www.vuosiamaailmalla.fi\/blog\/2011\/kameralaitteisto-canon-500d-rebel-t1i\/\">kamera<\/a> rakastaa.<\/p>\n<p style=\"text-align: center;\"><a href=\"\/blog\/wp-content\/uploads\/2011\/vapaudenpatsaan_juurella3.jpg\"><img decoding=\"async\" src=\"\/blog\/wp-content\/uploads\/2011\/thumbs\/thumbs_vapaudenpatsaan_juurella3.jpg\" \/><\/a><a href=\"\/blog\/wp-content\/uploads\/2011\/vapaudenpatsaan_juurella2.jpg\"><img decoding=\"async\" src=\"\/blog\/wp-content\/uploads\/2011\/thumbs\/thumbs_vapaudenpatsaan_juurella2.jpg\" \/><\/a><a href=\"\/blog\/wp-content\/uploads\/2011\/vapaudenpatsaan_juurella1.jpg\"><img decoding=\"async\" src=\"\/blog\/wp-content\/uploads\/2011\/thumbs\/thumbs_vapaudenpatsaan_juurella1.jpg\" \/><\/a><\/p>\n<p style=\"text-align: center;\"><em>Turistit fiiliksiss\u00e4\u00e4n<\/em><\/p>\n<p style=\"text-align: justify;\">Liberty Islandilta olisi mahdollista jatkaa viel\u00e4 toisella lautalla viereiselle Ellis Islandille tutustumaan Yhdysvaltojen maahanmuuton historiaan. Museota kehutaan erinomaiseksi, mutta p\u00e4\u00e4timme j\u00e4tt\u00e4\u00e4 sen runsaasti aikaa viev\u00e4n\u00e4 kohteena v\u00e4liin n\u00e4in <a title=\"Kes\u00e4lomalla New Yorkissa\" href=\"http:\/\/www.vuosiamaailmalla.fi\/blog\/2011\/kesalomalla-new-yorkissa\/\">ensimm\u00e4isell\u00e4 New Yorkin matkallamme<\/a> ja palasimmekin takaisin Battery Parkiin.<\/p>\n<p style=\"text-align: center;\"><a href=\"\/blog\/wp-content\/uploads\/2011\/karjalautta.jpg\"><img decoding=\"async\" src=\"\/blog\/wp-content\/uploads\/2011\/karjalautta.jpg\" \/><\/a><\/p>\n<p style=\"text-align: center;\"><em>Turistikarjaa kerrakseen<\/em><\/p>\n<p style=\"text-align: center;\"><a href=\"\/blog\/wp-content\/uploads\/2011\/ellis_island1.jpg\"><img decoding=\"async\" src=\"\/blog\/wp-content\/uploads\/2011\/thumbs\/thumbs_ellis_island1.jpg\" \/><\/a><a href=\"\/blog\/wp-content\/uploads\/2011\/ellis_island2.jpg\"><img decoding=\"async\" src=\"\/blog\/wp-content\/uploads\/2011\/thumbs\/thumbs_ellis_island2.jpg\" \/><\/a><\/p>\n<p style=\"text-align: center;\"><em>Ellis Island j\u00e4i seuraavaan kertaan<\/em><\/p>\n<p style=\"text-align: justify;\">Puistolta l\u00e4hdimme k\u00e4velem\u00e4\u00e4n kohti pohjoista, sivuuttaen samalla <em>Brooklyn-Battery Tunnelin<\/em> massiivisen tuuletustornin. Betonim\u00f6hk\u00e4le on tuttu <em>Men in Black<\/em> -elokuvasta, jossa sen sis\u00e4ll\u00e4 sijaitsee mystisen avaruusolioita mets\u00e4st\u00e4v\u00e4n j\u00e4rjest\u00f6n p\u00e4\u00e4paikka.<\/p>\n<p style=\"text-align: center;\"><a href=\"\/blog\/wp-content\/uploads\/2011\/betonikuutio.jpg\"><img decoding=\"async\" src=\"\/blog\/wp-content\/uploads\/2011\/betonikuutio.jpg\" \/><\/a><\/p>\n<p style=\"text-align: center;\"><em>Miehet mustissa kulissi<\/em><\/p>\n<p style=\"text-align: justify;\">K\u00e4velimme jo aiemmin tutuksi k\u00e4ynytt\u00e4 <em>Broadwayta<\/em> kohti pohjoista aina kaupungintalon aukiolle saakka. Aukion it\u00e4laidalla sijaitsee suuri liikenneh\u00e4ss\u00e4kk\u00e4, joka on kuuluisan <em>Brooklyn Bridgen<\/em> Manhattanin p\u00e4\u00e4. Alun perin New York ja Brooklyn olivat omia kaupunkejaan, joita erotti toisistaan leve\u00e4 East River. Joen yli oli runsaasti liikennett\u00e4 ja sen yli liikenn\u00f6ikin kymmeni\u00e4 lauttayhteyksi\u00e4.<\/p>\n<p style=\"text-align: center;\"><a href=\"\/blog\/wp-content\/uploads\/2011\/lower_mainlandilla_kavelya3.jpg\"><img decoding=\"async\" src=\"\/blog\/wp-content\/uploads\/2011\/thumbs\/thumbs_lower_mainlandilla_kavelya3.jpg\" \/><\/a><a href=\"\/blog\/wp-content\/uploads\/2011\/lower_mainlandilla_kavelya2.jpg\"><img decoding=\"async\" src=\"\/blog\/wp-content\/uploads\/2011\/thumbs\/thumbs_lower_mainlandilla_kavelya2.jpg\" \/><\/a><a href=\"\/blog\/wp-content\/uploads\/2011\/lower_mainlandilla_kavelya1.jpg\"><img decoding=\"async\" src=\"\/blog\/wp-content\/uploads\/2011\/thumbs\/thumbs_lower_mainlandilla_kavelya1.jpg\" \/><\/a><\/p>\n<p style=\"text-align: center;\"><em>Manhattanin upeita rakennuksia<\/em><\/p>\n<p style=\"text-align: justify;\">Joen ylitt\u00e4v\u00e4st\u00e4 sillasta oli puhuttu jo 1800-luvun alkupuolelta saakka, mutta runsas laivaliikenne vaatisi korkeaa ja p\u00e4\u00e4j\u00e4nteelt\u00e4\u00e4n pitk\u00e4\u00e4 siltaa. Sillasta laadittiin kuitenkin suunnitelma ja vuonna 1867 osavaltion senaatti p\u00e4\u00e4tti sen rakentamisesta. Rakennust\u00f6ihin p\u00e4\u00e4stiin vuonna 1870 ja urakan ensimm\u00e4inen vaihe oli kahden massiivisen tornin perustojen rakentaminen jokeen. Urakka oli haastava ja rakennusvaiheen aikana moni ty\u00f6ntekij\u00e4 altistui tuolloin viel\u00e4 tuntemattomalle sukeltajantaudille, joka johti my\u00f6s rakennust\u00f6it\u00e4 valvoneen Washington Roeblingin halvaantumiseen. T\u00e4m\u00e4 joutuikin k\u00e4skytt\u00e4m\u00e4\u00e4n rakennust\u00f6it\u00e4 loppuajan kotoaan k\u00e4sin vaimonsa viestitt\u00e4m\u00e4n v\u00e4lityksell\u00e4.<\/p>\n<p style=\"text-align: center;\"><a href=\"\/blog\/wp-content\/uploads\/2011\/brooklyn_bridgen_ylitys1.jpg\"><img decoding=\"async\" src=\"\/blog\/wp-content\/uploads\/2011\/thumbs\/thumbs_brooklyn_bridgen_ylitys1.jpg\" \/><\/a><a href=\"\/blog\/wp-content\/uploads\/2011\/brooklyn_bridgen_ylitys2.jpg\"><img decoding=\"async\" src=\"\/blog\/wp-content\/uploads\/2011\/thumbs\/thumbs_brooklyn_bridgen_ylitys2.jpg\" \/><\/a><a href=\"\/blog\/wp-content\/uploads\/2011\/brooklyn_bridgen_ylitys3.jpg\"><img decoding=\"async\" src=\"\/blog\/wp-content\/uploads\/2011\/thumbs\/thumbs_brooklyn_bridgen_ylitys3.jpg\" \/><\/a><\/p>\n<p style=\"text-align: center;\"><em>Kuuluisa silta yli East Riverin<\/em><\/p>\n<p style=\"text-align: justify;\">Lopulta 83 metri\u00e4 korkeat tornit saatiin pystyyn ja niiden v\u00e4lille alettiin punomaan valtavia kaapeleita. P\u00e4\u00e4j\u00e4nteen mitta on 486 metri\u00e4, mik\u00e4 oli tuohon aikaan <a title=\"140 euron pihvi sek\u00e4 maailman pisin riippusilta\" href=\"http:\/\/www.vuosiamaailmalla.fi\/blog\/2010\/140-euron-pihvi-seka-maailman-pisin-riippusilta\/\">maailmanenn\u00e4tys<\/a>. My\u00f6s keskim\u00e4\u00e4rin 38,7 metri\u00e4 vedenpinnan yl\u00e4puolella oleva siltakansi oli enn\u00e4tyslukema ja silta hallitsi aina 1800-luvun loppuun sakka tuolloin viel\u00e4 matalasti rakennetun kaupungin siluettia.<\/p>\n<p style=\"text-align: center;\"><a href=\"\/blog\/wp-content\/uploads\/2011\/brooklyn_bridgen_ylitys6.jpg\"><img decoding=\"async\" src=\"\/blog\/wp-content\/uploads\/2011\/thumbs\/thumbs_brooklyn_bridgen_ylitys6.jpg\" \/><\/a><a href=\"\/blog\/wp-content\/uploads\/2011\/brooklyn_bridgen_ylitys7.jpg\"><img decoding=\"async\" src=\"\/blog\/wp-content\/uploads\/2011\/thumbs\/thumbs_brooklyn_bridgen_ylitys7.jpg\" \/><\/a><\/p>\n<p style=\"text-align: center;\"><em>Brooklyn Bridge<\/em><\/p>\n<p style=\"text-align: justify;\">Silta avautui liikenteelle vuonna 1883 ja se oli v\u00e4litt\u00f6m\u00e4sti suosittu. Sillan ylityksest\u00e4 hevosella tai k\u00e4vellen joutui maksamaan pienen maksun ja my\u00f6hemmin sillalle asennettiin my\u00f6s kaapelivaunuyhteys. Autoliikenteen lis\u00e4\u00e4ntymisen my\u00f6t\u00e4 nelikaistaista siltaa laajennettiin 1900-luvun puoliv\u00e4liss\u00e4 kuusikaistaiseksi ja maantie my\u00f6s yhdistettiin molemmissa p\u00e4iss\u00e4 paikallisiin valtav\u00e4yliin.<\/p>\n<p style=\"text-align: center;\"><a href=\"\/blog\/wp-content\/uploads\/2011\/brooklyn_bridgen_ylitys5.jpg\"><img decoding=\"async\" src=\"\/blog\/wp-content\/uploads\/2011\/thumbs\/thumbs_brooklyn_bridgen_ylitys5.jpg\" \/><\/a><a href=\"\/blog\/wp-content\/uploads\/2011\/brooklyn_bridgen_ylitys4.jpg\"><img decoding=\"async\" src=\"\/blog\/wp-content\/uploads\/2011\/thumbs\/thumbs_brooklyn_bridgen_ylitys4.jpg\" \/><\/a><\/p>\n<p style=\"text-align: center;\"><em>Keskell\u00e4 kuuluisaa siltaa<\/em><\/p>\n<p style=\"text-align: justify;\">Brooklyn Bridgen on voinut ylitt\u00e4\u00e4 aina k\u00e4vellen korotettua k\u00e4velytiet\u00e4 pitkin. Sillan ylitys onkin turistien suosiossa ja sit\u00e4 l\u00e4hdimme itsekin tekem\u00e4\u00e4n. K\u00e4velless\u00e4 on kuitenkin syyt\u00e4 varoa py\u00f6r\u00e4ilij\u00f6it\u00e4, joita erottaa valokuvia ottavista turistimassoista ainoastaan maalattu viiva, mik\u00e4 johtaakin usein t\u00f6rm\u00e4yksiin.<\/p>\n<p style=\"text-align: justify;\">Maisemat sillalta ovat kuitenkin upeat sek\u00e4 matalamman Brooklynin suuntaan ett\u00e4 takaisin Manhattanille. <a title=\"Empire State Buildingin huipulla\" href=\"http:\/\/www.vuosiamaailmalla.fi\/blog\/2011\/empire-state-buildingin-huipulla-ja-eloisa-vahamuseo\/\"><em>Empire State Building<\/em><\/a> sek\u00e4 muut maamerkkirakennukset n\u00e4kyv\u00e4t eritt\u00e4in hyvin ja alapuolella lipuu veneit\u00e4. Yhteens\u00e4 1833 metri\u00e4 pitk\u00e4 silta p\u00e4\u00e4ttyy Brooklynin puolella Dumbon kaupunginosaan, jonka rannasta aukeaa lukuisissa elokuvissa n\u00e4hty ikoninen New Yorkin maisema. Keli oli mit\u00e4 loistavin, mutta harmillisesti vastaan paistanut aurinko teki valokuvauksesta haastavaa.<\/p>\n<p style=\"text-align: center;\"><a href=\"\/blog\/wp-content\/uploads\/2011\/brooklyn_bridgen_maisema1.jpg\"><img decoding=\"async\" src=\"\/blog\/wp-content\/uploads\/2011\/thumbs\/thumbs_brooklyn_bridgen_maisema1.jpg\" \/><\/a><a href=\"\/blog\/wp-content\/uploads\/2011\/brooklyn_bridgen_maisema2.jpg\"><img decoding=\"async\" src=\"\/blog\/wp-content\/uploads\/2011\/thumbs\/thumbs_brooklyn_bridgen_maisema2.jpg\" \/><\/a><\/p>\n<p style=\"text-align: center;\"><em>Maisemia moneen suuntaan<\/em><\/p>\n<p style=\"text-align: center;\"><a href=\"\/blog\/wp-content\/uploads\/2011\/brooklynin_puolella.jpg\"><img decoding=\"async\" src=\"\/blog\/wp-content\/uploads\/2011\/brooklynin_puolella.jpg\" \/><\/a><\/p>\n<p style=\"text-align: center;\"><em>Maisema Brooklynist\u00e4<\/em><\/p>\n<p style=\"text-align: justify;\">Kaupunginosan nimi on lyhenne sanoista <em>Down Under the Manhattan Bridge Overpass<\/em> ja alueesta on muodostunut muutenkin eritt\u00e4in hipsterin Brooklynin kalleimpia asuinalueita. Sinne\u00a0 on keskittynyt erityisen runsaasti teknologia start-uppeja, lis\u00e4ten edelleen sen kalleuteen.<\/p>\n<p style=\"text-align: justify;\">Alueen siluettia hallitsee ruskean Brooklyn Bridgen lis\u00e4ksi my\u00f6s sininen <em>Manhattan Bridge<\/em>, joka on valmistunut vuonna 1909. 2089 metri\u00e4 pitk\u00e4n riippusillan p\u00e4\u00e4j\u00e4nne on 451 metri\u00e4 pitk\u00e4 ja sillalla on kaksi kantta, joilla on yhteens\u00e4 7 autokaistaa, nelj\u00e4t metroraiteet sek\u00e4 kaksi k\u00e4velysiltaa. Varsinkin metrojen kolistelua ei voi olla kuulematta ja runsas liikenne aiheuttikin sillan kallistumisen, mik\u00e4 vaati 1970-luvulla kalliita korjauksia.<\/p>\n<p style=\"text-align: center;\"><a href=\"\/blog\/wp-content\/uploads\/2011\/manhattan_bridge1.jpg\"><img decoding=\"async\" src=\"\/blog\/wp-content\/uploads\/2011\/thumbs\/thumbs_manhattan_bridge1.jpg\" \/><\/a><a href=\"\/blog\/wp-content\/uploads\/2011\/manhattan_bridge2.jpg\"><img decoding=\"async\" src=\"\/blog\/wp-content\/uploads\/2011\/thumbs\/thumbs_manhattan_bridge2.jpg\" \/><\/a><\/p>\n<p style=\"text-align: center;\"><em>Koliseva Manhattan Bridge<\/em><\/p>\n<p style=\"text-align: justify;\">Sillan oli tarkoitus olla osa New Yorkin 1960-luvulla hyv\u00e4ksytty\u00e4 moottoritiesuunnitelmaa, jonka osa oli Manhattanin halkaiseva <em>Interstate I-78<\/em>. Hanke kuitenkin kuopattiin 1970-luvulla voimakkaan vastustuksen vuoksi, mink\u00e4 takia poikkiliikenne Manhattanin l\u00e4vitse onkin nykyisin hidasta ja autoilijoita tuskastuttavaa.<\/p>\n<p style=\"text-align: justify;\">Palasimme Manhattanille kyseisen sillan ylitse metrolla, jolla ajoimme SoHon alueelle. Alunperin taiteilijakaupunginosana tunnettu SoHo on nyttemmin trendik\u00e4s ja sit\u00e4 my\u00f6ten kallis paikka asua. Sangen pienen kaupunginosan nimi tulee sen maantieteellisest\u00e4 sijainnista eli <em>South of Houston Street<\/em>, joka rajaa sen pohjoisessa <a title=\"Elokuvamaisemia ja Concorden kyydiss\u00e4\" href=\"http:\/\/www.vuosiamaailmalla.fi\/blog\/2011\/elokuvamaisemia-ja-concorden-kyydissa\/\">Greenwich Villageen<\/a>. Etel\u00e4ss\u00e4 seuraava kaupunginosa on TriBeCa ja id\u00e4ss\u00e4 Little Italy.<\/p>\n<p style=\"text-align: center;\"><a href=\"\/blog\/wp-content\/uploads\/2011\/new_yorkin_soho1.jpg\"><img decoding=\"async\" src=\"\/blog\/wp-content\/uploads\/2011\/thumbs\/thumbs_new_yorkin_soho1.jpg\" \/><\/a><a href=\"\/blog\/wp-content\/uploads\/2011\/new_yorkin_soho2.jpg\"><img decoding=\"async\" src=\"\/blog\/wp-content\/uploads\/2011\/thumbs\/thumbs_new_yorkin_soho2.jpg\" \/><\/a><a href=\"\/blog\/wp-content\/uploads\/2011\/new_yorkin_soho3.jpg\"><img decoding=\"async\" src=\"\/blog\/wp-content\/uploads\/2011\/thumbs\/thumbs_new_yorkin_soho3.jpg\" \/><\/a><\/p>\n<p style=\"text-align: center;\"><em>Vilkas SoHo<\/em><\/p>\n<p style=\"text-align: justify;\">Sohon vilkkaiden katujen varrella on lukuisia vanhoja arvorakennuksia, joiden julkisivuja reunustavat valurautaiset h\u00e4t\u00e4poistumiseen tarkoitetut tikask\u00e4yt\u00e4v\u00e4t, jotka ovat pala televisiosta tuttua New Yorkin katukuvaa.<\/p>\n<p style=\"text-align: center;\"><a href=\"\/blog\/wp-content\/uploads\/2011\/new_yorkin_soho_ravintola.jpg\"><img decoding=\"async\" src=\"\/blog\/wp-content\/uploads\/2011\/new_yorkin_soho_ravintola.jpg\" \/><\/a><\/p>\n<p style=\"text-align: center;\"><em>Ehtaa meksikolaista<\/em><\/p>\n<p style=\"text-align: justify;\">Jonkin aikaa py\u00f6ritty\u00e4mme l\u00f6ysimme lopulta hieman sivummalta pienen mukavan meksikolaisravintolan, jossa s\u00f6imme lounasta. K\u00e4velyn t\u00e4ytteinen iltap\u00e4iv\u00e4 oli tarjonnut laajan kattauksen Lower Manhattanin maisemia ja palasimmekin hotellille lepuuttamaan jalkojamme ennen illan upeaa maisemapl\u00e4j\u00e4yst\u00e4 <a title=\"Suurenmoinen Rockefeller Center\" href=\"https:\/\/www.vuosiamaailmalla.fi\/blog\/2011\/suurenmoinen-rockefeller-center\/\"><em>Rockefeller Centerin<\/em> huipulta<\/a>.<\/p>\n<p style=\"text-align: right;\"><em>Seuraavaan osaan <a title=\"Suurenmoinen Rockefeller Center\" href=\"https:\/\/www.vuosiamaailmalla.fi\/blog\/2011\/suurenmoinen-rockefeller-center\/\">t\u00e4st\u00e4<\/a>. Matkakertomuksen muut osat l\u00f6ytyv\u00e4t\u00a0<a href=\"https:\/\/www.vuosiamaailmalla.fi\/?tag=matkakertomus-new-york-chicago\">t\u00e4\u00e4lt\u00e4<\/a>.<\/em><\/p>\n","protected":false},"excerpt":{"rendered":"<p>Jatkoa\u00a0t\u00e4\u00e4lt\u00e4. Matkakertomuksen muut osat l\u00f6ytyv\u00e4t\u00a0t\u00e4\u00e4lt\u00e4. Railakkaan syntym\u00e4p\u00e4iv\u00e4illallisen sek\u00e4 my\u00f6h\u00e4\u00e4n menneen y\u00f6llisen valokuvauskierroksen j\u00e4ljilt\u00e4 nukuimme seuraavana aamuna hieman edellisaamua pidemp\u00e4\u00e4n. Uusi aamu valkeni aavistuksen utuisena, mutta silti aiempien p\u00e4ivien tapaan kes\u00e4isen l\u00e4mpim\u00e4n\u00e4 ja p\u00e4iv\u00e4n retkemme suuntana olisi jo toistamiseen Manhattanin etel\u00e4k\u00e4rki sek\u00e4 sen edustalla ylv\u00e4\u00e4n\u00e4 seisova Vapaudenpatsas!<\/p>\n","protected":false},"author":1,"featured_media":12005,"comment_status":"open","ping_status":"closed","sticky":false,"template":"","format":"standard","meta":{"_jetpack_memberships_contains_paid_content":false,"footnotes":""},"categories":[7,890],"tags":[1413,1587,1409,139,1315,1588,1317,295,1406,1590,1412],"class_list":["post-11880","post","type-post","status-publish","format-standard","has-post-thumbnail","hentry","category-matkakertomukset","category-yhdysvallat","tag-battery-park","tag-brooklyn","tag-brooklyn-bridge","tag-historiaa-2","tag-manhattan","tag-manhattan-bridge","tag-matkakertomus-new-york-chicago","tag-new-york","tag-new-york-downtown","tag-new-york-soho","tag-vapaudenpatsas"],"jetpack_featured_media_url":"https:\/\/www.vuosiamaailmalla.fi\/blog\/wp-content\/uploads\/vapaudenpatsas_lahelta_banner.jpg","jetpack_sharing_enabled":true,"_links":{"self":[{"href":"https:\/\/www.vuosiamaailmalla.fi\/blog\/wp-json\/wp\/v2\/posts\/11880","targetHints":{"allow":["GET"]}}],"collection":[{"href":"https:\/\/www.vuosiamaailmalla.fi\/blog\/wp-json\/wp\/v2\/posts"}],"about":[{"href":"https:\/\/www.vuosiamaailmalla.fi\/blog\/wp-json\/wp\/v2\/types\/post"}],"author":[{"embeddable":true,"href":"https:\/\/www.vuosiamaailmalla.fi\/blog\/wp-json\/wp\/v2\/users\/1"}],"replies":[{"embeddable":true,"href":"https:\/\/www.vuosiamaailmalla.fi\/blog\/wp-json\/wp\/v2\/comments?post=11880"}],"version-history":[{"count":9,"href":"https:\/\/www.vuosiamaailmalla.fi\/blog\/wp-json\/wp\/v2\/posts\/11880\/revisions"}],"predecessor-version":[{"id":12748,"href":"https:\/\/www.vuosiamaailmalla.fi\/blog\/wp-json\/wp\/v2\/posts\/11880\/revisions\/12748"}],"wp:featuredmedia":[{"embeddable":true,"href":"https:\/\/www.vuosiamaailmalla.fi\/blog\/wp-json\/wp\/v2\/media\/12005"}],"wp:attachment":[{"href":"https:\/\/www.vuosiamaailmalla.fi\/blog\/wp-json\/wp\/v2\/media?parent=11880"}],"wp:term":[{"taxonomy":"category","embeddable":true,"href":"https:\/\/www.vuosiamaailmalla.fi\/blog\/wp-json\/wp\/v2\/categories?post=11880"},{"taxonomy":"post_tag","embeddable":true,"href":"https:\/\/www.vuosiamaailmalla.fi\/blog\/wp-json\/wp\/v2\/tags?post=11880"}],"curies":[{"name":"wp","href":"https:\/\/api.w.org\/{rel}","templated":true}]}}