{"id":119,"date":"2012-06-20T18:35:32","date_gmt":"2012-06-21T01:35:32","guid":{"rendered":"http:\/\/127.0.0.1:4001\/wordpress\/?p=119"},"modified":"2021-02-01T20:48:44","modified_gmt":"2021-02-02T04:48:44","slug":"juneary-seka-keskikesa-kanadassa","status":"publish","type":"post","link":"https:\/\/www.vuosiamaailmalla.fi\/blog\/2012\/juneary-seka-keskikesa-kanadassa\/","title":{"rendered":"Juneary sek\u00e4 keskikes\u00e4 Kanadassa"},"content":{"rendered":"<p style=\"text-align: justify;\">T\u00e4n\u00e4\u00e4n on vuoden pisin p\u00e4iv\u00e4. Aurinko on Vancouverissa horisontin yl\u00e4puolella yhteens\u00e4 16 tunnin 15 minuutin ja 3 sekunnin ajan. Huomenna p\u00e4iv\u00e4 on jo kaksi sekuntia t\u00e4n\u00e4ist\u00e4 lyhyempi ja vuosi k\u00e4\u00e4ntynyt kohti talvea. Vaikka Kanada onkin pohjoinen maa, ei keskikes\u00e4\u00e4 taikka juhannusta juhlita t\u00e4\u00e4ll\u00e4 kovin suureellisesti. Ainoastaan ranskalaisessa Quebecin osavaltiossa 24. kes\u00e4kuuta juhlitaan valinnaisena vapaap\u00e4iv\u00e4n\u00e4, jonka yritykset voivat niin halutessaan ty\u00f6ntekij\u00f6illeen my\u00f6nt\u00e4\u00e4.<\/p>\n<p><!--more--><\/p>\n<p style=\"text-align: justify;\">Mutta koska Kanada on maahanmuuttajien maa, juhlivat paikalliset skandinaavit kuitenkin juhannusta. Burnabyss\u00e4 vietet\u00e4\u00e4n tulevana viikonloppuna isoksi luonnehdittua <a href=\"http:\/\/www.scandinavianmidsummerfestival.com\/\">Scandinavian Midsummer Festivalia<\/a>. Juhlapaikalla on ohjelmassa ainakin juhannussalon pystytt\u00e4mist\u00e4, viikinkiolympialaisia, nuotion \u00e4\u00e4rell\u00e4 laulantaa sek\u00e4 supisuomalaista eukon kantoa. Harmillisesti viikonlopuksi on luvattu kehnoa s\u00e4\u00e4t\u00e4 ja me emme varmaan paikan p\u00e4\u00e4lle l\u00e4hde, mutta toivon mukaan juhlaan osallistujia silti riitt\u00e4\u00e4 edellis vuosien tapaan.<\/p>\n<p style=\"text-align: justify;\">Vaikka kalenterin mukaan meneill\u00e4\u00e4n onkin keskikes\u00e4, eiv\u00e4t kelit ole olleet viel\u00e4 kovin kes\u00e4isi\u00e4. S\u00e4\u00e4tilastojen mukaan viimeisten 90 p\u00e4iv\u00e4n aikana Vancouverin alueella satoi 45 p\u00e4iv\u00e4n\u00e4 ja toisestakin puolesta riitti pilvisi\u00e4 p\u00e4ivi\u00e4. L\u00e4mp\u00f6tila Vancouverin alueella ylitti &#8221;maagiset&#8221; 20 astetta t\u00e4n\u00e4 aikana vain kahdesti. Meneill\u00e4\u00e4n onkin kylmin kes\u00e4kuu sitten vuoden 1971. T\u00e4m\u00e4 onkin saanut ihmiset kutsumaan kuluvaa kuukautta kes\u00e4kuun (June) ja tammikuun (January) yhdistelm\u00e4ksi, eli <em>Junearyksi<\/em>, mik\u00e4 onkin sangen osuva nimitys tilanteelle.<\/p>\n<p style=\"text-align: justify;\">Onneksi ensi viikon s\u00e4\u00e4ennuste lupaa hieman poutaisempaa, mutta l\u00e4mp\u00f6tilat pysyttelev\u00e4t edelleen maltillisella tasolla. Ehk\u00e4 se kes\u00e4 siit\u00e4 kuitenkin hiljalleen alkaa, kun lomakausi ensi viikosta py\u00f6r\u00e4ht\u00e4\u00e4 t\u00e4\u00e4ll\u00e4kin k\u00e4yntiin&#8230;<\/p>\n","protected":false},"excerpt":{"rendered":"<p>T\u00e4n\u00e4\u00e4n on vuoden pisin p\u00e4iv\u00e4. Aurinko on Vancouverissa horisontin yl\u00e4puolella yhteens\u00e4 16 tunnin 15 minuutin ja 3 sekunnin ajan. Huomenna p\u00e4iv\u00e4 on jo kaksi sekuntia t\u00e4n\u00e4ist\u00e4 lyhyempi ja vuosi k\u00e4\u00e4ntynyt kohti talvea. Vaikka Kanada onkin pohjoinen maa, ei keskikes\u00e4\u00e4 taikka juhannusta juhlita t\u00e4\u00e4ll\u00e4 kovin suureellisesti. Ainoastaan ranskalaisessa Quebecin osavaltiossa 24. kes\u00e4kuuta juhlitaan valinnaisena vapaap\u00e4iv\u00e4n\u00e4, jonka &hellip; <a href=\"https:\/\/www.vuosiamaailmalla.fi\/blog\/2012\/juneary-seka-keskikesa-kanadassa\/\" class=\"more-link\">Jatka lukemista<span class=\"screen-reader-text\"> &#8221;Juneary sek\u00e4 keskikes\u00e4 Kanadassa&#8221;<\/span><\/a><\/p>\n","protected":false},"author":1,"featured_media":0,"comment_status":"open","ping_status":"open","sticky":false,"template":"","format":"standard","meta":{"_jetpack_memberships_contains_paid_content":false,"footnotes":""},"categories":[17,3],"tags":[25,34,77,149,935,155,159,270,939],"class_list":["post-119","post","type-post","status-publish","format-standard","hentry","category-arki-kanadassa","category-arki-ulkomailla","tag-ajankohtaista","tag-arki","tag-burnaby","tag-juhannus","tag-kanada","tag-kanadalainen-juttu","tag-kesa","tag-saa","tag-vancouver"],"jetpack_featured_media_url":"","jetpack_sharing_enabled":true,"_links":{"self":[{"href":"https:\/\/www.vuosiamaailmalla.fi\/blog\/wp-json\/wp\/v2\/posts\/119","targetHints":{"allow":["GET"]}}],"collection":[{"href":"https:\/\/www.vuosiamaailmalla.fi\/blog\/wp-json\/wp\/v2\/posts"}],"about":[{"href":"https:\/\/www.vuosiamaailmalla.fi\/blog\/wp-json\/wp\/v2\/types\/post"}],"author":[{"embeddable":true,"href":"https:\/\/www.vuosiamaailmalla.fi\/blog\/wp-json\/wp\/v2\/users\/1"}],"replies":[{"embeddable":true,"href":"https:\/\/www.vuosiamaailmalla.fi\/blog\/wp-json\/wp\/v2\/comments?post=119"}],"version-history":[{"count":1,"href":"https:\/\/www.vuosiamaailmalla.fi\/blog\/wp-json\/wp\/v2\/posts\/119\/revisions"}],"predecessor-version":[{"id":11568,"href":"https:\/\/www.vuosiamaailmalla.fi\/blog\/wp-json\/wp\/v2\/posts\/119\/revisions\/11568"}],"wp:attachment":[{"href":"https:\/\/www.vuosiamaailmalla.fi\/blog\/wp-json\/wp\/v2\/media?parent=119"}],"wp:term":[{"taxonomy":"category","embeddable":true,"href":"https:\/\/www.vuosiamaailmalla.fi\/blog\/wp-json\/wp\/v2\/categories?post=119"},{"taxonomy":"post_tag","embeddable":true,"href":"https:\/\/www.vuosiamaailmalla.fi\/blog\/wp-json\/wp\/v2\/tags?post=119"}],"curies":[{"name":"wp","href":"https:\/\/api.w.org\/{rel}","templated":true}]}}