{"id":12003,"date":"2021-04-24T17:14:32","date_gmt":"2021-04-25T00:14:32","guid":{"rendered":"http:\/\/www.vuosiamaailmalla.fi\/blog\/?p=12003"},"modified":"2024-04-19T18:04:15","modified_gmt":"2024-04-20T01:04:15","slug":"rikollisille-luovutettu-paratiisi","status":"publish","type":"post","link":"https:\/\/www.vuosiamaailmalla.fi\/blog\/2021\/rikollisille-luovutettu-paratiisi\/","title":{"rendered":"Rikollisille luovutettu paratiisi"},"content":{"rendered":"<p style=\"text-align: justify;\">Vancouveria on siunattu monessa asiassa. Kaupunki sijaitsee luonnonkauniissa maailmankolkassa ja sen asukkaat nauttivat keskim\u00e4\u00e4rin eritt\u00e4in korkeasta elintasosta. Kauniin julkisuuskuvan takana on\u00a0 kuitenkin kupruja ja kaupungin kirous ovat <a title=\"Vancouverin p\u00f6lh\u00f6t p\u00e4\u00e4tt\u00e4j\u00e4t\" href=\"https:\/\/www.vuosiamaailmalla.fi\/blog\/2021\/vancouverin-polhot-paattajat\/\">p\u00f6lh\u00f6t p\u00e4\u00e4tt\u00e4j\u00e4t<\/a>, joiden prioriteettina on <a title=\"Uusi korkein toimistopilvenpiirt\u00e4j\u00e4\" href=\"https:\/\/www.vuosiamaailmalla.fi\/blog\/2018\/uusi-korkein-toimistopilvenpiirtaja\/\">vastustaa kaikkea kehityst\u00e4<\/a> sek\u00e4 k\u00e4yd\u00e4 pyh\u00e4\u00e4 sotaa peltilehmi\u00e4 vastaan. Nyt negatiivisten ilmi\u00f6iden k\u00e4rkeen on kuitenkin kiilaamassa kovaa vauhtia uusi katastrofi, joka uhkaa kaikkea mik\u00e4 on tehnyt Vancouverista yhden <a title=\"Maailman paras asuinkaupunki\" href=\"https:\/\/www.vuosiamaailmalla.fi\/blog\/2014\/maailman-paras-asuinkaupunki\/\">maailman parhaista kaupungeista<\/a>.<\/p>\n<p><!--more--><\/p>\n<p style=\"text-align: justify;\">Kanadan l\u00e4nsirannikko on todella kaunis kolkka ja rannikon talvet kanadalaisittain eritt\u00e4in leutoja. Poliittisesti ja henkisesti Vancouver on ollut aina osa l\u00e4nsirannikkoa, tuntien suurta hengenheimolaisuutta Amerikan l\u00e4nsirannikon kaupunkeja kuten <a title=\"Ensimm\u00e4ist\u00e4 kertaa Seattlessa\" href=\"https:\/\/www.vuosiamaailmalla.fi\/blog\/2012\/ensimmaista-kertaa-seattlessa\/\">Seattlea<\/a>, Portlandia sek\u00e4 San Franciscoa kohtaan. Vancouver onkin apinoinut n\u00e4iden &#8221;edistykselliseksi&#8221; (eng. <em>progressive<\/em>) v\u00e4itettyjen kaupunkien politiikkaa vuosikymmenien ajan, joten ei ole yll\u00e4tys ett\u00e4 kaupunki on my\u00f6s kehittynyt samanlaiseen suuntaan.<\/p>\n<p style=\"text-align: justify;\">El\u00e4misen laatu sek\u00e4 luontoarvot olleet aina <a title=\"Maksullinen luonto\" href=\"https:\/\/www.vuosiamaailmalla.fi\/blog\/2024\/maksullinen-luonto\/\">t\u00e4rkeit\u00e4 vancouverilaisille<\/a> ja kaupunki onkin <em>Greenpeacen<\/em> synnyinpaikka. Kaupunkilaiset ovat my\u00f6s eritt\u00e4in liberaaleja suhtautumisessaan huono-osaisten kohteluun, jotka ovatkin l\u00f6yt\u00e4neet tiens\u00e4 kaupunkiin suurin joukoin vuosikymmenien ajan.<\/p>\n<p style=\"text-align: center;\"><iframe loading=\"lazy\" style=\"border: 0;\" src=\"https:\/\/www.google.com\/maps\/embed?pb=!4v1619308992733!6m8!1m7!1sEgGQ54ex1-D-UmFs55qENg!2m2!1d49.28141422537136!2d-123.1031438601029!3f80.55785929943649!4f1.1392630804666481!5f0.7820865974627469\" width=\"600\" height=\"450\" allowfullscreen=\"allowfullscreen\"><\/iframe><\/p>\n<p style=\"text-align: center;\"><em>East Hastings on moniongelmainen alue<\/em><\/p>\n<p style=\"text-align: justify;\">Kodittomille kanadalaisille Vancouver on paratiisi, sill\u00e4 leuto talvi mahdollistaa nukkua teltassa vuoden ymp\u00e4ri. Tarjolla on my\u00f6s runsaasti ilmaista asumista, sill\u00e4 kaupunki on rakentanut tuhansia y\u00f6paikkoja niiden harvojen <a title=\"Luminen Family Day\" href=\"https:\/\/www.vuosiamaailmalla.fi\/blog\/2021\/luminen-family-day\/\">lumisten p\u00e4ivien<\/a> sek\u00e4 kylmien kausien varalle, joten riski paleltua kuoliaaksi on t\u00e4\u00e4ll\u00e4 paljon pienempi kuin vaikkapa hyisess\u00e4 Winnipegiss\u00e4. Ymm\u00e4rt\u00e4v\u00e4isyytt\u00e4 osoittaa my\u00f6s, ettei kadulla asuvia yleens\u00e4 h\u00e4\u00e4det\u00e4 vaikka n\u00e4m\u00e4 pystytt\u00e4isiv\u00e4t teltan puistoon, maantiesiltojen alle tai vaikka <a title=\"False Creekin kelluva ghetto\" href=\"https:\/\/www.vuosiamaailmalla.fi\/blog\/2024\/false-creekin-kelluva-ghetto\/\">keskelle False Creekia<\/a>. Ainoan poikkeuksen muodostaa kaikkea vastuuta pakenevan pormestarin kodin edusta, josta roskasakki saa v\u00e4isty\u00e4 nopeasti.<\/p>\n<p style=\"text-align: center;\"><a href=\"\/blog\/wp-content\/uploads\/2021\/loputtomasti_sosiaaliasuntoja.jpg\"><img decoding=\"async\" src=\"\/blog\/wp-content\/uploads\/2021\/loputtomasti_sosiaaliasuntoja.jpg\" \/><\/a><\/p>\n<p style=\"text-align: center;\"><em>Tuhansia ilmaisia tai edullisia asuntoja<\/em><\/p>\n<p style=\"text-align: justify;\">Kanadan muut kaupungit ovatkin k\u00e4ytt\u00e4neet vancouverilaisten naivismia t\u00f6rke\u00e4sti hyv\u00e4kseen ja pist\u00e4neet kodittomiaan bussiin menolipulla Vancouveriin. Asia nousee aina v\u00e4lill\u00e4 otsikoihin, mutta k\u00e4yt\u00e4nt\u00f6 on ollut olemassa vuosikymmenien ajan. Joskus bussi on kulkenut my\u00f6s toiseen suuntaan, sill\u00e4 vuoden 2010 talviolympialaisten alla Vancouver kiillotti julkisuuskuvaansa l\u00e4hett\u00e4m\u00e4ll\u00e4 kodittomat &#8221;lomalle&#8221; kotiprovinsseihinsa, jolta suurin osa kuitenkin palasi heti olympialaisten j\u00e4lkeen takaisin.<\/p>\n<p style=\"text-align: justify;\">V\u00e4h\u00e4osaisia ei kuitenkaan houkuttele Vancouveriin pelkk\u00e4 leppoisa s\u00e4\u00e4 ja ymm\u00e4rt\u00e4v\u00e4iset ihmiset, mutta my\u00f6skin kaupungin <a title=\"T\u00e4ydellisen ep\u00e4onnistunut huumepolitiikka\" href=\"https:\/\/www.vuosiamaailmalla.fi\/blog\/2024\/taydellisen-epaonnistunut-huumepolitiikka\/\">salliva huumepolitiikka<\/a> sek\u00e4 huumeiden helppo saatavuus. Vancouverin Downtown Eastside on koko Kanadassa tunnettu slummi aivan keskustan kupeessa, jota on toisinaan kuvailtu koko Pohjois-Amerikan huonoimmaksi postinumeroalueeksi. Avoin huumeidenk\u00e4ytt\u00f6 on alueella arkip\u00e4iv\u00e4ist\u00e4 siit\u00e4kin huolimatta, ett\u00e4 alueen ytimess\u00e4 sijaitsee poliisiasema.<\/p>\n<p style=\"text-align: justify;\">H\u00e4vityksen keskus on ollut perinteisesti sangen lyhyt <em>East Hastings Streetin<\/em> p\u00e4tk\u00e4, joka n\u00e4ytt\u00e4\u00e4 kehitysmaalta varastetun tavaran katukauppojen sek\u00e4 t\u00e4ysin avoimen huumeidenk\u00e4yt\u00f6n keskell\u00e4. N\u00e4ky on melko shokeeraava ja ajammekin yleens\u00e4 sen poikki vieraidemme kanssa n\u00e4ytt\u00e4\u00e4ksemme t\u00e4m\u00e4nkin puolen Vancouverista.<\/p>\n<p style=\"text-align: center;\"><a href=\"\/blog\/wp-content\/uploads\/2021\/east_hastings_vartta.jpg\"><img decoding=\"async\" src=\"\/blog\/wp-content\/uploads\/2021\/east_hastings_vartta.jpg\" \/><\/a><\/p>\n<p style=\"text-align: center;\"><em>Varastetun tavaran katumarkkinat<\/em><\/p>\n<p style=\"text-align: justify;\">Ongelmat ovat kuitenkin keskittyneet l\u00e4hes t\u00e4ysin t\u00e4lle eritt\u00e4in pienelle alueelle, jonka ymp\u00e4ryst\u00e4ss\u00e4 sijaitsee satoja kaupungin tukiasuntoja sek\u00e4 turvakoteja. Niin ik\u00e4v\u00e4 kuin n\u00e4ky on aina ollutkin, sen keskittyminen yhdelle alueelle on auttanut muuta Vancouveria sek\u00e4 Downtownin muita osia pysym\u00e4\u00e4n siistein\u00e4 ja turvallisina. Kontrasti vain muutaman korttelin et\u00e4isyydell\u00e4 onkin huikea ja viereisen Gastownin suositun turistialueen vierailijoille onkin tullut shokkina vaeltaa vain yksi kortteli liian pitk\u00e4lle ja t\u00f6rm\u00e4t\u00e4 <a title=\"Kanada on varautunut zombeihin\" href=\"https:\/\/www.vuosiamaailmalla.fi\/blog\/2013\/kanada-on-varautunut-zombeihin\/\">tosiel\u00e4m\u00e4n zombeihin<\/a>.<\/p>\n<p style=\"text-align: center;\"><a href=\"\/blog\/wp-content\/uploads\/2021\/dtes_ongelma-alue.jpg\"><img decoding=\"async\" src=\"\/blog\/wp-content\/uploads\/2021\/dtes_ongelma-alue.jpg\" \/><\/a><\/p>\n<p style=\"text-align: center;\"><em>Perinteinen ongelma-alue<\/em><\/p>\n<p style=\"text-align: justify;\">Pummeja ja kerj\u00e4l\u00e4isi\u00e4 on l\u00f6ytynyt aina my\u00f6s itse Downtownin alueelta, mutta n\u00e4m\u00e4 ovat olleet harmittomia ja j\u00e4tt\u00e4neet ihmiset rauhaan, mink\u00e4 vuoksi Downtown tuntuikin <a title=\"Asukkaana Trump Towerissa\" href=\"https:\/\/www.vuosiamaailmalla.fi\/blog\/2018\/asukkaana-trump-towerissa\/\">siell\u00e4 asuttujen<\/a> Kanadan ensimm\u00e4isten vuosien aikana turvalliselta p\u00e4ivin ja \u00f6in. Valitettavasti tilanteeseen on tullut muutamassa vuodessa huomattava muutos, kun aiemmin pienelle alueelle keskittynyt ongelma on onnistuttu levitt\u00e4m\u00e4\u00e4n suureen osaan keskustaa ja sen ymp\u00e4rysseutuja. Vaikka tohelo kaupunginhallitus syytt\u00e4\u00e4kin asiasta mielell\u00e4\u00e4n <a title=\"K\u00e4sist\u00e4 karannut korona\" href=\"https:\/\/www.vuosiamaailmalla.fi\/blog\/2020\/kasista-karannut-korona\/\">koronaepidemiaa<\/a>, alkoi negatiivinen kehitys tosiasiassa jo pari vuotta sitten ja sen takana on pitk\u00e4lti t\u00e4ydellisesti ep\u00e4onnistunut politiikka.<\/p>\n<p style=\"text-align: justify;\">Ensinn\u00e4kin, suhtautuminen huumeidenk\u00e4ytt\u00f6\u00f6n on muuttunut viime vuosien <a title=\"Sekava vaalitulos\" href=\"https:\/\/www.vuosiamaailmalla.fi\/blog\/2019\/sekava-vaalitulos\/\">liberaalihallituksen aikana<\/a> voimakkaasti hyv\u00e4ksyv\u00e4mp\u00e4\u00e4n suuntaan ja vuonna 2018 <a title=\"Kannabiksesta tuli laillista\" href=\"https:\/\/www.vuosiamaailmalla.fi\/blog\/2018\/kannabiksesta-tuli-laillista\/\">kannabiksesta tuli laillista<\/a> koko Kanadassa. Jo t\u00e4t\u00e4 ennen mietojen huumeiden k\u00e4yt\u00f6st\u00e4 tai hallussapidosta ei sakotettu Vancouverissa ja huumeiden viihdek\u00e4ytt\u00f6 onkin yleist\u00e4. Ja kun t\u00e4m\u00e4 etappi oli saavutettu, on seuraavaksi alettu puhumaan kovien huumeiden laillistamisesta. Kaupunki on tarjonnut jo jonkin aikaa virallisia piikityspaikkoja tavoitteenaan huumeneulojen v\u00e4hent\u00e4minen kadulla, siin\u00e4 kuitenkaan onnistumatta. Piikityspaikoille on jopa asennettu huumeautomaatteja, joista on voinut ostaa koviakin huumeita ilman huolta vaarallisista ep\u00e4puhtauksista. T\u00e4m\u00e4kin kokeilu on kuitenkin ep\u00e4onnistunut ja katukauppa kukoistaa voimakkaammin kuin koskaan.<\/p>\n<p style=\"text-align: justify;\">Samaan aikaan kun suhtautumista on lievennetty, ovat erilaiset k\u00f6yhyysaktivistit sek\u00e4 kaupunginhallituksen radikaalimmat j\u00e4senet l\u00f6yt\u00e4neet uuden kohteen poliisissa, joka n\u00e4iden mukaan pahentaa ongelmaa &#8221;h\u00e4iritsem\u00e4ll\u00e4 ja aiheuttamalla pelkoa&#8221; huono-osaisissa. Todellisuutta taivuttavan logiikan mukaan poliisin &#8221;ahdistelu&#8221; pakottaa narkkarit piikitt\u00e4m\u00e4\u00e4n itse\u00e4\u00e4n turvattomissa olosuhteissa, kun n\u00e4m\u00e4 eiv\u00e4t uskalla k\u00e4ytt\u00e4\u00e4 piikityspaikkoja.<\/p>\n<p style=\"text-align: center;\"><a href=\"\/blog\/wp-content\/uploads\/2021\/virallinen_piikityspaikka.jpg\"><img decoding=\"async\" src=\"\/blog\/wp-content\/uploads\/2021\/virallinen_piikityspaikka.jpg\" \/><\/a><\/p>\n<p style=\"text-align: center;\"><em>Piikityspaikka<\/em><\/p>\n<p style=\"text-align: justify;\">Kaupunginhallituksen h\u00f6rh\u00f6t ovatkin ottaneet teemakseen kaikkien huumeiden laillistamisen &#8221;poliisin pelon&#8221; poistamiseksi, mihin n\u00e4ill\u00e4 toheloilla ei kuitenkaan onneksi ole poliittista valtuutusta. Vancouverin poliisilaitos on silti kaupungin ohjaksissa ja poliisilta onkin sidottu k\u00e4det puuttua huumeidenk\u00e4ytt\u00f6\u00f6n ja valitettavasti my\u00f6s sen lieveilmi\u00f6ihin.<\/p>\n<p style=\"text-align: justify;\">P\u00e4\u00e4t\u00f6sten tulosta ei tarvitse arvata ja lieveilmi\u00f6t ovatkin r\u00e4j\u00e4ht\u00e4neet k\u00e4siin samalla, kun avoimesta huumeidenk\u00e4yt\u00f6st\u00e4 on tullut yleist\u00e4 julkisilla paikoilla. Huumeneuloihin t\u00f6rm\u00e4\u00e4 kaikkialla, mukaan lukien lasten leikkipaikat, mik\u00e4 on suuri ongelma. Tokkuraisia tai sekaisin olevia ihmisi\u00e4 n\u00e4kee joka kerta Downtownissa liikkuessaan, sill\u00e4 n\u00e4it\u00e4 vaeltaa uskomaton m\u00e4\u00e4r\u00e4 niin trendikk\u00e4\u00e4ss\u00e4 Yaletownissa kuin aiemmin rauhallisessa Westendiss\u00e4kin. Coal Harbourin ylellinen asuinalue on\u00a0 ainoa Downtownin osa miss\u00e4 ongelma on viel\u00e4 v\u00e4h\u00e4isempi, mutta se on tulossa sinnekin.<\/p>\n<p style=\"text-align: justify;\">Ongelma on paitsi pahentunut, my\u00f6s levinnyt uusille alueille. T\u00e4ss\u00e4 on ehdottomasti ollut osansa uusilla asunnoilla, joita kaupunki on rakentanut kodittomille ajoittain aivan priimapaikoille. Epidemian aikana kaupunki on my\u00f6s k\u00e4ytt\u00e4nyt <strong>satoja miljoonia<\/strong> vanhojen homeisten hotellien ostamiseksi, mihin on majoitettu moniongelmallisia asukkaita, jotka tuovat ongelmansa uudelle asuinalueelleen. Katukuva Yaletownissa ja Westendiss\u00e4 onkin muuttunut melkoisesti uusien asukkaiden my\u00f6t\u00e4 ja netiss\u00e4 saa lukea jatkuvasti \u00f6isest\u00e4 kiljumisesta ja \u00f6rvellyksest\u00e4 aiemmin rauhallisten alueiden sivukaduilla.<\/p>\n<p style=\"text-align: justify;\">Narkkareiden huumeidenk\u00e4ytt\u00f6 rahoitetaan k\u00e4yt\u00e4nn\u00f6ss\u00e4 aina omaisuusrikoksilla, erityisesti py\u00f6r\u00e4varkauksilla. Kaupunki pyhitti muutama vuosi sitten tontin varastetun tavaran markkinoille, mutta &#8221;py\u00f6r\u00e4pajoja&#8221; n\u00e4kee kaikkialla keskustassa. Ongelma on ilmestynyt my\u00f6s ulommas keskustasta samaa tahtia kun kaupunki on rakentanut tilap\u00e4isi\u00e4 majoituksia <a title=\"Broadway SkyTrain rakenteille\" href=\"https:\/\/www.vuosiamaailmalla.fi\/blog\/2020\/broadway-skytrain-rakenteille\/\">metroasemien l\u00e4heisyyteen<\/a>. N\u00e4ist\u00e4 toistensa kopiona rakennetuista tilap\u00e4ismajoituksista onkin tullut vihattu n\u00e4ky rikollisten majapaikkana ja &#8221;tilap\u00e4isyydest\u00e4&#8221; kertoo, ett\u00e4 ensimm\u00e4iset rakennukset ovat jo kymmenen vuoden ik\u00e4isi\u00e4&#8230;<\/p>\n<p style=\"text-align: center;\"><a href=\"\/blog\/wp-content\/uploads\/2021\/rikollisten_pesapaikka.jpg\"><img decoding=\"async\" src=\"\/blog\/wp-content\/uploads\/2021\/rikollisten_pesapaikka.jpg\" \/><\/a><\/p>\n<p style=\"text-align: center;\"><em>Kiistanalaisia &#8221;v\u00e4liaikaisasuntoja&#8221;<\/em><\/p>\n<p style=\"text-align: center;\"><a href=\"\/blog\/wp-content\/uploads\/2021\/oppenheimerin_telttakyla.jpg\"><img decoding=\"async\" src=\"\/blog\/wp-content\/uploads\/2021\/thumbs\/thumbs_oppenheimerin_telttakyla.jpg\" \/><\/a><a href=\"\/blog\/wp-content\/uploads\/2021\/telttakylan_jamia.jpg\"><img decoding=\"async\" src=\"\/blog\/wp-content\/uploads\/2021\/thumbs\/thumbs_telttakylan_jamia.jpg\" \/><\/a><\/p>\n<p style=\"text-align: center;\"><em>Telttakyl\u00e4n laitonta eloa<\/em><\/p>\n<p style=\"text-align: justify;\">Omaisuusvarkaudet ovatkin lis\u00e4\u00e4ntyneet huimasti ja varastettu tavara p\u00e4\u00e4tyy yleens\u00e4 aina samoihin paikkoihin. Minun syksyll\u00e4 <a title=\"Pitk\u00e4kyntisten py\u00f6r\u00e4varkaiden uhrina\" href=\"https:\/\/www.vuosiamaailmalla.fi\/blog\/2020\/pitkakyntisten-pyoravarkaiden-uhrina\/\">varastettu polkupy\u00f6r\u00e4<\/a> l\u00f6ytyi lopulta ei-yll\u00e4tt\u00e4v\u00e4sti surullisenkuuluisasta <em>Stratchona Parkin<\/em> suuresta telttakyl\u00e4st\u00e4. Telttakyl\u00e4t ovatkin ehk\u00e4 n\u00e4kyvin osa kaupungin ep\u00e4onnistuneesta politiikasta ja niiss\u00e4 on jopa satoja asukkaita. Kyl\u00e4t vaihtavat sijaintiaan puistosta toiseen ja k\u00f6yhyysaktivistit yritt\u00e4v\u00e4t parhaansa mukaan est\u00e4\u00e4 poliiseja tutkimassa niiss\u00e4 tapahtuvia rikoksia ja jopa murhia. Vancouverin puisto-osasto on kiemurrellut aiheen ymp\u00e4rill\u00e4 ja yleens\u00e4 telttakyl\u00e4 h\u00e4\u00e4det\u00e4\u00e4n vain seuraavaan paikkaan. Ne puistot mihin t\u00e4llainen kyl\u00e4 tulee, muodostuvat nopeasti no-go alueiksi ja omaisuusrikokset sek\u00e4 v\u00e4kivalta niiden ymp\u00e4rill\u00e4 kohoavat huomattavasti.<\/p>\n<p style=\"text-align: center;\"><iframe loading=\"lazy\" style=\"border: 0;\" src=\"https:\/\/www.google.com\/maps\/embed?pb=!4v1619305198665!6m8!1m7!1sghnH1BIYrI9DmCPUd0VUbw!2m2!1d49.28307940225107!2d-123.094339317048!3f196.57447864320633!4f0.2451781106698263!5f0.7820865974627469\" width=\"600\" height=\"450\" allowfullscreen=\"allowfullscreen\"><\/iframe><\/p>\n<p style=\"text-align: center;\"><em>Oppenheimer Park oli vuoden vallattuna<\/em><\/p>\n<p style=\"text-align: justify;\">Aiemmin sangen harmittomista kodittomista onkin tullut viimeisten parin vuoden aikana my\u00f6s aiempaa vaarallisempia, <a title=\"Vaarallinen Vancouver\" href=\"https:\/\/www.vuosiamaailmalla.fi\/blog\/2022\/vaarallinen-vancouver\/\">v\u00e4kivallan lis\u00e4\u00e4nnytty\u00e4<\/a> huomattavasti. Yh\u00e4 vahvemmat huumeet saavat yh\u00e4 useammat sekaisin ja keskustan kaduilla vaeltaakin t\u00e4ysin arvaamattomasti k\u00e4ytt\u00e4ytyv\u00e4\u00e4 porukkaa, jotka huutavat ohikulkijoille tappavansa heid\u00e4t. Ruiskujen lis\u00e4ksi n\u00e4ill\u00e4 on usein mukanaan karhusumutteita sek\u00e4 veitsi\u00e4. Omakotitalojen pihakameroihin on tallentunut jopa viidakkoveitsen kanssa ovelta ovelle kiert\u00e4vi\u00e4 n\u00e4kym\u00e4tt\u00f6mi\u00e4 olentoja jahtaavia yksinkertaisesti hulluja ihmisi\u00e4.<\/p>\n<p style=\"text-align: center;\"><iframe loading=\"lazy\" title=\"YouTube video player\" src=\"https:\/\/www.youtube-nocookie.com\/embed\/AVIsF9I7G6Q\" width=\"560\" height=\"315\" frameborder=\"0\" allowfullscreen=\"allowfullscreen\"><\/iframe><\/p>\n<p style=\"text-align: center;\"><em>Hullut liikkuvat kaupungilla veitsien kanssa<\/em><\/p>\n<p style=\"text-align: justify;\">Vancouverilaiset ovat olleet aina hyvin ymm\u00e4rt\u00e4v\u00e4ist\u00e4 porukkaa, mutta nyt ongelmien suuruus alkaa olla sit\u00e4 luokkaa ett\u00e4 jopa viimeisimpien asukkaiden ymm\u00e4rt\u00e4v\u00e4isyys alkaa olla lopuillaan. V\u00e4kivalta ja rikollisuus puhuttavat kaikkia ja kaikkialla, ja yh\u00e4 useammalla on omakohtaista kokemusta vaarallisista kohtaamisista. Nettipalstojen mukaan useat Downtownissa asuvat, varsinkin naiset, ovat lopettaneet pime\u00e4ll\u00e4 ulkoilun ja ihmiset linnoittautuvat tornitalojen koteihinsa. Asia mietitytt\u00e4\u00e4 my\u00f6s harvoin Downtownissa <a title=\"Rakennusnostureiden viidakko\" href=\"https:\/\/www.vuosiamaailmalla.fi\/blog\/2020\/rakennusnostureiden-viidakko\/\">valokuvaamassa k\u00e4ydess\u00e4ni<\/a>, sill\u00e4 satunnaisen v\u00e4kivallan uhriksi saattaa joutua kuka tahansa, jopa p\u00e4iv\u00e4saikaan. Ep\u00e4m\u00e4\u00e4r\u00e4ist\u00e4 porukkaa n\u00e4kee jokaisella vierailulla ja sit\u00e4 tuleekin oltua varuillaan, mik\u00e4 on jotain t\u00e4ysin eri\u00e4 kuin <a title=\"Maahanmuutto bisnesluokassa\" href=\"https:\/\/www.vuosiamaailmalla.fi\/blog\/2012\/maahanmuutto-bisnesluokassa\/\">t\u00e4nne muuttaessamme<\/a>.<\/p>\n<p style=\"text-align: justify;\">Tuskastuneita ovat erityisesti yritt\u00e4j\u00e4t, joilla on jo valmiiksi vaikeaa koronaepidemian vuoksi, mutta joille jatkuvista ja alati h\u00e4rskimm\u00e4ksi k\u00e4yvist\u00e4 varkauksista on tullut kallis riesa sek\u00e4 vaara. <a title=\"V\u00e4liaikaista asumista\" href=\"https:\/\/www.vuosiamaailmalla.fi\/blog\/2015\/valiaikaista-asumista\/\">Entist\u00e4 asuntoamme<\/a> l\u00e4hell\u00e4 sijaitsevan ruokakaupan omistaja kertoi v\u00e4h\u00e4n aikaan sitten uutisissa, miten v\u00e4kivaltaisista asiakkaista on tullut <em>p\u00e4ivitt\u00e4inen<\/em> ongelma ja edes vartijat eiv\u00e4t uskalla puuttua kaikkein hulluimpiin tapauksiin, jotka saavat varastaa t\u00e4ysin seurauksitta.<\/p>\n<p style=\"text-align: justify;\">Turhautuneita ovat my\u00f6s poliisit, jotka kyll\u00e4 pid\u00e4tt\u00e4v\u00e4t varkaita sek\u00e4 v\u00e4kivaltaisia ihmisi\u00e4 p\u00e4ivitt\u00e4in, mutta jotka ovat takaisin kadulla vain hetke\u00e4 my\u00f6hemmin, p\u00e4\u00e4t\u00e4 silitt\u00e4v\u00e4n oikeuslaitoksen tuomitessa rikollisille seuraamuksia ani harvoin.<\/p>\n<p style=\"text-align: justify;\">P\u00e4\u00e4tt\u00f6m\u00e4st\u00e4 p\u00e4ihdepolitiikasta k\u00e4rsiv\u00e4t my\u00f6s itse huumeidenk\u00e4ytt\u00e4j\u00e4t, joille ei ole tarjolla todellisia tukiohjelmia siit\u00e4kin huolimatta, ett\u00e4 provinssi k\u00e4ytt\u00e4\u00e4 ongelmaan 400 miljoonaa dollaria vuodessa &#8211; yli miljoonan p\u00e4iv\u00e4ss\u00e4! Ongelmilla onkin eritt\u00e4in pitk\u00e4t juuret, sill\u00e4 1980-luvulla alkunsa saanut ajatus mielenterveysinstituutioiden lakkauttamisesta julmina, johti vuonna 2012 <em>Riverviewn<\/em> suuren mielisairaalan sulkemiseen Coquitlamissa, tyrk\u00e4ten potilaat kadulle avohoidettavaksi. Vancouverilaiset korjaavatkin nyt vuosikymmeni\u00e4 ep\u00e4onnistuneen ideologian tuloksia ja kaiken keskell\u00e4 henkens\u00e4 menett\u00e4\u00e4 vuosittain 1750 yliannostukseen kuollutta &#8211; aivan valtava lukema!<\/p>\n<p style=\"text-align: center;\"><a href=\"\/blog\/wp-content\/uploads\/2021\/stratchonan_telttakyla.jpg\"><img decoding=\"async\" src=\"\/blog\/wp-content\/uploads\/2021\/stratchonan_telttakyla.jpg\" \/><\/a><\/p>\n<p style=\"text-align: center;\"><em>Telttakyl\u00e4 on naapuruston tuho<\/em><\/p>\n<p style=\"text-align: justify;\">Ongelman hoitoon ja erilaisiin projekteihin syydet\u00e4\u00e4n koko ajan enemm\u00e4n rahaa kuin koskaan aiemmin, satoja miljoonia, mutta ongelma vain pahenee. Ongelman ymp\u00e4rille onkin muodostunut tuottoisaa yritystoimintaa ja er\u00e4\u00e4n merkitt\u00e4v\u00e4n k\u00f6yhyysaktivistij\u00e4rjest\u00f6n johtaja asusteleekin n\u00e4ytt\u00e4v\u00e4ss\u00e4 kattohuoneistossa, monen kysyess\u00e4 onko t\u00e4ss\u00e4 mit\u00e4\u00e4n j\u00e4rke\u00e4?<\/p>\n<p style=\"text-align: justify;\">Ihmiset ovat my\u00f6s viimein alkaneet \u00e4\u00e4nest\u00e4m\u00e4\u00e4n jaloillaan ja varsinkin lapsiperheit\u00e4 muuttaa kiihtyv\u00e4ll\u00e4 tahdilla l\u00e4hi\u00f6ihin, vaikka ongelmat <a title=\"Rikosaalto hienostoalueilla\" href=\"https:\/\/www.vuosiamaailmalla.fi\/blog\/2017\/rikosaalto-hienostoalueilla\/\">ulottuvat niihinkin<\/a>. My\u00f6s meill\u00e4 t\u00e4\u00e4ll\u00e4 Burnabyss\u00e4 ep\u00e4m\u00e4\u00e4r\u00e4inen sakki on lis\u00e4\u00e4ntynyt ja sain muutama viikko sitten todistaa keskell\u00e4 p\u00e4iv\u00e4\u00e4 tapahtunutta r\u00f6yhke\u00e4\u00e4 ry\u00f6st\u00f6\u00e4 suurella kauppakeskuksella. Py\u00f6r\u00e4mme <a title=\"Pitk\u00e4kyntisten py\u00f6r\u00e4varkaiden uhrina\" href=\"https:\/\/www.vuosiamaailmalla.fi\/blog\/2020\/pitkakyntisten-pyoravarkaiden-uhrina\/\">varastettiin syksyll\u00e4<\/a> ja rakennukseemme on murtauduttu t\u00e4n\u00e4 talvena useita kertoja varastamaan postipaketteja. Kodittomia n\u00e4kyy yh\u00e4 useammin esikaupungeissa, jotka tuntuvat onneksi viel\u00e4 turvallisilta, mutta kehitys on siell\u00e4kin huonompaan suuntaan.<\/p>\n<p style=\"text-align: justify;\">Kaikki mainitut ongelmat ovat yhteisi\u00e4 muidenkin l\u00e4nsirannikon kaupunkien kanssa ja Amerikan puolella viel\u00e4 kertaluokkaa pahempia. On silti eritt\u00e4in valitettavaa miten muuten niin upea kaupunkimme on menossa nopeaa tahtia alam\u00e4keen. Ehk\u00e4 j\u00e4rjen paluu alkaa <a title=\"Vaarallinen Vancouver\" href=\"https:\/\/www.vuosiamaailmalla.fi\/blog\/2022\/vaarallinen-vancouver\/\">ensi vuoden kunnallisvaalien<\/a> j\u00e4lkeen, kuka tiet\u00e4\u00e4, mutta ihmisten k\u00e4rsiv\u00e4llisyys ja ymm\u00e4rrys on suurella koetuksella. Varmaa on, ett\u00e4 aihe tulee olemaan todenn\u00e4k\u00f6isesti kaikkein t\u00e4rkein vaalikysymys ja radikaaleimman ratkaisun ehdottaja tulee olemaan vahvoilla.<\/p>\n","protected":false},"excerpt":{"rendered":"<p>Vancouveria on siunattu monessa asiassa. Kaupunki sijaitsee luonnonkauniissa maailmankolkassa ja sen asukkaat nauttivat keskim\u00e4\u00e4rin eritt\u00e4in korkeasta elintasosta. Kauniin julkisuuskuvan takana on\u00a0 kuitenkin kupruja ja kaupungin kirous ovat p\u00f6lh\u00f6t p\u00e4\u00e4tt\u00e4j\u00e4t, joiden prioriteettina on vastustaa kaikkea kehityst\u00e4 sek\u00e4 k\u00e4yd\u00e4 pyh\u00e4\u00e4 sotaa peltilehmi\u00e4 vastaan. Nyt negatiivisten ilmi\u00f6iden k\u00e4rkeen on kuitenkin kiilaamassa kovaa vauhtia uusi katastrofi, joka uhkaa kaikkea &hellip; <a href=\"https:\/\/www.vuosiamaailmalla.fi\/blog\/2021\/rikollisille-luovutettu-paratiisi\/\" class=\"more-link\">Jatka lukemista<span class=\"screen-reader-text\"> &#8221;Rikollisille luovutettu paratiisi&#8221;<\/span><\/a><\/p>\n","protected":false},"author":1,"featured_media":12174,"comment_status":"open","ping_status":"closed","sticky":false,"template":"","format":"standard","meta":{"_jetpack_memberships_contains_paid_content":false,"footnotes":""},"categories":[17,3],"tags":[25,34,1620,935,275,939,570,238,215],"class_list":["post-12003","post","type-post","status-publish","format-standard","has-post-thumbnail","hentry","category-arki-kanadassa","category-arki-ulkomailla","tag-ajankohtaista","tag-arki","tag-huumeet","tag-kanada","tag-rikollisuus","tag-vancouver","tag-vancouver-downtown-eastside","tag-vancouver-west-end","tag-vancouver-yaletown"],"jetpack_featured_media_url":"https:\/\/www.vuosiamaailmalla.fi\/blog\/wp-content\/uploads\/rikollisten_paratiisi_banner.jpg","jetpack_sharing_enabled":true,"_links":{"self":[{"href":"https:\/\/www.vuosiamaailmalla.fi\/blog\/wp-json\/wp\/v2\/posts\/12003","targetHints":{"allow":["GET"]}}],"collection":[{"href":"https:\/\/www.vuosiamaailmalla.fi\/blog\/wp-json\/wp\/v2\/posts"}],"about":[{"href":"https:\/\/www.vuosiamaailmalla.fi\/blog\/wp-json\/wp\/v2\/types\/post"}],"author":[{"embeddable":true,"href":"https:\/\/www.vuosiamaailmalla.fi\/blog\/wp-json\/wp\/v2\/users\/1"}],"replies":[{"embeddable":true,"href":"https:\/\/www.vuosiamaailmalla.fi\/blog\/wp-json\/wp\/v2\/comments?post=12003"}],"version-history":[{"count":13,"href":"https:\/\/www.vuosiamaailmalla.fi\/blog\/wp-json\/wp\/v2\/posts\/12003\/revisions"}],"predecessor-version":[{"id":13599,"href":"https:\/\/www.vuosiamaailmalla.fi\/blog\/wp-json\/wp\/v2\/posts\/12003\/revisions\/13599"}],"wp:featuredmedia":[{"embeddable":true,"href":"https:\/\/www.vuosiamaailmalla.fi\/blog\/wp-json\/wp\/v2\/media\/12174"}],"wp:attachment":[{"href":"https:\/\/www.vuosiamaailmalla.fi\/blog\/wp-json\/wp\/v2\/media?parent=12003"}],"wp:term":[{"taxonomy":"category","embeddable":true,"href":"https:\/\/www.vuosiamaailmalla.fi\/blog\/wp-json\/wp\/v2\/categories?post=12003"},{"taxonomy":"post_tag","embeddable":true,"href":"https:\/\/www.vuosiamaailmalla.fi\/blog\/wp-json\/wp\/v2\/tags?post=12003"}],"curies":[{"name":"wp","href":"https:\/\/api.w.org\/{rel}","templated":true}]}}