{"id":12028,"date":"2021-03-06T12:22:51","date_gmt":"2021-03-06T20:22:51","guid":{"rendered":"http:\/\/www.vuosiamaailmalla.fi\/blog\/?p=12028"},"modified":"2021-07-01T16:38:32","modified_gmt":"2021-07-01T23:38:32","slug":"vauhtia-rokotuksiin","status":"publish","type":"post","link":"https:\/\/www.vuosiamaailmalla.fi\/blog\/2021\/vauhtia-rokotuksiin\/","title":{"rendered":"Vauhtia rokotuksiin"},"content":{"rendered":"<p style=\"text-align: justify;\">Koronasta kirjoittelu on j\u00e4\u00e4nyt viime kuukausina v\u00e4hemm\u00e4lle, sill\u00e4 <a title=\"Normaalimpaa arkea\" href=\"http:\/\/www.vuosiamaailmalla.fi\/blog\/2020\/normaalimpaa-arkea\/\">tyls\u00e4 korona-arki<\/a> sek\u00e4 sen tuomat rajoitukset ovat jatkuneet suunnilleen aiemman kaltaisina. Loppusyksyst\u00e4 <a title=\"K\u00e4sist\u00e4 karannut korona\" href=\"http:\/\/www.vuosiamaailmalla.fi\/blog\/2020\/kasista-karannut-korona\/\">korkeaksi kohonneet tapausm\u00e4\u00e4r\u00e4t<\/a> t\u00e4\u00e4ll\u00e4 British Columbiassa ovat asettautuneet viime kuukausina noin 400-500 p\u00e4ivitt\u00e4isen tapauksen haarukkaan samaan aikaan, kun provinssissa on tehty nyt noin kaksi miljoonaa testi\u00e4.<\/p>\n<p><!--more--><\/p>\n<p style=\"text-align: justify;\">Kanadan laajuisesti testej\u00e4 on tehty yhteens\u00e4 25 miljoonaa, miss\u00e4 on paljastunut yhteens\u00e4 881 000 tartuntaa. N\u00e4ist\u00e4 edelleen aktiivisia tapauksia on 30 100, joista hieman alle kuudesosa t\u00e4\u00e4ll\u00e4 l\u00e4nsirannikolla.<\/p>\n<p style=\"text-align: justify;\">Epidemiaan on kuollut koko Kanadassa t\u00e4h\u00e4n menness\u00e4 22 192 ihmist\u00e4, joista 1380 t\u00e4\u00e4ll\u00e4 meill\u00e4. Kuolemat ovat keskittyneet l\u00e4hes yksinomaan vanhempaan v\u00e4est\u00f6\u00f6n ja uusia menehtymisi\u00e4 tilastoidaan edelleen muutama p\u00e4iv\u00e4ss\u00e4.<\/p>\n<p style=\"text-align: center;\"><a href=\"\/blog\/wp-content\/uploads\/2021\/kanadan_aktiiviset_tapaukset.jpg\"><img decoding=\"async\" src=\"\/blog\/wp-content\/uploads\/2021\/kanadan_aktiiviset_tapaukset.jpg\" \/><\/a><\/p>\n<p style=\"text-align: center;\"><em>Aktiivisia tapauksia ymp\u00e4ri Kanadaa<\/em><\/p>\n<p style=\"text-align: justify;\">Kanadassa juhlittiin <a title=\"Joulu pandemian keskell\u00e4\" href=\"http:\/\/www.vuosiamaailmalla.fi\/blog\/2020\/joulu-pandemian-keskella\/\">hieman ennen joulua<\/a> rokotusten alkamista, kun ensimm\u00e4iset ihmiset saivat amerikkalaisen <em>Pfizerin<\/em> ensiannoksen joulukuun 14. p\u00e4iv\u00e4. Rokotukset alkoivatkin Suomeen verrattuna aikaisin ja nopeaan tahtiin, mutta vauhti tyss\u00e4si tammi-helmikuussa raportoituihin toimitusongelmiin, j\u00e4\u00e4den alkuper\u00e4isist\u00e4 suunnitelmista. N\u00e4in ollen rokotettujen m\u00e4\u00e4r\u00e4 <a title=\"British Columbia ylitti 5 miljoonaa asukasta\" href=\"http:\/\/www.vuosiamaailmalla.fi\/blog\/2019\/british-columbia-ylitti-5-miljoonaa-asukasta\/\">Suomen kokoisessa British Columbiassa<\/a> on t\u00e4n\u00e4\u00e4n 311 000 ja koko Kanadassa 2,5 miljoonaa.<\/p>\n<p style=\"text-align: justify;\">Rokotuksissa on kuitenkin tiedossa niiden voimakas kiihtyminen, sill\u00e4 Kanada hyv\u00e4ksyi t\u00e4ll\u00e4 viikolla k\u00e4ytt\u00f6\u00f6n jo nelj\u00e4nnen rokotteen amerikkalaiselta l\u00e4\u00e4kej\u00e4tti <em>Johnson &amp; Johnsonilta<\/em>. Aiemmin hyv\u00e4ksyttyihin Pfizeriin, <em>Modernaan<\/em> sek\u00e4 <em>AstraZenecaan<\/em> verrattuna uusin rokote vaatii ainoastaan yhden annoksen, tarjoten kuitenkin korkean vastuskyvyn taudin vakavia muotoja vastaan. Ilahduttavasti rokotteen kerrotaan toimivan hyvin my\u00f6s viimeaikaisia muunnoksia vastaan, mik\u00e4 helpottaa epidemian taltuttamista.<\/p>\n<p style=\"text-align: center;\"><a href=\"\/blog\/wp-content\/uploads\/2021\/hyvaksytyt_rokotteet.jpg\"><img decoding=\"async\" src=\"\/blog\/wp-content\/uploads\/2021\/hyvaksytyt_rokotteet.jpg\" \/><\/a><\/p>\n<p style=\"text-align: center;\"><em>Nelj\u00e4 hyv\u00e4ksytty\u00e4 rokotetta<\/em><\/p>\n<p style=\"text-align: justify;\">Kanadan rokotusstrategiana on ollut rokottaa 6 miljoonaa ihmist\u00e4 maaliskuun loppuun saakka. Nyt ensimm\u00e4isen rokotteen on saanut noin 2,5 miljoonaa l\u00e4hinn\u00e4 vanhempaa ihmist\u00e4 ja ennusteiden mukaan Kanada tulee ylt\u00e4m\u00e4\u00e4n 8 miljoonaan rokotettuun kuun loppuun menness\u00e4, ty\u00f6nt\u00e4en maan suunnitelmiensa edelle.<\/p>\n<p style=\"text-align: justify;\">Hyvien uutisen taustalla ovat paitsi l\u00e4\u00e4kej\u00e4ttien varmistamat aiempaa nopeammat toimitukset, my\u00f6s strategian vaihtaminen rokottaa mahdollisimman moni ensimm\u00e4isen kerran ja ty\u00f6nt\u00e4\u00e4 toinen annos jopa nelj\u00e4 kuukautta my\u00f6hemm\u00e4ksi. Uudella strategialla Kanada pyrkii rokottamaan kaikki asukkaansa ensimm\u00e4isen kerran hein\u00e4kuun ensimm\u00e4isen p\u00e4iv\u00e4n <a title=\"Rokotusten k\u00e4rkimaa\" href=\"https:\/\/www.vuosiamaailmalla.fi\/blog\/2021\/rokotusten-karkimaa\/\">itsen\u00e4isyysp\u00e4iv\u00e4\u00e4n menness\u00e4<\/a>, jonka j\u00e4lkeen kaikki 39 miljoonaa kanadalaista saisivat toisen rokotteensa syyskuuhun menness\u00e4.<\/p>\n<p style=\"text-align: justify;\">Toisen annoksen lykk\u00e4\u00e4minen n\u00e4in paljolla on saanut osakseen jonkin verran kritiikki\u00e4, sill\u00e4 t\u00e4m\u00e4n vaikutuksesta rokotteen pitk\u00e4aikaiseen tehoamiseen ei ole olemassa runsaasti tietoa. P\u00e4\u00e4t\u00f6s perustuu kuitenkin uudelleentarkastettuun tietoon Pfizerin rokotteesta, joka osoittaa sen est\u00e4v\u00e4n jopa 92% sairastumisista jo ensimm\u00e4isen rokotteen j\u00e4lkeen.<\/p>\n<p style=\"text-align: justify;\">Kenen strategia on lopulta oikea, j\u00e4\u00e4 edelleen n\u00e4ht\u00e4v\u00e4ksi, mutta n\u00e4ill\u00e4 n\u00e4kymin me alle nelikymppiset saisimme ensimm\u00e4isen rokotuksen suunnilleen toukokuussa, toisen seuratessa joskus loppukes\u00e4st\u00e4. T\u00e4ll\u00e4 tiedolla on kuitenkin vaikea tehd\u00e4 kovinkaan kattavia <a title=\"Kes\u00e4lomamatkalla koronan keskell\u00e4\" href=\"http:\/\/www.vuosiamaailmalla.fi\/blog\/2020\/kesalomamatkalla-koronan-keskella\/\">kes\u00e4lomasuunnitelmia<\/a> tai varata joulun lentoja Suomeen.<\/p>\n<p style=\"text-align: center;\"><a href=\"\/blog\/wp-content\/uploads\/2021\/bc_rokotusaikataulu.jpg\"><img decoding=\"async\" src=\"\/blog\/wp-content\/uploads\/2021\/bc_rokotusaikataulu.jpg\" \/><\/a><\/p>\n<p style=\"text-align: center;\"><em>Rokotukset on aloitettu vanhuksista<\/em><\/p>\n<p style=\"text-align: justify;\">T\u00e4ll\u00e4 hetkell\u00e4 matkustamisessa ei ole edes paljoa j\u00e4rke\u00e4, sill\u00e4 matkustusrajoituksissa astuttiin helmikuun lopussa uusiin entist\u00e4 tiukempiin s\u00e4\u00e4d\u00f6ksiin. Niiden mukaan jokaisen ulkomailta saapuvan tulee edelleen erist\u00e4yty\u00e4 14 p\u00e4iv\u00e4n ajaksi, mutta ensimm\u00e4iset kolme p\u00e4iv\u00e4\u00e4 on pakko viett\u00e4\u00e4 tarkoitukseen pyhitetyiss\u00e4 hotelleissa omaan laskuun. \u00c4kki\u00e4 kasaan laadittu s\u00e4\u00e4nt\u00f6muutos \u00e4rsytti useita, sill\u00e4 monilla oli jo varattuna jonkinlainen <em>spring break<\/em> loma, joka nyt siis venyy pidemm\u00e4ksi.<\/p>\n<p style=\"text-align: justify;\">K\u00e4yt\u00e4nn\u00f6n elo on jatkunut viime kuukaudet hyvin <a title=\"Taittuva toinen aalto\" href=\"http:\/\/www.vuosiamaailmalla.fi\/blog\/2020\/taittuva-toinen-aalto\/\">samanlaisena kuin syksyll\u00e4<\/a>, samaan aikaan kun poikkeusolosuhteita\u00a0 tulee t\u00e4yteen jo <a title=\"Huoli koronaviruksesta\" href=\"http:\/\/www.vuosiamaailmalla.fi\/blog\/2020\/huolta-koronaviruksen-kanssa\/\">kokonainen vuosi<\/a>. Kotona tulee vietetty\u00e4 runsaasti aikaa, mutta my\u00f6s ulkona tulee <a title=\"Luminen Family Day\" href=\"http:\/\/www.vuosiamaailmalla.fi\/blog\/2021\/luminen-family-day\/\">liikuttua aika vapaasti<\/a> ruokaa noutaen ja toisinaan my\u00f6s ravintolassa sy\u00f6den. Niiss\u00e4 sek\u00e4 kaikissa kaupoissa on kuitenkin k\u00e4yt\u00f6ss\u00e4 maskirajoitukset sek\u00e4 et\u00e4isyydet asiakkaiden v\u00e4lill\u00e4, joita ihmiset noudattavat viel\u00e4 sangen tunnollisesti.<\/p>\n<p style=\"text-align: justify;\">Toivon mukaan puheet viime vuotta <a title=\"Lupaavalla koronak\u00e4yr\u00e4ll\u00e4\" href=\"http:\/\/www.vuosiamaailmalla.fi\/blog\/2020\/lupaavalla-koronakayralla\/\">normaalimmasta kes\u00e4st\u00e4<\/a> pit\u00e4v\u00e4t paikkansa ja nyt positiiviselta n\u00e4ytt\u00e4v\u00e4 rokotussuunnitelma pit\u00e4\u00e4 nopean aikataulunsa!<\/p>\n","protected":false},"excerpt":{"rendered":"<p>Koronasta kirjoittelu on j\u00e4\u00e4nyt viime kuukausina v\u00e4hemm\u00e4lle, sill\u00e4 tyls\u00e4 korona-arki sek\u00e4 sen tuomat rajoitukset ovat jatkuneet suunnilleen aiemman kaltaisina. Loppusyksyst\u00e4 korkeaksi kohonneet tapausm\u00e4\u00e4r\u00e4t t\u00e4\u00e4ll\u00e4 British Columbiassa ovat asettautuneet viime kuukausina noin 400-500 p\u00e4ivitt\u00e4isen tapauksen haarukkaan samaan aikaan, kun provinssissa on tehty nyt noin kaksi miljoonaa testi\u00e4.<\/p>\n","protected":false},"author":1,"featured_media":12031,"comment_status":"open","ping_status":"closed","sticky":false,"template":"","format":"standard","meta":{"_jetpack_memberships_contains_paid_content":false,"footnotes":""},"categories":[17,3],"tags":[25,34,935,1487],"class_list":["post-12028","post","type-post","status-publish","format-standard","has-post-thumbnail","hentry","category-arki-kanadassa","category-arki-ulkomailla","tag-ajankohtaista","tag-arki","tag-kanada","tag-koronavirus"],"jetpack_featured_media_url":"https:\/\/www.vuosiamaailmalla.fi\/blog\/wp-content\/uploads\/lupaus_rokotteesta_banner.jpg","jetpack_sharing_enabled":true,"_links":{"self":[{"href":"https:\/\/www.vuosiamaailmalla.fi\/blog\/wp-json\/wp\/v2\/posts\/12028","targetHints":{"allow":["GET"]}}],"collection":[{"href":"https:\/\/www.vuosiamaailmalla.fi\/blog\/wp-json\/wp\/v2\/posts"}],"about":[{"href":"https:\/\/www.vuosiamaailmalla.fi\/blog\/wp-json\/wp\/v2\/types\/post"}],"author":[{"embeddable":true,"href":"https:\/\/www.vuosiamaailmalla.fi\/blog\/wp-json\/wp\/v2\/users\/1"}],"replies":[{"embeddable":true,"href":"https:\/\/www.vuosiamaailmalla.fi\/blog\/wp-json\/wp\/v2\/comments?post=12028"}],"version-history":[{"count":4,"href":"https:\/\/www.vuosiamaailmalla.fi\/blog\/wp-json\/wp\/v2\/posts\/12028\/revisions"}],"predecessor-version":[{"id":12292,"href":"https:\/\/www.vuosiamaailmalla.fi\/blog\/wp-json\/wp\/v2\/posts\/12028\/revisions\/12292"}],"wp:featuredmedia":[{"embeddable":true,"href":"https:\/\/www.vuosiamaailmalla.fi\/blog\/wp-json\/wp\/v2\/media\/12031"}],"wp:attachment":[{"href":"https:\/\/www.vuosiamaailmalla.fi\/blog\/wp-json\/wp\/v2\/media?parent=12028"}],"wp:term":[{"taxonomy":"category","embeddable":true,"href":"https:\/\/www.vuosiamaailmalla.fi\/blog\/wp-json\/wp\/v2\/categories?post=12028"},{"taxonomy":"post_tag","embeddable":true,"href":"https:\/\/www.vuosiamaailmalla.fi\/blog\/wp-json\/wp\/v2\/tags?post=12028"}],"curies":[{"name":"wp","href":"https:\/\/api.w.org\/{rel}","templated":true}]}}