{"id":12143,"date":"2021-04-02T18:00:48","date_gmt":"2021-04-03T01:00:48","guid":{"rendered":"https:\/\/www.vuosiamaailmalla.fi\/blog\/?p=12143"},"modified":"2021-04-02T18:35:11","modified_gmt":"2021-04-03T01:35:11","slug":"turvaa-uudesta-dashcamista","status":"publish","type":"post","link":"https:\/\/www.vuosiamaailmalla.fi\/blog\/2021\/turvaa-uudesta-dashcamista\/","title":{"rendered":"Turvaa uudesta dashcamista"},"content":{"rendered":"<p style=\"text-align: justify;\">Kahden ja puolen miljoonan asukkaan Vancouverin liikenne on <a title=\"Alex Fraser Bridge sai vetoketjun\" href=\"https:\/\/www.vuosiamaailmalla.fi\/blog\/2019\/alex-fraser-bridge-sai-vetoketjun\/\">ruuhkaista<\/a> ja nopeusrajoitukset kaupunkialueen moottoriteill\u00e4 <a title=\"Korotus nopeusrajoituksiin\" href=\"https:\/\/www.vuosiamaailmalla.fi\/blog\/2014\/nopeusrajoituksiin-korotus\/\">tuskaisen matalat<\/a>. Vaikka tutussa suurkaupungissa ajaminen onkin vuosien asumisen ansiosta helppoa, on liikenteen joukossa olemisessa aina omat riskins\u00e4, sill\u00e4 kanssa-autoilijoiden joukossa on monenlaista s\u00e4\u00e4t\u00e4j\u00e4\u00e4.<\/p>\n<p><!--more--><\/p>\n<p style=\"text-align: justify;\">Ongelman muodostavatkin muut kuljettajat, sill\u00e4 vaikka sit\u00e4 pyrkiikin olemaan kylm\u00e4hermoinen ja ennakoitavasti ajava kuljettaja, sattuu tutuillakin teill\u00e4 arvaamattomia vaaratilanteita ja kolareita. Julkisen autovakuutusyhti\u00f6 ICBC:n maksamat summat kolareista ja niiss\u00e4 loukkaantumisista ovat kohonneet (vakuutusmaksut per\u00e4ss\u00e4\u00e4n) joka vuosi viimeisen kymmenen vuoden ajan, mik\u00e4 kielii <a title=\"Kadonnut liikennekuri\" href=\"https:\/\/www.vuosiamaailmalla.fi\/blog\/2014\/vancouverin-kuriton-liikenne\/\">kurittomasta liikenteest\u00e4<\/a>.<\/p>\n<p style=\"text-align: center;\"><a href=\"\/blog\/wp-content\/uploads\/2020\/x3m_esiintyy7.jpg\"><img decoding=\"async\" src=\"\/blog\/wp-content\/uploads\/2020\/x3m_esiintyy7.jpg\" \/><\/a><\/p>\n<p style=\"text-align: center;\"><em>Hurjalla hoodilla<\/em><\/p>\n<p style=\"text-align: center;\"><a href=\"\/blog\/wp-content\/uploads\/2020\/x3m_esiintyy5.jpg\"><img decoding=\"async\" src=\"\/blog\/wp-content\/uploads\/2020\/thumbs\/thumbs_x3m_esiintyy5.jpg\" \/><\/a><a href=\"\/blog\/wp-content\/uploads\/2020\/x3m_esiintyy6.jpg\"><img decoding=\"async\" src=\"\/blog\/wp-content\/uploads\/2020\/thumbs\/thumbs_x3m_esiintyy6.jpg\" \/><\/a><\/p>\n<p style=\"text-align: center;\"><em>N\u00e4ytt\u00e4v\u00e4 Donington Gray<\/em><\/p>\n<p style=\"text-align: justify;\">Mielikuvaa vahvistavat my\u00f6s <em>YouTubesta<\/em> l\u00f6ytyv\u00e4t <a href=\"https:\/\/www.youtube.com\/channel\/UCq63mgeS6chF_PIm9ESBegg\">videokanavat<\/a>, joilla n\u00e4kee t\u00f6rtt\u00f6ily\u00e4 sek\u00e4 ryttyyn menev\u00e4\u00e4 pelti\u00e4 l\u00e4hiseudun tutuilla paikoilla. T\u00e4st\u00e4 syyst\u00e4 olemmekin halunneet jo pidemp\u00e4\u00e4n hankkia itsellemme <em>dashcamin<\/em> eli kojalautakameran, joka kertoo totuuden kaikissa tilanteissa.<\/p>\n<p style=\"text-align: justify;\"><a title=\"2012 BMW X1 xDrive28i\" href=\"https:\/\/www.vuosiamaailmalla.fi\/blog\/2012\/2012-bmw-x1-xdrive28i\/\">Kolme<\/a> <a title=\"2014 BMW X1 xDrive35i\" href=\"https:\/\/www.vuosiamaailmalla.fi\/blog\/2014\/2014-bmw-x1-xdrive35i\/\">edellist\u00e4<\/a> <a title=\"2017 BMW X1 xDrive28i\" href=\"https:\/\/www.vuosiamaailmalla.fi\/blog\/2017\/2017-bmw-x1-xdrive28i\/\">autoamme<\/a> ovat kuitenkin olleet kaikki leasattuja, joten niihin ei ole kannattanut asentaa erillist\u00e4 kameraa. H\u00f6lm\u00f6sti autovalmistajat eiv\u00e4t tarjoa viel\u00e4 t\u00e4n\u00e4k\u00e4\u00e4n p\u00e4iv\u00e4n\u00e4 integroitua ratkaisua osana auton ominaisuuksia ja ne harvatkin ratkaisut joita tarjotaan, ovat kaikki laadultaan heikkoja erilliseen dashcamiin verrattuna.<\/p>\n<p style=\"text-align: center;\"><a href=\"\/blog\/wp-content\/uploads\/2020\/x3m_esiintyy4.jpg\"><img decoding=\"async\" src=\"\/blog\/wp-content\/uploads\/2020\/x3m_esiintyy4.jpg\" \/><\/a><\/p>\n<p style=\"text-align: center;\"><em>Auto parkissa<\/em><\/p>\n<p style=\"text-align: justify;\">Niinp\u00e4 laadukkaan dashcamin hankkiminen syksyll\u00e4 ostamaamme <a title=\"Huikea 2021 BMW X3M Competition\" href=\"https:\/\/www.vuosiamaailmalla.fi\/blog\/2020\/huikea-2021-bmw-x3m-competition\/\">uuteen urheiluautoon<\/a> on ollut ostoslistalla toisena, heti <a title=\"Talvirenkaat urheiluautoon\" href=\"https:\/\/www.vuosiamaailmalla.fi\/blog\/2021\/talvirenkaat-urheiluautoon\/\">uusien talvirenkaiden<\/a> j\u00e4lkeen. Ongelmallista on kuitenkin valinnan vaikeus, sill\u00e4 markkinoilta l\u00f6ytyy valtavasti erilaisia malleja. Kameroita saa todella halvallakin, mutta suttuisessa videokuvassa rekisterikilvist\u00e4 sek\u00e4 ylip\u00e4\u00e4t\u00e4\u00e4n tapahtumista saa heikosti selv\u00e4\u00e4. Olisikin t\u00e4ten melko h\u00f6lm\u00f6\u00e4 ajaa yli sadantonnin autolla turvanaan k\u00f6p\u00f6nen dashcam, joten vertailinkin l\u00e4hes yksinomaan markkinoiden huippumalleja.<\/p>\n<p style=\"text-align: center;\"><a href=\"\/blog\/wp-content\/uploads\/2020\/x3m_esiintyy1.jpg\"><img decoding=\"async\" src=\"\/blog\/wp-content\/uploads\/2020\/thumbs\/thumbs_x3m_esiintyy1.jpg\" \/><\/a><a href=\"\/blog\/wp-content\/uploads\/2020\/x3m_esiintyy2.jpg\"><img decoding=\"async\" src=\"\/blog\/wp-content\/uploads\/2020\/thumbs\/thumbs_x3m_esiintyy2.jpg\" \/><\/a><a href=\"\/blog\/wp-content\/uploads\/2020\/x3m_esiintyy3.jpg\"><img decoding=\"async\" src=\"\/blog\/wp-content\/uploads\/2020\/thumbs\/thumbs_x3m_esiintyy3.jpg\" \/><\/a><\/p>\n<p style=\"text-align: center;\"><em>Mahtava uusi automme<\/em><\/p>\n<p style=\"text-align: justify;\">Merkkien kolmen k\u00e4rjen muodostavat <em>BlackVue<\/em>, <em>Viofo<\/em> sek\u00e4 korealainen <em>Thinkware<\/em>. En tiennyt, mutta <a title=\"Ensip\u00e4iv\u00e4t j\u00e4ttikaupunki Soulissa\" href=\"https:\/\/www.vuosiamaailmalla.fi\/blog\/2010\/ensipaivat-jattikaupunki-soulissa\/\">Korea<\/a> oli maailman ensimm\u00e4isi\u00e4 maita (jopa ennen Ven\u00e4j\u00e4\u00e4), jossa kojelautakameroista tuli yleisi\u00e4. Nykyisin kamera l\u00f6ytyy l\u00e4hes jokaisesta sik\u00e4l\u00e4isest\u00e4 autosta, sill\u00e4 korealaiset vakuutusyhti\u00f6t my\u00f6nt\u00e4v\u00e4t kamerasta alennusta vakuutuksesta. Pohjois-Amerikassa ja monessa muussakin maassa huolta on kuitenkin aiheuttanut kameroiden <a title=\"Street View avautui Saksassa\" href=\"https:\/\/www.vuosiamaailmalla.fi\/blog\/2010\/street-view-avautui-saksassa\/\">yksityisyydelle<\/a> aiheuttama uhka. Olen itse n\u00e4ist\u00e4 asioista <a title=\"Vaihtoehto Googlelle\" href=\"https:\/\/www.vuosiamaailmalla.fi\/blog\/2015\/vaihtoehto-googlelle\/\">sangen tarkka<\/a>, mutta mielest\u00e4ni kojelautakameroiden hy\u00f6dyt ylitt\u00e4v\u00e4t silti t\u00e4llaiset huolet moninkertaisesti, sill\u00e4 videokuvalla on niin painavan todisteen asemassa.<\/p>\n<p style=\"text-align: justify;\">Niinp\u00e4 vaihtoehtoja pitk\u00e4\u00e4n vertailtuani p\u00e4\u00e4dyin lopulta Thinwaren huippumalliin <em>U1000<\/em>, johon kuuluu 4K-tarkkuudella nauhoittava p\u00e4\u00e4kamera sek\u00e4 1440p\/2K tarkkuuden takakamera. Kameran kylkeen ostin erillisen 128 gigatavun muistikortin, jolle mahtuu videomateriaalia noin kuuden tunnin verran.<\/p>\n<p style=\"text-align: center;\"><a href=\"\/blog\/wp-content\/uploads\/2020\/thinkware_resoluutio.jpg\"><img decoding=\"async\" src=\"\/blog\/wp-content\/uploads\/2020\/thinkware_resoluutio.jpg\" \/><\/a><\/p>\n<p style=\"text-align: center;\"><em>Resoluutio tuo tarkkuutta<\/em><\/p>\n<p style=\"text-align: justify;\">Pelk\u00e4n etukameran sis\u00e4lt\u00e4v\u00e4n dashcamin asentaminen on helppoa itsekin, sill\u00e4 sille voi antaa virtaa vaikka tupakansytyttimisest\u00e4. Integroimaton kamera on kuitenkin helppo varastaa ja halusin ehdottomasti my\u00f6s taaksep\u00e4in kuvaavan takakameran per\u00e4\u00e4najon varalta. T\u00e4m\u00e4 vaatii virta- ja datakaapelien vet\u00e4mist\u00e4 kameroiden v\u00e4lille, mik\u00e4 tarkoittaa kaapeleiden asentamista auton sis\u00e4verhoilun alle, mink\u00e4 vuoksi ratkaisu ei ole j\u00e4rkev\u00e4 varsinkaan lease-autossa.<\/p>\n<p style=\"text-align: center;\"><a href=\"\/blog\/wp-content\/uploads\/2020\/x3m_dashcam1.jpg\"><img decoding=\"async\" src=\"\/blog\/wp-content\/uploads\/2020\/thumbs\/thumbs_x3m_dashcam1.jpg\" \/><\/a><a href=\"\/blog\/wp-content\/uploads\/2020\/x3m_dashcam2.jpg\"><img decoding=\"async\" src=\"\/blog\/wp-content\/uploads\/2020\/thumbs\/thumbs_x3m_dashcam2.jpg\" \/><\/a><\/p>\n<p style=\"text-align: center;\"><em>Kunnollisesti asennettu dashcam<\/em><\/p>\n<p style=\"text-align: justify;\">Aihetta tutkittuani p\u00e4\u00e4dyin ostamaan sek\u00e4 kameran ett\u00e4 valmiin asennuksen yhten\u00e4 pakettina <em>Black Box My Car<\/em> nimisest\u00e4 liikkeest\u00e4, joka on Pohjois-Amerikan merkitt\u00e4vin dashcameja myyv\u00e4 yritys. Yritys on britishcolumbialaisen miehen perustama ja yhti\u00f6n p\u00e4\u00e4piste sijaitsee t\u00e4\u00e4ll\u00e4 <a title=\"Richmondin ymp\u00e4riajo\" href=\"https:\/\/www.vuosiamaailmalla.fi\/blog\/2020\/richmondin-ympariajo\/\">Richmondissa<\/a>! Yhti\u00f6n asiakaspalvelu oli alusta saakka erinomaista ja kolme tuntia kest\u00e4nyt asennus onnistui ammattilaiselta helposti ja huolettomasti. Koko paketille tuli hintaa melko tarkalleen tuhat dollaria ja nyt autossamme on koko ajan liikennett\u00e4 nauhoittava j\u00e4rjestelm\u00e4!<\/p>\n<p style=\"text-align: center;\"><a href=\"\/blog\/wp-content\/uploads\/2020\/x3m_dashcam4.jpg\"><img decoding=\"async\" src=\"\/blog\/wp-content\/uploads\/2020\/thumbs\/thumbs_x3m_dashcam4.jpg\" \/><\/a><a href=\"\/blog\/wp-content\/uploads\/2020\/x3m_dashcam3.jpg\"><img decoding=\"async\" src=\"\/blog\/wp-content\/uploads\/2020\/thumbs\/thumbs_x3m_dashcam3.jpg\" \/><\/a><a href=\"\/blog\/wp-content\/uploads\/2020\/x3m_dashcam5.jpg\"><img decoding=\"async\" src=\"\/blog\/wp-content\/uploads\/2020\/thumbs\/thumbs_x3m_dashcam5.jpg\" \/><\/a><\/p>\n<p style=\"text-align: center;\"><em>Liikennett\u00e4 valvova suojatti<\/em><\/p>\n<p style=\"text-align: justify;\">Juuri dashcamin tuoma huolettomuus on parasta, sill\u00e4 kamera nauhoittaa tapahtumia t\u00e4ysin automaattisesti ja tallentaa kaikki erikoistilanteet omaan kansioonsa. Kameraa hallitaan langattomasti \u00e4lypuhelimella ja sen saisi jopa yhdistetty\u00e4 suoraan internettiin, mik\u00e4 on kuitenkin hieman hankalaa. Kameroissa ei ole nimitt\u00e4in ole useinkaan sis\u00e4\u00e4nrakennettua internetyhteytt\u00e4, joten yhteys pit\u00e4\u00e4 luoda erillislaitteen tai auton oman wifin kautta. Kanadassa <a title=\"Kanadan kallis internet\" href=\"https:\/\/www.vuosiamaailmalla.fi\/blog\/2017\/kanadan-kallis-internet\/\">mobiilinetin hinta<\/a> on my\u00f6skin sen verran suolainen ja datakatot matalia, ettei t\u00e4ss\u00e4 ole j\u00e4rke\u00e4, kamera kun tuottaa dataa huikeat <strong>300 megatavua minuutissa!!<\/strong><\/p>\n<p style=\"text-align: center;\"><a href=\"\/blog\/wp-content\/uploads\/2020\/thinkware_softa.jpg\"><img decoding=\"async\" src=\"\/blog\/wp-content\/uploads\/2020\/thinkware_softa.jpg\" \/><\/a><\/p>\n<p style=\"text-align: center;\"><em>Kameraa s\u00e4\u00e4det\u00e4\u00e4n k\u00e4nnyk\u00e4ll\u00e4<\/em><\/p>\n<p style=\"text-align: justify;\">Muistikortin videot ylikirjoittuvatkin useasti, mutta viimeisten tuntien tapahtumat ovat aina saatavilla. Koska jatkuva ylikirjoitus kuormittaa sek\u00e4 muistikorttia ett\u00e4 auton akkua, ostinkin pakettini osaksi erillisen tutkan, jonka avulla kamera nauhoittaa pys\u00e4k\u00f6ityn\u00e4 ainoastaan kun sen n\u00e4k\u00f6kent\u00e4ss\u00e4 on liikett\u00e4. Nauhoituksen raja-arvoja voi s\u00e4\u00e4t\u00e4\u00e4 joustavasti, mutta koska liikenteess\u00e4 tai pys\u00e4k\u00f6ityn\u00e4 voi sattua jotain milloin tahansa, olen s\u00e4\u00e4t\u00e4nyt nauhoituksen hyvin herk\u00e4ksi.<\/p>\n<p style=\"text-align: center;\"><a href=\"\/blog\/wp-content\/uploads\/2020\/dashcam_tutka.jpg\"><img decoding=\"async\" src=\"\/blog\/wp-content\/uploads\/2020\/dashcam_tutka.jpg\" \/><\/a><\/p>\n<p style=\"text-align: center;\"><em>Nauhoitukset tapahtuvat automaattisesti<\/em><\/p>\n<p style=\"text-align: justify;\">Kameran resoluutio on 4K, mik\u00e4 on huippujuttu. Kuvassa on nelj\u00e4 kertaa enemm\u00e4n pikseleit\u00e4 kuin normaalin <em>1080p Full HD<\/em> -kameran kuvassa, mik\u00e4 auttaa rekisterikilpien ja yksityiskohtien tunnistamisessa. Suurempi tarkkuus tarkoittaa kuitenkin runsaasti dataa, mink\u00e4 vuoksi videotiedostot ovatkin suuria. Etukamera nauhoittaa 4K-tarkkuudella 30fps nopeudella ja 2K-tarkkuudella 60fps. Takakameran nauhoitus on aina 2K\/30fps.<\/p>\n<p style=\"text-align: center;\"><a href=\"\/blog\/wp-content\/uploads\/2020\/thinkware_takakamera.jpg\"><img decoding=\"async\" src=\"\/blog\/wp-content\/uploads\/2020\/thinkware_takakamera.jpg\" \/><\/a><\/p>\n<p style=\"text-align: center;\"><em>Takakamera on t\u00e4rke\u00e4 lis\u00e4<\/em><\/p>\n<p style=\"text-align: justify;\">Kokeilin suurempaa nauhoitusnopeutta aikani, sill\u00e4 nopeassa tilanteessa k\u00e4ytett\u00e4viss\u00e4 on tuolloin kaksi kertaa enemm\u00e4n kuvaa sen oikein tarkentuneen l\u00f6yt\u00e4miseksi vauhdikkaassa tilanteessa. T\u00e4st\u00e4 voi olla hy\u00f6ty\u00e4 erityisesti y\u00f6aikaan, joskin mielest\u00e4ni kuvanlaatu on hyv\u00e4\u00e4 my\u00f6s 4K\/30fps tilassa, mit\u00e4 k\u00e4yt\u00e4n p\u00e4\u00e4s\u00e4\u00e4nt\u00f6isesti.<\/p>\n<p style=\"text-align: justify;\">Dashcamissa kaikkein t\u00e4rkeint\u00e4 on sen kuvanlaatu sek\u00e4 toiminta erilaisissa tilanteissa ja olenkin hyvin tyytyv\u00e4inen tuloksiin. Toki kameran kuva on raskaasti pakattua tiedostojen pit\u00e4miseksi kohtuullisen kokoisina, mutta kamera suoriutuu hyvin vaativissakin tilanteissa, joita riitt\u00e4\u00e4 kirkkaan auringon tai voimakkaiden kontrastivaihteluiden keskell\u00e4. Aivan tuulilasiin asennettuna kamera v\u00e4ltt\u00e4\u00e4 suuren osan lasin heijastuksista, mink\u00e4 lis\u00e4ksi siin\u00e4 on erillinen heijastuksia v\u00e4hent\u00e4v\u00e4 filtteri.<\/p>\n<p style=\"text-align: center;\"><iframe loading=\"lazy\" title=\"YouTube video player\" src=\"https:\/\/www.youtube-nocookie.com\/embed\/XgLDSejqB2U?controls=0\" width=\"560\" height=\"315\" frameborder=\"0\" allowfullscreen=\"allowfullscreen\"><\/iframe><\/p>\n<p style=\"text-align: center;\"><em>Haastavat valotusolosuhteet<\/em><\/p>\n<p style=\"text-align: justify;\">Vaikka dashcameilla onkin viel\u00e4 kehittymisen varaa, on Thinkwaren tuote mielest\u00e4ni eritt\u00e4in hyv\u00e4 ja tunnen sen my\u00f6t\u00e4 nyt turvaa siin\u00e4 ik\u00e4v\u00e4ss\u00e4 tilanteessa, ett\u00e4 olisin osallisena kolarissa.\u00a0 Toivottavasti n\u00e4in ei kuitenkaan koskaan k\u00e4y, eik\u00e4 dashcamin materiaalin tarvitse turvautua!<\/p>\n","protected":false},"excerpt":{"rendered":"<p>Kahden ja puolen miljoonan asukkaan Vancouverin liikenne on ruuhkaista ja nopeusrajoitukset kaupunkialueen moottoriteill\u00e4 tuskaisen matalat. Vaikka tutussa suurkaupungissa ajaminen onkin vuosien asumisen ansiosta helppoa, on liikenteen joukossa olemisessa aina omat riskins\u00e4, sill\u00e4 kanssa-autoilijoiden joukossa on monenlaista s\u00e4\u00e4t\u00e4j\u00e4\u00e4.<\/p>\n","protected":false},"author":1,"featured_media":12145,"comment_status":"open","ping_status":"closed","sticky":false,"template":"","format":"standard","meta":{"_jetpack_memberships_contains_paid_content":false,"footnotes":""},"categories":[17,3,6],"tags":[39,232,1524,1612,935,1613,1611],"class_list":["post-12143","post","type-post","status-publish","format-standard","has-post-thumbnail","hentry","category-arki-kanadassa","category-arki-ulkomailla","category-laitteita-ja-vempaimia","tag-autot","tag-bmw","tag-bmw-x3m-competition","tag-dashcam","tag-kanada","tag-thinkware","tag-thinkware-u1000"],"jetpack_featured_media_url":"https:\/\/www.vuosiamaailmalla.fi\/blog\/wp-content\/uploads\/x3m_esiintyy_banner.jpg","jetpack_sharing_enabled":true,"_links":{"self":[{"href":"https:\/\/www.vuosiamaailmalla.fi\/blog\/wp-json\/wp\/v2\/posts\/12143","targetHints":{"allow":["GET"]}}],"collection":[{"href":"https:\/\/www.vuosiamaailmalla.fi\/blog\/wp-json\/wp\/v2\/posts"}],"about":[{"href":"https:\/\/www.vuosiamaailmalla.fi\/blog\/wp-json\/wp\/v2\/types\/post"}],"author":[{"embeddable":true,"href":"https:\/\/www.vuosiamaailmalla.fi\/blog\/wp-json\/wp\/v2\/users\/1"}],"replies":[{"embeddable":true,"href":"https:\/\/www.vuosiamaailmalla.fi\/blog\/wp-json\/wp\/v2\/comments?post=12143"}],"version-history":[{"count":3,"href":"https:\/\/www.vuosiamaailmalla.fi\/blog\/wp-json\/wp\/v2\/posts\/12143\/revisions"}],"predecessor-version":[{"id":12147,"href":"https:\/\/www.vuosiamaailmalla.fi\/blog\/wp-json\/wp\/v2\/posts\/12143\/revisions\/12147"}],"wp:featuredmedia":[{"embeddable":true,"href":"https:\/\/www.vuosiamaailmalla.fi\/blog\/wp-json\/wp\/v2\/media\/12145"}],"wp:attachment":[{"href":"https:\/\/www.vuosiamaailmalla.fi\/blog\/wp-json\/wp\/v2\/media?parent=12143"}],"wp:term":[{"taxonomy":"category","embeddable":true,"href":"https:\/\/www.vuosiamaailmalla.fi\/blog\/wp-json\/wp\/v2\/categories?post=12143"},{"taxonomy":"post_tag","embeddable":true,"href":"https:\/\/www.vuosiamaailmalla.fi\/blog\/wp-json\/wp\/v2\/tags?post=12143"}],"curies":[{"name":"wp","href":"https:\/\/api.w.org\/{rel}","templated":true}]}}