{"id":12149,"date":"2021-04-10T10:38:43","date_gmt":"2021-04-10T17:38:43","guid":{"rendered":"https:\/\/www.vuosiamaailmalla.fi\/blog\/?p=12149"},"modified":"2021-07-01T16:36:56","modified_gmt":"2021-07-01T23:36:56","slug":"miljoona-rokotettua","status":"publish","type":"post","link":"https:\/\/www.vuosiamaailmalla.fi\/blog\/2021\/miljoona-rokotettua\/","title":{"rendered":"Miljoona rokotettua"},"content":{"rendered":"<p style=\"text-align: justify;\">Kanadan l\u00e4nsirannikolla taistellaan paraikaa koronaepidemian kolmatta ja <a title=\"Taittuva toinen aalto\" href=\"https:\/\/www.vuosiamaailmalla.fi\/blog\/2020\/taittuva-toinen-aalto\/\">toistaiseksi vaikeinta<\/a> aaltoa vastaan, samalla kun rokotuksissa ylitettiin perjantaina henkisesti merkitt\u00e4v\u00e4 miljoonan rokoteannoksen virstanpylv\u00e4s. Kolmas aalto on jyll\u00e4nnyt erityisesti maaliskuun <em>Spring Breakin<\/em> lomien j\u00e4ljilt\u00e4 useissa paikoissa ja p\u00e4ivitt\u00e4isten tartuntatapausten m\u00e4\u00e4r\u00e4 on kohonnut korkeammalle kuin koskaan aiemmin, ollen t\u00e4ll\u00e4 viikolla huikeat 1200-1300 tapausta p\u00e4iv\u00e4ss\u00e4.<\/p>\n<p><!--more--><\/p>\n<p style=\"text-align: justify;\">Erityist\u00e4 huolta on aiheuttanut British Columbiassa tavattujen virusvarianttien suuri m\u00e4\u00e4r\u00e4, joita on raportoitu t\u00e4h\u00e4n menness\u00e4 yhteens\u00e4 3766 tapausta. N\u00e4ist\u00e4 suurin osa (2838) on Britannian variantiksi kutsuttua versiota, per\u00e4ss\u00e4\u00e4n Brasilian (877) sek\u00e4 Etel\u00e4-Afrikan (56) variantit. Huolestuttavaksi tilanteen tekee, ett\u00e4 British Columbia on uutisten mukaan nyt suurin Brasilian variantin esiintymisalue maan ulkopuolella ja aiheuttanut runsaasti tartuntoja erityisesti Whistleriss\u00e4.<\/p>\n<p style=\"text-align: justify;\">Tartuntojen levi\u00e4misen hidastamiseksi viranomaiset m\u00e4\u00e4r\u00e4siv\u00e4tkin maaliskuun 29. p\u00e4iv\u00e4n\u00e4 <a title=\"Metrin syvyisess\u00e4 puuterihangessa\" href=\"https:\/\/www.vuosiamaailmalla.fi\/blog\/2019\/metrin-syvyisessa-puuterihangessa\/\">Whistlerin laskettelukeskuksen<\/a> sulkemaan ovensa k\u00e4yt\u00e4nn\u00f6ss\u00e4 koko loppukaudeksi, est\u00e4en t\u00e4ten ihmislaumojen saapumisen kyl\u00e4\u00e4n p\u00e4\u00e4si\u00e4isen\u00e4. Muut laskettelukeskukset ovat saaneet jatkaa p\u00e4\u00e4osin kauden loppuun, mutta my\u00f6s ravintolat ovat joutuneet tikun nokkaan.<\/p>\n<p style=\"text-align: center;\"><a href=\"\/blog\/wp-content\/uploads\/2021\/koronatesteja.jpg\"><img decoding=\"async\" src=\"\/blog\/wp-content\/uploads\/2021\/koronatesteja.jpg\" \/><\/a><\/p>\n<p style=\"text-align: center;\"><em>Testeiss\u00e4 paljastuu runsaasti tartuntoja<\/em><\/p>\n<p style=\"text-align: justify;\">Viranomaisp\u00e4\u00e4t\u00f6ksell\u00e4 sis\u00e4tiloissa ruokailu kiellettiin kaikkialla kaksi viikkoa sitten, mit\u00e4 muutamat ravintolat aluksi uhmasivat. N\u00e4m\u00e4 paikat kuitenkin ristiinnaulittiin mediassa ja nyt suurin osa ravintoloista onkin varustanut edustalleen terassin, mit\u00e4 <a title=\"Puolieristyksiss\u00e4 kev\u00e4\u00e4n keskell\u00e4\" href=\"https:\/\/www.vuosiamaailmalla.fi\/blog\/2020\/puolieristyksissa-kevaan-keskella\/\">kev\u00e4isen aurinkoinen<\/a> ja tulevalla viikolla my\u00f6s l\u00e4mmin jopa +20 asteen keli tukevat.<\/p>\n<p style=\"text-align: justify;\">Yhteens\u00e4 koronatartunnan on saanut provinssissa koko epidemian aikana 109 540 ihmist\u00e4. Sairaalahoidossa on t\u00e4ll\u00e4 hetkell\u00e4 332 ihmist\u00e4, joista tehohoidossa 102. Kapasiteetti ei siis ole koetuksella, mutta numerot ovat kohonneet viime viikkojen kolmannen aallon my\u00f6t\u00e4.<\/p>\n<p style=\"text-align: justify;\">Tartunnat ovat iskeneet my\u00f6s yll\u00e4tt\u00e4viin paikkoihin ja viimeisen viikon aikana yhteens\u00e4 21 <em>Vancouver Canucksien<\/em> pelaajaa on testannut positiivisesti. Vaikka tartunnan saaneet pelaajat voivatkin hyvin, on joukkueen kausi <a title=\"Canucksien kausi ohitse\" href=\"https:\/\/www.vuosiamaailmalla.fi\/blog\/2015\/canucksien-kausi-ohitse\/\">todenn\u00e4k\u00f6isesti ohitse<\/a> ja tuleekin olemaan kiintoisaa n\u00e4hd\u00e4, j\u00e4tt\u00e4\u00e4k\u00f6 epidemia millaisen j\u00e4ljen pari viime vuotta uudistumista yritt\u00e4neeseen joukkueeseen.<\/p>\n<p style=\"text-align: center;\"><a href=\"\/blog\/wp-content\/uploads\/2021\/koronaa_canuckseissa.jpg\"><img decoding=\"async\" src=\"\/blog\/wp-content\/uploads\/2021\/koronaa_canuckseissa.jpg\" \/><\/a><\/p>\n<p style=\"text-align: center;\"><em>Canucksit taistelevat koronan kanssa<\/em><\/p>\n<p style=\"text-align: justify;\">Hyvi\u00e4 uutisia kuuluu kuitenkin rokotepuolelta, jossa annosteltujen rokotusten m\u00e4\u00e4r\u00e4 on yli kolminkertaistunut <a title=\"Vauhtia rokotuksiin\" href=\"https:\/\/www.vuosiamaailmalla.fi\/blog\/2021\/vauhtia-rokotuksiin\/\">kuukauden takaisesta<\/a>. Perjantaihin menness\u00e4 British Columbiassa on nyt annettu 1 025 019 rokotusta, joista suurin osa ensimm\u00e4isi\u00e4 annoksia. Koko Kanadassa pistoksia on tehty jo seitsem\u00e4n miljoonaa ja annoksia toimitettu provinsseihin yli kymmenen miljoonaa.<\/p>\n<p style=\"text-align: center;\"><a href=\"\/blog\/wp-content\/uploads\/2021\/rokotukset_nousussa.jpg\"><img decoding=\"async\" src=\"\/blog\/wp-content\/uploads\/2021\/rokotukset_nousussa.jpg\" \/><\/a><\/p>\n<p style=\"text-align: center;\"><em>Rokotukset kiihtyv\u00e4ss\u00e4 vauhdissa<\/em><\/p>\n<p style=\"text-align: justify;\">Provinssista l\u00f6ytyy my\u00f6s ensimm\u00e4isi\u00e4 paikkakuntia, joilla k\u00e4yt\u00e4nn\u00f6ss\u00e4 <a title=\"Rokotusten k\u00e4rkimaa\" href=\"https:\/\/www.vuosiamaailmalla.fi\/blog\/2021\/rokotusten-karkimaa\/\">kaikki halukkaat<\/a> on rokotettu. Yksi t\u00e4llainen on viime kes\u00e4n\u00e4 vierailemamme <a title=\"Kanadan sateisin kaupunki Prince Rupert\" href=\"https:\/\/www.vuosiamaailmalla.fi\/blog\/2020\/kanadan-sateisin-kaupunki-prince-rupert\/\">Prince Rupert<\/a>, jossa paha tartuntaketju sai viranomaiset priorisoimaan kaikkien asukkaiden rokottamisen. Muuten ajan rokotukseen voivat t\u00e4ll\u00e4 hetkell\u00e4 varata kaikki yli 65-vuotiaat, poikkeuksena alkuper\u00e4isheimoihin kuuluvat, joista <strong>jokainen<\/strong> yli 18-vuotias voi varata itselleen rokotusajan. Asia on aiheuttanut runsaasti paheksuntaa, sill\u00e4 kyseess\u00e4 on selke\u00e4sti positiivisesta syrjinn\u00e4st\u00e4 kaikkia muita etnisi\u00e4 ryhmi\u00e4 kohtaan, mit\u00e4 vaikea perustella suurissa kaupungeissa hyvien palveluiden keskell\u00e4 asuvien tuhansien intiaanien kohdalla.<\/p>\n<p style=\"text-align: center;\"><a href=\"\/blog\/wp-content\/uploads\/2021\/rokotusannoksia1.jpg\"><img decoding=\"async\" src=\"\/blog\/wp-content\/uploads\/2021\/thumbs\/thumbs_rokotusannoksia1.jpg\" \/><\/a><a href=\"\/blog\/wp-content\/uploads\/2021\/rokotusannoksia2.jpg\"><img decoding=\"async\" src=\"\/blog\/wp-content\/uploads\/2021\/thumbs\/thumbs_rokotusannoksia2.jpg\" \/><\/a><\/p>\n<p style=\"text-align: center;\"><em>17% kanadalaisista on saanut rokotteen<\/em><\/p>\n<p style=\"text-align: justify;\">Suurin osa Kanadan provinsseista on tehnyt viimeisen kuukauden aikana my\u00f6s p\u00e4\u00e4t\u00f6ksen <em>AstraZenecan<\/em> rokotteen annostelemisesta ainoastaan yli 55-vuotiaille ulkomailta kuuluneiden tutkimustietojen perusteella. T\u00e4st\u00e4 huolimatta rokotusohjelma etenee aikataulustaan jopa hieman edell\u00e4 ja jo 17% kanadalaisista on rokotettu v\u00e4hint\u00e4\u00e4n kerran. Suunnitelma kaikkien halukkaiden rokotuksesta ainakin ensimm\u00e4ist\u00e4 kertaa <a title=\"Virtuaalinen Canada Day\" href=\"https:\/\/www.vuosiamaailmalla.fi\/blog\/2020\/virtuaalinen-canada-day\/\">hein\u00e4kuun ensimm\u00e4iseen p\u00e4iv\u00e4\u00e4n<\/a> menness\u00e4 pit\u00e4neekin siis kutinsa.<\/p>\n<p style=\"text-align: justify;\">Kaiken t\u00e4m\u00e4n keskell\u00e4 onkin hauska muistella <a title=\"Lupaavalla koronak\u00e4yr\u00e4ll\u00e4\" href=\"https:\/\/www.vuosiamaailmalla.fi\/blog\/2020\/lupaavalla-koronakayralla\/\">vuoden takaista tilannetta<\/a>, jolloin tartunnat olivat jatkuvassa kasvussa, mutta lukemat silti pienempi\u00e4 kuin t\u00e4m\u00e4n hetkiset p\u00e4ivitt\u00e4iset lukemat. Tuolloin huolta aiheuttivat enemm\u00e4nkin kauppojen tyhj\u00e4t hyllyt, sek\u00e4 katukuvaan vastik\u00e4\u00e4n ilmestyneet testauspaikat. Nyt kauniin kev\u00e4ts\u00e4\u00e4n keskell\u00e4 tilanne n\u00e4ytt\u00e4\u00e4 j\u00e4lleen lupaavalta, mutta n\u00e4ht\u00e4v\u00e4ksi j\u00e4\u00e4 edelleen josko rokotteet tuovat oikeasti pysyv\u00e4n ratkaisun t\u00e4h\u00e4n monimutkaiseen kriisiin.<\/p>\n","protected":false},"excerpt":{"rendered":"<p>Kanadan l\u00e4nsirannikolla taistellaan paraikaa koronaepidemian kolmatta ja toistaiseksi vaikeinta aaltoa vastaan, samalla kun rokotuksissa ylitettiin perjantaina henkisesti merkitt\u00e4v\u00e4 miljoonan rokoteannoksen virstanpylv\u00e4s. Kolmas aalto on jyll\u00e4nnyt erityisesti maaliskuun Spring Breakin lomien j\u00e4ljilt\u00e4 useissa paikoissa ja p\u00e4ivitt\u00e4isten tartuntatapausten m\u00e4\u00e4r\u00e4 on kohonnut korkeammalle kuin koskaan aiemmin, ollen t\u00e4ll\u00e4 viikolla huikeat 1200-1300 tapausta p\u00e4iv\u00e4ss\u00e4.<\/p>\n","protected":false},"author":1,"featured_media":12152,"comment_status":"open","ping_status":"closed","sticky":false,"template":"","format":"standard","meta":{"_jetpack_memberships_contains_paid_content":false,"footnotes":""},"categories":[17,3],"tags":[25,935,1487,939,466,218],"class_list":["post-12149","post","type-post","status-publish","format-standard","has-post-thumbnail","hentry","category-arki-kanadassa","category-arki-ulkomailla","tag-ajankohtaista","tag-kanada","tag-koronavirus","tag-vancouver","tag-vancouver-canucks","tag-whistler"],"jetpack_featured_media_url":"https:\/\/www.vuosiamaailmalla.fi\/blog\/wp-content\/uploads\/rokotusannoksia_banner.jpg","jetpack_sharing_enabled":true,"_links":{"self":[{"href":"https:\/\/www.vuosiamaailmalla.fi\/blog\/wp-json\/wp\/v2\/posts\/12149","targetHints":{"allow":["GET"]}}],"collection":[{"href":"https:\/\/www.vuosiamaailmalla.fi\/blog\/wp-json\/wp\/v2\/posts"}],"about":[{"href":"https:\/\/www.vuosiamaailmalla.fi\/blog\/wp-json\/wp\/v2\/types\/post"}],"author":[{"embeddable":true,"href":"https:\/\/www.vuosiamaailmalla.fi\/blog\/wp-json\/wp\/v2\/users\/1"}],"replies":[{"embeddable":true,"href":"https:\/\/www.vuosiamaailmalla.fi\/blog\/wp-json\/wp\/v2\/comments?post=12149"}],"version-history":[{"count":5,"href":"https:\/\/www.vuosiamaailmalla.fi\/blog\/wp-json\/wp\/v2\/posts\/12149\/revisions"}],"predecessor-version":[{"id":12290,"href":"https:\/\/www.vuosiamaailmalla.fi\/blog\/wp-json\/wp\/v2\/posts\/12149\/revisions\/12290"}],"wp:featuredmedia":[{"embeddable":true,"href":"https:\/\/www.vuosiamaailmalla.fi\/blog\/wp-json\/wp\/v2\/media\/12152"}],"wp:attachment":[{"href":"https:\/\/www.vuosiamaailmalla.fi\/blog\/wp-json\/wp\/v2\/media?parent=12149"}],"wp:term":[{"taxonomy":"category","embeddable":true,"href":"https:\/\/www.vuosiamaailmalla.fi\/blog\/wp-json\/wp\/v2\/categories?post=12149"},{"taxonomy":"post_tag","embeddable":true,"href":"https:\/\/www.vuosiamaailmalla.fi\/blog\/wp-json\/wp\/v2\/tags?post=12149"}],"curies":[{"name":"wp","href":"https:\/\/api.w.org\/{rel}","templated":true}]}}