{"id":1215,"date":"2006-09-01T21:41:37","date_gmt":"2006-09-02T04:41:37","guid":{"rendered":"http:\/\/13.53.127.146\/?p=1215"},"modified":"2014-10-14T19:26:12","modified_gmt":"2014-10-15T02:26:12","slug":"toinen-paiva","status":"publish","type":"post","link":"https:\/\/www.vuosiamaailmalla.fi\/blog\/2006\/toinen-paiva\/","title":{"rendered":"Toinen p\u00e4iv\u00e4"},"content":{"rendered":"<p style=\"text-align: justify;\">Toinen p\u00e4iv\u00e4 t\u00e4\u00e4ll\u00e4 meni t\u00e4n\u00e4\u00e4n viel\u00e4 kaupan tuotteiden opetteluun ja kaupoista l\u00f6ytyikin mukavasti my\u00f6s tuttuja tuotteita, sek\u00e4 julkiseen liikenteeseen tutustuessa. Nyt meill\u00e4 on my\u00f6s rajoittamattoman matkailun mahdollistava paikallisliikenteen kuukausikortti, joten alkaa varmasti tulla kaupunki tutummaksi. Viikonlopun aikana tulee ehk\u00e4 k\u00e4yty\u00e4 katsastamassa kaupunki korkeuksista k\u00e4sin. Maisemia voisi k\u00e4yd\u00e4 hyv\u00e4n s\u00e4\u00e4n sattuessa tirkistelem\u00e4ss\u00e4 esimerkiksi 220 metrin korkeudesta <a title=\"Dortmundin joukkoliikenteest\u00e4 sek\u00e4 retki Florianturmiin\" href=\"https:\/\/www.vuosiamaailmalla.fi\/?p=1288\">Dortmundin tv-tornista<\/a>. \ud83d\ude2e<\/p>\n<p style=\"text-align: justify;\">Maanantaina alkaa sitten intensiivinen kielikurssi yliopistolla. Eik\u00f6h\u00e4n siit\u00e4 tule ihan mukavaa puuhaa. Nyt on jo tullut k\u00e4ytetty\u00e4 sangen paljon saksaa erin\u00e4isiss\u00e4 pieniss\u00e4 tilanteissa, kuten esimerkiksi kaupoissa ja kahviloissa. Mieless\u00e4 py\u00f6rii jatkuvasti jo monimutkaisiakin lauseita, mutta ainakaan viel\u00e4 ei ole tullut selitelty\u00e4 niit\u00e4 muille. Ehk\u00e4p\u00e4 sit\u00e4 jo ensi viikolla uskaltautuu pienen <em>small talkin<\/em> pariin&#8230; \ud83d\ude00<\/p>\n","protected":false},"excerpt":{"rendered":"<p>Toinen p\u00e4iv\u00e4 t\u00e4\u00e4ll\u00e4 meni t\u00e4n\u00e4\u00e4n viel\u00e4 kaupan tuotteiden opetteluun ja kaupoista l\u00f6ytyikin mukavasti my\u00f6s tuttuja tuotteita, sek\u00e4 julkiseen liikenteeseen tutustuessa. Nyt meill\u00e4 on my\u00f6s rajoittamattoman matkailun mahdollistava paikallisliikenteen kuukausikortti, joten alkaa varmasti tulla kaupunki tutummaksi. Viikonlopun aikana tulee ehk\u00e4 k\u00e4yty\u00e4 katsastamassa kaupunki korkeuksista k\u00e4sin. Maisemia voisi k\u00e4yd\u00e4 hyv\u00e4n s\u00e4\u00e4n sattuessa tirkistelem\u00e4ss\u00e4 esimerkiksi 220 metrin korkeudesta &hellip; <a href=\"https:\/\/www.vuosiamaailmalla.fi\/blog\/2006\/toinen-paiva\/\" class=\"more-link\">Jatka lukemista<span class=\"screen-reader-text\"> &#8221;Toinen p\u00e4iv\u00e4&#8221;<\/span><\/a><\/p>\n","protected":false},"author":1,"featured_media":0,"comment_status":"open","ping_status":"open","sticky":false,"template":"","format":"standard","meta":{"_jetpack_memberships_contains_paid_content":false,"footnotes":""},"categories":[18,3],"tags":[34,92,190],"class_list":["post-1215","post","type-post","status-publish","format-standard","hentry","category-arki-saksassa","category-arki-ulkomailla","tag-arki","tag-dortmund","tag-saksa"],"jetpack_featured_media_url":"","jetpack_sharing_enabled":true,"_links":{"self":[{"href":"https:\/\/www.vuosiamaailmalla.fi\/blog\/wp-json\/wp\/v2\/posts\/1215","targetHints":{"allow":["GET"]}}],"collection":[{"href":"https:\/\/www.vuosiamaailmalla.fi\/blog\/wp-json\/wp\/v2\/posts"}],"about":[{"href":"https:\/\/www.vuosiamaailmalla.fi\/blog\/wp-json\/wp\/v2\/types\/post"}],"author":[{"embeddable":true,"href":"https:\/\/www.vuosiamaailmalla.fi\/blog\/wp-json\/wp\/v2\/users\/1"}],"replies":[{"embeddable":true,"href":"https:\/\/www.vuosiamaailmalla.fi\/blog\/wp-json\/wp\/v2\/comments?post=1215"}],"version-history":[{"count":0,"href":"https:\/\/www.vuosiamaailmalla.fi\/blog\/wp-json\/wp\/v2\/posts\/1215\/revisions"}],"wp:attachment":[{"href":"https:\/\/www.vuosiamaailmalla.fi\/blog\/wp-json\/wp\/v2\/media?parent=1215"}],"wp:term":[{"taxonomy":"category","embeddable":true,"href":"https:\/\/www.vuosiamaailmalla.fi\/blog\/wp-json\/wp\/v2\/categories?post=1215"},{"taxonomy":"post_tag","embeddable":true,"href":"https:\/\/www.vuosiamaailmalla.fi\/blog\/wp-json\/wp\/v2\/tags?post=1215"}],"curies":[{"name":"wp","href":"https:\/\/api.w.org\/{rel}","templated":true}]}}