{"id":12154,"date":"2021-04-13T20:08:48","date_gmt":"2021-04-14T03:08:48","guid":{"rendered":"https:\/\/www.vuosiamaailmalla.fi\/blog\/?p=12154"},"modified":"2021-04-13T20:08:48","modified_gmt":"2021-04-14T03:08:48","slug":"mahdollinen-loppu-tippaukseen","status":"publish","type":"post","link":"https:\/\/www.vuosiamaailmalla.fi\/blog\/2021\/mahdollinen-loppu-tippaukseen\/","title":{"rendered":"Mahdollinen loppu tippaukseen"},"content":{"rendered":"<p style=\"text-align: justify;\">T\u00e4\u00e4ll\u00e4 Kanadan l\u00e4nsirannikolla on viime p\u00e4ivin\u00e4 keskusteltu lounasp\u00f6ydiss\u00e4 ja radioaalloilla kes\u00e4kuun ensimm\u00e4isen\u00e4 p\u00e4iv\u00e4n\u00e4 voimaantulevasta korotuksesta British Columbiassa maksettavaan minimipalkkaan. Korotus on viimeinen osa <a title=\"Provinssivaaleissa enemmist\u00f6hallitus\" href=\"https:\/\/www.vuosiamaailmalla.fi\/blog\/2020\/provinssivaaleissa-syntyi-enemmistohallitus\/\">nykyisen provinssihallituksen<\/a> vuonna 2017 tekem\u00e4\u00e4 <a title=\"Vancouver luopuu tietulleista\" href=\"https:\/\/www.vuosiamaailmalla.fi\/blog\/2017\/vancouver-luopuu-tietulleista\/\">vaalilupausta<\/a> nostaa senaikainen $11.35 minimipalkka asteittain viiteentoista dollariin ja kes\u00e4kuusta l\u00e4htien uusi lukema on <strong>$15.20 dollaria<\/strong> tunnilta.<\/p>\n<p><!--more--><\/p>\n<p style=\"text-align: justify;\">Viimeisen korotuksen my\u00f6t\u00e4 minimipalkkaa my\u00f6s yhten\u00e4istet\u00e4\u00e4n eri toimialojen kesken, sill\u00e4 joillain matalapalkkaisilla aloilla, kuten ravintoloissa ja baareissa, ty\u00f6ntekij\u00f6ille maksettava minimipalkka on ollut t\u00e4h\u00e4n saakka alemmassa palkkaluokassa. Nelj\u00e4n vuoden aikana ty\u00f6ntekij\u00f6iden tuntipalkkaa onkin nyt nostettu l\u00e4hes 34%, mik\u00e4 tulee monilla tarpeen, asumisen hinnan noustua viimeisen vuosikymmenen aikana voimakkaasti <a title=\"Karannut kanadalainen unelma\" href=\"https:\/\/www.vuosiamaailmalla.fi\/blog\/2015\/karannut-kanadalainen-unelma\/\">erityisesti suurissa kaupungeissa<\/a>.<\/p>\n<p style=\"text-align: center;\"><a href=\"\/blog\/wp-content\/uploads\/2019\/five_sails_ravintola1.jpg\"><img decoding=\"async\" src=\"\/blog\/wp-content\/uploads\/2019\/five_sails_ravintola1.jpg\" \/><\/a><\/p>\n<p style=\"text-align: center;\"><em>Ravintola-alalla on tienattu minimi<\/em><\/p>\n<p style=\"text-align: justify;\">Jotta korotukset eiv\u00e4t kuitenkaan kaatuisi ravintoloitsijoiden niskaan, on hallitus alentanut pienyritysten tuloverotusta yhteens\u00e4 20% sek\u00e4 yrityksilt\u00e4 peritt\u00e4v\u00e4\u00e4 s\u00e4hk\u00f6n myyntiveroa l\u00e4hes 50%. Kohoavat palkkakustannukset kaatuvat kuitenkin lopulta asiakkaiden loppulaskussa maksettavaksi, mik\u00e4 onkin johtanut puheisiin tippauksesta luopumisesta.<\/p>\n<p style=\"text-align: justify;\">Tippausk\u00e4yt\u00e4nt\u00f6 vaihtelee hieman eri puolilla Kanadaa, mutta l\u00e4ht\u00f6kohtaisesti tippaus ei ole pakollista, mutta useissa palveluammateissa kuten ravintoloissa, hotelleissa, <a title=\"Kyytipalvelut saapuivat Vancouveriin\" href=\"https:\/\/www.vuosiamaailmalla.fi\/blog\/2020\/kyytipalvelut-saapuivat-vancouveriin\/\">taksissa<\/a> sek\u00e4 ruokal\u00e4hettien odottamaa. N\u00e4iss\u00e4 ammateissa ty\u00f6skentelee yli 400 000 britishcolumbialaista, joille tipit ovat olleet t\u00e4rke\u00e4 lis\u00e4tulon l\u00e4hde.<\/p>\n<p style=\"text-align: center;\"><a href=\"\/blog\/wp-content\/uploads\/2021\/matalapalkkaiset_alat.jpg\"><img decoding=\"async\" src=\"\/blog\/wp-content\/uploads\/2021\/matalapalkkaiset_alat.jpg\" \/><\/a><\/p>\n<p style=\"text-align: center;\"><em>Ennakkoluuloja minimipalkansaajista<\/em><\/p>\n<p style=\"text-align: justify;\">Tippausta on puolustettu perinteisesti n\u00e4ill\u00e4 aloilla ty\u00f6skentelevien alemmalla palkkatasolla, mik\u00e4 muuttuu nyt kes\u00e4kuussa voimaantulevan korotuksen my\u00f6t\u00e4. N\u00e4in ollen vanha perustelu ei ole en\u00e4\u00e4 validi ja jatkossa tippaaminen asettaa muilla palvelualoilla kuten kaupan kassalla ty\u00f6skentelev\u00e4t ep\u00e4tasa-arvoiseen asemaan. N\u00e4in ollen moni onkin nyt valmis luopumaan tippauksesta kokonaan tai ainakin v\u00e4hent\u00e4m\u00e4\u00e4n sit\u00e4.<\/p>\n<p style=\"text-align: justify;\">N\u00e4in suomalaisena tippaukseen on vuosien aikana tottunut, mutta se ei ole ollut koskaan helppo arvioitava. Yll\u00e4tyksen\u00e4 on tullut, ett\u00e4 aihe on vaikea my\u00f6s <a title=\"Uunituoreet Kanadan kansalaiset\" href=\"https:\/\/www.vuosiamaailmalla.fi\/blog\/2019\/uunituoreet-kanadan-kansalaiset\/\">normaaleille kanadalaisille<\/a>, eik\u00e4 tippauksen suuruudesta olekaan olemassa yhteisymm\u00e4rryst\u00e4. Normaalein haarukka tippaukselle on yleens\u00e4 15-20% ennen veroja olevasta palvelun hinnasta, mutta joidenkin mielest\u00e4 Amerikassa vallitseva k\u00e4yt\u00e4nt\u00f6 jopa 20-30% tipeist\u00e4 on se oikea.<\/p>\n<p style=\"text-align: center;\"><a href=\"\/blog\/wp-content\/uploads\/2021\/tippaus_kanadassa.jpg\"><img decoding=\"async\" src=\"\/blog\/wp-content\/uploads\/2021\/tippaus_kanadassa.jpg\" \/><\/a><\/p>\n<p style=\"text-align: center;\"><em>Tippaukselle ei ole yksi\u00e4 s\u00e4\u00e4nt\u00f6j\u00e4<\/em><\/p>\n<p style=\"text-align: justify;\">Itse olen pid\u00e4tt\u00e4ytynyt p\u00e4\u00e4asiassa 10-18% tipeiss\u00e4, 12% ollessa varmaankin yleisin summa. Omasta mielest\u00e4ni nyt tuleva korotus poistaakin monta syyt\u00e4 tippaukselle, joten ainakin itse tulen varmasti tasapainottamaan kohoavaa ravintolaruokailun hintaa alhaisemmalla tippauksella, kuten moni muukin aihetta kommentoinut on jo ilmoittanut tekev\u00e4ns\u00e4.<\/p>\n<p style=\"text-align: center;\"><a href=\"\/blog\/wp-content\/uploads\/2021\/minimipalkka_british_columbiassa.jpg\"><img decoding=\"async\" src=\"\/blog\/wp-content\/uploads\/2021\/minimipalkka_british_columbiassa.jpg\" \/><\/a><\/p>\n<p style=\"text-align: center;\"><em>Minimipalkka on ollut alhainen<\/em><\/p>\n<p style=\"text-align: justify;\">Muutoksen my\u00f6t\u00e4 minimitulo British Columbiassa kohoaa t\u00e4ysip\u00e4iv\u00e4isesti ty\u00f6skentelevill\u00e4 <a title=\"Verotus Kanadassa\" href=\"https:\/\/www.vuosiamaailmalla.fi\/blog\/2017\/verotus-kanadassa\/\">ennen veroja<\/a> $2635:een, jossa on korotusta nelj\u00e4n vuoden takaisesta $668 dollaria. T\u00e4m\u00e4 kaikki on verotettavaa tuloa ja vaikka tipit ovatkin kuuluneet aina ansiotulon piiriin, on niit\u00e4 j\u00e4tetty laajasti raportoimatta. N\u00e4in ollen nyt kohoava palkka johtaakin monella aiempaan suurempiin veroihin, mik\u00e4 tekeekin koko asiasta hieman ymp\u00e4ripy\u00f6re\u00e4n ja ehk\u00e4p\u00e4 lopullinen voittaja asiassa onkin verottaja.<\/p>\n","protected":false},"excerpt":{"rendered":"<p>T\u00e4\u00e4ll\u00e4 Kanadan l\u00e4nsirannikolla on viime p\u00e4ivin\u00e4 keskusteltu lounasp\u00f6ydiss\u00e4 ja radioaalloilla kes\u00e4kuun ensimm\u00e4isen\u00e4 p\u00e4iv\u00e4n\u00e4 voimaantulevasta korotuksesta British Columbiassa maksettavaan minimipalkkaan. Korotus on viimeinen osa nykyisen provinssihallituksen vuonna 2017 tekem\u00e4\u00e4 vaalilupausta nostaa senaikainen $11.35 minimipalkka asteittain viiteentoista dollariin ja kes\u00e4kuusta l\u00e4htien uusi lukema on $15.20 dollaria tunnilta.<\/p>\n","protected":false},"author":1,"featured_media":12156,"comment_status":"open","ping_status":"closed","sticky":false,"template":"","format":"standard","meta":{"_jetpack_memberships_contains_paid_content":false,"footnotes":""},"categories":[17,3],"tags":[25,34,935,155,936,491,1614,939,393],"class_list":["post-12154","post","type-post","status-publish","format-standard","has-post-thumbnail","hentry","category-arki-kanadassa","category-arki-ulkomailla","tag-ajankohtaista","tag-arki","tag-kanada","tag-kanadalainen-juttu","tag-ravintolat","tag-talous","tag-tippaus","tag-vancouver","tag-verotus"],"jetpack_featured_media_url":"https:\/\/www.vuosiamaailmalla.fi\/blog\/wp-content\/uploads\/tippaus_kanadassa_banner.jpg","jetpack_sharing_enabled":true,"_links":{"self":[{"href":"https:\/\/www.vuosiamaailmalla.fi\/blog\/wp-json\/wp\/v2\/posts\/12154","targetHints":{"allow":["GET"]}}],"collection":[{"href":"https:\/\/www.vuosiamaailmalla.fi\/blog\/wp-json\/wp\/v2\/posts"}],"about":[{"href":"https:\/\/www.vuosiamaailmalla.fi\/blog\/wp-json\/wp\/v2\/types\/post"}],"author":[{"embeddable":true,"href":"https:\/\/www.vuosiamaailmalla.fi\/blog\/wp-json\/wp\/v2\/users\/1"}],"replies":[{"embeddable":true,"href":"https:\/\/www.vuosiamaailmalla.fi\/blog\/wp-json\/wp\/v2\/comments?post=12154"}],"version-history":[{"count":2,"href":"https:\/\/www.vuosiamaailmalla.fi\/blog\/wp-json\/wp\/v2\/posts\/12154\/revisions"}],"predecessor-version":[{"id":12157,"href":"https:\/\/www.vuosiamaailmalla.fi\/blog\/wp-json\/wp\/v2\/posts\/12154\/revisions\/12157"}],"wp:featuredmedia":[{"embeddable":true,"href":"https:\/\/www.vuosiamaailmalla.fi\/blog\/wp-json\/wp\/v2\/media\/12156"}],"wp:attachment":[{"href":"https:\/\/www.vuosiamaailmalla.fi\/blog\/wp-json\/wp\/v2\/media?parent=12154"}],"wp:term":[{"taxonomy":"category","embeddable":true,"href":"https:\/\/www.vuosiamaailmalla.fi\/blog\/wp-json\/wp\/v2\/categories?post=12154"},{"taxonomy":"post_tag","embeddable":true,"href":"https:\/\/www.vuosiamaailmalla.fi\/blog\/wp-json\/wp\/v2\/tags?post=12154"}],"curies":[{"name":"wp","href":"https:\/\/api.w.org\/{rel}","templated":true}]}}