{"id":12163,"date":"2021-04-20T20:14:59","date_gmt":"2021-04-21T03:14:59","guid":{"rendered":"https:\/\/www.vuosiamaailmalla.fi\/blog\/?p=12163"},"modified":"2024-03-29T13:41:43","modified_gmt":"2024-03-29T20:41:43","slug":"kevatpiknikilla-esikaupungeissa","status":"publish","type":"post","link":"https:\/\/www.vuosiamaailmalla.fi\/blog\/2021\/kevatpiknikilla-esikaupungeissa\/","title":{"rendered":"Kev\u00e4tpiknikill\u00e4 esikaupungeissa"},"content":{"rendered":"<p style=\"text-align: justify;\">Vancouveria l\u00e4hes kaksi viikkoa hellinyt <a title=\"Kev\u00e4\u00e4n l\u00e4mp\u00f6\u00e4\" href=\"https:\/\/www.vuosiamaailmalla.fi\/blog\/2021\/kevaan-lampoa\/\">l\u00e4mmin kev\u00e4tjakso<\/a> on saanut elohopean nousemaan useina p\u00e4ivin\u00e4 yli +20 asteen. Pilvett\u00f6m\u00e4lt\u00e4 taivaalta porottava aurinko saikin viime viikon tuntumaan t\u00e4ysin kes\u00e4iselt\u00e4 ja l\u00e4mp\u00f6aallon my\u00f6t\u00e4 puihin saatiin my\u00f6s t\u00e4m\u00e4n kes\u00e4n tuoreet lehdet.<\/p>\n<p style=\"text-align: justify;\">Hyv\u00e4n kelin innostamina olemmekin ulkoilleet viime p\u00e4ivin\u00e4 paljon ja k\u00e4yneet ihastelemassa luonnon kukintaa monin paikoin. Viikonloppuna k\u00e4ytett\u00e4viss\u00e4 oli arki-iltoja enemm\u00e4n aikaa, joten l\u00e4hdimme lauantaina piknikille tuttuja maisemia edemm\u00e4s. Ajoimme <a title=\"Kriisi Kanadan rajoilla\" href=\"https:\/\/www.vuosiamaailmalla.fi\/blog\/2017\/kriisi-kanadan-rajoilla\/\">Yhdysvaltojen rajan pintaan<\/a> Langleyhin, jonka etel\u00e4isin taajama on Aldergrove. Paikkakunta on tuttu yhdest\u00e4 yhteens\u00e4 nelj\u00e4st\u00e4 <a title=\"Rajashoppailussa enn\u00e4tyslukemat\" href=\"https:\/\/www.vuosiamaailmalla.fi\/blog\/2012\/rajashoppailussa-ennatyslukemat\/\">rajanylityspaikasta<\/a> sek\u00e4 Vancouverin el\u00e4intarhan sijaintipaikkana.<\/p>\n<p><!--more--><\/p>\n<p style=\"text-align: center;\"><a href=\"\/blog\/wp-content\/uploads\/2021\/aldergrove_regional_park_kartta.jpg\"><img decoding=\"async\" src=\"\/blog\/wp-content\/uploads\/2021\/aldergrove_regional_park_kartta.jpg\" \/><\/a><\/p>\n<p style=\"text-align: center;\"><em>Puisto rajan pinnassa<\/em><\/p>\n<p style=\"text-align: justify;\">Noin 50 kilometri\u00e4 meilt\u00e4 kaakkoon sijaitseva Aldergrove on j\u00e4\u00e4nyt meille hieman tuntemattomaksi ja niinp\u00e4 olikin hauska viett\u00e4\u00e4 kaunis kev\u00e4tp\u00e4iv\u00e4 <em>Aldergrove Regional Parkissa<\/em>. T\u00e4m\u00e4 sangen kookas puisto on kumpuilevaa lehtimets\u00e4\u00e4 ja oli erityisen mukavaa ettei paikalla ollut l\u00e4hemp\u00e4n\u00e4 kaupunkia alati olevia ihmismassoja.<\/p>\n<p style=\"text-align: center;\"><a href=\"\/blog\/wp-content\/uploads\/2021\/aldergrove_regional_park1.jpg\"><img decoding=\"async\" src=\"\/blog\/wp-content\/uploads\/2021\/thumbs\/thumbs_aldergrove_regional_park1.jpg\" \/><\/a><a href=\"\/blog\/wp-content\/uploads\/2021\/aldergrove_regional_park2.jpg\"><img decoding=\"async\" src=\"\/blog\/wp-content\/uploads\/2021\/thumbs\/thumbs_aldergrove_regional_park2.jpg\" \/><\/a><a href=\"\/blog\/wp-content\/uploads\/2021\/aldergrove_regional_park3.jpg\"><img decoding=\"async\" src=\"\/blog\/wp-content\/uploads\/2021\/thumbs\/thumbs_aldergrove_regional_park3.jpg\" \/><\/a><\/p>\n<p style=\"text-align: center;\"><em>Vihert\u00e4v\u00e4 puisto<\/em><\/p>\n<p style=\"text-align: center;\"><a href=\"\/blog\/wp-content\/uploads\/2021\/aldergrove_regional_park5.jpg\"><img decoding=\"async\" src=\"\/blog\/wp-content\/uploads\/2021\/thumbs\/thumbs_aldergrove_regional_park5.jpg\" \/><\/a><a href=\"\/blog\/wp-content\/uploads\/2021\/aldergrove_regional_park6.jpg\"><img decoding=\"async\" src=\"\/blog\/wp-content\/uploads\/2021\/thumbs\/thumbs_aldergrove_regional_park6.jpg\" \/><\/a><\/p>\n<p style=\"text-align: center;\"><em>J\u00e4\u00e4kauden j\u00e4\u00e4nteit\u00e4<\/em><\/p>\n<p style=\"text-align: justify;\">Piknikille saapui my\u00f6s suomalainen yst\u00e4v\u00e4pariskuntamme, jonka kanssa nautimme ev\u00e4\u00e4t puiston piknikalueella k\u00e4vely\u00e4 puistossa. Maasto on j\u00e4\u00e4kauden muovaamaa, mist\u00e4 muistuttaa puiston it\u00e4laidalla yksin\u00e4\u00e4n j\u00f6k\u00f6tt\u00e4v\u00e4 suuri siirtolohkare. Alueella toimi my\u00f6s aikoinaan sorakuoppa, joka on maisemoitu sittemmin vihre\u00e4ll\u00e4 nurmikolla. Kuopan harjanteelta aukeavat upeat maisemat it\u00e4puolen vuorille, kaikkein komeimpana aina valkohuippuinen <a title=\"P\u00e4iv\u00e4retki Mount Bakerille\" href=\"https:\/\/www.vuosiamaailmalla.fi\/blog\/2014\/paivaretki-mount-bakerille\/\">Mount Baker<\/a>.<\/p>\n<p style=\"text-align: center;\"><a href=\"\/blog\/wp-content\/uploads\/2021\/aldergrove_regional_park_maisema1.jpg\"><img decoding=\"async\" src=\"\/blog\/wp-content\/uploads\/2021\/thumbs\/thumbs_aldergrove_regional_park_maisema1.jpg\" \/><\/a><a href=\"\/blog\/wp-content\/uploads\/2021\/aldergrove_regional_park_maisema2.jpg\"><img decoding=\"async\" src=\"\/blog\/wp-content\/uploads\/2021\/thumbs\/thumbs_aldergrove_regional_park_maisema2.jpg\" \/><\/a><a href=\"\/blog\/wp-content\/uploads\/2021\/aldergrove_regional_park_maisema3.jpg\"><img decoding=\"async\" src=\"\/blog\/wp-content\/uploads\/2021\/thumbs\/thumbs_aldergrove_regional_park_maisema3.jpg\" \/><\/a><\/p>\n<p style=\"text-align: center;\"><em>Entisen hiekkakuopan reunalla<\/em><\/p>\n<p style=\"text-align: center;\"><a href=\"\/blog\/wp-content\/uploads\/2021\/aldergrove_regional_park4.jpg\"><img decoding=\"async\" src=\"\/blog\/wp-content\/uploads\/2021\/thumbs\/thumbs_aldergrove_regional_park4.jpg\" \/><\/a><a href=\"\/blog\/wp-content\/uploads\/2021\/aldergrove_regional_park_maisema4.jpg\"><img decoding=\"async\" src=\"\/blog\/wp-content\/uploads\/2021\/thumbs\/thumbs_aldergrove_regional_park_maisema4.jpg\" \/><\/a><\/p>\n<p style=\"text-align: center;\"><em>Lumihuiput et\u00e4\u00e4ll\u00e4<\/em><\/p>\n<p style=\"text-align: justify;\">Lauantai oli todella l\u00e4mmin p\u00e4iv\u00e4 ja automme mittari n\u00e4yttikin puistosta l\u00e4hdett\u00e4ess\u00e4 +26 asteen l\u00e4mp\u00f6tilaa eli <a title=\"Kaikkien aikojen enn\u00e4tyshelle\" href=\"https:\/\/www.vuosiamaailmalla.fi\/blog\/2021\/kaikkien-aikojen-ennatyshelle\/\">virallisesti hellelukemaa<\/a>. Matkassa olisikin ollut hyv\u00e4 olla enemm\u00e4n vett\u00e4, sill\u00e4 noin viiden kilometrin k\u00e4velykierros oli t\u00e4ss\u00e4 keliss\u00e4 hieman raskas, helposta maastosta huolimatta.<\/p>\n<p style=\"text-align: center;\"><a href=\"\/blog\/wp-content\/uploads\/2021\/como_lake_piknik1.jpg\"><img decoding=\"async\" src=\"\/blog\/wp-content\/uploads\/2021\/como_lake_piknik1.jpg\" \/><\/a><\/p>\n<p style=\"text-align: center;\"><em>Sunnuntaipiknikill\u00e4<\/em><\/p>\n<p style=\"text-align: center;\"><a href=\"\/blog\/wp-content\/uploads\/2021\/como_laken_ymparystaa2.jpg\"><img decoding=\"async\" src=\"\/blog\/wp-content\/uploads\/2021\/thumbs\/thumbs_como_laken_ymparystaa2.jpg\" \/><\/a><a href=\"\/blog\/wp-content\/uploads\/2021\/como_laken_ymparystaa5.jpg\"><img decoding=\"async\" src=\"\/blog\/wp-content\/uploads\/2021\/thumbs\/thumbs_como_laken_ymparystaa5.jpg\" \/><\/a><a href=\"\/blog\/wp-content\/uploads\/2021\/como_laken_ymparystaa7.jpg\"><img decoding=\"async\" src=\"\/blog\/wp-content\/uploads\/2021\/thumbs\/thumbs_como_laken_ymparystaa7.jpg\" \/><\/a><\/p>\n<p style=\"text-align: center;\"><em>Kev\u00e4isen Como Laken ymp\u00e4ryst\u00e4\u00e4<\/em><\/p>\n<p style=\"text-align: justify;\">Koska keli jatkui yht\u00e4 upeana my\u00f6s sunnuntaina, l\u00e4hdimme nyt kaksistaan viikonlopun toiselle piknikille. Matkalla pys\u00e4hdyimme <a title=\"Burnaby rakentaa metropolia\" href=\"https:\/\/www.vuosiamaailmalla.fi\/blog\/2017\/city-of-lougheed-ja-southcity\/\">Lougheedin<\/a> <em>Red Robinissa<\/em>, josta mukaan l\u00e4htiv\u00e4t herkulliset burgerit, jotka s\u00f6imme l\u00e4heisen Como Lake rannalla. Coquitlamissa sijaitseva pieni j\u00e4rvi on sivussa p\u00e4\u00e4teilt\u00e4, mink\u00e4 vuoksi l\u00f6ysimmekin sen vasta viime kes\u00e4n\u00e4 sattumalta alueella ajaessamme. Palasimmekin nyt paikalle paremmalla ajalla ja ilahduttavasti t\u00e4\u00e4ll\u00e4k\u00e4\u00e4n ei ollut valtavasti ihmisi\u00e4, vaikka oltiinkin keskell\u00e4 esikaupunkia.<\/p>\n<p style=\"text-align: center;\"><a href=\"\/blog\/wp-content\/uploads\/2021\/como_laken_ymparystaa1.jpg\"><img decoding=\"async\" src=\"\/blog\/wp-content\/uploads\/2021\/thumbs\/thumbs_como_laken_ymparystaa1.jpg\" \/><\/a><a href=\"\/blog\/wp-content\/uploads\/2021\/como_laken_ymparystaa4.jpg\"><img decoding=\"async\" src=\"\/blog\/wp-content\/uploads\/2021\/thumbs\/thumbs_como_laken_ymparystaa4.jpg\" \/><\/a><a href=\"\/blog\/wp-content\/uploads\/2021\/como_laken_ymparystaa6.jpg\"><img decoding=\"async\" src=\"\/blog\/wp-content\/uploads\/2021\/thumbs\/thumbs_como_laken_ymparystaa6.jpg\" \/><\/a><\/p>\n<p style=\"text-align: center;\"><em>Kalan narrausta\u00a0<\/em><\/p>\n<p style=\"text-align: center;\"><a href=\"\/blog\/wp-content\/uploads\/2021\/coquitlam_como_lake1.jpg\"><img decoding=\"async\" src=\"\/blog\/wp-content\/uploads\/2021\/coquitlam_como_lake1_pieni.jpg\" \/><\/a><\/p>\n<p style=\"text-align: center;\"><em>Kaunis esikaupunkimaisema<\/em><\/p>\n<p style=\"text-align: justify;\">K\u00e4vely j\u00e4rven ymp\u00e4ri on ainoastaan kilometrin pituinen, mutta maisemat sit\u00e4kin upeammat. J\u00e4rvell\u00e4 ei ole uimarantaa, mutta siihen on istutettu kalaa ja se on siksi paikallisten kalastajien suosiossa.<\/p>\n<p style=\"text-align: justify;\">Ymp\u00e4r\u00f6ivill\u00e4 nurmialueilla onkin hauska istua hetkinen ja vain katsella ihmisi\u00e4.\u00a0Kev\u00e4tkukat ovat juuri nyt parhaimmillaan ja ihastelimmekin pienen puiston <a title=\"Kev\u00e4\u00e4n ensi kukkasia\" href=\"https:\/\/www.vuosiamaailmalla.fi\/blog\/2013\/kevaan-ensi-kukkasia\/\">v\u00e4rikk\u00e4it\u00e4 istutuksia<\/a> taustallaan valkoiset lumihuiput.<\/p>\n<p style=\"text-align: center;\"><a href=\"\/blog\/wp-content\/uploads\/2021\/como_laken_ymparystaa3.jpg\"><img decoding=\"async\" src=\"\/blog\/wp-content\/uploads\/2021\/thumbs\/thumbs_como_laken_ymparystaa3.jpg\" \/><\/a><a href=\"\/blog\/wp-content\/uploads\/2021\/como_laken_ymparystaa8.jpg\"><img decoding=\"async\" src=\"\/blog\/wp-content\/uploads\/2021\/thumbs\/thumbs_como_laken_ymparystaa8.jpg\" \/><\/a><a href=\"\/blog\/wp-content\/uploads\/2021\/kavely_mundy_parkissa1.jpg\"><img decoding=\"async\" src=\"\/blog\/wp-content\/uploads\/2021\/thumbs\/thumbs_kavely_mundy_parkissa1.jpg\" \/><\/a><\/p>\n<p style=\"text-align: center;\"><em>Kev\u00e4\u00e4n v\u00e4riloistoa<\/em><\/p>\n<p style=\"text-align: justify;\">Koska olimme Coquitlamissa, p\u00e4\u00e4timme piipahtaa viel\u00e4 l\u00e4heisess\u00e4 <em>Mundy Parkissa<\/em>, joka on suuri mets\u00e4puisto. L\u00f6ysimme my\u00f6s sen vasta viime kes\u00e4n\u00e4 ja tutkimme t\u00e4ll\u00e4 kertaa viime kerralla n\u00e4kem\u00e4tt\u00e4 j\u00e4\u00e4nytt\u00e4 puiston l\u00e4nsilaitaa. Korkeiden puiden varjostamassa puistossa oli Como Lakea viile\u00e4mp\u00e4\u00e4, mutta juuri t\u00e4t\u00e4 ihmiset olivat saapuneet sinne etsim\u00e4\u00e4n. Puisto on kuitenkin sen verran suuri, ettei siell\u00e4k\u00e4\u00e4n ollut ruuhkaista, joten onnistuimmekin v\u00e4ltt\u00e4m\u00e4\u00e4n viikonlopun suuret v\u00e4kijoukot.<\/p>\n<p style=\"text-align: center;\"><a href=\"\/blog\/wp-content\/uploads\/2021\/kavely_mundy_parkissa2.jpg\"><img decoding=\"async\" src=\"\/blog\/wp-content\/uploads\/2021\/thumbs\/thumbs_kavely_mundy_parkissa2.jpg\" \/><\/a><a href=\"\/blog\/wp-content\/uploads\/2021\/kavely_mundy_parkissa3.jpg\"><img decoding=\"async\" src=\"\/blog\/wp-content\/uploads\/2021\/thumbs\/thumbs_kavely_mundy_parkissa3.jpg\" \/><\/a><\/p>\n<p style=\"text-align: center;\"><em>Varjoisa Mundy Park<\/em><\/p>\n<p style=\"text-align: justify;\">Ulkoilupainotteisen viikonlopun j\u00e4ljilt\u00e4 olikin pieni\u00e4 vaikeuksia palata maanantaina ty\u00f6n \u00e4\u00e4relle, sill\u00e4 ulkona on edelleen kaunista aina torstaihin saakka, jolloin kaksiviikkoiseksi ven\u00e4ht\u00e4nyt upea kev\u00e4tjakso viimein p\u00e4\u00e4ttyy. Pieni sadejakso tekee kuitenkin hyv\u00e4\u00e4 ja aurinkoa n\u00e4hd\u00e4\u00e4n varmasti taas pian uudestaan.<\/p>\n","protected":false},"excerpt":{"rendered":"<p>Vancouveria l\u00e4hes kaksi viikkoa hellinyt l\u00e4mmin kev\u00e4tjakso on saanut elohopean nousemaan useina p\u00e4ivin\u00e4 yli +20 asteen. Pilvett\u00f6m\u00e4lt\u00e4 taivaalta porottava aurinko saikin viime viikon tuntumaan t\u00e4ysin kes\u00e4iselt\u00e4 ja l\u00e4mp\u00f6aallon my\u00f6t\u00e4 puihin saatiin my\u00f6s t\u00e4m\u00e4n kes\u00e4n tuoreet lehdet. Hyv\u00e4n kelin innostamina olemmekin ulkoilleet viime p\u00e4ivin\u00e4 paljon ja k\u00e4yneet ihastelemassa luonnon kukintaa monin paikoin. Viikonloppuna k\u00e4ytett\u00e4viss\u00e4 oli arki-iltoja &hellip; <a href=\"https:\/\/www.vuosiamaailmalla.fi\/blog\/2021\/kevatpiknikilla-esikaupungeissa\/\" class=\"more-link\">Jatka lukemista<span class=\"screen-reader-text\"> &#8221;Kev\u00e4tpiknikill\u00e4 esikaupungeissa&#8221;<\/span><\/a><\/p>\n","protected":false},"author":1,"featured_media":12164,"comment_status":"open","ping_status":"closed","sticky":false,"template":"","format":"standard","meta":{"_jetpack_memberships_contains_paid_content":false,"footnotes":""},"categories":[17,3,777,774],"tags":[1616,1617,34,1619,88,935,160,572,1618],"class_list":["post-12163","post","type-post","status-publish","format-standard","has-post-thumbnail","hentry","category-arki-kanadassa","category-arki-ulkomailla","category-kavely","category-ulkoilu","tag-aldergrove","tag-aldergrove-regional-park","tag-arki","tag-como-lake","tag-coquitlam","tag-kanada","tag-kevat","tag-langley","tag-mundy-park"],"jetpack_featured_media_url":"https:\/\/www.vuosiamaailmalla.fi\/blog\/wp-content\/uploads\/coquitlam_como_lake_banner.jpg","jetpack_sharing_enabled":true,"_links":{"self":[{"href":"https:\/\/www.vuosiamaailmalla.fi\/blog\/wp-json\/wp\/v2\/posts\/12163","targetHints":{"allow":["GET"]}}],"collection":[{"href":"https:\/\/www.vuosiamaailmalla.fi\/blog\/wp-json\/wp\/v2\/posts"}],"about":[{"href":"https:\/\/www.vuosiamaailmalla.fi\/blog\/wp-json\/wp\/v2\/types\/post"}],"author":[{"embeddable":true,"href":"https:\/\/www.vuosiamaailmalla.fi\/blog\/wp-json\/wp\/v2\/users\/1"}],"replies":[{"embeddable":true,"href":"https:\/\/www.vuosiamaailmalla.fi\/blog\/wp-json\/wp\/v2\/comments?post=12163"}],"version-history":[{"count":6,"href":"https:\/\/www.vuosiamaailmalla.fi\/blog\/wp-json\/wp\/v2\/posts\/12163\/revisions"}],"predecessor-version":[{"id":12299,"href":"https:\/\/www.vuosiamaailmalla.fi\/blog\/wp-json\/wp\/v2\/posts\/12163\/revisions\/12299"}],"wp:featuredmedia":[{"embeddable":true,"href":"https:\/\/www.vuosiamaailmalla.fi\/blog\/wp-json\/wp\/v2\/media\/12164"}],"wp:attachment":[{"href":"https:\/\/www.vuosiamaailmalla.fi\/blog\/wp-json\/wp\/v2\/media?parent=12163"}],"wp:term":[{"taxonomy":"category","embeddable":true,"href":"https:\/\/www.vuosiamaailmalla.fi\/blog\/wp-json\/wp\/v2\/categories?post=12163"},{"taxonomy":"post_tag","embeddable":true,"href":"https:\/\/www.vuosiamaailmalla.fi\/blog\/wp-json\/wp\/v2\/tags?post=12163"}],"curies":[{"name":"wp","href":"https:\/\/api.w.org\/{rel}","templated":true}]}}