{"id":12188,"date":"2021-05-08T16:27:35","date_gmt":"2021-05-08T23:27:35","guid":{"rendered":"https:\/\/www.vuosiamaailmalla.fi\/blog\/?p=12188"},"modified":"2026-01-19T23:09:09","modified_gmt":"2026-01-20T07:09:09","slug":"iloisia-perheuutisia","status":"publish","type":"post","link":"https:\/\/www.vuosiamaailmalla.fi\/blog\/2021\/iloisia-perheuutisia\/","title":{"rendered":"Iloisia perheuutisia!"},"content":{"rendered":"<p style=\"text-align: justify;\">Vuosi 2021 tulee j\u00e4\u00e4m\u00e4\u00e4n historiankirjoihin uutena alkuna maailmaa kurittaneen <a title=\"K\u00e4sist\u00e4 karannut korona\" href=\"https:\/\/www.vuosiamaailmalla.fi\/blog\/2020\/kasista-karannut-korona\/\">rankan koronaepidemian<\/a> j\u00e4lkeen. Vuosi tulee kuitenkin olemaan my\u00f6s minulle ja Niinalle ikimuistoinen uuden el\u00e4m\u00e4n alkupisteen\u00e4, sill\u00e4 hein\u00e4kuussa meille <a title=\"Uuden el\u00e4m\u00e4n alku\" href=\"https:\/\/www.vuosiamaailmalla.fi\/blog\/2021\/uuden-elaman-alku\/\">syntyy pieni tytt\u00f6lapsi<\/a>!!<\/p>\n<p><!--more--><\/p>\n<p style=\"text-align: justify;\">Mennyt talvi ja sit\u00e4 seurannut <a title=\"Kev\u00e4\u00e4n l\u00e4mp\u00f6\u00e4\" href=\"https:\/\/www.vuosiamaailmalla.fi\/blog\/2021\/kevaan-lampoa\/\">aurinkoinen kev\u00e4t<\/a> ovat menneet tulevaan valmistautuessa, sill\u00e4 edess\u00e4 on iso, mutta eritt\u00e4in iloinen el\u00e4m\u00e4nmuutos. Saimme tiet\u00e4\u00e4 vauvasta jo marraskuussa, mutta <a title=\"Joulu pandemian keskell\u00e4\" href=\"https:\/\/www.vuosiamaailmalla.fi\/blog\/2020\/joulu-pandemian-keskella\/\">mennyt joulu<\/a> oli viel\u00e4 liian varhainen hetki aikaa kertoa uutisesta kenellek\u00e4\u00e4n. Sen aika koitti viimein tammikuussa ja siit\u00e4 l\u00e4htien olemme hiljalleen laajentaneet asiasta tiet\u00e4vien ryhm\u00e4\u00e4, kunnes nyt on viimein aika p\u00e4ivitt\u00e4\u00e4 t\u00e4m\u00e4 iloinen uutinen aivan kaikkien tiedoksi!<\/p>\n<p style=\"text-align: center;\"><a href=\"\/blog\/wp-content\/uploads\/2021\/raskaustikku.jpg\"><img decoding=\"async\" src=\"\/blog\/wp-content\/uploads\/2021\/raskaustikku.jpg\" \/><\/a><\/p>\n<p style=\"text-align: center;\"><em>Iloinen hetki<\/em><\/p>\n<p style=\"text-align: justify;\">Tulossa on melkoinen mullistus arkeemme ja olemmekin viime kuukausien aikana oppineet ymm\u00e4rt\u00e4m\u00e4\u00e4n mit\u00e4 kaikkea lapsen tuloon liittyy. Meille uutta tietoa on jo pelk\u00e4st\u00e4\u00e4n <a title=\"Raskausaika Kanadassa\" href=\"https:\/\/www.vuosiamaailmalla.fi\/blog\/2021\/raskausaika-kanadassa\/\">mit\u00e4 raskauteen kuuluu<\/a>, miten lapsen syntym\u00e4\u00e4n on syyt\u00e4 valmistautua ja mit\u00e4 hankintoja sek\u00e4 j\u00e4rjestelyit\u00e4 vanhempien on hyv\u00e4 tehd\u00e4 ennen vauvan tuloa.<\/p>\n<p style=\"text-align: justify;\">Isoja ja pitk\u00e4lle tulevaisuuteen ulottuvia p\u00e4\u00e4t\u00f6ksi\u00e4 onkin teht\u00e4v\u00e4 yll\u00e4tt\u00e4v\u00e4n nopeasti, kuten millaisen <a title=\"\u00c4itiysvapaan korkea hinta\" href=\"https:\/\/www.vuosiamaailmalla.fi\/blog\/2026\/vanhempainvapaan-loppu\/\">\u00e4itiysvapaan sek\u00e4 isyysvapaan<\/a> haluamme viett\u00e4\u00e4, ja milt\u00e4 t\u00f6ihin paluu tulee aikanaan n\u00e4ytt\u00e4m\u00e4\u00e4n. Mietitt\u00e4v\u00e4 on jopa p\u00e4iv\u00e4hoitoa, siit\u00e4kin huolimatta, ett\u00e4 se tulee olemaan ajankohtaista vasta puolentoista vuoden kuluttua!<\/p>\n<p style=\"text-align: center;\"><a href=\"\/blog\/wp-content\/uploads\/2021\/ultrakuvia1.jpg\"><img decoding=\"async\" src=\"\/blog\/wp-content\/uploads\/2021\/ultrakuvia1.jpg\" \/><\/a><\/p>\n<p style=\"text-align: center;\"><em>Vauva tuloillaan<\/em><\/p>\n<p style=\"text-align: center;\"><a href=\"\/blog\/wp-content\/uploads\/2021\/ultrakuvia2.jpg\"><img decoding=\"async\" src=\"\/blog\/wp-content\/uploads\/2021\/thumbs\/thumbs_ultrakuvia2.jpg\" \/><\/a><a href=\"\/blog\/wp-content\/uploads\/2021\/ultrakuvia3.jpg\"><img decoding=\"async\" src=\"\/blog\/wp-content\/uploads\/2021\/thumbs\/thumbs_ultrakuvia3.jpg\" \/><\/a><a href=\"\/blog\/wp-content\/uploads\/2021\/ultrakuvia4.jpg\"><img decoding=\"async\" src=\"\/blog\/wp-content\/uploads\/2021\/thumbs\/thumbs_ultrakuvia4.jpg\" \/><\/a><\/p>\n<p style=\"text-align: center;\"><em>Tuleva \u00e4iti<\/em><\/p>\n<p style=\"text-align: justify;\">Kaikkein t\u00e4rkeint\u00e4 on tietenkin, ett\u00e4 \u00e4iti ja vauva voivat hyvin ja raskaus onkin edennyt eritt\u00e4in hyvin. El\u00e4mme paraikaa 30. raskausviikkoa ja kaikki t\u00e4rke\u00e4t indikaattorit n\u00e4ytt\u00e4v\u00e4t vihre\u00e4\u00e4 samalla, kun molempien tilaa tarkkaillaan s\u00e4\u00e4nn\u00f6llisill\u00e4 neuvolak\u00e4ynneill\u00e4. Ensi viikolla alkavassa synnytysvalmennuksessa meid\u00e4t ensikertalaiset my\u00f6s p\u00e4ivitet\u00e4\u00e4n ajan tasalle siit\u00e4, mit\u00e4 kaikkea raskauden kahteen viimeiseen kuukauteen sek\u00e4 <a title=\"Kriittiset ensip\u00e4iv\u00e4t teho-osastolla\" href=\"https:\/\/www.vuosiamaailmalla.fi\/blog\/2021\/kriittiset-ensipaivat-teho-osastolla\/\">lapsen ensimm\u00e4isiin hetkiin<\/a> tuleekaan liittym\u00e4\u00e4n.<\/p>\n<p style=\"text-align: center;\"><a href=\"\/blog\/wp-content\/uploads\/2021\/vauvauutisia3.jpg\"><img decoding=\"async\" src=\"\/blog\/wp-content\/uploads\/2021\/thumbs\/thumbs_vauvauutisia3.jpg\" \/><\/a><a href=\"\/blog\/wp-content\/uploads\/2021\/vauvauutisia4.jpg\"><img decoding=\"async\" src=\"\/blog\/wp-content\/uploads\/2021\/thumbs\/thumbs_vauvauutisia4.jpg\" \/><\/a><\/p>\n<p style=\"text-align: center;\"><em>Ulkoilu auttaa jaksamaan<\/em><\/p>\n<p style=\"text-align: justify;\">Vauvan saapumiseen liittyy valtavasti k\u00e4yt\u00e4nn\u00f6nj\u00e4rjestelyj\u00e4 ja hankintoja, joita olemmekin tehneet <a title=\"Valmiina vauvan tuloon\" href=\"https:\/\/www.vuosiamaailmalla.fi\/blog\/2021\/valmiina-vauvan-tuloon\/\">jo hyviss\u00e4 ajoin<\/a>. Kaikki akuutisti tarvittava alkaakin jo l\u00f6yty\u00e4 ja ainoastaan osa hankinnoista on tehty uutena, sill\u00e4 k\u00e4ytettyn\u00e4 l\u00f6ytyy todella kuranttia tavaraa. Kotimme onkin alkanut hiljalleen n\u00e4ytt\u00e4m\u00e4\u00e4n silt\u00e4, ett\u00e4 tulossa on tosiaan uusi asukas, kun vauvanvaatteet, s\u00e4nky sek\u00e4 rattaat ovat ilmestyneet maisemaan.<\/p>\n<p style=\"text-align: center;\"><a href=\"\/blog\/wp-content\/uploads\/2021\/vauvaostoksilla2.jpg\"><img decoding=\"async\" src=\"\/blog\/wp-content\/uploads\/2021\/thumbs\/thumbs_vauvaostoksilla2.jpg\" \/><\/a><a href=\"\/blog\/wp-content\/uploads\/2021\/vauvaostoksilla1.jpg\"><img decoding=\"async\" src=\"\/blog\/wp-content\/uploads\/2021\/thumbs\/thumbs_vauvaostoksilla1.jpg\" \/><\/a><\/p>\n<p style=\"text-align: center;\"><em>Uuden tyyppisill\u00e4 ostoksilla<\/em><\/p>\n<p style=\"text-align: justify;\">Vaikka tykk\u00e4\u00e4nkin kirjoittaa el\u00e4m\u00e4st\u00e4mme t\u00e4\u00e4ll\u00e4 blogissani, tulee uudesta perheenj\u00e4senest\u00e4mme astetta privaatimpi asia. Suunnitelmissani on kyll\u00e4 kirjoittaa kanadalaisesta <a href=\"https:\/\/www.vuosiamaailmalla.fi\/blog\/category\/arki-ulkomailla\/perhe-kanadassa\/\">perhe-el\u00e4m\u00e4st\u00e4 ja arjesta<\/a>, mutta tulen rajaamaan aihetta hieman yleisemm\u00e4lle tasolle. Blogini suunta tulee muuten jatkumaan nykyisen kaltaisena ja pyrin kirjoittamaan sit\u00e4 jatkossakin uuden arkemme salliman ajan puitteissa.<\/p>\n<p style=\"text-align: center;\"><a href=\"\/blog\/wp-content\/uploads\/2021\/vauvauutisia1.jpg\"><img decoding=\"async\" src=\"\/blog\/wp-content\/uploads\/2021\/thumbs\/thumbs_vauvauutisia1.jpg\" \/><\/a><\/p>\n<p style=\"text-align: center;\"><em>Tulossa erilainen kes\u00e4<\/em><\/p>\n<p style=\"text-align: justify;\">Suunnitelmamme on Niinan aloittaa hein\u00e4kuussa vuoden mittainen \u00e4itiysloma. Itse otan vapaaksi kolme viikkoa syntym\u00e4n ymp\u00e4rill\u00e4 sek\u00e4 koko joulukuun. Tuolloin pyrimme lent\u00e4m\u00e4\u00e4n Suomeen n\u00e4kem\u00e4\u00e4n perheit\u00e4mme <a title=\"Pitk\u00e4ll\u00e4 kes\u00e4lomalla Suomessa\" href=\"https:\/\/www.vuosiamaailmalla.fi\/blog\/2022\/pitkalla-kesalomalla-suomessa\/\">kahden vuoden j\u00e4lkeen<\/a> sek\u00e4 p\u00e4\u00e4st\u00e4 esittelem\u00e4\u00e4n suvun uusin tulokas ja samalla <a title=\"Uunituoreet Kanadan kansalaiset\" href=\"https:\/\/www.vuosiamaailmalla.fi\/blog\/2019\/uunituoreet-kanadan-kansalaiset\/\">kolmas kanadalainen<\/a>.<\/p>\n<p style=\"text-align: justify;\">Tiedossa onkin unohtumaton vuosi ja ilmassa on aidosti uuden alun tuntua niin <a title=\"Kev\u00e4tpiknikill\u00e4 esikaupungeissa\" href=\"https:\/\/www.vuosiamaailmalla.fi\/blog\/2021\/kevatpiknikilla-esikaupungeissa\/\">kauniin kev\u00e4\u00e4n keskell\u00e4<\/a>, <a title=\"Puolet v\u00e4est\u00f6st\u00e4 rokotettu\" href=\"https:\/\/www.vuosiamaailmalla.fi\/blog\/2021\/puolet-vaestosta-rokotettu\/\">rokotusten edetess\u00e4<\/a> kuin haikaran saapuessa. Onkin hauska p\u00e4\u00e4st\u00e4 kertomaan uutisesta julkisesti juuri n\u00e4in <strong>\u00e4itienp\u00e4iv\u00e4n\u00e4<\/strong>, jota vietet\u00e4\u00e4n jatkossa meid\u00e4nkin taloudessa.<\/p>\n<p style=\"text-align: justify;\">Kiitos kaikista l\u00e4mpimist\u00e4 ajatuksista ja hyv\u00e4\u00e4 \u00e4itienp\u00e4iv\u00e4\u00e4!<\/p>\n<p style=\"text-align: center;\"><a href=\"\/blog\/wp-content\/uploads\/2021\/vauvauutisia2.jpg\"><img decoding=\"async\" src=\"\/blog\/wp-content\/uploads\/2021\/vauvauutisia2.jpg\" \/><\/a><\/p>\n<p style=\"text-align: center;\"><em>Tulevat vanhemmat<\/em><\/p>\n","protected":false},"excerpt":{"rendered":"<p>Vuosi 2021 tulee j\u00e4\u00e4m\u00e4\u00e4n historiankirjoihin uutena alkuna maailmaa kurittaneen rankan koronaepidemian j\u00e4lkeen. Vuosi tulee kuitenkin olemaan my\u00f6s minulle ja Niinalle ikimuistoinen uuden el\u00e4m\u00e4n alkupisteen\u00e4, sill\u00e4 hein\u00e4kuussa meille syntyy pieni tytt\u00f6lapsi!!<\/p>\n","protected":false},"author":1,"featured_media":12193,"comment_status":"open","ping_status":"closed","sticky":false,"template":"","format":"standard","meta":{"_jetpack_memberships_contains_paid_content":false,"footnotes":""},"categories":[3,226,1621],"tags":[25,34,935,1622],"class_list":["post-12188","post","type-post","status-publish","format-standard","has-post-thumbnail","hentry","category-arki-ulkomailla","category-blogista","category-perhe-kanadassa","tag-ajankohtaista","tag-arki","tag-kanada","tag-raskausaika"],"jetpack_featured_media_url":"https:\/\/www.vuosiamaailmalla.fi\/blog\/wp-content\/uploads\/ultrakuvia_banner.jpg","jetpack_sharing_enabled":true,"_links":{"self":[{"href":"https:\/\/www.vuosiamaailmalla.fi\/blog\/wp-json\/wp\/v2\/posts\/12188","targetHints":{"allow":["GET"]}}],"collection":[{"href":"https:\/\/www.vuosiamaailmalla.fi\/blog\/wp-json\/wp\/v2\/posts"}],"about":[{"href":"https:\/\/www.vuosiamaailmalla.fi\/blog\/wp-json\/wp\/v2\/types\/post"}],"author":[{"embeddable":true,"href":"https:\/\/www.vuosiamaailmalla.fi\/blog\/wp-json\/wp\/v2\/users\/1"}],"replies":[{"embeddable":true,"href":"https:\/\/www.vuosiamaailmalla.fi\/blog\/wp-json\/wp\/v2\/comments?post=12188"}],"version-history":[{"count":11,"href":"https:\/\/www.vuosiamaailmalla.fi\/blog\/wp-json\/wp\/v2\/posts\/12188\/revisions"}],"predecessor-version":[{"id":14228,"href":"https:\/\/www.vuosiamaailmalla.fi\/blog\/wp-json\/wp\/v2\/posts\/12188\/revisions\/14228"}],"wp:featuredmedia":[{"embeddable":true,"href":"https:\/\/www.vuosiamaailmalla.fi\/blog\/wp-json\/wp\/v2\/media\/12193"}],"wp:attachment":[{"href":"https:\/\/www.vuosiamaailmalla.fi\/blog\/wp-json\/wp\/v2\/media?parent=12188"}],"wp:term":[{"taxonomy":"category","embeddable":true,"href":"https:\/\/www.vuosiamaailmalla.fi\/blog\/wp-json\/wp\/v2\/categories?post=12188"},{"taxonomy":"post_tag","embeddable":true,"href":"https:\/\/www.vuosiamaailmalla.fi\/blog\/wp-json\/wp\/v2\/tags?post=12188"}],"curies":[{"name":"wp","href":"https:\/\/api.w.org\/{rel}","templated":true}]}}