{"id":1220,"date":"2012-11-04T14:10:00","date_gmt":"2012-11-04T22:10:00","guid":{"rendered":"http:\/\/13.53.127.146\/?p=1220"},"modified":"2015-08-20T13:46:02","modified_gmt":"2015-08-20T20:46:02","slug":"tyomatkoja-itarannikolle","status":"publish","type":"post","link":"https:\/\/www.vuosiamaailmalla.fi\/blog\/2012\/tyomatkoja-itarannikolle\/","title":{"rendered":"Ty\u00f6matkoja it\u00e4rannikolle"},"content":{"rendered":"<p style=\"text-align: justify;\">Viimeiset viikot ovat olleet sangen arkista elely\u00e4 t\u00e4\u00e4ll\u00e4 Vancouverissa, mutta ensi viikolla meid\u00e4n molempien arkeen on tiedossa v\u00e4h\u00e4n vaihtelua. L\u00e4hdemme nimitt\u00e4in molemmat kuuden p\u00e4iv\u00e4 ty\u00f6matkalle Yhdysvaltoihin, tosin kummankin ty\u00f6matkan kohdekaupunki on eri.<\/p>\n<p style=\"text-align: justify;\">Min\u00e4 lenn\u00e4n huomenaamulla Toronton kautta <a title=\"Ty\u00f6matka Bostoniin\" href=\"https:\/\/www.vuosiamaailmalla.fi\/?p=1240\">Bostoniin<\/a>, jossa olen <em>workshopissa<\/em> ensi viikon lauantaihin saakka. Lauantaina palaan Montrealin kautta takaisin Vancouveriin. Niina puolestaan lent\u00e4\u00e4 maanantaina Phoenixin kautta p\u00e4\u00e4kaupunki <a href=\"https:\/\/www.vuosiamaailmalla.fi\/?p=1609\">Washingtoniin<\/a>, josta h\u00e4n palaa ensi lauantaina takaisin <a href=\"https:\/\/www.vuosiamaailmalla.fi\/?p=7087\">Seattlen<\/a> kautta. Olemme siis molemmat matkassa ty\u00f6n merkeiss\u00e4 samalla samassa maassa ja samalla rannikolla, mutta aivan eri kaupungeissa. \ud83d\ude00<\/p>\n<p style=\"text-align: justify;\">Itse otan kyll\u00e4 j\u00e4rkk\u00e4rin mukaani ja yrit\u00e4n napsia joitain kuvia toivottavasti kauniin syksyisest\u00e4 Bostonista. Kaupunki onkin melko tuttu meille, sill\u00e4 olimme siell\u00e4 lomamatkalla vuoden 2009 kev\u00e4\u00e4ll\u00e4. Niinakin ottaa mukaansa pienen pokkari, josta varmasti riitt\u00e4\u00e4 joitain kuvia t\u00e4nnekin my\u00f6hemmin jaettavaksi. \ud83d\ude1b<\/p>\n","protected":false},"excerpt":{"rendered":"<p>Viimeiset viikot ovat olleet sangen arkista elely\u00e4 t\u00e4\u00e4ll\u00e4 Vancouverissa, mutta ensi viikolla meid\u00e4n molempien arkeen on tiedossa v\u00e4h\u00e4n vaihtelua. L\u00e4hdemme nimitt\u00e4in molemmat kuuden p\u00e4iv\u00e4 ty\u00f6matkalle Yhdysvaltoihin, tosin kummankin ty\u00f6matkan kohdekaupunki on eri. Min\u00e4 lenn\u00e4n huomenaamulla Toronton kautta Bostoniin, jossa olen workshopissa ensi viikon lauantaihin saakka. Lauantaina palaan Montrealin kautta takaisin Vancouveriin. Niina puolestaan lent\u00e4\u00e4 maanantaina &hellip; <a href=\"https:\/\/www.vuosiamaailmalla.fi\/blog\/2012\/tyomatkoja-itarannikolle\/\" class=\"more-link\">Jatka lukemista<span class=\"screen-reader-text\"> &#8221;Ty\u00f6matkoja it\u00e4rannikolle&#8221;<\/span><\/a><\/p>\n","protected":false},"author":1,"featured_media":0,"comment_status":"open","ping_status":"open","sticky":false,"template":"","format":"standard","meta":{"_jetpack_memberships_contains_paid_content":false,"footnotes":""},"categories":[3,13],"tags":[34,394,432,207,395,11],"class_list":["post-1220","post","type-post","status-publish","format-standard","hentry","category-arki-ulkomailla","category-tyoskentely-kanadassa","tag-arki","tag-boston","tag-matkakertomus-boston","tag-tyo","tag-washington","tag-matkakertomukset-yhdysvallat"],"jetpack_featured_media_url":"","jetpack_sharing_enabled":true,"_links":{"self":[{"href":"https:\/\/www.vuosiamaailmalla.fi\/blog\/wp-json\/wp\/v2\/posts\/1220","targetHints":{"allow":["GET"]}}],"collection":[{"href":"https:\/\/www.vuosiamaailmalla.fi\/blog\/wp-json\/wp\/v2\/posts"}],"about":[{"href":"https:\/\/www.vuosiamaailmalla.fi\/blog\/wp-json\/wp\/v2\/types\/post"}],"author":[{"embeddable":true,"href":"https:\/\/www.vuosiamaailmalla.fi\/blog\/wp-json\/wp\/v2\/users\/1"}],"replies":[{"embeddable":true,"href":"https:\/\/www.vuosiamaailmalla.fi\/blog\/wp-json\/wp\/v2\/comments?post=1220"}],"version-history":[{"count":0,"href":"https:\/\/www.vuosiamaailmalla.fi\/blog\/wp-json\/wp\/v2\/posts\/1220\/revisions"}],"wp:attachment":[{"href":"https:\/\/www.vuosiamaailmalla.fi\/blog\/wp-json\/wp\/v2\/media?parent=1220"}],"wp:term":[{"taxonomy":"category","embeddable":true,"href":"https:\/\/www.vuosiamaailmalla.fi\/blog\/wp-json\/wp\/v2\/categories?post=1220"},{"taxonomy":"post_tag","embeddable":true,"href":"https:\/\/www.vuosiamaailmalla.fi\/blog\/wp-json\/wp\/v2\/tags?post=1220"}],"curies":[{"name":"wp","href":"https:\/\/api.w.org\/{rel}","templated":true}]}}