{"id":12205,"date":"2021-05-16T13:57:13","date_gmt":"2021-05-16T20:57:13","guid":{"rendered":"https:\/\/www.vuosiamaailmalla.fi\/blog\/?p=12205"},"modified":"2022-10-22T13:16:00","modified_gmt":"2022-10-22T20:16:00","slug":"jengisodan-keskella","status":"publish","type":"post","link":"https:\/\/www.vuosiamaailmalla.fi\/blog\/2021\/jengisodan-keskella\/","title":{"rendered":"Jengisodan keskell\u00e4"},"content":{"rendered":"<p style=\"text-align: justify;\">Vancouverissa on kauhisteltu viime viikot poikkeuksellisen laajaksi levinnytt\u00e4 jengisotaa, jossa on kuollut t\u00e4h\u00e4n menness\u00e4 jo 15 ihmist\u00e4. Sotaa k\u00e4yv\u00e4t kesken\u00e4\u00e4n useat metropolialueen rikollisjengit, mutta sen kaksi merkitt\u00e4vint\u00e4 osapuolta ovat <em>United Nations<\/em> ja\u00a0<em>Brothers Keepers<\/em>, jotka ovat kummatkin kytk\u00f6ksiss\u00e4 <a title=\"Rikollisille luovutettu paratiisi\" href=\"https:\/\/www.vuosiamaailmalla.fi\/blog\/2021\/rikollisille-luovutettu-paratiisi\/\">Vancouverin huumemarkkinoihin<\/a>.<\/p>\n<p><!--more--><\/p>\n<p style=\"text-align: justify;\">Alunperin alueiden hallinnasta alkanut sota vaati aluksi satunnaisia uhreja l\u00e4hinn\u00e4 Surreyn alueella, mutta merkitt\u00e4v\u00e4 hetki koettiin huhtikuun 17. p\u00e4iv\u00e4, kun Brothers Keepersiin kuuluva gangsteri Harpeen Dhaliwal teloitettiin Vancouverin Coal Harbourissa. Vilkkaalla alueella ilta-aikaan tapahtuneessa murhassa Dhaliwal kuoli rikollisveljens\u00e4 k\u00e4siin, joka vannoi kostoa. Koston hetki koittikin vain muutamaa p\u00e4iv\u00e4\u00e4 my\u00f6hemmin, kun United Nationsiin kuuluva ja poliisin hyvin tuntema Todd Gouwenberg ammuttiin Langleyss\u00e4 urheilukeskuksen parkkipaikalla.<\/p>\n<p style=\"text-align: center;\"><a href=\"\/blog\/wp-content\/uploads\/2021\/coal_harbour_murha.jpg\"><img decoding=\"async\" src=\"\/blog\/wp-content\/uploads\/2021\/coal_harbour_murha.jpg\" \/><\/a><\/p>\n<p style=\"text-align: center;\"><em>Murha Coal Harbourissa<\/em><\/p>\n<p style=\"text-align: justify;\">T\u00e4t\u00e4 seuranneina viikkoina ammuttiin useita pienempi\u00e4 tekij\u00f6it\u00e4, kunnes viime viikon sunnuntaina United Nationsiin kuuluva Karman Grewal kuoli murhaajan luoteihin <a title=\"Vancouverin lentokentt\u00e4 uusille miljoonaluvuille\" href=\"https:\/\/www.vuosiamaailmalla.fi\/blog\/2016\/vancouverin-lentokentta-uusille-miljoonaluvuille\/\">Vancouverin kansainv\u00e4lisen lentokent\u00e4n<\/a> l\u00e4ht\u00f6aulan edustalla. Maastapakoa yritt\u00e4neen tunnetun gangsterin murha julkisella paikalla yll\u00e4tti kaikki, sill\u00e4 lentokentt\u00e4\u00e4 on pidetty rikollispiireiss\u00e4 neutraalina tapaamisalueena, jonka vartiointi on tiukkaa.<\/p>\n<p style=\"text-align: center;\"><a href=\"\/blog\/wp-content\/uploads\/2021\/yvr_ammuskelu1.jpg\"><img decoding=\"async\" src=\"\/blog\/wp-content\/uploads\/2021\/thumbs\/thumbs_yvr_ammuskelu1.jpg\" \/><\/a><a href=\"\/blog\/wp-content\/uploads\/2021\/yvr_ammuskelu2.jpg\"><img decoding=\"async\" src=\"\/blog\/wp-content\/uploads\/2021\/thumbs\/thumbs_yvr_ammuskelu2.jpg\" \/><\/a><\/p>\n<p style=\"text-align: center;\"><em>Lentokent\u00e4n ammuskelu yll\u00e4tti kaikki<\/em><\/p>\n<p style=\"text-align: justify;\">Murhaa seurasikin kiivas takaa-ajo poliisin kanssa, jonka aikana pakenevasta autosta ammuttiin kohti poliiseja. Poikkeuksellisen tilanteen keskell\u00e4 poliisi p\u00e4\u00e4tti sulkea kaikki 198 000 asukkaan Richmondiin johtavat <a title=\"Siet\u00e4m\u00e4tt\u00f6m\u00e4n ruuhkainen metropoli\" href=\"https:\/\/www.vuosiamaailmalla.fi\/blog\/2015\/sietamattoman-ruuhkainen-metropoli\/\">tiet ja sillat<\/a>, toivoen est\u00e4v\u00e4ns\u00e4 rikollisten paon t\u00e4st\u00e4 saarella sijaitsevasta kaupungista. Rikollisten onnistui kuitenkin paeta ennen tiesulkuja ja pakoauto l\u00f6ydettiin poltettuna Surreyst\u00e4.<\/p>\n<p style=\"text-align: center;\"><a href=\"\/blog\/wp-content\/uploads\/2021\/poltettu_auto.jpg\"><img decoding=\"async\" src=\"\/blog\/wp-content\/uploads\/2021\/poltettu_auto.jpg\" \/><\/a><\/p>\n<p style=\"text-align: center;\"><em>Poltettu pakoauto<\/em><\/p>\n<p style=\"text-align: justify;\">Korkean profiilin tapaus kohotti huomattavasti poliisin toiminta-astetta ja my\u00f6s poliitikot ovat viime p\u00e4ivin\u00e4 kommentoineet vaaralliseksi k\u00e4ynytt\u00e4 sotaa. T\u00e4st\u00e4 huolimatta vain nelj\u00e4\u00e4 p\u00e4iv\u00e4\u00e4 my\u00f6hemmin Brothers Keepersin tunnettu gangsteri Jaskeert Kalkat ammuttiin autonsa rattiin meit\u00e4 l\u00e4hell\u00e4 sijaitsevan ostoskeskuksen parkkipaikalla. Paikalla oli tapahtuma-aikaan runsaasti ihmisi\u00e4, jotka pakenivat tulitusta jossa vaihdettiin yli 20 luotia. Kalkat kuoli paikalle haavoihinsa ja kaksi muuta autossa ollutta vietiin hoidettavaksi sairaalaan.<\/p>\n<p style=\"text-align: center;\"><a href=\"\/blog\/wp-content\/uploads\/2021\/burnaby_ammuskelu1.jpg\"><img decoding=\"async\" src=\"\/blog\/wp-content\/uploads\/2021\/thumbs\/thumbs_burnaby_ammuskelu1.jpg\" \/><\/a><a href=\"\/blog\/wp-content\/uploads\/2021\/burnaby_ammuskelu2.jpg\"><img decoding=\"async\" src=\"\/blog\/wp-content\/uploads\/2021\/thumbs\/thumbs_burnaby_ammuskelu2.jpg\" \/><\/a><\/p>\n<p style=\"text-align: center;\"><em>Ammuskelu ostoskeskuksella<\/em><\/p>\n<p style=\"text-align: justify;\">T\u00e4m\u00e4 on t\u00e4ll\u00e4 er\u00e4\u00e4 viimeinen tapaus, mutta kukaan tied\u00e4 mit\u00e4 seuraavaksi tapahtuu. Murhia ja niiden yrityksi\u00e4 saattaa tapahtua miss\u00e4 tahansa ja keskell\u00e4 p\u00e4iv\u00e4\u00e4. Kotikaupunkimme Burnaby on ollut usean tapauksen keskipisteess\u00e4 ja poliisin tuntemia rikollisia asuu erityisesti hieman Metrotownin etel\u00e4puolella sijaitsevalla omakotialueella.<\/p>\n<p style=\"text-align: justify;\">Jengiv\u00e4kivalta on ollut Vancouverin ongelma jo vuosien ajan, mutta edellisest\u00e4 laajamittaisesta sodasta on kulunut 12 vuotta. Vuoden 2009 kev\u00e4\u00e4ll\u00e4 roihahtaneessa sodassa kuoli yli 20 ihmist\u00e4 ja haavoittui 40 henkil\u00f6\u00e4 julkisilla paikoilla tapahtuneissa iskuissa. Kolme vuotta my\u00f6hemmin ja vain viikkoa ennen <a title=\"Maahanmuutto bisnesluokassa\" href=\"https:\/\/www.vuosiamaailmalla.fi\/blog\/2012\/maahanmuutto-bisnesluokassa\/\">Kanadaan muuttoamme<\/a>, ammuttiin tulevan kotimme alakerran ravintolassa hengilt\u00e4 ruokailemassa ollut tunnettu gangsteri Sandip Duhre. <a title=\"Muutto Burnabyyn\" href=\"https:\/\/www.vuosiamaailmalla.fi\/blog\/2016\/muutto-uuteen-kotiin\/\">Burnabyyn muutettuamme<\/a> asuimme puolestaan kaksi ja puoli vuotta kattohuoneistossa, jonka edellinen asukas oli tietojemme mukaan alamaailmaan kuuluva henkil\u00f6.<\/p>\n<p style=\"text-align: center;\"><a href=\"\/blog\/wp-content\/uploads\/2021\/brothers_keepers1.jpg\"><img decoding=\"async\" src=\"\/blog\/wp-content\/uploads\/2021\/thumbs\/thumbs_brothers_keepers1.jpg\" \/><\/a><a href=\"\/blog\/wp-content\/uploads\/2021\/brothers_keepers2.jpg\"><img decoding=\"async\" src=\"\/blog\/wp-content\/uploads\/2021\/thumbs\/thumbs_brothers_keepers2.jpg\" \/><\/a><\/p>\n<p style=\"text-align: center;\"><em>Brothers Keepersin j\u00e4seni\u00e4<\/em><\/p>\n<p style=\"text-align: justify;\">Vuoden 2009 sota p\u00e4\u00e4ttyi lopulta poliisin laajoihin pid\u00e4tyksiin ja osan tekij\u00f6ist\u00e4 tuomitsemiseen pitkiin vankeusrangaistuksiin. N\u00e4in k\u00e4ynee t\u00e4ll\u00e4kin kertaa, mutta kukaan ei tied\u00e4 montako ammuskelua ehtii tapahtua ja miss\u00e4, ennen kuin poliisilla on tarpeeksi todistusaineistoa jengil\u00e4isten pid\u00e4tt\u00e4miseksi. Kaikki tekij\u00e4th\u00e4n ovat poliisille entuudestaan tuttuja ja seurannassa, mutta koska uhrit eiv\u00e4t puhu poliisille, on syytteiden tuominen vaikeaa. Tekij\u00e4t ovat my\u00f6s todella nuoria, suurin osa alle 35-vuotiaita. Nuorin uhriksi joutunut rikollinen on ollut joulukuussa murhattu vain 14-vuotias Tequel Willis.<\/p>\n<p style=\"text-align: justify;\">Tilanteesta onkin vaikea ajatella mit\u00e4\u00e4n tai siihen varautua, sill\u00e4 ammuskeluja on tapahtunut kaikissa kaupungeissa. Onneksi tilanteen keskelle joutuminen on edelleenkin <a title=\"Vaarallinen Vancouver\" href=\"https:\/\/www.vuosiamaailmalla.fi\/blog\/2022\/vaarallinen-vancouver\/\">eritt\u00e4in ep\u00e4todenn\u00e4k\u00f6ist\u00e4<\/a> ja murhatut henkil\u00f6t tarkkaan valittuja, mutta ymp\u00e4rist\u00f6\u00e4\u00e4n on kyll\u00e4 syyt\u00e4 tarkkailla hieman normaalia tarkemmalla silm\u00e4ll\u00e4.<\/p>\n","protected":false},"excerpt":{"rendered":"<p>Vancouverissa on kauhisteltu viime viikot poikkeuksellisen laajaksi levinnytt\u00e4 jengisotaa, jossa on kuollut t\u00e4h\u00e4n menness\u00e4 jo 15 ihmist\u00e4. Sotaa k\u00e4yv\u00e4t kesken\u00e4\u00e4n useat metropolialueen rikollisjengit, mutta sen kaksi merkitt\u00e4vint\u00e4 osapuolta ovat United Nations ja\u00a0Brothers Keepers, jotka ovat kummatkin kytk\u00f6ksiss\u00e4 Vancouverin huumemarkkinoihin.<\/p>\n","protected":false},"author":1,"featured_media":12207,"comment_status":"open","ping_status":"closed","sticky":false,"template":"","format":"standard","meta":{"_jetpack_memberships_contains_paid_content":false,"footnotes":""},"categories":[17,3],"tags":[25,77,1620,935,189,275,201,939],"class_list":["post-12205","post","type-post","status-publish","format-standard","has-post-thumbnail","hentry","category-arki-kanadassa","category-arki-ulkomailla","tag-ajankohtaista","tag-burnaby","tag-huumeet","tag-kanada","tag-richmond","tag-rikollisuus","tag-surrey","tag-vancouver"],"jetpack_featured_media_url":"https:\/\/www.vuosiamaailmalla.fi\/blog\/wp-content\/uploads\/burnaby_ammuskelu_banner.jpg","jetpack_sharing_enabled":true,"_links":{"self":[{"href":"https:\/\/www.vuosiamaailmalla.fi\/blog\/wp-json\/wp\/v2\/posts\/12205","targetHints":{"allow":["GET"]}}],"collection":[{"href":"https:\/\/www.vuosiamaailmalla.fi\/blog\/wp-json\/wp\/v2\/posts"}],"about":[{"href":"https:\/\/www.vuosiamaailmalla.fi\/blog\/wp-json\/wp\/v2\/types\/post"}],"author":[{"embeddable":true,"href":"https:\/\/www.vuosiamaailmalla.fi\/blog\/wp-json\/wp\/v2\/users\/1"}],"replies":[{"embeddable":true,"href":"https:\/\/www.vuosiamaailmalla.fi\/blog\/wp-json\/wp\/v2\/comments?post=12205"}],"version-history":[{"count":3,"href":"https:\/\/www.vuosiamaailmalla.fi\/blog\/wp-json\/wp\/v2\/posts\/12205\/revisions"}],"predecessor-version":[{"id":12864,"href":"https:\/\/www.vuosiamaailmalla.fi\/blog\/wp-json\/wp\/v2\/posts\/12205\/revisions\/12864"}],"wp:featuredmedia":[{"embeddable":true,"href":"https:\/\/www.vuosiamaailmalla.fi\/blog\/wp-json\/wp\/v2\/media\/12207"}],"wp:attachment":[{"href":"https:\/\/www.vuosiamaailmalla.fi\/blog\/wp-json\/wp\/v2\/media?parent=12205"}],"wp:term":[{"taxonomy":"category","embeddable":true,"href":"https:\/\/www.vuosiamaailmalla.fi\/blog\/wp-json\/wp\/v2\/categories?post=12205"},{"taxonomy":"post_tag","embeddable":true,"href":"https:\/\/www.vuosiamaailmalla.fi\/blog\/wp-json\/wp\/v2\/tags?post=12205"}],"curies":[{"name":"wp","href":"https:\/\/api.w.org\/{rel}","templated":true}]}}