{"id":12209,"date":"2021-05-23T14:02:45","date_gmt":"2021-05-23T21:02:45","guid":{"rendered":"https:\/\/www.vuosiamaailmalla.fi\/blog\/?p=12209"},"modified":"2023-08-06T13:23:44","modified_gmt":"2023-08-06T20:23:44","slug":"puolet-vaestosta-rokotettu","status":"publish","type":"post","link":"https:\/\/www.vuosiamaailmalla.fi\/blog\/2021\/puolet-vaestosta-rokotettu\/","title":{"rendered":"Puolet v\u00e4est\u00f6st\u00e4 rokotettu"},"content":{"rendered":"<p style=\"text-align: justify;\">Kanadassa juhlittiin perjantaina t\u00e4rke\u00e4\u00e4 virstanpylv\u00e4st\u00e4 taistelussa koronaepidemiaa vastaan, kun 50.25% <a title=\"Kanadan v\u00e4est\u00f6r\u00e4j\u00e4hdys\" href=\"https:\/\/www.vuosiamaailmalla.fi\/blog\/2023\/kanadan-vaestorajahdys\/\">maan koko v\u00e4est\u00f6st\u00e4<\/a> ja yli 58% aikuisv\u00e4est\u00f6st\u00e4 on saanut v\u00e4hint\u00e4\u00e4n ensimm\u00e4isen rokotteen. T\u00e4m\u00e4 tarkoittaa yli 20 miljoonaa annosta samaan aikaan, kun maassa rokotetaan l\u00e4hes puoli miljoonaa ihmist\u00e4 p\u00e4iv\u00e4ss\u00e4.<\/p>\n<p><!--more--><\/p>\n<p style=\"text-align: justify;\">Rokotusten tahti onkin kasvanut <a title=\"Miljoona rokotettua\" href=\"https:\/\/www.vuosiamaailmalla.fi\/blog\/2021\/miljoona-rokotettua\/\">viime viikkoina tasaisesti<\/a> ja pelk\u00e4st\u00e4\u00e4n t\u00e4\u00e4ll\u00e4 <a title=\"British Columbia ylitti 5 miljoonaa asukasta\" href=\"https:\/\/www.vuosiamaailmalla.fi\/blog\/2019\/british-columbia-ylitti-5-miljoonaa-asukasta\/\">Suomen kokoisessa<\/a> British Columbiassa rokotuksen on saanut nyt 2,74 miljoonaa ihmist\u00e4. Samaan aikaan my\u00f6s toisen rokotuksen saaneiden m\u00e4\u00e4r\u00e4 on alkanut hiljalleen kasvaa, l\u00e4hestyen kuitenkin vasta viiden prosentin lukemaa. Kanadassa on p\u00e4\u00e4tetty priorisoida ensimm\u00e4isi\u00e4 rokotuksia aina kes\u00e4kuun loppuun saakka, jolloin jokainen halukas <a title=\"Rokotusten k\u00e4rkimaa\" href=\"https:\/\/www.vuosiamaailmalla.fi\/blog\/2021\/rokotusten-karkimaa\/\">on saanut omansa<\/a>.<\/p>\n<p style=\"text-align: center;\"><a href=\"\/blog\/wp-content\/uploads\/2021\/kanadan_rokotetut1.jpg\"><img decoding=\"async\" src=\"\/blog\/wp-content\/uploads\/2021\/kanadan_rokotetut1.jpg\" \/><\/a><\/p>\n<p style=\"text-align: center;\"><em>Nopeasti kohoavat rokotuslukemat<\/em><\/p>\n<p style=\"text-align: justify;\">Koska rokotuksia tehd\u00e4\u00e4n nyt <a title=\"Vauhtia rokotuksiin\" href=\"https:\/\/www.vuosiamaailmalla.fi\/blog\/2021\/vauhtia-rokotuksiin\/\">kiivasta tahtia<\/a>, on rokotettava ik\u00e4ryhm\u00e4 laajentunut vauhdilla ja t\u00e4ll\u00e4 viikolla t\u00e4\u00e4ll\u00e4 British Columbiassa laajennettiinkin rokotukset kattamaan kaikki yli 12-vuotiaat eli k\u00e4yt\u00e4nn\u00f6ss\u00e4 kaikki joille rokotetta tullaan suosittelemaan. T\u00e4ll\u00e4kin muutoksella kaikkien kanadalaisten on mahdollista saada molemmat piikit syyskuun loppuun menness\u00e4.<\/p>\n<p style=\"text-align: center;\"><a href=\"\/blog\/wp-content\/uploads\/2021\/jonotusta_rokotuspaikalla.jpg\"><img decoding=\"async\" src=\"\/blog\/wp-content\/uploads\/2021\/jonotusta_rokotuspaikalla.jpg\" \/><\/a><\/p>\n<p style=\"text-align: center;\"><em>Massarokotukset vauhdissa<\/em><\/p>\n<p style=\"text-align: justify;\">Vauhdilla etenevist\u00e4 rokotuksista huolimatta <a title=\"Toinen aalto\" href=\"https:\/\/www.vuosiamaailmalla.fi\/blog\/2020\/toinen-aalto\/\">epidemian kolmas aalto<\/a> on pit\u00e4nyt pintansa, vaikka numerot ovatkin k\u00e4\u00e4ntyneet viime viikkoina laskuun. Viime kuun kuumimman vaiheen aikana provinssissamme tilastoitiin jopa 1200 tapausta p\u00e4iv\u00e4ss\u00e4 ja l\u00e4hes 10 000 aktiivista tartuntaa. N\u00e4ist\u00e4 lukemista on pudottu nyt noin 350-450 p\u00e4ivitt\u00e4isen tapauksen ja 4600 aktiivisen tartunnan tienoille. Kehitys on siis lupaavaa ja lukemat paranevat seuraavien viikkojen aikana viel\u00e4 entisest\u00e4\u00e4n.<\/p>\n<p style=\"text-align: justify;\">Vaikka epidemiassa ollaankin p\u00e4\u00e4sem\u00e4ss\u00e4 voiton puolelle, on se koetellut Kanadaa rankasti. Yhteens\u00e4 1,35 miljoonaa kanadalaista on sairastunut koronaan ja 25 162 kuollut sen aikana. Kuinka monta n\u00e4ist\u00e4 on ollut suoraan koronan aiheuttamaa, on mahdotonta sanoa, mutta normaaliin influenssakauteen menehtyy vuosittain 3500 i\u00e4kk\u00e4\u00e4mp\u00e4\u00e4 kanadalaista. Kiintoisana kuriositeettina British Columbiassa todettiin menneen\u00e4 talvena vain <strong>yksi<\/strong>, siis todellakin vain yksi ainoa influenssatapaus, kertoen ainakin siit\u00e4 ett\u00e4 <a title=\"Puolieristyksiss\u00e4 kev\u00e4\u00e4n keskell\u00e4\" href=\"https:\/\/www.vuosiamaailmalla.fi\/blog\/2020\/puolieristyksissa-kevaan-keskella\/\">erist\u00e4ytyminen<\/a> ja maskit ovat tehneet teht\u00e4v\u00e4ns\u00e4 flunssan levi\u00e4misen est\u00e4misess\u00e4.<\/p>\n<p style=\"text-align: center;\"><a href=\"\/blog\/wp-content\/uploads\/2021\/kanadan_koronakuolemat1.jpg\"><img decoding=\"async\" src=\"\/blog\/wp-content\/uploads\/2021\/kanadan_koronakuolemat1.jpg\" \/><\/a><\/p>\n<p style=\"text-align: center;\"><em>Koronaan on kuollut monta kanadalaista<\/em><\/p>\n<p style=\"text-align: justify;\">Kaksi t\u00e4m\u00e4n hetken polttavinta keskustelunaihetta Kanadassa ovat miten t\u00e4st\u00e4 eteenp\u00e4in ja miten paluu normaaliin tulee tapahtumaan? Provinssimme tiukennetut toimet ovat voimassa aina meneill\u00e4\u00e4n olevan pitk\u00e4n viikonlopun ylitse ja tiistaina tulemmekin saamaan ohjeistusta siit\u00e4 milt\u00e4 t\u00e4m\u00e4 kes\u00e4 tulee n\u00e4ytt\u00e4m\u00e4\u00e4n. Todenn\u00e4k\u00f6ist\u00e4 on, ett\u00e4 ravintolat tulevat varmasti palaamaan normaaliin toimintaan ja matkustusta avataan provinssin ja varmaan my\u00f6s Kanadan sis\u00e4ll\u00e4.<\/p>\n<p style=\"text-align: center;\"><a href=\"\/blog\/wp-content\/uploads\/2021\/amerikan_raja_edelleen_kiinni.jpg\"><img decoding=\"async\" src=\"\/blog\/wp-content\/uploads\/2021\/amerikan_raja_edelleen_kiinni.jpg\" \/><\/a><\/p>\n<p style=\"text-align: center;\"><em>Amerikan raja on edelleen kiinni<\/em><\/p>\n<p style=\"text-align: justify;\">Ulkomaanmatkailun tilanne on kuitenkin viel\u00e4 ep\u00e4selv\u00e4 ja Amerikan raja on kiinni jo nelj\u00e4tt\u00e4toista kuukautta. Kun normaalisti alkuvuoden aikana Kanadan rajan ylitt\u00e4\u00e4 yli 94 miljoonaa ihmist\u00e4, on n\u00e4in tehnyt t\u00e4n\u00e4 vuonna ainoastaan 3,9 miljoonaa matkaajaa. Rajoitukset tulevat jatkumaan tiukkana ainakin Intian suunnasta tuleville, mutta toiveissa on saada erityisesti amerikkalaiset turistit maahan. <a title=\"Kanadan sateisin kaupunki Prince Rupert\" href=\"https:\/\/www.vuosiamaailmalla.fi\/blog\/2020\/kanadan-sateisin-kaupunki-prince-rupert\/\">Eritt\u00e4in t\u00e4rke\u00e4 risteilykausi<\/a> saattaa silti j\u00e4\u00e4d\u00e4 tyng\u00e4ksi jo toista vuotta per\u00e4kk\u00e4in, sill\u00e4 <a title=\"Norwegian Bliss vieraili Vancouverissa\" href=\"https:\/\/www.vuosiamaailmalla.fi\/blog\/2018\/norwegian-bliss-ankkuroitui-vancouverissa\/\">usea varustamo<\/a> on jo ilmoittanut j\u00e4tt\u00e4v\u00e4ns\u00e4 Vancouverin ja Victorian pys\u00e4hdykset v\u00e4list\u00e4.<\/p>\n<p style=\"text-align: justify;\">Matkailuun liittyv\u00e4 kysymysmerkki ovat my\u00f6s <a title=\"Kiistanalainen rokotepassi k\u00e4ytt\u00f6\u00f6n\" href=\"https:\/\/www.vuosiamaailmalla.fi\/blog\/2021\/kiistanalainen-rokotepassi-kayttoon\/\">rokotepassit<\/a>, joita moni maa kiivaasti suunnittelee. Kanadassa viranomaiset ovat karsastaneet passien yksityisyydelle aiheuttamia ongelmia ja siksi se ei ole viel\u00e4 esitelty ohjeistusta rokotettujen tai rokottamattomien v\u00e4lisest\u00e4 mahdollisesta erosta. Toinen tekij\u00e4 ovat my\u00f6s matkustajilta vaadittavat testitulokset, joita saatetaan tarvita my\u00f6s jatkossa uusien varianttien levi\u00e4misen seurannassa.<\/p>\n<p style=\"text-align: center;\"><a href=\"\/blog\/wp-content\/uploads\/2021\/koronapassi1.jpg\"><img decoding=\"async\" src=\"\/blog\/wp-content\/uploads\/2021\/koronapassi1.jpg\" \/><\/a><\/p>\n<p style=\"text-align: center;\"><em>Koronapassit ovat edelleen kysymysmerkki<\/em><\/p>\n<p style=\"text-align: justify;\">Ihmisten optimismi on kuitenkin korkealla ja kes\u00e4st\u00e4 tulossa varmasti ihanan l\u00e4mmin sek\u00e4 <a title=\"Kes\u00e4lomamatkalla koronan keskell\u00e4\" href=\"https:\/\/www.vuosiamaailmalla.fi\/blog\/2020\/kesalomamatkalla-koronan-keskella\/\">viime kes\u00e4\u00e4 normaalimpi<\/a>. Tai siis n\u00e4in ainakin koronalla mitattuna, sill\u00e4 se on jo tiedossa ett\u00e4 minun ja Niinan kes\u00e4st\u00e4 tulee <a title=\"Iloisia perheuutisia!\" href=\"https:\/\/www.vuosiamaailmalla.fi\/blog\/2021\/iloisia-perheuutisia\/\">hein\u00e4kuussa syntyv\u00e4n vauvan<\/a> vuoksi kaikkea muuta kuin normaali.<\/p>\n","protected":false},"excerpt":{"rendered":"<p>Kanadassa juhlittiin perjantaina t\u00e4rke\u00e4\u00e4 virstanpylv\u00e4st\u00e4 taistelussa koronaepidemiaa vastaan, kun 50.25% maan koko v\u00e4est\u00f6st\u00e4 ja yli 58% aikuisv\u00e4est\u00f6st\u00e4 on saanut v\u00e4hint\u00e4\u00e4n ensimm\u00e4isen rokotteen. T\u00e4m\u00e4 tarkoittaa yli 20 miljoonaa annosta samaan aikaan, kun maassa rokotetaan l\u00e4hes puoli miljoonaa ihmist\u00e4 p\u00e4iv\u00e4ss\u00e4.<\/p>\n","protected":false},"author":1,"featured_media":12211,"comment_status":"open","ping_status":"closed","sticky":false,"template":"","format":"standard","meta":{"_jetpack_memberships_contains_paid_content":false,"footnotes":""},"categories":[17,3],"tags":[25,34,935,1487],"class_list":["post-12209","post","type-post","status-publish","format-standard","has-post-thumbnail","hentry","category-arki-kanadassa","category-arki-ulkomailla","tag-ajankohtaista","tag-arki","tag-kanada","tag-koronavirus"],"jetpack_featured_media_url":"https:\/\/www.vuosiamaailmalla.fi\/blog\/wp-content\/uploads\/jonotusta_rokotuspaikalla_banner.jpg","jetpack_sharing_enabled":true,"_links":{"self":[{"href":"https:\/\/www.vuosiamaailmalla.fi\/blog\/wp-json\/wp\/v2\/posts\/12209","targetHints":{"allow":["GET"]}}],"collection":[{"href":"https:\/\/www.vuosiamaailmalla.fi\/blog\/wp-json\/wp\/v2\/posts"}],"about":[{"href":"https:\/\/www.vuosiamaailmalla.fi\/blog\/wp-json\/wp\/v2\/types\/post"}],"author":[{"embeddable":true,"href":"https:\/\/www.vuosiamaailmalla.fi\/blog\/wp-json\/wp\/v2\/users\/1"}],"replies":[{"embeddable":true,"href":"https:\/\/www.vuosiamaailmalla.fi\/blog\/wp-json\/wp\/v2\/comments?post=12209"}],"version-history":[{"count":6,"href":"https:\/\/www.vuosiamaailmalla.fi\/blog\/wp-json\/wp\/v2\/posts\/12209\/revisions"}],"predecessor-version":[{"id":13212,"href":"https:\/\/www.vuosiamaailmalla.fi\/blog\/wp-json\/wp\/v2\/posts\/12209\/revisions\/13212"}],"wp:featuredmedia":[{"embeddable":true,"href":"https:\/\/www.vuosiamaailmalla.fi\/blog\/wp-json\/wp\/v2\/media\/12211"}],"wp:attachment":[{"href":"https:\/\/www.vuosiamaailmalla.fi\/blog\/wp-json\/wp\/v2\/media?parent=12209"}],"wp:term":[{"taxonomy":"category","embeddable":true,"href":"https:\/\/www.vuosiamaailmalla.fi\/blog\/wp-json\/wp\/v2\/categories?post=12209"},{"taxonomy":"post_tag","embeddable":true,"href":"https:\/\/www.vuosiamaailmalla.fi\/blog\/wp-json\/wp\/v2\/tags?post=12209"}],"curies":[{"name":"wp","href":"https:\/\/api.w.org\/{rel}","templated":true}]}}