{"id":12220,"date":"2021-06-06T12:54:03","date_gmt":"2021-06-06T19:54:03","guid":{"rendered":"https:\/\/www.vuosiamaailmalla.fi\/blog\/?p=12220"},"modified":"2021-09-02T11:11:58","modified_gmt":"2021-09-02T18:11:58","slug":"15-vuotta-bloggausta","status":"publish","type":"post","link":"https:\/\/www.vuosiamaailmalla.fi\/blog\/2021\/15-vuotta-bloggausta\/","title":{"rendered":"15 vuotta bloggausta"},"content":{"rendered":"<p style=\"text-align: justify;\">Peruskoulussa kaksi suosikkiainettani olivat historia sek\u00e4 \u00e4idinkieli. Vaikka en v\u00e4litt\u00e4nytk\u00e4\u00e4n kirjallisuuden lukemisesta, on kirjoittaminen ollut aina l\u00e4hell\u00e4 syd\u00e4nt\u00e4ni. Tykk\u00e4sin jo kouluaikoina kirjoittaa esseit\u00e4 siit\u00e4kin huolimatta, ett\u00e4 kaunokirjoitukseni on pelkki\u00e4 harakanvarpaita. Sittemmin olenkin tyk\u00e4stynyt tietokoneella kirjoittamiseen, sill\u00e4 siin\u00e4 huomio keskittyy fyysisen kirjoittamisen sijaan ainoastaan itse sis\u00e4lt\u00f6\u00f6n.<\/p>\n<p><!--more--><\/p>\n<p style=\"text-align: justify;\">T\u00e4ss\u00e4 omaa psykoanalyysia tehdess\u00e4ni tajuankin t\u00e4m\u00e4n olevan varmasti my\u00f6s syy siihen miksi tykk\u00e4\u00e4n niin paljon kirjoitetusta viestinn\u00e4st\u00e4 ty\u00f6el\u00e4m\u00e4ss\u00e4, kuten s\u00e4hk\u00f6posteista ja chateista. Mielest\u00e4ni kirjoitetussa sanassa on jotain puhetta pysyv\u00e4mp\u00e4\u00e4 ja usein my\u00f6s paljon harkitumpaa ja syv\u00e4llisemp\u00e4\u00e4.<\/p>\n<p style=\"text-align: justify;\">Vuosien varrella teksti\u00e4 onkin tullut suollettua runsain mitoin, eik\u00e4 kaikkein v\u00e4hiten t\u00e4nne blogiini, jota olen kirjoittanut kohta jo <strong>15 vuoden<\/strong> <strong>ajan<\/strong>. Kaikki alkoi <a title=\"Perill\u00e4 Dortmundissa!\" href=\"https:\/\/www.vuosiamaailmalla.fi\/blog\/2006\/perilla-dortmundissa\/\">muuttaessamme Saksaan<\/a> syksyll\u00e4 2006 ja sit\u00e4 seuranneina vuosina tarinaa on riitt\u00e4nyt satojen ja taas satojen kirjoitusten edest\u00e4. Onkin ollut kiintoisaa kerrata mennytt\u00e4 aina tasaisin v\u00e4liajoin, kuten olen tehnyt aina sadan viestin v\u00e4lein <a title=\"200 kirjoitusta\" href=\"https:\/\/www.vuosiamaailmalla.fi\/blog\/2012\/200-viestia\/\">l\u00e4hes alusta saakka<\/a>.<\/p>\n<p style=\"text-align: center;\"><a href=\"\/blog\/wp-content\/uploads\/2021\/blogin_kirjoitusta1.jpg\"><img decoding=\"async\" src=\"\/blog\/wp-content\/uploads\/2021\/blogin_kirjoitusta1.jpg\" \/><\/a><\/p>\n<p style=\"text-align: center;\"><em>Vuosien mittainen aktiivinen harrastus<\/em><\/p>\n<p style=\"text-align: justify;\">Vuosien varrella blogini on muuttanut muotoaan, siirtyen alun perin foorumipohjaisesta viestittelyst\u00e4 kohti <a title=\"Vuosia Maailmalla 4.0\" href=\"https:\/\/www.vuosiamaailmalla.fi\/blog\/2016\/vuosia-maailmalla-4-0\/\">ammattimaisempaa ulkoasua<\/a>. Ehk\u00e4 t\u00e4t\u00e4 kirjoittamista voisikin pikkuhiljaa kutsua ammattimaiseksi l\u00e4hinn\u00e4 sen j\u00e4rjestelm\u00e4llisyyden vuoksi, sill\u00e4 en tee blogillani rahaa ja kielt\u00e4ydynkin j\u00e4rjest\u00e4\u00e4n ajoittaisista yhteisty\u00f6pyynn\u00f6ist\u00e4. Olen kertonut t\u00e4m\u00e4n blogin olevan ennen kaikkea henkil\u00f6kohtainen p\u00e4iv\u00e4kirjani, jota tulee olemaan mukava lukea vanhuudenp\u00e4ivill\u00e4 ja antaa my\u00f6s <a title=\"Iloisia perheuutisia!\" href=\"https:\/\/www.vuosiamaailmalla.fi\/blog\/2021\/iloisia-perheuutisia\/\">tulevan lapsemme<\/a> aikanaan lukea. T\u00e4nne kirjoitettu kun tekee hyvin yhteenvetoa siit\u00e4 <a title=\"El\u00e4m\u00e4mme seikkailu \u2013 10 vuotta maailmalla\" href=\"https:\/\/www.vuosiamaailmalla.fi\/blog\/2016\/elamamme-seikkailu-10-vuotta-maailmalla\/\">millaisen seikkailun<\/a> olemme Niinan kanssa kokeneet maailmalla asuessamme.<\/p>\n<p style=\"text-align: justify;\">Kuluva juhlavuosi alkoi komeasti blogini uudella <a title=\"Blogin viides sukupolvi\" href=\"https:\/\/www.vuosiamaailmalla.fi\/blog\/2021\/blogin-viides-sukupolvi-5-0\/\">viidennell\u00e4 sukupolvella<\/a>, jonka my\u00f6t\u00e4 siirsin sen uudelle pilvialustalle. Projektin my\u00f6t\u00e4 kirjoitukset varmuuskopioidaan nyt tasaisin v\u00e4liajoin ja sivusto on saavutettavissa nopeasti kaikkialta maailmasta. Olen eritt\u00e4in tyytyv\u00e4inen t\u00e4m\u00e4n migraation tuloksiin, mink\u00e4 my\u00f6t\u00e4 voin nyt keskitty\u00e4 vain kirjoittamaan <a title=\"Blogin s\u00e4\u00e4t\u00f6\u00e4\" href=\"https:\/\/www.vuosiamaailmalla.fi\/blog\/2016\/blogin-saatoa\/\">ainaisen s\u00e4\u00e4t\u00e4misen<\/a> sijaan.<\/p>\n<p style=\"text-align: center;\"><a href=\"\/blog\/wp-content\/uploads\/2021\/alkuperainen_ja_nykyinen_blogi.jpg\"><img decoding=\"async\" src=\"\/blog\/wp-content\/uploads\/2021\/alkuperainen_ja_nykyinen_blogi.jpg\" \/><\/a><\/p>\n<p style=\"text-align: center;\"><em>Alkuper\u00e4inen foorumi sek\u00e4 viides blogi sukupolvi<\/em><\/p>\n<p style=\"text-align: justify;\">Vaikka viisitoista vuotta blogaamista tuleekin virallisesti t\u00e4yteen vasta kes\u00e4n lopussa, p\u00e4\u00e4dyin kirjoittamaan aiheesta juuri nyt, sill\u00e4 t\u00e4ll\u00e4 viikolla tuli t\u00e4yteen py\u00f6re\u00e4t <strong>1000 blogikirjoitusta<\/strong>. Se on valtava lukema ja jatkaa tasaista kasvuaan, lis\u00e4ten sata uutta kirjoitusta viimeisten 18 kuukauden aikana. Se on hieman nopeammin kuin <a title=\"900 kirjoitusta\" href=\"https:\/\/www.vuosiamaailmalla.fi\/blog\/2019\/900-kirjoitusta\/\">edellisen rajapyykin<\/a> saavutus, mihin on vaikuttanut varmasti koronaepidemia, jonka aikana on ollut aikaa istua kotona ja kirjoittaa. Edellisen kerran koin t\u00e4llaista vapautta ehk\u00e4 kuusi vuotta sitten, viett\u00e4ess\u00e4ni <a title=\"Sapatin loppu\" href=\"https:\/\/www.vuosiamaailmalla.fi\/blog\/2016\/sapatin-loppu\/\">sapattivuottani<\/a>.<\/p>\n<p style=\"text-align: justify;\">Kotona vietetty aika ja matkustelun puute onkin mahdollistanut ottaa hieman kiinni kirjoitusjonoani, jossa on edelleen valtavasti ty\u00f6t\u00e4. Olen saanut pureuduttua muutamiin vuosia <a title=\"Kes\u00e4lomalla New Yorkissa\" href=\"https:\/\/www.vuosiamaailmalla.fi\/blog\/2011\/kesalomalla-new-yorkissa\/\">mieless\u00e4 olleisiin<\/a> aiheisiin, jotka tekev\u00e4t blogistani kirjoitus kerrallaan hieman kokonaisemman. T\u00e4ss\u00e4 on kuitenkin toisinaan vaikea l\u00f6yt\u00e4\u00e4 hyv\u00e4\u00e4 tasapainoa, sill\u00e4 minusta on\u00a0 niin kiehtovaa kertoa merkitt\u00e4vist\u00e4 Kanadaa ja erityisesti <a title=\"Ulkoilijat kojoottien saaliina\" href=\"https:\/\/www.vuosiamaailmalla.fi\/blog\/2021\/ulkoilijat-kojoottien-saaliina\/\">Vancouveria koskettavista<\/a> ajankohtaisista asioista. En halua kuitenkaan k\u00e4ytt\u00e4\u00e4 aikaani tapahtumista uutisoimiseen, joten yrit\u00e4nkin keskitt\u00e4\u00e4 ajankohtaiset kirjoitukseni uusiin ja aiemmin kertomattomiin aiheisiin.<\/p>\n<p style=\"text-align: justify;\">Esimerkiksi <a title=\"Uunituoreet Kanadan kansalaiset\" href=\"https:\/\/www.vuosiamaailmalla.fi\/blog\/2019\/uunituoreet-kanadan-kansalaiset\/\">Kanadan kansalaisuuden<\/a> saamisen my\u00f6t\u00e4 arkeemme avautui uusia asioita kuten <a title=\"Vaalit skandaalien varjossa\" href=\"https:\/\/www.vuosiamaailmalla.fi\/blog\/2019\/vaalit-skandaalien-varjossa\/\">\u00e4\u00e4nest\u00e4minen<\/a>. Samoin tuleva perhe-el\u00e4m\u00e4 tulee altistamaan meid\u00e4t <a title=\"Raskausaika Kanadassa\" href=\"https:\/\/www.vuosiamaailmalla.fi\/blog\/2021\/raskausaika-kanadassa\/\">uusille aihealueille<\/a>, joista tulee olemaan kiintoisaa kertoa t\u00e4\u00e4ll\u00e4. Pyrin kuitenkin edelleen kirjoittamaan aiheista jotka liittyv\u00e4t arkeen ulkomailla tai jotka saattavat kiinnostaa Kanadaan tai Vancouveriin muuttoa, mik\u00e4 on ollut aina blogikirjoitustani ohjaava periaate.<\/p>\n<p style=\"text-align: center;\"><a href=\"\/blog\/wp-content\/uploads\/2021\/blogin_kirjoitusta2.jpg\"><img decoding=\"async\" src=\"\/blog\/wp-content\/uploads\/2021\/blogin_kirjoitusta2.jpg\" \/><\/a><\/p>\n<p style=\"text-align: center;\"><em>Kirjoittaminen on l\u00e4hell\u00e4 syd\u00e4nt\u00e4<\/em><\/p>\n<p style=\"text-align: justify;\">Nyt kun <a title=\"Viimeinen ty\u00f6p\u00e4iv\u00e4 ja Saksasta l\u00e4hd\u00f6n haikeus\" href=\"https:\/\/www.vuosiamaailmalla.fi\/blog\/2012\/viimeinen-tyopaiva-ja-saksasta-lahdon-haikeus\/\">Saksasta muutosta<\/a> on jo yli <a title=\"Yhdeks\u00e4n vuotta Kanadassa\" href=\"https:\/\/www.vuosiamaailmalla.fi\/blog\/2021\/yhdeksan-vuotta-kanadassa\/\">yhdeks\u00e4n vuotta<\/a> aikaa, keskittyy l\u00e4hes kaikki kirjoittamiseni Kanadaan. Saksaan ja Berliiniin liittyvi\u00e4 asioita ehtii en\u00e4\u00e4 seurata vain jossain m\u00e4\u00e4rin, mutta joskus tulee kirjoitettua viel\u00e4 <a title=\"Berliinin kes\u00e4keitaat\" href=\"https:\/\/www.vuosiamaailmalla.fi\/blog\/2019\/berliinin-kesakeitaat\/\">sinnekin liittyen<\/a>. Ja vaikka Kanada onkin v\u00e4hint\u00e4\u00e4nkin yht\u00e4 kiintoisa maa kuin Saksa, on ollut kiintoisaa huomata ett\u00e4 Kanadaan keskittyminen on <em>v\u00e4hent\u00e4nyt<\/em> blogissa vierailevien lukijoiden m\u00e4\u00e4r\u00e4\u00e4. Muutoksen kuitenkin ymm\u00e4rt\u00e4\u00e4, sill\u00e4 l\u00e4hemp\u00e4n\u00e4 sijaitseva Saksa on suomalaisille paljon relevantimpi matka- ja muuttokohde, mink\u00e4 vuoksi se ker\u00e4\u00e4 enemm\u00e4n lukijoita.<\/p>\n<p style=\"text-align: justify;\">Minua t\u00e4m\u00e4 ei haittaa ja siin\u00e4 miss\u00e4 olen saattanut menett\u00e4\u00e4 jonkin verran Saksasta kiinnostuneita lukijoita, olen varmasti my\u00f6s voittanut paljon uusia Kanadasta kiinnostuneita lukijoita. Pyrkimyksen\u00e4ni onkin kirjoittaa suosituinta suomenkielist\u00e4 Vancouverin blogia, jonka uskaltaisin v\u00e4itt\u00e4\u00e4 olevan jo totta. Sen verran moni tapaamamme suomalainen on nimitt\u00e4in t\u00f6rm\u00e4nnyt blogiini jossain vaiheessa ja tutustunut Vancouveriin juuri t\u00e4t\u00e4 kautta, mik\u00e4 on ilahduttavaa. Seuraava tavoite voisikin olla Suomen suosituin Kanada-blogi, mutta en tied\u00e4 mill\u00e4 t\u00e4t\u00e4 tavoitetta edes mittaisi ja milt\u00e4 kilpailu n\u00e4ytt\u00e4\u00e4?<\/p>\n<p style=\"text-align: justify;\">Kyse ei ole kuitenkaan maineesta ja kunniasta, vaan omaksi ilokseen kirjoittamisesta. Ja jos siit\u00e4 on iloa my\u00f6s muille, niin hienoa. Tarkoitukseni onkin jatkaa <a title=\"Blogin kirjoittamisen ty\u00f6skentelyprosessi\" href=\"https:\/\/www.vuosiamaailmalla.fi\/blog\/2015\/blogin-kirjoittamisen-tyoskentelyprosessi\/\">hyv\u00e4ksi havaitulla<\/a> ja ennen kaikkea itse\u00e4ni miellytt\u00e4v\u00e4ll\u00e4 tyylill\u00e4 tulevaisuudessakin ja toivoa ett\u00e4 p\u00e4\u00e4sen jonain p\u00e4iv\u00e4n\u00e4 kirjoittamaan seuraavasta rajapyykist\u00e4 eli huikeasta 20 vuoden mittaisesta bloggaamisesta! Onko sinne menness\u00e4 kasassa jo toinenkin tonni kirjoituksia, tuskin, mutta asiat etenev\u00e4t kyll\u00e4 omaan tahtiinsa.<\/p>\n<p style=\"text-align: justify;\">Kiitos mielenkiinnostanne kaikkea kirjoittamistani kohtaan!<\/p>\n","protected":false},"excerpt":{"rendered":"<p>Peruskoulussa kaksi suosikkiainettani olivat historia sek\u00e4 \u00e4idinkieli. Vaikka en v\u00e4litt\u00e4nytk\u00e4\u00e4n kirjallisuuden lukemisesta, on kirjoittaminen ollut aina l\u00e4hell\u00e4 syd\u00e4nt\u00e4ni. Tykk\u00e4sin jo kouluaikoina kirjoittaa esseit\u00e4 siit\u00e4kin huolimatta, ett\u00e4 kaunokirjoitukseni on pelkki\u00e4 harakanvarpaita. Sittemmin olenkin tyk\u00e4stynyt tietokoneella kirjoittamiseen, sill\u00e4 siin\u00e4 huomio keskittyy fyysisen kirjoittamisen sijaan ainoastaan itse sis\u00e4lt\u00f6\u00f6n.<\/p>\n","protected":false},"author":1,"featured_media":12235,"comment_status":"open","ping_status":"closed","sticky":false,"template":"","format":"standard","meta":{"_jetpack_memberships_contains_paid_content":false,"footnotes":""},"categories":[226],"tags":[25,34],"class_list":["post-12220","post","type-post","status-publish","format-standard","has-post-thumbnail","hentry","category-blogista","tag-ajankohtaista","tag-arki"],"jetpack_featured_media_url":"https:\/\/www.vuosiamaailmalla.fi\/blog\/wp-content\/uploads\/blogin_kirjoitusta_banner.jpg","jetpack_sharing_enabled":true,"_links":{"self":[{"href":"https:\/\/www.vuosiamaailmalla.fi\/blog\/wp-json\/wp\/v2\/posts\/12220","targetHints":{"allow":["GET"]}}],"collection":[{"href":"https:\/\/www.vuosiamaailmalla.fi\/blog\/wp-json\/wp\/v2\/posts"}],"about":[{"href":"https:\/\/www.vuosiamaailmalla.fi\/blog\/wp-json\/wp\/v2\/types\/post"}],"author":[{"embeddable":true,"href":"https:\/\/www.vuosiamaailmalla.fi\/blog\/wp-json\/wp\/v2\/users\/1"}],"replies":[{"embeddable":true,"href":"https:\/\/www.vuosiamaailmalla.fi\/blog\/wp-json\/wp\/v2\/comments?post=12220"}],"version-history":[{"count":6,"href":"https:\/\/www.vuosiamaailmalla.fi\/blog\/wp-json\/wp\/v2\/posts\/12220\/revisions"}],"predecessor-version":[{"id":12401,"href":"https:\/\/www.vuosiamaailmalla.fi\/blog\/wp-json\/wp\/v2\/posts\/12220\/revisions\/12401"}],"wp:featuredmedia":[{"embeddable":true,"href":"https:\/\/www.vuosiamaailmalla.fi\/blog\/wp-json\/wp\/v2\/media\/12235"}],"wp:attachment":[{"href":"https:\/\/www.vuosiamaailmalla.fi\/blog\/wp-json\/wp\/v2\/media?parent=12220"}],"wp:term":[{"taxonomy":"category","embeddable":true,"href":"https:\/\/www.vuosiamaailmalla.fi\/blog\/wp-json\/wp\/v2\/categories?post=12220"},{"taxonomy":"post_tag","embeddable":true,"href":"https:\/\/www.vuosiamaailmalla.fi\/blog\/wp-json\/wp\/v2\/tags?post=12220"}],"curies":[{"name":"wp","href":"https:\/\/api.w.org\/{rel}","templated":true}]}}