{"id":12269,"date":"2021-06-27T12:59:40","date_gmt":"2021-06-27T19:59:40","guid":{"rendered":"https:\/\/www.vuosiamaailmalla.fi\/blog\/?p=12269"},"modified":"2021-07-01T16:49:49","modified_gmt":"2021-07-01T23:49:49","slug":"valloittava-keijumetsa","status":"publish","type":"post","link":"https:\/\/www.vuosiamaailmalla.fi\/blog\/2021\/valloittava-keijumetsa\/","title":{"rendered":"Valloittava keijumets\u00e4"},"content":{"rendered":"<p style=\"text-align: justify;\">Etel\u00e4-Surreyss\u00e4, l\u00e4hell\u00e4 <a title=\"Kanadan pisimm\u00e4ll\u00e4 laiturilla\" href=\"https:\/\/www.vuosiamaailmalla.fi\/blog\/2020\/kanadan-pisimmalla-laiturilla\/\">White Rockin<\/a> esikaupunkia, sijaitsee pieni ja monille tuntematon puisto nimelt\u00e4 <em>Redwood Park<\/em>. Pienell\u00e4 kukkulalla sijaitsevalla puistolla on kokoa 32 hehtaaria ja se oli alun perin 1870-luvulla raivattua viljelysmaata. Maan omisti paikallinen uudisasukas David Brown Senior, joka\u00a0 lahjoitti tilan lapsilleen Peterille ja Davidille vuonna 1893. Kyseess\u00e4 oli kuurojen kaksospoikien 21-vuotissyntym\u00e4p\u00e4iv\u00e4.<\/p>\n<p><!--more--><\/p>\n<p style=\"text-align: justify;\">Kaksoset rakastivat kuitenkin mets\u00e4\u00e4 yli kaiken ja he p\u00e4\u00e4tyiv\u00e4tkin viljelyn sijaan istuttamaan alueelle uuden mets\u00e4n. Innokkaina luontoihmisin\u00e4 he hankkivat itselleen eksoottisten puiden siemeni\u00e4 ymp\u00e4ri maailmaa, joista kenties upeimpina Kaliforniassa kasvavien ja jopa 3500 vuoden ik\u00e4\u00e4n el\u00e4vien mahtavien punapuiden siemenet.<\/p>\n<p style=\"text-align: center;\"><a href=\"\/blog\/wp-content\/uploads\/2021\/redwood_park4.jpg\"><img decoding=\"async\" src=\"\/blog\/wp-content\/uploads\/2021\/thumbs\/thumbs_redwood_park4.jpg\" \/><\/a><a href=\"\/blog\/wp-content\/uploads\/2021\/redwood_park6.jpg\"><img decoding=\"async\" src=\"\/blog\/wp-content\/uploads\/2021\/thumbs\/thumbs_redwood_park6.jpg\" \/><\/a><\/p>\n<p style=\"text-align: center;\"><em>Eksoottisia puulajeja<\/em><\/p>\n<p style=\"text-align: justify;\">Puistosta l\u00f6ytyykin nyky\u00e4\u00e4n yli 50 eri puulajia, jotka tekev\u00e4t sen puustosta muusta Lower Mainlandista poikkeavan. Mahtavat punapuut ovat kasvaneet sittemmin noin 120 vuoden ajan ja alkavat jo erottua muusta kasvustosta paksuina j\u00e4ttil\u00e4isin\u00e4.<\/p>\n<p style=\"text-align: center;\"><a href=\"\/blog\/wp-content\/uploads\/2021\/redwood_park1.jpg\"><img decoding=\"async\" src=\"\/blog\/wp-content\/uploads\/2021\/redwood_park1.jpg\" \/><\/a><\/p>\n<p style=\"text-align: center;\"><em>Uudelleenkasvanut mets\u00e4<\/em><\/p>\n<p style=\"text-align: justify;\">Veljekset asuivat nuoressa mets\u00e4ss\u00e4\u00e4n, jonne n\u00e4m\u00e4 rakensivat pienien m\u00f6kin, jossa eliv\u00e4t eristyksiss\u00e4 aina kuolemaansa saakka vuonna 1949 sek\u00e4 1958. N\u00e4iden j\u00e4ljilt\u00e4 mets\u00e4 siirtyi Surreyn kaupungin omistukseen, joka on tehnyt siit\u00e4 sittemmin paikallisten suosiman puiston.<\/p>\n<p style=\"text-align: center;\"><a href=\"\/blog\/wp-content\/uploads\/2021\/redwood_park5.jpg\"><img decoding=\"async\" src=\"\/blog\/wp-content\/uploads\/2021\/redwood_park5.jpg\" \/><\/a><\/p>\n<p style=\"text-align: center;\"><em>Kaksosten mets\u00e4m\u00f6kki<\/em><\/p>\n<p style=\"text-align: justify;\">Paikalla olikin helteisen\u00e4 lauantaina runsaasti v\u00e4ke\u00e4, jotka olivat paenneet puistoon kaupungin <a title=\"Kaikkien aikojen enn\u00e4tyshelle\" href=\"https:\/\/www.vuosiamaailmalla.fi\/blog\/2021\/kaikkien-aikojen-ennatyshelle\/\">tuskaisen kuumia<\/a> jopa +36 asteen l\u00e4mp\u00f6tiloja. Kanadalaiset rakastavat viett\u00e4\u00e4 p\u00e4iv\u00e4n puistossa tai rannoilla, ja paikalla olikin useita syntym\u00e4p\u00e4iv\u00e4juhlia viett\u00e4vi\u00e4 seurueita, nyt kun koronarajoituksia <a title=\"Puolet v\u00e4est\u00f6st\u00e4 rokotettu\" href=\"https:\/\/www.vuosiamaailmalla.fi\/blog\/2021\/puolet-vaestosta-rokotettu\/\">on h\u00f6llennetty<\/a> tuntuvasti.<\/p>\n<p style=\"text-align: center;\"><a href=\"\/blog\/wp-content\/uploads\/2021\/redwood_park2.jpg\"><img decoding=\"async\" src=\"\/blog\/wp-content\/uploads\/2021\/thumbs\/thumbs_redwood_park2.jpg\" \/><\/a><a href=\"\/blog\/wp-content\/uploads\/2021\/redwood_park3.jpg\"><img decoding=\"async\" src=\"\/blog\/wp-content\/uploads\/2021\/thumbs\/thumbs_redwood_park3.jpg\" \/><\/a><\/p>\n<p style=\"text-align: center;\"><em>Puistot ovat suosittuja piknikpaikkoja<\/em><\/p>\n<p style=\"text-align: justify;\">Erityisesti lapsiperheit\u00e4 vet\u00e4\u00e4 puoleensa puistossa asuvat maagiset keijut, jotka asuvat puistossa olevissa sadoissa, siis todellakin <strong>sadoissa<\/strong>, pieniss\u00e4 keijukodeissa. Perinteen alusta ei ole tarkkaa tietoa, mutta luetun perusteella se lienee saanut alkunsa paikallisten asukkaiden mets\u00e4\u00e4n piilottamista pienist\u00e4 keijuovista. Niiden innoittamana puistossa vierailevat alkoivat tuoda mukanaan kotona askartelemiaan pieni\u00e4 ja v\u00e4rikk\u00e4it\u00e4 koteja, joita on nyt mets\u00e4ss\u00e4 todellakin satoja!<\/p>\n<p style=\"text-align: center;\"><a href=\"\/blog\/wp-content\/uploads\/2021\/keijumetsa9.jpg\"><img decoding=\"async\" src=\"\/blog\/wp-content\/uploads\/2021\/thumbs\/thumbs_keijumetsa9.jpg\" \/><\/a><a href=\"\/blog\/wp-content\/uploads\/2021\/keijumetsa2.jpg\"><img decoding=\"async\" src=\"\/blog\/wp-content\/uploads\/2021\/thumbs\/thumbs_keijumetsa2.jpg\" \/><\/a><a href=\"\/blog\/wp-content\/uploads\/2021\/keijumetsa8.jpg\"><img decoding=\"async\" src=\"\/blog\/wp-content\/uploads\/2021\/thumbs\/thumbs_keijumetsa8.jpg\" \/><\/a><br \/>\n<a href=\"\/blog\/wp-content\/uploads\/2021\/keijumetsa3.jpg\"><img decoding=\"async\" src=\"\/blog\/wp-content\/uploads\/2021\/thumbs\/thumbs_keijumetsa3.jpg\" \/><\/a><a href=\"\/blog\/wp-content\/uploads\/2021\/keijumetsa10.jpg\"><img decoding=\"async\" src=\"\/blog\/wp-content\/uploads\/2021\/thumbs\/thumbs_keijumetsa10.jpg\" \/><\/a><a href=\"\/blog\/wp-content\/uploads\/2021\/keijumetsa11.jpg\"><img decoding=\"async\" src=\"\/blog\/wp-content\/uploads\/2021\/thumbs\/thumbs_keijumetsa11.jpg\" \/><\/a><\/p>\n<p style=\"text-align: center;\"><em>Maaginen keijumets\u00e4<\/em><\/p>\n<p style=\"text-align: center;\"><a href=\"\/blog\/wp-content\/uploads\/2021\/keijumetsa1.jpg\"><img decoding=\"async\" src=\"\/blog\/wp-content\/uploads\/2021\/keijumetsa1.jpg\" \/><\/a><\/p>\n<p style=\"text-align: center;\"><em>Monenlaisia asuntoja<\/em><\/p>\n<p style=\"text-align: justify;\">N\u00e4ky onkin todella hauska ja on yll\u00e4tt\u00e4v\u00e4\u00e4 miten v\u00e4h\u00e4n tunnettu paikka on kyseess\u00e4. Puisto sijaitsee Vancouverista noin 50 kilometri\u00e4 etel\u00e4\u00e4n ja l\u00e4hell\u00e4 <a title=\"Kriisi Kanadan rajoilla\" href=\"https:\/\/www.vuosiamaailmalla.fi\/blog\/2017\/kriisi-kanadan-rajoilla\/\">Yhdysvaltojen rajaa<\/a>, mutta p\u00e4iv\u00e4matka sinne kannattaa ehdottomasti.<\/p>\n<p style=\"text-align: center;\"><a href=\"\/blog\/wp-content\/uploads\/2021\/keijumetsa4.jpg\"><img decoding=\"async\" src=\"\/blog\/wp-content\/uploads\/2021\/thumbs\/thumbs_keijumetsa4.jpg\" \/><\/a><a href=\"\/blog\/wp-content\/uploads\/2021\/keijumetsa5.jpg\"><img decoding=\"async\" src=\"\/blog\/wp-content\/uploads\/2021\/thumbs\/thumbs_keijumetsa5.jpg\" \/><\/a><a href=\"\/blog\/wp-content\/uploads\/2021\/keijumetsa7.jpg\"><img decoding=\"async\" src=\"\/blog\/wp-content\/uploads\/2021\/thumbs\/thumbs_keijumetsa7.jpg\" \/><\/a><br \/>\n<a href=\"\/blog\/wp-content\/uploads\/2021\/keijumetsa6.jpg\"><img decoding=\"async\" src=\"\/blog\/wp-content\/uploads\/2021\/thumbs\/thumbs_keijumetsa6.jpg\" \/><\/a><a href=\"\/blog\/wp-content\/uploads\/2021\/keijumetsa12.jpg\"><img decoding=\"async\" src=\"\/blog\/wp-content\/uploads\/2021\/thumbs\/thumbs_keijumetsa12.jpg\" \/><\/a><\/p>\n<p style=\"text-align: center;\"><em>V\u00e4rikk\u00e4it\u00e4 keijukoteja<\/em><\/p>\n<p style=\"text-align: justify;\">Keli oli lauantaina niin kuuma, ett\u00e4 joudumme palaamaan paikalle joskus my\u00f6hemmin uudestaan, tutkimaan keijumets\u00e4\u00e4 tarkemmin <a title=\"Iloisia perheuutisia!\" href=\"https:\/\/www.vuosiamaailmalla.fi\/blog\/2021\/iloisia-perheuutisia\/\">tytt\u00e4remme<\/a> kanssa.<\/p>\n","protected":false},"excerpt":{"rendered":"<p>Etel\u00e4-Surreyss\u00e4, l\u00e4hell\u00e4 White Rockin esikaupunkia, sijaitsee pieni ja monille tuntematon puisto nimelt\u00e4 Redwood Park. Pienell\u00e4 kukkulalla sijaitsevalla puistolla on kokoa 32 hehtaaria ja se oli alun perin 1870-luvulla raivattua viljelysmaata. Maan omisti paikallinen uudisasukas David Brown Senior, joka\u00a0 lahjoitti tilan lapsilleen Peterille ja Davidille vuonna 1893. Kyseess\u00e4 oli kuurojen kaksospoikien 21-vuotissyntym\u00e4p\u00e4iv\u00e4.<\/p>\n","protected":false},"author":1,"featured_media":12270,"comment_status":"open","ping_status":"closed","sticky":false,"template":"","format":"standard","meta":{"_jetpack_memberships_contains_paid_content":false,"footnotes":""},"categories":[17,3,777,774],"tags":[133,935,1682,201],"class_list":["post-12269","post","type-post","status-publish","format-standard","has-post-thumbnail","hentry","category-arki-kanadassa","category-arki-ulkomailla","category-kavely","category-ulkoilu","tag-hassua","tag-kanada","tag-redwood-park","tag-surrey"],"jetpack_featured_media_url":"https:\/\/www.vuosiamaailmalla.fi\/blog\/wp-content\/uploads\/keijumetsa_banner.jpg","jetpack_sharing_enabled":true,"_links":{"self":[{"href":"https:\/\/www.vuosiamaailmalla.fi\/blog\/wp-json\/wp\/v2\/posts\/12269","targetHints":{"allow":["GET"]}}],"collection":[{"href":"https:\/\/www.vuosiamaailmalla.fi\/blog\/wp-json\/wp\/v2\/posts"}],"about":[{"href":"https:\/\/www.vuosiamaailmalla.fi\/blog\/wp-json\/wp\/v2\/types\/post"}],"author":[{"embeddable":true,"href":"https:\/\/www.vuosiamaailmalla.fi\/blog\/wp-json\/wp\/v2\/users\/1"}],"replies":[{"embeddable":true,"href":"https:\/\/www.vuosiamaailmalla.fi\/blog\/wp-json\/wp\/v2\/comments?post=12269"}],"version-history":[{"count":3,"href":"https:\/\/www.vuosiamaailmalla.fi\/blog\/wp-json\/wp\/v2\/posts\/12269\/revisions"}],"predecessor-version":[{"id":12294,"href":"https:\/\/www.vuosiamaailmalla.fi\/blog\/wp-json\/wp\/v2\/posts\/12269\/revisions\/12294"}],"wp:featuredmedia":[{"embeddable":true,"href":"https:\/\/www.vuosiamaailmalla.fi\/blog\/wp-json\/wp\/v2\/media\/12270"}],"wp:attachment":[{"href":"https:\/\/www.vuosiamaailmalla.fi\/blog\/wp-json\/wp\/v2\/media?parent=12269"}],"wp:term":[{"taxonomy":"category","embeddable":true,"href":"https:\/\/www.vuosiamaailmalla.fi\/blog\/wp-json\/wp\/v2\/categories?post=12269"},{"taxonomy":"post_tag","embeddable":true,"href":"https:\/\/www.vuosiamaailmalla.fi\/blog\/wp-json\/wp\/v2\/tags?post=12269"}],"curies":[{"name":"wp","href":"https:\/\/api.w.org\/{rel}","templated":true}]}}