{"id":12283,"date":"2021-07-01T16:19:05","date_gmt":"2021-07-01T23:19:05","guid":{"rendered":"https:\/\/www.vuosiamaailmalla.fi\/blog\/?p=12283"},"modified":"2021-09-12T21:36:56","modified_gmt":"2021-09-13T04:36:56","slug":"rokotusten-karkimaa","status":"publish","type":"post","link":"https:\/\/www.vuosiamaailmalla.fi\/blog\/2021\/rokotusten-karkimaa\/","title":{"rendered":"Rokotusten k\u00e4rkimaa"},"content":{"rendered":"<p style=\"text-align: justify;\">On hassua mietti\u00e4, ett\u00e4 koronarokotusten alkamisesta Kanadassa on ehtinyt kulunut jo kuusi ja puoli kuukautta. <a title=\"Joulu pandemian keskell\u00e4\" href=\"https:\/\/www.vuosiamaailmalla.fi\/blog\/2020\/joulu-pandemian-keskella\/\">Joulukuun puoliv\u00e4liss\u00e4<\/a> annetut ensimm\u00e4iset rokotukset kohdistettiin terveydenhoitohenkil\u00f6kuntaan sek\u00e4 kaikkein i\u00e4kk\u00e4impiin, joiden laaja rokotuskampanja alkoi heti alkuvuodesta. Alku oli tosin tahmea ja toimistusvaikeuksien vuoksi rokotukset l\u00e4htiv\u00e4t rullaamaan vasta helmikuun lopussa.<\/p>\n<p><!--more--><\/p>\n<p style=\"text-align: justify;\">Rokotustahti on sittemmin <a title=\"Vauhtia rokotuksiin\" href=\"https:\/\/www.vuosiamaailmalla.fi\/blog\/2021\/vauhtia-rokotuksiin\/\">kiihtynyt vauhdilla<\/a> ja maaliskuussa <em>AstraZenecan<\/em> rokotetta tuli saataville my\u00f6s tavallisiin apteekkeihin. Monet jonottivatkin jopa tuntikausia saadakseen ensimm\u00e4isen pistoksen heti kuin mahdollista, mutta veritulppakohujen j\u00e4lkeen rokote katosi l\u00e4hes kokonaan Kanadan markkinoilta. Samaan aikaan kuitenkin sek\u00e4 <em>Pfizerin<\/em> ett\u00e4 <em>Modernan<\/em> mRNA-rokotteita alkoi saapua sellaista vauhtia, ett\u00e4 rokotusryhm\u00e4t laajenivat jopa <a title=\"Miljoona rokotettua\" href=\"https:\/\/www.vuosiamaailmalla.fi\/blog\/2021\/miljoona-rokotettua\/\">muutaman p\u00e4iv\u00e4n v\u00e4lein<\/a>.<\/p>\n<p style=\"text-align: center;\"><a href=\"\/blog\/wp-content\/uploads\/2021\/rokotukset_nousussa2.jpg\"><img decoding=\"async\" src=\"\/blog\/wp-content\/uploads\/2021\/thumbs\/thumbs_rokotukset_nousussa2.jpg\" \/><\/a><a href=\"\/blog\/wp-content\/uploads\/2021\/rokoteosuudet.jpg\"><img decoding=\"async\" src=\"\/blog\/wp-content\/uploads\/2021\/thumbs\/thumbs_rokoteosuudet.jpg\" \/><\/a><\/p>\n<p style=\"text-align: center;\"><em>Vauhdilla kohonneet rokotuslukemat<\/em><\/p>\n<p style=\"text-align: justify;\">H\u00f6lm\u00f6 k\u00f6mm\u00e4hdys oli provinssihallituksen p\u00e4\u00e4t\u00f6s avata rokotukset todella aikaisessa vaiheessa kaikkien yli 18-vuotiaiden alkuasukasryhmien saataville, mik\u00e4 oli muita v\u00e4est\u00f6ryhmi\u00e4 syrjiv\u00e4 p\u00e4\u00e4t\u00f6s. Rokotettavien ik\u00e4ryhm\u00e4 laajeni kuitenkin nopeasti my\u00f6s kaikkiin muihin ryhmiin ja toukokuun puoliv\u00e4list\u00e4 saakka kaikki yli 12-vuotiaat ovat olleet oikeutettuja varaamaan rokotusajan.<\/p>\n<p style=\"text-align: justify;\">Kanadalaiset ovatkin rynnineet <a title=\"Puolet v\u00e4est\u00f6st\u00e4 rokotettu\" href=\"https:\/\/www.vuosiamaailmalla.fi\/blog\/2021\/puolet-vaestosta-rokotettu\/\">rokotuttamaan itsens\u00e4<\/a>, sill\u00e4 maa on kohonnut hyvin nopeassa tahdissa rokotusten <strong>maailman ykk\u00f6seksi<\/strong> v\u00e4est\u00f6n kattavuudella mitattuna. Yli 25 miljoonaa kanadalaista ja k\u00e4yt\u00e4nn\u00f6ss\u00e4 kaikki halukkaat ovat nyt saanut ensimm\u00e4isen annoksensa, joka vastaa yli 75% maan yli 12-vuotiaasta v\u00e4est\u00f6st\u00e4.<\/p>\n<p style=\"text-align: justify;\">Lukema on viel\u00e4 t\u00e4t\u00e4kin korkeampi t\u00e4\u00e4ll\u00e4 British Columbiassa, jossa 77.1% yli 12-vuotiaista ja per\u00e4ti 78.4 % kaikista aikuisista on saanut v\u00e4hint\u00e4\u00e4n yhden rokotuksen. Keskiviikkona juhlittiinkin <strong>viidett\u00e4 miljoonatta<\/strong> rokotusta provinssin alueella ja operaation fokus onkin nyt siirtynyt toisiin rokotuksiin, joissa lukemat ovat samassa j\u00e4rjestyksess\u00e4 30.6% ja 32.8%. Yhteens\u00e4 siis kolmannes v\u00e4est\u00f6st\u00e4 on nyt rokotettu t\u00e4ysin ja hein\u00e4kuun aikana saapuu riitt\u00e4v\u00e4 m\u00e4\u00e4r\u00e4 rokotteita koko v\u00e4est\u00f6n rokottamiseksi kahdesti elokuun puoliv\u00e4liin menness\u00e4.<\/p>\n<p style=\"text-align: center;\"><a href=\"\/blog\/wp-content\/uploads\/2021\/rokotus_vertailu.jpg\"><img decoding=\"async\" src=\"\/blog\/wp-content\/uploads\/2021\/thumbs\/thumbs_rokotus_vertailu.jpg\" \/><\/a><a href=\"\/blog\/wp-content\/uploads\/2021\/kanadan_rokotetut2.jpg\"><img decoding=\"async\" src=\"\/blog\/wp-content\/uploads\/2021\/thumbs\/thumbs_kanadan_rokotetut2.jpg\" \/><\/a><\/p>\n<p style=\"text-align: center;\"><em>Rokotusten maailman k\u00e4rke\u00e4<\/em><\/p>\n<p style=\"text-align: justify;\">Se on hieno uutinen ja rokotuskattavuuden nopea laajentuminen n\u00e4kyy my\u00f6s koronatilastoissa. Huhtikuussa l\u00e4hes <a title=\"K\u00e4sist\u00e4 karannut korona\" href=\"https:\/\/www.vuosiamaailmalla.fi\/blog\/2020\/kasista-karannut-korona\/\">k\u00e4sist\u00e4 riist\u00e4ytynyt epidemia<\/a> n\u00e4kyi t\u00e4\u00e4ll\u00e4 meill\u00e4 jopa 1200 p\u00e4ivitt\u00e4isen\u00e4 tartuntana, mist\u00e4 ollaan pudottu nopeasti noin 40 p\u00e4iv\u00e4tartunnan tienoille. Aktiivisten tapausten m\u00e4\u00e4r\u00e4 oli pahimmillaan l\u00e4hes 10 000, ollen nyt vain 816 tapausta samaan aikaan, kun sairaaloissa on 108 ihmist\u00e4, joista ainoastaan 34 tehohoidossa. Kuolemia rekister\u00f6id\u00e4\u00e4n edelleen muutamia, mutta nollap\u00e4ivi\u00e4kin on ollut ilahduttavasti. Yhteens\u00e4 1754 ihmist\u00e4 on kuollut British Columbiassa koronaan ja 26 295 koko Kanadassa.<\/p>\n<p style=\"text-align: center;\"><a href=\"\/blog\/wp-content\/uploads\/2021\/kanadan_aktiiviset_tapaukset2.jpg\"><img decoding=\"async\" src=\"\/blog\/wp-content\/uploads\/2021\/kanadan_aktiiviset_tapaukset2.jpg\" \/><\/a><\/p>\n<p style=\"text-align: center;\"><em>Aktiiviset tartunnat ovat romahtaneet<\/em><\/p>\n<p style=\"text-align: justify;\">Erinomainen rokotustilanne mahdollistikin British Columbian siirty\u00e4 t\u00e4n\u00e4\u00e4n vietett\u00e4v\u00e4n\u00e4 <a title=\"Virtuaalinen Canada Day\" href=\"https:\/\/www.vuosiamaailmalla.fi\/blog\/2020\/virtuaalinen-canada-day\/\">itsen\u00e4isyysp\u00e4iv\u00e4n\u00e4<\/a> yhteiskunnan avautumisessa kolmanteen ja samalla toiseksi viimeiseen vaiheeseen. T\u00e4st\u00e4 p\u00e4iv\u00e4st\u00e4 eteenp\u00e4in kasvosuojat ovat viimeinkin pakollisten sijaan en\u00e4\u00e4 vain suositeltuja, joskin yksitt\u00e4iset liikkeet voivat edelleen asettaa omia s\u00e4\u00e4d\u00f6ksi\u00e4\u00e4n.<\/p>\n<p style=\"text-align: justify;\">Kokoontumisrajoitukset ravintoloissa ja ulkona poistuvat kokonaan voimasta ja 5000 osallistujan tapahtumat ovat nyt sallittuja. Yli vuoden tauon j\u00e4lkeen y\u00f6kerhot sek\u00e4 kasinot avaavat j\u00e4lleen ovensa, joskin vain puolella kapasiteetilla. Kuntosalit ja kaikki muut liiketoiminnot sek\u00e4 urheilutapahtumat palaavat kaikki nyt normaaleihin mittoihinsa.<\/p>\n<p style=\"text-align: center;\"><a href=\"\/blog\/wp-content\/uploads\/2021\/avautuva_bc.jpg\"><img decoding=\"async\" src=\"\/blog\/wp-content\/uploads\/2021\/avautuva_bc.jpg\" \/><\/a><\/p>\n<p style=\"text-align: center;\"><em>Uusi kolmas vaihe<\/em><\/p>\n<p style=\"text-align: justify;\">Viimeisimp\u00e4n\u00e4 muutoksena kaikki maan sis\u00e4inen matkustaminen on nyt avautunut, joskin jokainen provinssi asettaa omat s\u00e4\u00e4nt\u00f6ns\u00e4 ja British Columbia on t\u00e4ss\u00e4 useita muita provinsseja edell\u00e4. Avautuminen tulee kuitenkin hyv\u00e4\u00e4n rakoon, sill\u00e4 kanadalaisten kes\u00e4lomat alkavat yleens\u00e4 t\u00e4st\u00e4 viikosta ja esimerkiksi lauttaterminaaleilla on ollut viime p\u00e4ivin\u00e4 ruuhkaista ihmisten l\u00e4htiess\u00e4 viimeinkin odotetulle lomalle, osan paetessa my\u00f6s <a title=\"Kaikkien aikojen enn\u00e4tyshelle\" href=\"https:\/\/www.vuosiamaailmalla.fi\/blog\/2021\/kaikkien-aikojen-ennatyshelle\/\">t\u00e4m\u00e4n viikon superhelteiss\u00e4<\/a> l\u00e4mminneit\u00e4 kotejaan.<\/p>\n<p style=\"text-align: justify;\">Kansainv\u00e4linen matkustus pysyy edelleen rajoitettuna ja <a title=\"Kriisi Kanadan rajoilla\" href=\"https:\/\/www.vuosiamaailmalla.fi\/blog\/2017\/kriisi-kanadan-rajoilla\/\">Yhdysvaltojen raja<\/a> suljettuna ainakin puoleen kuuhun asti. Silti lentomatkustuksestakin poistuu ensi viikolla velvoite hotellikaranteenista t\u00e4ysin rokotetuille ihmisille. Rokotusstatus pit\u00e4\u00e4 kuitenkin todistaa, eik\u00e4 Kanada hyv\u00e4ksy kuin nelj\u00e4 maassa t\u00e4ll\u00e4 hetkell\u00e4 hyv\u00e4ksytty\u00e4 rokotettua eli esimerkiksi Kiinasta tulevilla ei ole jatkossakaan vapaata p\u00e4\u00e4sy\u00e4 maahan. Varsinaista rokotepassia ei ole kuitenkaan <a title=\"Kiistanalainen rokotepassi k\u00e4ytt\u00f6\u00f6n\" href=\"https:\/\/www.vuosiamaailmalla.fi\/blog\/2021\/kiistanalainen-rokotepassi-kayttoon\/\">t\u00e4ll\u00e4 haavaa<\/a> tulossa Kanadassa k\u00e4ytt\u00f6\u00f6n.<\/p>\n<p style=\"text-align: center;\"><a href=\"\/blog\/wp-content\/uploads\/2021\/rokotustodistus.jpg\"><img decoding=\"async\" src=\"\/blog\/wp-content\/uploads\/2021\/rokotustodistus.jpg\" \/><\/a><\/p>\n<p style=\"text-align: center;\"><em>Rokotuskortti<\/em><\/p>\n<p style=\"text-align: justify;\">Tilanteen ollessa n\u00e4in hyv\u00e4, tuntuu hassulta miten ihmiset panikoivat rokotusten kanssa vain kuukausi sitten. Moni p\u00e4\u00e4tyi my\u00f6s ottamaan AstraZenecan, jolle on nyt vaikeuksia saada toista annosta. Terveysviranomaiset ovatkin suositelleet n\u00e4it\u00e4 ihmisi\u00e4 miksaamaan toiseksi annoksi joko Pfizeria tai Modernaa, mik\u00e4 hieman ep\u00e4illytt\u00e4\u00e4.<\/p>\n<p style=\"text-align: justify;\">Itse en ole pit\u00e4nyt mit\u00e4\u00e4n kiirett\u00e4 rokotuksen kanssa, vaikka olisin ollut oikeutettu sellaiseen jo kahden kuukauden ajan. K\u00e4vin lopulta viikko sitten ottamassa ensimm\u00e4isen annokseni ilman jonotusta ja h\u00e4slinki\u00e4 Vancouverin ydinkeskustan <em>Canada Placen<\/em> suuressa rokotuskeskuksesta. Kyseess\u00e4 on valtava koneisto, jonka l\u00e4vitse kulkee p\u00e4ivitt\u00e4in yli 5000 rokotettavaa. Jonot ovat pitki\u00e4, mutta liikkuvat suuren kapasiteetin ansiosta jatkuvasti ja olinkin valmis hieman alle tunnissa.<\/p>\n<p style=\"text-align: center;\"><a href=\"\/blog\/wp-content\/uploads\/2021\/rokotusjonossa.jpg\"><img decoding=\"async\" src=\"\/blog\/wp-content\/uploads\/2021\/thumbs\/thumbs_rokotusjonossa.jpg\" \/><\/a><a href=\"\/blog\/wp-content\/uploads\/2021\/rokotuksen_jalkeen.jpg\"><img decoding=\"async\" src=\"\/blog\/wp-content\/uploads\/2021\/thumbs\/thumbs_rokotuksen_jalkeen.jpg\" \/><\/a><\/p>\n<p style=\"text-align: center;\"><em>Canada Placen jonossa<\/em><\/p>\n<p style=\"text-align: justify;\">Suurin osa paikalla olleista oli jo toisen rokotuksen saavia, mik\u00e4 seuraa minullakin t\u00e4m\u00e4n kuun lopussa mukavasti ruuhkan jo hellitetty\u00e4. Niina ei ole ottanut viel\u00e4 rokotetta <a title=\"Raskausaika Kanadassa\" href=\"https:\/\/www.vuosiamaailmalla.fi\/blog\/2021\/raskausaika-kanadassa\/\">loppuraskauden vuoksi<\/a>, mik\u00e4 on ollut meid\u00e4n yhteinen p\u00e4\u00e4t\u00f6s. H\u00e4n ottaakin rokotuksen joskus elokuussa niin ett\u00e4 toinen annos tulee h\u00e4nell\u00e4kin voimaan syksyll\u00e4, hyviss\u00e4 ajoin ennen joulukuuksi suunnittelemaamme Suomen matkaa.<\/p>\n<p style=\"text-align: justify;\">Epidemian loppu alkaakin h\u00e4\u00e4m\u00f6tt\u00e4m\u00e4\u00e4n ja toivoa sopii etteiv\u00e4t ulkomaiset variantit aiheuta syksyll\u00e4 mutkia matkaan. Kiintoisaa on n\u00e4hd\u00e4 my\u00f6s miten helposti paluu normaaliin tulee tapahtumaan, sill\u00e4 monille uudesta normaalista on tullut jo normaalia. Toivon mukaan palaamme kuitenkin mahdollisimman normaaliin el\u00e4m\u00e4\u00e4n, jossa asiaa ei tarvitse en\u00e4\u00e4 mietti\u00e4.<\/p>\n","protected":false},"excerpt":{"rendered":"<p>On hassua mietti\u00e4, ett\u00e4 koronarokotusten alkamisesta Kanadassa on ehtinyt kulunut jo kuusi ja puoli kuukautta. Joulukuun puoliv\u00e4liss\u00e4 annetut ensimm\u00e4iset rokotukset kohdistettiin terveydenhoitohenkil\u00f6kuntaan sek\u00e4 kaikkein i\u00e4kk\u00e4impiin, joiden laaja rokotuskampanja alkoi heti alkuvuodesta. Alku oli tosin tahmea ja toimistusvaikeuksien vuoksi rokotukset l\u00e4htiv\u00e4t rullaamaan vasta helmikuun lopussa.<\/p>\n","protected":false},"author":1,"featured_media":12285,"comment_status":"open","ping_status":"closed","sticky":false,"template":"","format":"standard","meta":{"_jetpack_memberships_contains_paid_content":false,"footnotes":""},"categories":[17,3],"tags":[25,34,80,1167,935,1487,939],"class_list":["post-12283","post","type-post","status-publish","format-standard","has-post-thumbnail","hentry","category-arki-kanadassa","category-arki-ulkomailla","tag-ajankohtaista","tag-arki","tag-canada-day","tag-canada-place","tag-kanada","tag-koronavirus","tag-vancouver"],"jetpack_featured_media_url":"https:\/\/www.vuosiamaailmalla.fi\/blog\/wp-content\/uploads\/rokotuksen_jalkeen_banner.jpg","jetpack_sharing_enabled":true,"_links":{"self":[{"href":"https:\/\/www.vuosiamaailmalla.fi\/blog\/wp-json\/wp\/v2\/posts\/12283","targetHints":{"allow":["GET"]}}],"collection":[{"href":"https:\/\/www.vuosiamaailmalla.fi\/blog\/wp-json\/wp\/v2\/posts"}],"about":[{"href":"https:\/\/www.vuosiamaailmalla.fi\/blog\/wp-json\/wp\/v2\/types\/post"}],"author":[{"embeddable":true,"href":"https:\/\/www.vuosiamaailmalla.fi\/blog\/wp-json\/wp\/v2\/users\/1"}],"replies":[{"embeddable":true,"href":"https:\/\/www.vuosiamaailmalla.fi\/blog\/wp-json\/wp\/v2\/comments?post=12283"}],"version-history":[{"count":3,"href":"https:\/\/www.vuosiamaailmalla.fi\/blog\/wp-json\/wp\/v2\/posts\/12283\/revisions"}],"predecessor-version":[{"id":12440,"href":"https:\/\/www.vuosiamaailmalla.fi\/blog\/wp-json\/wp\/v2\/posts\/12283\/revisions\/12440"}],"wp:featuredmedia":[{"embeddable":true,"href":"https:\/\/www.vuosiamaailmalla.fi\/blog\/wp-json\/wp\/v2\/media\/12285"}],"wp:attachment":[{"href":"https:\/\/www.vuosiamaailmalla.fi\/blog\/wp-json\/wp\/v2\/media?parent=12283"}],"wp:term":[{"taxonomy":"category","embeddable":true,"href":"https:\/\/www.vuosiamaailmalla.fi\/blog\/wp-json\/wp\/v2\/categories?post=12283"},{"taxonomy":"post_tag","embeddable":true,"href":"https:\/\/www.vuosiamaailmalla.fi\/blog\/wp-json\/wp\/v2\/tags?post=12283"}],"curies":[{"name":"wp","href":"https:\/\/api.w.org\/{rel}","templated":true}]}}