{"id":12386,"date":"2021-08-31T11:29:01","date_gmt":"2021-08-31T18:29:01","guid":{"rendered":"https:\/\/www.vuosiamaailmalla.fi\/blog\/?p=12386"},"modified":"2021-09-12T11:15:03","modified_gmt":"2021-09-12T18:15:03","slug":"ulkoilijat-kojoottien-saaliina","status":"publish","type":"post","link":"https:\/\/www.vuosiamaailmalla.fi\/blog\/2021\/ulkoilijat-kojoottien-saaliina\/","title":{"rendered":"Ulkoilijat kojoottien saaliina"},"content":{"rendered":"<p style=\"text-align: justify;\">Yksi Vancouverin suurimpia kruununjalokivi\u00e4 on Downtownin niemimaan k\u00e4rjess\u00e4 sijaitseva 405 hehtaarin kokoinen Stanley Park. Vehre\u00e4\u00e4 mets\u00e4puistoa kiert\u00e4\u00e4 maailmankuulu rantareitti <em>Seawall<\/em> ja sen sisuksissa kulkee lukuisia k\u00e4velypolkuja <a title=\"Sapattivieraat k\u00e4ym\u00e4ss\u00e4\" href=\"https:\/\/www.vuosiamaailmalla.fi\/blog\/2015\/sapattivieraat-kaymassa\/\">puiston monien n\u00e4ht\u00e4vyyksien<\/a> ja hiekkarantojen v\u00e4lill\u00e4. Nyt t\u00e4m\u00e4n kymmenientuhansien ulkoilijoiden vaaliman puiston yll\u00e4 leijuu kuitenkin synkk\u00e4 pilvi, sill\u00e4 puiston siimeksess\u00e4 vaanii ulkoilijoita mets\u00e4st\u00e4v\u00e4 peto.<\/p>\n<p><!--more--><\/p>\n<p style=\"text-align: justify;\">Stanley Park on monenlaisten el\u00e4imien koti, joista n\u00e4kyvimpi\u00e4 ovat kymmenet pesukarhut. Puistoa asuttavat kuitenkin my\u00f6s j\u00e4nikset, haisun\u00e4\u00e4d\u00e4t sek\u00e4 majavat, joille kaikille se on koti aivan suurkaupungin ytimess\u00e4. Karhujen ja puumien kaltaiset t\u00e4k\u00e4l\u00e4iset petoel\u00e4imet ovat kuitenkin pysytelleet puistosta poissa, mutta viime joulukuusta l\u00e4htien puiston alueella on alettu raportoida lis\u00e4\u00e4ntyv\u00e4st\u00e4 m\u00e4\u00e4r\u00e4st\u00e4 hy\u00f6kk\u00e4yksi\u00e4 ihmisi\u00e4 kohtaan.<\/p>\n<p style=\"text-align: center;\"><a href=\"\/blog\/wp-content\/uploads\/2017\/stanley_parkin_pyoraily3.jpg\"><img decoding=\"async\" src=\"\/blog\/wp-content\/uploads\/2017\/thumbs\/thumbs_stanley_parkin_pyoraily3.jpg\" \/><\/a><a href=\"\/blog\/wp-content\/uploads\/2017\/stanley_parkin_pyoraily8.jpg\"><img decoding=\"async\" src=\"\/blog\/wp-content\/uploads\/2017\/thumbs\/thumbs_stanley_parkin_pyoraily8.jpg\" \/><\/a><a href=\"\/blog\/wp-content\/uploads\/2017\/stanley_parkin_pyoraily7.jpg\"><img decoding=\"async\" src=\"\/blog\/wp-content\/uploads\/2017\/thumbs\/thumbs_stanley_parkin_pyoraily7.jpg\" \/><\/a><\/p>\n<p style=\"text-align: center;\"><em>Stanley Parkin asukkaita ja maisemia<\/em><\/p>\n<p style=\"text-align: justify;\">Pahantekij\u00e4n\u00e4 ovat kojootit, joita arvioidaan asuvan puistossa t\u00e4ll\u00e4 hetkell\u00e4 ainakin 12 kappaletta. Normaalisti kojootit v\u00e4ltt\u00e4v\u00e4t ihmiskontaktia, mutta t\u00e4m\u00e4n vuoden aikana yksitt\u00e4inen kojootti tai lauman jotkin yksil\u00f6t ovat alkaneet hy\u00f6kk\u00e4\u00e4m\u00e4\u00e4n selitt\u00e4m\u00e4tt\u00f6m\u00e4sti ihmisten kimppuun niin, ett\u00e4 hy\u00f6kk\u00e4yksi\u00e4 on tilastoitu jo yli 40. Hy\u00f6kk\u00e4ysten yhteydess\u00e4 ihmisi\u00e4 on purtu raajoihin ja uhreista kaksi ovat olleet pieni\u00e4 lapsia.<\/p>\n<p style=\"text-align: justify;\">Hy\u00f6kk\u00e4ysten syyksi on esitetty ihmisten el\u00e4imille j\u00e4tt\u00e4m\u00e4\u00e4 ravintoa sek\u00e4 roskia, jotka ovat totuttaneet el\u00e4imet ihmisten tuoksuun. Viranomaiset tutkivat esimerkiksi raportteja Instagram-idiooteista, joiden sanotaan tuoneen puistoon ruokaa vain saadakseen sosiaaliseen mediaan poseerauskuvan kojootin kanssa. Mahdollisena pidet\u00e4\u00e4n my\u00f6s ett\u00e4 puistossa majailevat kodittomat j\u00e4tt\u00e4v\u00e4t j\u00e4lkeens\u00e4 runsaasti roskaa, joka olisi ongelman taustalla. Joidenkin &#8221;asiantuntijoiden&#8221; mukaan el\u00e4inten poikkeuksellisen k\u00e4yt\u00f6ksen voisi aiheuttaa my\u00f6s Vancouverissa <a title=\"Rikollisille luovutettu paratiisi\" href=\"https:\/\/www.vuosiamaailmalla.fi\/blog\/2021\/rikollisille-luovutettu-paratiisi\/\">kaikkialla olevat huumeidenk\u00e4ytt\u00e4j\u00e4t<\/a>, joiden j\u00e4tt\u00e4mi\u00e4 pillereit\u00e4 kojootit popsisivat.<\/p>\n<p style=\"text-align: center;\"><a href=\"\/blog\/wp-content\/uploads\/2021\/stanley_park_kojootti2.jpg\"><img decoding=\"async\" src=\"\/blog\/wp-content\/uploads\/2021\/stanley_park_kojootti2.jpg\" \/><\/a><\/p>\n<p style=\"text-align: center;\"><em>Kojooteille kelpaa kaikki liikkuva<\/em><\/p>\n<p style=\"text-align: justify;\">H\u00e4pe\u00e4llinen tosiasia kuitenkin on, ett\u00e4 tapaus on saanut Vancouverin jo aiemmissa kohuissa pahasti ryvettyneen puisto-osaston antautumaan ongelman edess\u00e4 t\u00e4ysin ja ainoana toimenaan sulkemaan puiston ihmisilt\u00e4 iltaseitsem\u00e4n j\u00e4lkeen. Villiel\u00e4imist\u00e4 vastaavat viranomaiset ovat sent\u00e4\u00e4n toimineet asiassa ja ampuneet t\u00e4h\u00e4n menness\u00e4 kuusi kojoottia, mik\u00e4 ei ole kuitenkaan v\u00e4hent\u00e4nyt hy\u00f6kk\u00e4yksi\u00e4 ja saanut luontov\u00e4en sotajalalle.<\/p>\n<p style=\"text-align: center;\"><a href=\"\/blog\/wp-content\/uploads\/2021\/stanley_park_kojootti1.jpg\"><img decoding=\"async\" src=\"\/blog\/wp-content\/uploads\/2021\/thumbs\/thumbs_stanley_park_kojootti1.jpg\" \/><\/a><a href=\"\/blog\/wp-content\/uploads\/2021\/stanley_park_kojootti3.jpg\"><img decoding=\"async\" src=\"\/blog\/wp-content\/uploads\/2021\/thumbs\/thumbs_stanley_park_kojootti3.jpg\" \/><\/a><\/p>\n<p style=\"text-align: center;\"><em>Ongelma joka ei poistu kielloilla<\/em><\/p>\n<p style=\"text-align: justify;\">Asian suhteen ollaankin nyt pattitilanteessa, sill\u00e4 eri viranomaiset pakoilevat vastuutaan ja pallottelevat asiaa toistensa v\u00e4lill\u00e4. Samaan aikaan hy\u00f6kk\u00e4ykset jatkuvat tuhansien ihmisten vieraillessa puistossa ja pelkona onkin, ett\u00e4 joku viel\u00e4 kuolee hy\u00f6kk\u00e4yksess\u00e4. Mediatietojen mukaan tammikuussa hy\u00f6kk\u00e4yksen kohteeksi joutunut nuori h\u00f6lkk\u00e4\u00e4j\u00e4 tarvitsee viel\u00e4 t\u00e4n\u00e4 p\u00e4iv\u00e4n\u00e4kin terapiaa, joten kojootit muodostavat ihmisille ja erityisesti lapsille todellisen vaaran.<\/p>\n<p style=\"text-align: justify;\">Samaan aikaan luontov\u00e4ki tarjoaa avuksi ainoastaan pehmeit\u00e4 keinoja, kuten puiston pysyv\u00e4\u00e4 luovuttamista kojoottien (ja muiden villiel\u00e4inten) elintilaksi. Se on tietenkin t\u00e4ysin absurdi ehdotus suurkaupungin keskustassa, eik\u00e4 poistaisi ongelmaa mill\u00e4\u00e4n tavalla. Aktivistit voivat kuitenkin saada toimillaan jopa <a title=\"Kanada panttivankina\" href=\"https:\/\/www.vuosiamaailmalla.fi\/blog\/2020\/kanada-panttivankina\/\">koko maan polvilleen<\/a>, joten <a title=\"Vancouverin p\u00f6lh\u00f6t p\u00e4\u00e4tt\u00e4j\u00e4t\" href=\"https:\/\/www.vuosiamaailmalla.fi\/blog\/2021\/vancouverin-polhot-paattajat\/\">Vancouverin p\u00f6lh\u00f6jen p\u00e4\u00e4tt\u00e4jien<\/a> p\u00e4\u00e4n k\u00e4\u00e4ntely ei ole kummoinenkaan temppu.<\/p>\n<p style=\"text-align: center;\"><a href=\"\/blog\/wp-content\/uploads\/2020\/syksy_seawallilla1.jpg\"><img decoding=\"async\" src=\"\/blog\/wp-content\/uploads\/2020\/syksy_seawallilla1.jpg\" \/><\/a><\/p>\n<p style=\"text-align: center;\"><em>Upea puisto villiel\u00e4inten armoilla<\/em><\/p>\n<p style=\"text-align: justify;\">Aihe on silti pienest\u00e4 koomisuudestaan huolimatta vakava ja eritt\u00e4in harmillinen, sill\u00e4 Stanley Park on niin mahdottoman <a title=\"Syksyinen\u00a0Stanley Park\" href=\"https:\/\/www.vuosiamaailmalla.fi\/blog\/2020\/syksyinen-stanley-park\/\">upea paikka ulkoilla<\/a>. Hy\u00f6kk\u00e4yksist\u00e4 johtuen sinne ei kyll\u00e4 t\u00e4ll\u00e4 hetkell\u00e4 uskalla menn\u00e4, joten toivoa sopii ett\u00e4 joku uskaltaa toimia asiassa ja aggressiivisista kojooteista p\u00e4\u00e4st\u00e4\u00e4n eroon.<\/p>\n","protected":false},"excerpt":{"rendered":"<p>Yksi Vancouverin suurimpia kruununjalokivi\u00e4 on Downtownin niemimaan k\u00e4rjess\u00e4 sijaitseva 405 hehtaarin kokoinen Stanley Park. Vehre\u00e4\u00e4 mets\u00e4puistoa kiert\u00e4\u00e4 maailmankuulu rantareitti Seawall ja sen sisuksissa kulkee lukuisia k\u00e4velypolkuja puiston monien n\u00e4ht\u00e4vyyksien ja hiekkarantojen v\u00e4lill\u00e4. Nyt t\u00e4m\u00e4n kymmenientuhansien ulkoilijoiden vaaliman puiston yll\u00e4 leijuu kuitenkin synkk\u00e4 pilvi, sill\u00e4 puiston siimeksess\u00e4 vaanii ulkoilijoita mets\u00e4st\u00e4v\u00e4 peto.<\/p>\n","protected":false},"author":1,"featured_media":12388,"comment_status":"open","ping_status":"closed","sticky":false,"template":"","format":"standard","meta":{"_jetpack_memberships_contains_paid_content":false,"footnotes":""},"categories":[17,3],"tags":[25,133,935,155,197,939],"class_list":["post-12386","post","type-post","status-publish","format-standard","has-post-thumbnail","hentry","category-arki-kanadassa","category-arki-ulkomailla","tag-ajankohtaista","tag-hassua","tag-kanada","tag-kanadalainen-juttu","tag-stanley-park","tag-vancouver"],"jetpack_featured_media_url":"https:\/\/www.vuosiamaailmalla.fi\/blog\/wp-content\/uploads\/stanley_park_kojootti_banner.jpg","jetpack_sharing_enabled":true,"_links":{"self":[{"href":"https:\/\/www.vuosiamaailmalla.fi\/blog\/wp-json\/wp\/v2\/posts\/12386","targetHints":{"allow":["GET"]}}],"collection":[{"href":"https:\/\/www.vuosiamaailmalla.fi\/blog\/wp-json\/wp\/v2\/posts"}],"about":[{"href":"https:\/\/www.vuosiamaailmalla.fi\/blog\/wp-json\/wp\/v2\/types\/post"}],"author":[{"embeddable":true,"href":"https:\/\/www.vuosiamaailmalla.fi\/blog\/wp-json\/wp\/v2\/users\/1"}],"replies":[{"embeddable":true,"href":"https:\/\/www.vuosiamaailmalla.fi\/blog\/wp-json\/wp\/v2\/comments?post=12386"}],"version-history":[{"count":5,"href":"https:\/\/www.vuosiamaailmalla.fi\/blog\/wp-json\/wp\/v2\/posts\/12386\/revisions"}],"predecessor-version":[{"id":12392,"href":"https:\/\/www.vuosiamaailmalla.fi\/blog\/wp-json\/wp\/v2\/posts\/12386\/revisions\/12392"}],"wp:featuredmedia":[{"embeddable":true,"href":"https:\/\/www.vuosiamaailmalla.fi\/blog\/wp-json\/wp\/v2\/media\/12388"}],"wp:attachment":[{"href":"https:\/\/www.vuosiamaailmalla.fi\/blog\/wp-json\/wp\/v2\/media?parent=12386"}],"wp:term":[{"taxonomy":"category","embeddable":true,"href":"https:\/\/www.vuosiamaailmalla.fi\/blog\/wp-json\/wp\/v2\/categories?post=12386"},{"taxonomy":"post_tag","embeddable":true,"href":"https:\/\/www.vuosiamaailmalla.fi\/blog\/wp-json\/wp\/v2\/tags?post=12386"}],"curies":[{"name":"wp","href":"https:\/\/api.w.org\/{rel}","templated":true}]}}