{"id":12398,"date":"2021-09-02T19:18:17","date_gmt":"2021-09-03T02:18:17","guid":{"rendered":"https:\/\/www.vuosiamaailmalla.fi\/blog\/?p=12398"},"modified":"2023-09-03T12:28:16","modified_gmt":"2023-09-03T19:28:16","slug":"15-vuotta-maailmalla","status":"publish","type":"post","link":"https:\/\/www.vuosiamaailmalla.fi\/blog\/2021\/15-vuotta-maailmalla\/","title":{"rendered":"15 vuotta maailmalla"},"content":{"rendered":"<p style=\"text-align: justify;\">T\u00e4m\u00e4n vuoden merkkip\u00e4iv\u00e4 meinasi menn\u00e4 minulta kokonaan ohitse siit\u00e4kin huolimatta, ett\u00e4 kyse on &#8221;py\u00f6re\u00e4st\u00e4&#8221; viidentoista vuoden lukemasta el\u00e4m\u00e4\u00e4 ulkomailla. Syyn\u00e4 ajatuskatkokseeni on uusi vilkas perhe-el\u00e4m\u00e4mme, joka alkoi <a title=\"Uuden el\u00e4m\u00e4n alku\" href=\"https:\/\/www.vuosiamaailmalla.fi\/blog\/2021\/uuden-elaman-alku\/\">tytt\u00e4remme syntym\u00e4st\u00e4<\/a> elokuun alussa. Tuosta p\u00e4iv\u00e4st\u00e4 l\u00e4htien meill\u00e4 on piisannut kiirett\u00e4 siin\u00e4 m\u00e4\u00e4rin, ettei <a title=\"15 vuotta bloggausta\" href=\"https:\/\/www.vuosiamaailmalla.fi\/blog\/2021\/15-vuotta-bloggausta\/\">blogin kirjoittaminen<\/a> ole ollut mieless\u00e4 yli kuukauteen.<\/p>\n<p><!--more--><\/p>\n<p style=\"text-align: justify;\">Viidestoista vuotemme maailmalla on ollut todella erityinen, sill\u00e4 nyt meit\u00e4 <a title=\"Uunituoreet Kanadan kansalaiset\" href=\"https:\/\/www.vuosiamaailmalla.fi\/blog\/2019\/uunituoreet-kanadan-kansalaiset\/\">kanadansuomalaisia<\/a> on t\u00e4ss\u00e4 taloudessa kolme. Pienen tytt\u00f6mme syntym\u00e4\u00e4n liittyi <a title=\"Kriittiset ensip\u00e4iv\u00e4t teho-osastolla\" href=\"https:\/\/www.vuosiamaailmalla.fi\/blog\/2021\/kriittiset-ensipaivat-teho-osastolla\/\">monenlaista mutkaa<\/a>, mutta olemme viimeinkin kaikki kotona, totuttelemassa uuteen arkeemme. Siin\u00e4 onkin ollut valmistautumista, sill\u00e4 saimme tiet\u00e4\u00e4 raskaudesta viime vuoden lopulla ja kev\u00e4t sek\u00e4 kes\u00e4 meniv\u00e4t yhdess\u00e4 hujauksessa <a title=\"Raskausaika Kanadassa\" href=\"https:\/\/www.vuosiamaailmalla.fi\/blog\/2021\/raskausaika-kanadassa\/\">aiheeseen perehtyess\u00e4<\/a> sek\u00e4 <a title=\"Valmiina vauvan tuloon\" href=\"https:\/\/www.vuosiamaailmalla.fi\/blog\/2021\/valmiina-vauvan-tuloon\/\">vauvan tuloon valmistautuessa<\/a>. Nyt kuukausien uurastamisen j\u00e4lkeen sit\u00e4 tunteekin itsens\u00e4 aivan eri ihmiseksi, kun olemme yht\u00e4kki\u00e4 pienen lapsen vanhempia!<\/p>\n<p style=\"text-align: center;\"><a href=\"\/blog\/wp-content\/uploads\/2021\/vauvaostoksilla3.jpg\"><img decoding=\"async\" src=\"\/blog\/wp-content\/uploads\/2021\/thumbs\/thumbs_vauvaostoksilla3.jpg\" \/><\/a><a href=\"\/blog\/wp-content\/uploads\/2021\/vaateostoksia3.jpg\"><img decoding=\"async\" src=\"\/blog\/wp-content\/uploads\/2021\/thumbs\/thumbs_vaateostoksia3.jpg\" \/><\/a><a href=\"\/blog\/wp-content\/uploads\/2021\/ultrakuvia2.jpg\"><img decoding=\"async\" src=\"\/blog\/wp-content\/uploads\/2021\/thumbs\/thumbs_ultrakuvia2.jpg\" \/><\/a><\/p>\n<p style=\"text-align: center;\"><em>J\u00e4nnitt\u00e4v\u00e4\u00e4n p\u00e4iv\u00e4\u00e4n valmistautumista<\/em><\/p>\n<p style=\"text-align: center;\"><a href=\"\/blog\/wp-content\/uploads\/2021\/vastasyntynyt_vauva1.jpg\"><img decoding=\"async\" src=\"\/blog\/wp-content\/uploads\/2021\/vastasyntynyt_vauva1.jpg\" \/><\/a><\/p>\n<p style=\"text-align: center;\"><em>Vastasyntynyt tytt\u00e4remme<\/em><\/p>\n<p style=\"text-align: justify;\">Vuosi sitten <a title=\"14 vuotta maailmalla\" href=\"https:\/\/www.vuosiamaailmalla.fi\/blog\/2020\/14-vuotta-maailmalla\/\">tunnelmistamme kirjoittaessani<\/a> en voinut edes aavistaa, ett\u00e4 el\u00e4m\u00e4mme kokisi vuoden aikana n\u00e4in suuren muutoksen. Se kertoo siit\u00e4 miten paljon yhdess\u00e4 vuodessa voikaan tapahtua. Samaan tapaa my\u00f6s koronaepidemian luonne on muuttunut vuodessa, l\u00e4hes kaikkien halukkaiden saatua nyt <a title=\"Rokotusten k\u00e4rkimaa\" href=\"https:\/\/www.vuosiamaailmalla.fi\/blog\/2021\/rokotusten-karkimaa\/\">toisenkin rokotuksensa<\/a>. Arkea v\u00e4ritt\u00e4v\u00e4t t\u00e4st\u00e4kin huolimatta viel\u00e4 erin\u00e4iset rajoitukset ja maskipakko, mik\u00e4 on harmillista, sill\u00e4 juuri rokotuksen luvattiin muuttavan kaiken. N\u00e4in ei ole kuitenkaan k\u00e4ynyt ja tuleekin olemaan kiintoisa n\u00e4hd\u00e4 josko korona on <a title=\"16 vuotta maailmalla\" href=\"https:\/\/www.vuosiamaailmalla.fi\/blog\/2022\/16-vuotta-maailmalla\/\">ensi vuonnakin<\/a> aihe mist\u00e4 kirjoitan&#8230;<\/p>\n<p style=\"text-align: center;\"><a href=\"\/blog\/wp-content\/uploads\/2021\/rokotuksen_jalkeen.jpg\"><img decoding=\"async\" src=\"\/blog\/wp-content\/uploads\/2021\/rokotuksen_jalkeen.jpg\" \/><\/a><\/p>\n<p style=\"text-align: center;\"><em>Kes\u00e4n aikana saatiin rokotteet<\/em><\/p>\n<p style=\"text-align: justify;\">Koronan vuoksi matkailu on j\u00e4\u00e4nyt viimeisen vuoden aikana l\u00e4hes tyystin v\u00e4liin ja ainoa matkamme oli marraskuussa vietetty pitk\u00e4 viikonloppu aina yht\u00e4 ihanassa Tofinossa. Siell\u00e4 kuuntelimme sateen rummutusta ja aaltojen kohinaa, rennosta tunnelmasta sek\u00e4 hyv\u00e4st\u00e4 ruoasta nauttien. Sen j\u00e4lkeen ainoat retkemme ovat suuntautuneet <a title=\"Valloittava keijumets\u00e4\" href=\"https:\/\/www.vuosiamaailmalla.fi\/blog\/2021\/valloittava-keijumetsa\/\">l\u00e4hiseudun puistoihin<\/a> sek\u00e4 esikaupunkien <a title=\"J\u00e4\u00e4tel\u00f6retki Pitt Meadowsiin\" href=\"https:\/\/www.vuosiamaailmalla.fi\/blog\/2021\/jaateloretki-pitt-meadowsiin\/\">herkullisille j\u00e4\u00e4tel\u00f6keitaille<\/a> t\u00e4m\u00e4n kauniin ja <a title=\"Kaikkien aikojen enn\u00e4tyshelle\" href=\"https:\/\/www.vuosiamaailmalla.fi\/blog\/2021\/kaikkien-aikojen-ennatyshelle\/\">eritt\u00e4in kuuman kes\u00e4n<\/a> aikana.<\/p>\n<p style=\"text-align: center;\"><a href=\"\/blog\/wp-content\/uploads\/2021\/keijumetsa6.jpg\"><img decoding=\"async\" src=\"\/blog\/wp-content\/uploads\/2021\/thumbs\/thumbs_keijumetsa6.jpg\" \/><\/a><a href=\"\/blog\/wp-content\/uploads\/2021\/jaateloretkella3.jpg\"><img decoding=\"async\" src=\"\/blog\/wp-content\/uploads\/2021\/thumbs\/thumbs_jaateloretkella3.jpg\" \/><\/a><\/p>\n<p style=\"text-align: center;\"><em>L\u00e4hiseutumatkailua<\/em><\/p>\n<p style=\"text-align: justify;\">Ilahduttavasti asumis- tai ty\u00f6rintamalla ei ole tapahtunut muutoksia, mik\u00e4 on hyv\u00e4, sill\u00e4 kuviot ovat meill\u00e4 molemmilla hyv\u00e4ll\u00e4 mallilla ja nykyiseen asuntoomme mahtuu hyvin pieni tytt\u00f6 asumaan. Toivottavasti kuviot jatkuvat my\u00f6s ensi vuonna tasaisina ja ilman mit\u00e4\u00e4n muutoksia.<\/p>\n<p style=\"text-align: justify;\">Yksi merkitt\u00e4v\u00e4 uutuus viimeisen vuoden aikana oli automme vaihtuminen <a title=\"Huikea 2021 BMW X3M Competition\" href=\"https:\/\/www.vuosiamaailmalla.fi\/blog\/2020\/huikea-2021-bmw-x3m-competition\/\">upouuteen urheiluautoon<\/a>, jonka ratin takana on kelvannut olla viime syyskuusta saakka. Kilometrej\u00e4 ei ole kertynyt v\u00e4h\u00e4isest\u00e4 matkustamisesta johtuen kuin vaivaiset 8000, tehden autostamme l\u00e4hes upouuden. Hauskaa 510 hevosvoiman auton ajaminen on kuitenkin ollut, eik\u00e4 yksik\u00e4\u00e4n matka j\u00e4t\u00e4 en\u00e4\u00e4 kylm\u00e4ksi.<\/p>\n<p style=\"text-align: center;\"><a href=\"\/blog\/wp-content\/uploads\/2020\/bmw_x3m_competition_ensiajolla2.jpg\"><img decoding=\"async\" src=\"\/blog\/wp-content\/uploads\/2020\/bmw_x3m_competition_ensiajolla2.jpg\" \/><\/a><\/p>\n<p style=\"text-align: center;\"><em>Uusi auto on hauska<\/em><\/p>\n<p style=\"text-align: justify;\">Varmaan juuri koronan vuoksi viidennentoista ulkomaanvuotemme tapahtumat ovat olleet sangen v\u00e4h\u00e4iset, joskin lapsen syntym\u00e4\u00e4 paljon suurempaa el\u00e4m\u00e4nmuutosta ei voikaan kuvitella. Lapsen kasvu v\u00e4ritt\u00e4\u00e4 varmasti my\u00f6s tulevien vuosien tapahtumia, sill\u00e4 v\u00e4h\u00e4n kaikki on ainakin nyt jonkin aikaa pitk\u00e4lti pikkutytt\u00f6mme ehdoilla tapahtuvaa. Eik\u00e4 se haittaa meit\u00e4 yht\u00e4\u00e4n, sill\u00e4 niin hauska t\u00e4llaista pient\u00e4 k\u00e4\u00e4r\u00f6\u00e4 on pit\u00e4\u00e4 k\u00e4siss\u00e4\u00e4n!<\/p>\n<p style=\"text-align: justify;\">Jo alkaneen kuudennentoista vuoden tulevia tapahtumia onkin j\u00e4lleen kerran vaikea ennustaa. Suomeen olisi kiva p\u00e4\u00e4st\u00e4 pian kahden vuoden tauon j\u00e4lkeen, joskin matkustaminen esimerkiksi jouluna on v\u00e4h\u00e4n avoinna ja voikin olla, ett\u00e4 lenn\u00e4mme koko perhe kanssa vanhalle mantereelle vasta <a title=\"Pitk\u00e4ll\u00e4 kes\u00e4lomalla Suomessa\" href=\"https:\/\/www.vuosiamaailmalla.fi\/blog\/2022\/pitkalla-kesalomalla-suomessa\/\">ensi kes\u00e4n\u00e4<\/a>. T\u00e4m\u00e4n lis\u00e4ksi meill\u00e4 tulee tammikuussa t\u00e4yteen py\u00f6re\u00e4t <a title=\"El\u00e4m\u00e4nt\u00e4yteiset 10 vuotta Kanadassa\" href=\"https:\/\/www.vuosiamaailmalla.fi\/blog\/2022\/elamantayteiset-10-vuotta-kanadassa\/\">kymmenen vuotta Kanadassa<\/a>, mit\u00e4 pit\u00e4\u00e4 tuolloin juhlia. Kaikesta t\u00e4st\u00e4 ja paljon muusta j\u00e4lleen vuoden p\u00e4\u00e4st\u00e4!<\/p>\n","protected":false},"excerpt":{"rendered":"<p>T\u00e4m\u00e4n vuoden merkkip\u00e4iv\u00e4 meinasi menn\u00e4 minulta kokonaan ohitse siit\u00e4kin huolimatta, ett\u00e4 kyse on &#8221;py\u00f6re\u00e4st\u00e4&#8221; viidentoista vuoden lukemasta el\u00e4m\u00e4\u00e4 ulkomailla. Syyn\u00e4 ajatuskatkokseeni on uusi vilkas perhe-el\u00e4m\u00e4mme, joka alkoi tytt\u00e4remme syntym\u00e4st\u00e4 elokuun alussa. Tuosta p\u00e4iv\u00e4st\u00e4 l\u00e4htien meill\u00e4 on piisannut kiirett\u00e4 siin\u00e4 m\u00e4\u00e4rin, ettei blogin kirjoittaminen ole ollut mieless\u00e4 yli kuukauteen.<\/p>\n","protected":false},"author":1,"featured_media":0,"comment_status":"open","ping_status":"closed","sticky":false,"template":"","format":"standard","meta":{"_jetpack_memberships_contains_paid_content":false,"footnotes":""},"categories":[17,3,4,1621,13],"tags":[25,34,935,1487,1622],"class_list":["post-12398","post","type-post","status-publish","format-standard","hentry","category-arki-kanadassa","category-arki-ulkomailla","category-asuminen-kanadassa","category-perhe-kanadassa","category-tyoskentely-kanadassa","tag-ajankohtaista","tag-arki","tag-kanada","tag-koronavirus","tag-raskausaika"],"jetpack_featured_media_url":"","jetpack_sharing_enabled":true,"_links":{"self":[{"href":"https:\/\/www.vuosiamaailmalla.fi\/blog\/wp-json\/wp\/v2\/posts\/12398","targetHints":{"allow":["GET"]}}],"collection":[{"href":"https:\/\/www.vuosiamaailmalla.fi\/blog\/wp-json\/wp\/v2\/posts"}],"about":[{"href":"https:\/\/www.vuosiamaailmalla.fi\/blog\/wp-json\/wp\/v2\/types\/post"}],"author":[{"embeddable":true,"href":"https:\/\/www.vuosiamaailmalla.fi\/blog\/wp-json\/wp\/v2\/users\/1"}],"replies":[{"embeddable":true,"href":"https:\/\/www.vuosiamaailmalla.fi\/blog\/wp-json\/wp\/v2\/comments?post=12398"}],"version-history":[{"count":14,"href":"https:\/\/www.vuosiamaailmalla.fi\/blog\/wp-json\/wp\/v2\/posts\/12398\/revisions"}],"predecessor-version":[{"id":13248,"href":"https:\/\/www.vuosiamaailmalla.fi\/blog\/wp-json\/wp\/v2\/posts\/12398\/revisions\/13248"}],"wp:attachment":[{"href":"https:\/\/www.vuosiamaailmalla.fi\/blog\/wp-json\/wp\/v2\/media?parent=12398"}],"wp:term":[{"taxonomy":"category","embeddable":true,"href":"https:\/\/www.vuosiamaailmalla.fi\/blog\/wp-json\/wp\/v2\/categories?post=12398"},{"taxonomy":"post_tag","embeddable":true,"href":"https:\/\/www.vuosiamaailmalla.fi\/blog\/wp-json\/wp\/v2\/tags?post=12398"}],"curies":[{"name":"wp","href":"https:\/\/api.w.org\/{rel}","templated":true}]}}