{"id":1242,"date":"2008-12-20T18:11:53","date_gmt":"2008-12-21T02:11:53","guid":{"rendered":"http:\/\/13.53.127.146\/?p=1242"},"modified":"2023-02-11T19:50:40","modified_gmt":"2023-02-12T03:50:40","slug":"joulumarkkinaretki-dresdeniin","status":"publish","type":"post","link":"https:\/\/www.vuosiamaailmalla.fi\/blog\/2008\/joulumarkkinaretki-dresdeniin\/","title":{"rendered":"Joulumarkkinaretki Dresdeniin"},"content":{"rendered":"<p style=\"text-align: justify;\">Kerrotaanpa nyt Dresdenin upeasta kaupungista, jossa vietimme marraskuun viimeisen viikonlopun. Idea l\u00e4hte\u00e4 juuri Dresdeniin syntyi siit\u00e4, ett\u00e4 kaupungissa j\u00e4rjestet\u00e4\u00e4n Saksan vanhimmat joulumarkkinat ja ne olivat juuri tuolloin auenneet. Lis\u00e4ksi Dresden sijaitsee Berliinin l\u00e4hell\u00e4, vain 200 kilometri\u00e4 p\u00e4\u00e4kaupungista etel\u00e4\u00e4n. P\u00e4\u00e4t\u00f6st\u00e4 l\u00e4hte\u00e4 ei haitannut sek\u00e4\u00e4n, ett\u00e4 meno-paluu junaliput maksoivat yhteens\u00e4 kahdelle hengelle vaivaiset 59 euroa.<\/p>\n<p><!--more--><\/p>\n<p style=\"text-align: justify;\">Dresden on voimakkaasti kasvava 508 000:nen asukkaan Saksin osavaltion p\u00e4\u00e4kaupunki Tsekin rajan tuntumassa. Kaupungin kautta kulkee <em>Berliini &#8211; Praha<\/em> junayhteys, jota olimmekin vuoden 2007 syksyll\u00e4 matkustaneet matkallamme Prahaan. Kaupungin l\u00e4pi virtaa suurjoki <em>Elbe<\/em>, jota pitkin on mahdollista purjehtia aina merelle saakka.<\/p>\n<p style=\"text-align: justify;\">Dresdenin historia on vivahteikas ja kaupunki on joutunut k\u00e4ym\u00e4\u00e4n l\u00e4pi monia k\u00e4\u00e4nteit\u00e4. Ennen suuria sotia se ehti toimia Saksin kuningaskunnan p\u00e4\u00e4kaupunkina, min\u00e4 aikana kaupunkiin rakennettiin lukuisia palatseja ja muita upeita rakennuksia. Silloin, kuten nyky\u00e4\u00e4nkin, Dresden oli ennen kaikkea kulttuurin ja politiikan kaupunki, mink\u00e4 vuoksi kaupunkilaiset olettivat kaupungin s\u00e4\u00e4styv\u00e4n toisen maailmansodan pommituksilta. N\u00e4in olikin aina 13. helmikuuta 1945 saakka, jolloin vain kolmen y\u00f6n aikana liittoutuneet pommittivat kaupungin melkein t\u00e4ydellisesti raunioiksi. Pommitusten uhrim\u00e4\u00e4r\u00e4n arvioidaan olleen 25 000 ja 40 000 v\u00e4lill\u00e4, ja hengiss\u00e4 selvinneet pohtivat aluksi tosissaan vanhan kaupungin t\u00e4ydellist\u00e4 hylk\u00e4\u00e4mist\u00e4 ja kaupungin perustamista uudelleen muualle.<\/p>\n<p style=\"text-align: justify;\">Pommitusten oikeutuksesta on v\u00e4\u00e4nnetty historioitsijoiden parissa my\u00f6hemmin k\u00e4tt\u00e4, monien ollessa sit\u00e4 mielt\u00e4 ett\u00e4 kaupungin sotilaallinen merkitys oli hyvin pieni niin massiivisille pommitukselle. Lis\u00e4ksi korostetaan sit\u00e4 miten Saksan sotilasmahti oli noina aikoina jo k\u00e4yt\u00e4nn\u00f6ss\u00e4 ly\u00f6ty. N\u00e4in ollen pommituksille ei olisi ollut kunnon perusteita. Ehk\u00e4 yksi syy oli halu kostaa sodan k\u00e4rsimykset Saksan kansalle, mutta t\u00e4st\u00e4 ei ole yksimielisyytt\u00e4. Niinp\u00e4 pommitukset ovat s\u00e4ilyneet er\u00e4\u00e4n\u00e4 kiistellyimp\u00e4n\u00e4 toisen maailmansodan lopun tapahtumana, jonka kuitenkin johti siihen, ett\u00e4 vanha Dresden oli historiaa.<\/p>\n<p style=\"text-align: justify;\">N\u00e4ist\u00e4 l\u00e4ht\u00f6kohdista oli hyvin mielenkiintoista l\u00e4hte\u00e4 katsomaan, milt\u00e4 Dresden t\u00e4n\u00e4 p\u00e4iv\u00e4n\u00e4 n\u00e4ytt\u00e4isi. Kahden tunnin junamatkan j\u00e4lkeen olimme Dresdenin kauniisti vanhaan asuun j\u00e4lleenrakennetulla p\u00e4\u00e4rautatieasemalla. Aseman kunnostus on valmistunut vasta muutama vuosi sitten, joten asema n\u00e4ytt\u00e4\u00e4 komealta. Asemalta alkaa Dresdenin p\u00e4\u00e4ostoskatu, joka kulkee kohti historiallista keskustaa. Kadun varrella on lukuisia moderneja kauppakeskuksia, mutta my\u00f6s valtavia laatikkotaloja muistuttamassa nelj\u00e4st\u00e4 vuosikymmenest\u00e4 DDR:n alaisuudessa.<\/p>\n<p style=\"text-align: center;\"><a href=\"\/blog\/wp-content\/uploads\/2008\/dresden_hauptbahnhof.jpg\" target=\"_blank\" rel=\"noopener\"><img decoding=\"async\" style=\"border: 0px none; margin: 5px;\" src=\"\/blog\/wp-content\/uploads\/2008\/dresden_hauptbahnhof.jpg\" alt=\"\" \/><\/a><\/p>\n<p style=\"text-align: center;\"><em>Dresdenin p\u00e4\u00e4rautatieasema<\/em><\/p>\n<p style=\"text-align: center;\"><a href=\"\/blog\/wp-content\/uploads\/2008\/ddr_mosaiikki.jpg\" target=\"_blank\" rel=\"noopener\"><img decoding=\"async\" style=\"border: 0px none; margin: 5px;\" src=\"\/blog\/wp-content\/uploads\/2008\/ddr_mosaiikki.jpg\" alt=\"\" \/><\/a><\/p>\n<p style=\"text-align: center;\"><em>DDR:n aikainen mosaiikki<\/em><\/p>\n<p style=\"text-align: justify;\">Koska oli perjantai keskip\u00e4iv\u00e4, kiertelimme jonkin aikaa kaupoissa sik\u00e4l\u00e4ist\u00e4 tarjontaa katsastaen. Noin kello kahden aikaan otimme raitiovaunun hotellillemme, joka sijaitsi noin kaksi kilometri\u00e4 keskustasta kaakkoon. Netin kautta olimme saaneet varattua paitsi jo mainitut halvat junaliput, niin my\u00f6skin sangen hulppean majoituksen. Y\u00f6vyimme <em>Four Points by Sheraton<\/em> -luksushotelliketjuun kuuluvassa nelj\u00e4n t\u00e4hden hotellissa noin 80 euron hintaan, mit\u00e4 voi pit\u00e4\u00e4 sangen hyv\u00e4n\u00e4 diilin\u00e4. Hotelli toki sijaitsi hieman keskustan ulkopuolella, mutta yhteydet sinne olivat hyv\u00e4t ja kaupunginosa osoittautui jonkinlaiseksi hienostoalueeksi suurine huviloineen ja villoineen.<\/p>\n<p style=\"text-align: center;\"><a href=\"\/blog\/wp-content\/uploads\/2008\/hienosti_maalattu_rakennus2.jpg\" target=\"_blank\" rel=\"noopener\"><img decoding=\"async\" style=\"border: 0px none; margin: 5px;\" src=\"\/blog\/wp-content\/uploads\/2008\/thumbs\/thumbs_hienosti_maalattu_rakennus2.jpg\" alt=\"\" \/><\/a><a href=\"\/blog\/wp-content\/uploads\/2008\/hienosti_maalattu_rakennus1.jpg\" target=\"_blank\" rel=\"noopener\"><img decoding=\"async\" style=\"border: 0px none; margin: 5px;\" src=\"\/blog\/wp-content\/uploads\/2008\/thumbs\/thumbs_hienosti_maalattu_rakennus1.jpg\" alt=\"\" \/><\/a><\/p>\n<p style=\"text-align: center;\"><em>Hienosti maalattu rakennus<\/em><\/p>\n<p style=\"text-align: center;\"><a href=\"\/blog\/wp-content\/uploads\/2008\/huvila_dresdenissa.jpg\" target=\"_blank\" rel=\"noopener\"><img decoding=\"async\" style=\"border: 0px none; margin: 5px;\" src=\"\/blog\/wp-content\/uploads\/2008\/thumbs\/thumbs_huvila_dresdenissa.jpg\" alt=\"\" \/><\/a><\/p>\n<p style=\"text-align: center;\"><em>Yksitt\u00e4inen huvila laitakaupungilla<\/em><\/p>\n<p style=\"text-align: justify;\">Hotellille tavarat j\u00e4tett\u00e4mme l\u00e4hdimme k\u00e4velem\u00e4\u00e4n takaisin kohti keskustaa. Matkan varrella poikkesimme kaupungin keskustan tuntumassa sijaitsevassa <em>Gro\u00dfer Garten<\/em> -puistossa, joka on kaupungin suurin ja vanhin puisto. Puisto on perustettu 1676 ja kuten esimerkiksi Berliinin keskustan Tiergarten, toimi se aluksi kuninkaiden ja herttuoiden mets\u00e4stysalueena. Nykyisin puisto on tietysti kaikille avoin ja siell\u00e4 onkin mukava k\u00e4vell\u00e4. T\u00e4ll\u00e4 kertaa keli vain oli harmillisen kylm\u00e4. Puisto on symmetrisen muotoinen ja siell\u00e4 on hienoja rakennuksia. Hienoin on puiston keskell\u00e4 sijaitseva Saksin vanhin barokkipalatsi, joka nykyisin toimii n\u00e4yttelyiden pitopaikkana. Saksalaiseen tyyliin suurta puistoa on mahdollista kiert\u00e4\u00e4 paitsi omin jaloin, my\u00f6s kes\u00e4isin pienoisrautatien kyydiss\u00e4 istuen.<\/p>\n<p style=\"text-align: center;\"><a href=\"\/blog\/wp-content\/uploads\/2008\/palatsi_puiston_keskella1.jpg\" target=\"_blank\" rel=\"noopener\"><img decoding=\"async\" style=\"border: 0px none; margin: 5px;\" src=\"\/blog\/wp-content\/uploads\/2008\/thumbs\/thumbs_palatsi_puiston_keskella1.jpg\" alt=\"\" \/><\/a><a href=\"\/blog\/wp-content\/uploads\/2008\/palatsi_puiston_keskella2.jpg\" target=\"_blank\" rel=\"noopener\"><img decoding=\"async\" style=\"border: 0px none; margin: 5px;\" src=\"\/blog\/wp-content\/uploads\/2008\/thumbs\/thumbs_palatsi_puiston_keskella2.jpg\" alt=\"\" \/><\/a><\/p>\n<p style=\"text-align: center;\"><em>Hieno barokkipalatsi Gro\u00dfer Gartenissa<\/em><\/p>\n<p style=\"text-align: justify;\">Puiston pohjoiskulmassa sijaitsee er\u00e4s Dresdenin n\u00e4ht\u00e4vyyksist\u00e4, nimitt\u00e4in Volkswagenin <em>Transparent Factory<\/em> nimell\u00e4 tunnettu autotehdas. T\u00e4m\u00e4n huippumodernin tehtaan nimi (&#8221;l\u00e4pin\u00e4kyv\u00e4 tehdas&#8221;) viittaa rakennuksessa k\u00e4ytettyyn suureen m\u00e4\u00e4r\u00e4\u00e4n lasia. Tehtaaseen on todellakin mahdollista n\u00e4hd\u00e4 sis\u00e4lle suoraan kadulta ja halukkaiden on mahdollista k\u00e4yd\u00e4 turistikierroksellakin tehtaassa. Tehdas on autotehtaaksi poikkeuksellinen, sill\u00e4 siit\u00e4 ei synny juuri ollenkaan p\u00e4\u00e4st\u00f6j\u00e4. T\u00e4m\u00e4 johtuu siit\u00e4, ett\u00e4 tehtaassa suoritetaan vain autojen loppukokoaminen ja itse tuotantovaiheet suoritetaan l\u00e4hist\u00f6ll\u00e4 Zwickaun kaupungissa. Tehtaassa kootaan volkkarin kalleinta sedania <em>Phaetonia<\/em>. Hurjana yksityiskohtana suurin osa valmiista autoista kuljetetaan tehtaasta juna-asemalle niin kutsutun <em>CarGoTramin<\/em> kyydill\u00e4. Kyseess\u00e4 on tavarankuljetusta varten rakennetusta erikoisraitiovaunusta, joka kuitenkin kulkee Dresdenin raitiovaunuverkostoa pitkin. Harmillisesti emme kyseist\u00e4 raitiovaunua n\u00e4hneet, emmek\u00e4 muutenkaan ehtineet vierailla tehtaassa. Keskityimmekin siis vain t\u00e4hyilem\u00e4\u00e4n tehtaan ikkunoista sis\u00e4lle t\u00e4h\u00e4n j\u00e4nn\u00e4n n\u00e4k\u00f6iseen rakennukseen.<\/p>\n<p style=\"text-align: center;\"><a href=\"\/blog\/wp-content\/uploads\/2008\/volkkarin_transparent_factory1.jpg\" target=\"_blank\" rel=\"noopener\"><img decoding=\"async\" style=\"border: 0px none; margin: 5px;\" src=\"\/blog\/wp-content\/uploads\/2008\/thumbs\/thumbs_volkkarin_transparent_factory1.jpg\" alt=\"\" \/><\/a><a href=\"\/blog\/wp-content\/uploads\/2008\/volkkarin_transparent_factory2.jpg\" target=\"_blank\" rel=\"noopener\"><img decoding=\"async\" style=\"border: 0px none; margin: 5px;\" src=\"\/blog\/wp-content\/uploads\/2008\/thumbs\/thumbs_volkkarin_transparent_factory2.jpg\" alt=\"\" \/><\/a><\/p>\n<p style=\"text-align: center;\"><em>Moderni Transparent Factory<\/em><\/p>\n<p style=\"text-align: justify;\">Dresdenin raitiovaunuverkosto on hyvin laaja ja seuraavaksi ajelimmekin ratikalla yli Elben <em>Neustadtin<\/em> kaupunginosaan. Kaupunginosa on rakennettu vanhan kaupungin vastarannalle ja se kuuluu olevan Dresdenin y\u00f6el\u00e4m\u00e4n keskus. Vaikka yleiskuva t\u00e4ll\u00e4 puolen onkin astetta likaisempi, oli siell\u00e4 t\u00e4\u00e4ll\u00e4 kauniita vanhoja rakennuksia. Aivan rannassa sijaitsee pienell\u00e4 aukiolla upea Puolan kuningas Augustus II V\u00e4kev\u00e4n kultainen ratsastajapatsas, joka juuri ehostettuna oikein loistaa kaikessa kullassaan. Patsaalta oli hyv\u00e4 jatkaa siltaa pitkin yli Elben Dresdenin kuuluisaan vanhaan kaupunkiin.<\/p>\n<p style=\"text-align: center;\"><a href=\"\/blog\/wp-content\/uploads\/2008\/todella_kultainen_ratsastaja_patsas.jpg\" target=\"_blank\" rel=\"noopener\"><img decoding=\"async\" style=\"border: 0px none; margin: 5px;\" src=\"\/blog\/wp-content\/uploads\/2008\/todella_kultainen_ratsastaja_patsas.jpg\" alt=\"\" \/><\/a><\/p>\n<p style=\"text-align: center;\"><em>Kultainen Augustus II\u00a0V\u00e4kev\u00e4<\/em><\/p>\n<p style=\"text-align: justify;\">Heti joen toisella puolen, Theaerplazin aukion ymp\u00e4rill\u00e4, sijaitsee nelj\u00e4 merkitt\u00e4v\u00e4\u00e4 rakennusta. Aukion suuntaan ehdottomasti n\u00e4ytt\u00e4vin on kuuluisa<em> Semperoperin<\/em> barokkinen oopperatalo, jonka ylellisiss\u00e4 tiloissa ovat saaneet kantaesityksens\u00e4 muun muassa muutamat Carl Maria von Weberin ja Richard Wagnerin teokset. Rakennus on palanut poroksi pariinkin otteeseen sitten sen rakentamisen vuonna 1841, mutta se on j\u00e4lleen kunnostettu loistoonsa. Rakennukseen j\u00e4rjestet\u00e4\u00e4n turistikierroksia, mutta harmillisesti sellainen taikka ooppera, eiv\u00e4t aikataulultaan sopineet meid\u00e4n suunnitelmiimme. Komea rakennus kyll\u00e4 on ulkoakin tarkasteltaessa, joten emme olleet kovin pettyneit\u00e4.<\/p>\n<p style=\"text-align: center;\"><a href=\"\/blog\/wp-content\/uploads\/2008\/komea_sempteroper.jpg\" target=\"_blank\" rel=\"noopener\"><img decoding=\"async\" style=\"border: 0px none; margin: 5px;\" src=\"\/blog\/wp-content\/uploads\/2008\/komea_sempteroper.jpg\" alt=\"\" \/><\/a><\/p>\n<p style=\"text-align: center;\"><em>Upea Semperoper<\/em><\/p>\n<p style=\"text-align: justify;\">Aukion laidalla sijaitsee my\u00f6s <em>Zwingerin<\/em> barokin tyylisuuntaa edustava palatsi. Palatsin koko suuri rakennuskokonaisuus on per\u00e4isin 1700-luvun alusta, jolloin Puolan kuningas Augustus I V\u00e4kev\u00e4 palasi Ranskasta Dresdeniin ja halusi rakennuttaa itselleen jotain Ranskassa n\u00e4kemiens\u00e4 palatsien kaltaista. N\u00e4in syntyi Zwinger, joka muodostuu p\u00e4\u00e4rakennuksesta sek\u00e4 sen etupihaa kokonaan ymp\u00e4r\u00f6iv\u00e4st\u00e4 eritt\u00e4in koristeellisesta muurista ja siin\u00e4 olevista lukuisista suihkul\u00e4hteist\u00e4. Zwingerin pihalle ja muurille on t\u00e4ysin ilmaista ja esteet\u00f6nt\u00e4 p\u00e4\u00e4st\u00e4 k\u00e4velem\u00e4\u00e4n ja ihailemaan kokonaisuutta. Vain rakennuksen sis\u00e4ll\u00e4 oleviin n\u00e4yttelyihin on maksullista p\u00e4\u00e4st\u00e4. Rakennuksessa on muun muassa n\u00e4ht\u00e4vill\u00e4 suuri <em>Meissenin<\/em> posliinin kokoelma. Mainittakoon, ett\u00e4 koko posliini keksint\u00f6n\u00e4 on per\u00e4isin Dresdenin l\u00e4hell\u00e4 sijaitsevasta Meissenin pikkukaupungista. Zwinger on ehdottomasti pakollinen n\u00e4ht\u00e4v\u00e4 ja kuvattava kaikille Dresdenin k\u00e4vij\u00f6ille.<\/p>\n<p style=\"text-align: center;\"><a href=\"\/blog\/wp-content\/uploads\/2008\/zwingerin_sisapihaa.jpg\" target=\"_blank\" rel=\"noopener\"><img decoding=\"async\" style=\"border: 0px none; margin: 5px;\" src=\"\/blog\/wp-content\/uploads\/2008\/thumbs\/thumbs_zwingerin_sisapihaa.jpg\" alt=\"\" \/><\/a><a href=\"\/blog\/wp-content\/uploads\/2008\/portti_zwingeriin.jpg\" target=\"_blank\" rel=\"noopener\"><img decoding=\"async\" style=\"border: 0px none; margin: 5px;\" src=\"\/blog\/wp-content\/uploads\/2008\/thumbs\/thumbs_portti_zwingeriin.jpg\" alt=\"\" \/><\/a><br \/>\n<a href=\"\/blog\/wp-content\/uploads\/2008\/zwingerin_muurilla.jpg\" target=\"_blank\" rel=\"noopener\"><img decoding=\"async\" style=\"border: 0px none; margin: 5px;\" src=\"\/blog\/wp-content\/uploads\/2008\/thumbs\/thumbs_zwingerin_muurilla.jpg\" alt=\"\" \/><\/a><a href=\"\/blog\/wp-content\/uploads\/2008\/patsaita_zwingerilla.jpg\" target=\"_blank\" rel=\"noopener\"><img decoding=\"async\" style=\"border: 0px none; margin: 5px;\" src=\"\/blog\/wp-content\/uploads\/2008\/thumbs\/thumbs_patsaita_zwingerilla.jpg\" alt=\"\" \/><\/a><\/p>\n<p style=\"text-align: center;\"><em>Zwingerin pihaa ja patsaita<\/em><\/p>\n<p style=\"text-align: center;\"><iframe loading=\"lazy\" src=\"https:\/\/www.youtube-nocookie.com\/embed\/B060IK1u_Q0\" width=\"480\" height=\"360\" frameborder=\"0\"><\/iframe><\/p>\n<p style=\"text-align: center;\"><a href=\"\/blog\/wp-content\/uploads\/2008\/pienia_posliiniesineita.jpg\" target=\"_blank\" rel=\"noopener\"><img decoding=\"async\" style=\"border: 0px none; margin: 5px;\" src=\"\/blog\/wp-content\/uploads\/2008\/pienia_posliiniesineita.jpg\" alt=\"\" \/><\/a><\/p>\n<p style=\"text-align: center;\"><em>Meissenin posliiniesineit\u00e4 n\u00e4ytill\u00e4<\/em><\/p>\n<p style=\"text-align: justify;\">Semperoperin ja Zwingerin lis\u00e4ksi <em>Theaterplatzin<\/em> reunalla sijaitsevat kaupungin suurimpiin kirkkoihin lukeutuva Hofkirchen rokokoo-tyylinen katedraali, sek\u00e4 <em>Residenzschloss<\/em>, joka on entinen Saksin kuninkaiden residenssilinna. Linna on rakennettu 1400-luvulla aiemman 1200-luvulta olleen linnoituksen p\u00e4\u00e4lle. Linna tuhoutui pommituksissa t\u00e4ysin ja sit\u00e4 alettiin j\u00e4lleenrakentaa vasta vuonna 1985 &#8211; nelj\u00e4kymment\u00e4 vuotta sodan j\u00e4lkeen. Tuon ajan linna todellakin seisoi raunioina keskell\u00e4 Dresdeni\u00e4! J\u00e4lleenrakennus ei viel\u00e4k\u00e4\u00e4n ole t\u00e4ysin valmis, vaikka rakennus nykyisin n\u00e4ytt\u00e4\u00e4kin ulkoa jo valmiilta. Restaurointi ja saneerausty\u00f6 jatkuvat viel\u00e4 viitisen vuotta sis\u00e4tiloissa, joissa sijaitsee monia museoita ja muun muassa <em>Gr\u00fcnes Gew\u00f6lbe<\/em> eli &#8221;vihre\u00e4 holvi&#8221;, joka on koko Euroopan laajin jalokivien ja aarteiden museo. Valitettavasti emme ehtineet viikonlopun aikana vierailla t\u00e4ss\u00e4k\u00e4\u00e4n museossa, jossa olisi n\u00e4ht\u00e4viss\u00e4 kaikki mahdolliset arvokivet.<\/p>\n<p style=\"text-align: center;\"><a href=\"\/blog\/wp-content\/uploads\/2008\/dresdenin_residenssilinna1.jpg\" target=\"_blank\" rel=\"noopener\"><img decoding=\"async\" style=\"border: 0px none; margin: 5px;\" src=\"\/blog\/wp-content\/uploads\/2008\/thumbs\/thumbs_dresdenin_residenssilinna1.jpg\" alt=\"\" \/><\/a><a href=\"\/blog\/wp-content\/uploads\/2008\/hofkirchen_ja_residenzschloss.jpg\" target=\"_blank\" rel=\"noopener\"><img decoding=\"async\" style=\"border: 0px none; margin: 5px;\" src=\"\/blog\/wp-content\/uploads\/2008\/thumbs\/thumbs_hofkirchen_ja_residenzschloss.jpg\" alt=\"\" \/><\/a><\/p>\n<p style=\"text-align: center;\"><em>Residenzschloss sek\u00e4 Hofkirchen<\/em><\/p>\n<p style=\"text-align: center;\"><a href=\"\/blog\/wp-content\/uploads\/2008\/dresdenin_residenssilinna2.jpg\" target=\"_blank\" rel=\"noopener\"><img decoding=\"async\" style=\"border: 0px none; margin: 5px;\" src=\"\/blog\/wp-content\/uploads\/2008\/thumbs\/thumbs_dresdenin_residenssilinna2.jpg\" alt=\"\" \/><\/a><a href=\"\/blog\/wp-content\/uploads\/2008\/vanhan_dresdenin_katuja.jpg\" target=\"_blank\" rel=\"noopener\"><img decoding=\"async\" style=\"border: 0px none; margin: 5px;\" src=\"\/blog\/wp-content\/uploads\/2008\/thumbs\/thumbs_vanhan_dresdenin_katuja.jpg\" alt=\"\" \/><\/a><\/p>\n<p style=\"text-align: justify;\">Theaterplatzin ymp\u00e4rist\u00f6 on j\u00e4lleenrakennettu t\u00e4ysin alkuper\u00e4iseksi, mik\u00e4 onkin ainoa oikea ratkaisu, sill\u00e4 jokainen ymp\u00e4r\u00f6ivist\u00e4 rakennuksista on kerrassaan upea. Yhdess\u00e4 ne muodostavat vanhan kaupungin l\u00e4nsilaidan. It\u00e4\u00e4n <em>Augustusstra\u00dfea<\/em> kuljettaessa ei voi v\u00e4ltty\u00e4 huomaamasta <em>F\u00fcrstenzugin<\/em> valtaisaa posliinimosaiikkia, joka on maailman suurin t\u00e4m\u00e4n tyyppinen mosaiikki. T\u00e4m\u00e4 noin 25 000 palasesta koostuva 102 x 9,5 metrinen \u2757 j\u00e4ttil\u00e4isteos kuvaa noin tuhat vuotta Saksin historiaa esitt\u00e4en yhteens\u00e4 94 merkitt\u00e4v\u00e4\u00e4 henkil\u00f6\u00e4 aikajanalle asetettuna. Teos on yksityiskohdillaan ja koollaan h\u00e4mm\u00e4stytt\u00e4v\u00e4 ja on uskomatonta, ett\u00e4 se selvisi pommituksesta melkein vauriotta.<\/p>\n<p style=\"text-align: center;\"><a href=\"\/blog\/wp-content\/uploads\/2008\/jattimainen_posliinikuva_furstenzug.jpg\" target=\"_blank\" rel=\"noopener\"><img decoding=\"async\" style=\"border: 0px none; margin: 5px;\" src=\"\/blog\/wp-content\/uploads\/2008\/jattimainen_posliinikuva_furstenzug.jpg\" alt=\"\" \/><\/a><\/p>\n<p style=\"text-align: center;\"><em>Hienosti s\u00e4ilynyt F\u00fcrstenzugin mosaiikki<\/em><\/p>\n<p style=\"text-align: justify;\">Kun Augustusstra\u00dfea jatkaa edelleen, saavutaan Dresdenin ehk\u00e4 kuuluisimmalle rakennukselle, <em>Frauenkirchelle<\/em>. T\u00e4m\u00e4 alunperin 1726-1743 rakennettu upea luterilaiskirkko k\u00e4rsi pahoja vaurioita Dresdenin pommituksissa. Kaksi p\u00e4iv\u00e4\u00e4 niiden p\u00e4\u00e4tytty\u00e4, kun rakenteet olivat tulipalojen j\u00e4ljilt\u00e4 j\u00e4\u00e4htyneet, luhistuivat kirkon rauniot kasaan. DDR:n aikaan kirkkoa ei haluttu j\u00e4lleenrakentaa, vaan rauniokasa j\u00e4tettin paikalleen muistutuksena sotien tuhoisuudesta. Vasta Saksojen yhdistytty\u00e4 1990 (45 vuotta sodan p\u00e4\u00e4tytty\u00e4), dresdenil\u00e4iset aloittivat maailmanlaajuisen ker\u00e4yksen kirkon j\u00e4lleenrakentamisen puolesta. Tarvittavat 180 miljoonaa euroa saatiinkin kasaan ja sangen paljon lahjoituksia tuli pommituksiin osallistuneesta Britanniasta. Vuonna 2005 kirkko avautui sopivasti Dresdenin kaupungin 800-vuotisjuhlia varten. J\u00e4lleenrakennettu Frauenkirche on yksi kauneimmista kirkoista, jonka olemme n\u00e4hneet. Kirkko on kauniin linjakas ja sen puhdas kivipinta, yhdistettyn\u00e4 rauniosta l\u00f6ydettyihin k\u00e4ytt\u00f6kelpoisiin alkuper\u00e4isiin kiviin, muodostavat hienon kokonaisuuden.<\/p>\n<p style=\"text-align: center;\"><a href=\"\/blog\/wp-content\/uploads\/2008\/tuhkasta_noussut_frauenkirche.jpg\" target=\"_blank\" rel=\"noopener\"><img decoding=\"async\" style=\"border: 0px none; margin: 5px;\" src=\"\/blog\/wp-content\/uploads\/2008\/thumbs\/thumbs_tuhkasta_noussut_frauenkirche.jpg\" alt=\"\" \/><\/a><\/p>\n<p style=\"text-align: center;\"><em>Upeasti j\u00e4lleenrakennettu Frauenkirche<\/em><\/p>\n<p style=\"text-align: justify;\">Ihan viime vuosina my\u00f6s kirkkoa ymp\u00e4r\u00f6iv\u00e4 aukio on vihdoin alkanut saada takaisin vanhaa asemakaavaansa, sill\u00e4 monta korttelia on t\u00e4ysin j\u00e4lleenrakennettu entisille sijoilleen. Dresdenille pit\u00e4\u00e4 antaa tunnustusta siit\u00e4, ett\u00e4 j\u00e4lleenrakentaminen on toteutettu hyvin ja rakennuksille on selv\u00e4stikin annettu k\u00e4sky t\u00e4ytt\u00e4\u00e4 tiettyj\u00e4 historiallisia piirteit\u00e4 ja mittoja. Kuitenkin paikoin niist\u00e4 on annettu tulla my\u00f6s aavistuksen moderneja. Modernia yhdistelev\u00e4 kokonaisuus toimii kuitenkin ainakin minun silm\u00e4\u00e4ni sangen hyvin. Olikin j\u00e4nn\u00e4 n\u00e4hd\u00e4 hyvin vanhan tyylisi\u00e4, mutta kaikilta pinnoiltaan upouusia, taloja korttelikaupalla.<\/p>\n<p style=\"text-align: center;\"><a href=\"\/blog\/wp-content\/uploads\/2008\/uudelleenrakennettua_vanhaa_dresdenia1.jpg\" target=\"_blank\" rel=\"noopener\"><img decoding=\"async\" style=\"border: 0px none; margin: 5px;\" src=\"\/blog\/wp-content\/uploads\/2008\/thumbs\/thumbs_uudelleenrakennettua_vanhaa_dresdenia1.jpg\" alt=\"\" \/><\/a><a href=\"\/blog\/wp-content\/uploads\/2008\/uudelleenrakennettua_vanhaa_dresdenia2.jpg\" target=\"_blank\" rel=\"noopener\"><img decoding=\"async\" style=\"border: 0px none; margin: 5px;\" src=\"\/blog\/wp-content\/uploads\/2008\/thumbs\/thumbs_uudelleenrakennettua_vanhaa_dresdenia2.jpg\" alt=\"\" \/><\/a><a href=\"\/blog\/wp-content\/uploads\/2008\/vanhan_korttelin_moderni_sisus.jpg\" target=\"_blank\" rel=\"noopener\"><img decoding=\"async\" style=\"border: 0px none; margin: 5px;\" src=\"\/blog\/wp-content\/uploads\/2008\/thumbs\/thumbs_vanhan_korttelin_moderni_sisus.jpg\" alt=\"\" \/><\/a><\/p>\n<p style=\"text-align: center;\"><em>Uusvanhoja keskustakortteleita<\/em><\/p>\n<p style=\"text-align: justify;\">T\u00e4h\u00e4n v\u00e4liin lienee paikallaan kertoa vuodesta 2002, jolloin Elben varren kaupungit k\u00e4rsiv\u00e4t pahoin joen vuosisadan enn\u00e4tystulvasta. Muistan itsekin t\u00e4m\u00e4n tapahtuman uutisista. Tuona elokuuna It\u00e4-Alpeilla ja Tsekeiss\u00e4 satoi poikkeuksellisen paljon &#8211; jopa sata kertaa normaalin sadem\u00e4\u00e4r\u00e4n verran &#8211; hyvin pieness\u00e4 ajassa. N\u00e4m\u00e4 rankkasateet luonnollisesti purkautuivat voimalla alueen l\u00e4pi virtaaviin jokiin, kuten Tonavaan, Vltavaan sek\u00e4 Elbeen. Prahassa yksi metrolinja joutui koko veden valtaan, mutta Dresdeniss\u00e4 koko keskusta joutui vesimassojen ymp\u00e4r\u00f6im\u00e4ksi. Jopa yli yhdeks\u00e4n metri\u00e4 noussut joen pinta tulvi kaikkialle keskustaan ja aiheutti kymmenien miljoonien eurojen vesivahingot kaikissa kertomissani historiallisissa rakennuksissa. Jopa joesta reilun kilometrin sijaitsevalla, silloin juuri valmistuneella p\u00e4\u00e4rautatieasemalla, vesi nousi 1,5 metri\u00e4 lattiasta. Vuoden 2002 tulva oli siis melkoinen ja Dresdeniss\u00e4 n\u00e4hdyt ilmakuvat tuolta ajalta olivat melkoisen pys\u00e4ytt\u00e4vi\u00e4.<\/p>\n<p style=\"text-align: center;\"><a href=\"\/blog\/wp-content\/uploads\/2008\/tulvan_muistomerkki.jpg\" target=\"_blank\" rel=\"noopener\"><img decoding=\"async\" style=\"border: 0px none; margin: 5px;\" src=\"\/blog\/wp-content\/uploads\/2008\/thumbs\/thumbs_tulvan_muistomerkki.jpg\" alt=\"\" \/><\/a><\/p>\n<p style=\"text-align: center;\"><em>Muistomerkki enn\u00e4tystulvalle<\/em><\/p>\n<p style=\"text-align: justify;\">Perjantaimme kului l\u00e4hinn\u00e4 edell\u00e4 mainittuja paikkoja kierrelless\u00e4 ja keskustassa aikaa viett\u00e4en. Kuten alussa mainitsin, j\u00e4rjestet\u00e4\u00e4n Dresdeniss\u00e4 koko Saksan vanhimmat joulumarkkinat nimelt\u00e4\u00e4n <em>Striezelmarkt<\/em>. Markkinat on j\u00e4rjestetty melkein yht\u00e4jaksoisesti vuodesta 1434 alkaen, joten kyseess\u00e4 olivat per\u00e4ti 574. joulumarkkinat. Voidaan siis puhua melkoisesta perinteest\u00e4, joka houkuttelee paikalle jopa 2,5 miljoonaa k\u00e4vij\u00e4\u00e4 vuosittain.<\/p>\n<p style=\"text-align: justify;\">Itse markkinat j\u00e4rjestet\u00e4\u00e4n vanhan kaupungin v\u00e4litt\u00f6m\u00e4ss\u00e4 l\u00e4heisyydess\u00e4 Altmarktilla eli vanhalla torilla. Markkinat eiv\u00e4t ole kooltaan Saksan suurimmat, mutta selv\u00e4sti esillepanoon on panostettu ja kaikenlaista lavastetta on kojuissa ja markkina-alueella runsaasti. Ja kyll\u00e4 niit\u00e4 ihmisi\u00e4kin riitt\u00e4\u00e4. Retkemme viikonlopun ollessa markkinoiden ensimm\u00e4inen viikonloppu, ihmisi\u00e4 kyll\u00e4 piisasi markkina-alueella p\u00e4ivin ja illoin. Me emme markkinoilta mit\u00e4\u00e4n tavaraa ostaneet, mutta kiertelimme kyll\u00e4 ja katselimme kojuja, sek\u00e4 ostimme muutamia joulumarkkinaherkkuja.<\/p>\n<p style=\"text-align: center;\"><a href=\"\/blog\/wp-content\/uploads\/2008\/rakennelma_striezelmarktilla.jpg\" target=\"_blank\" rel=\"noopener\"><img decoding=\"async\" style=\"border: 0px none; margin: 5px;\" src=\"\/blog\/wp-content\/uploads\/2008\/thumbs\/thumbs_rakennelma_striezelmarktilla.jpg\" alt=\"\" \/><\/a><a href=\"\/blog\/wp-content\/uploads\/2008\/koju_striezelmarktilla.jpg\" target=\"_blank\" rel=\"noopener\"><img decoding=\"async\" style=\"border: 0px none; margin: 5px;\" src=\"\/blog\/wp-content\/uploads\/2008\/thumbs\/thumbs_koju_striezelmarktilla.jpg\" alt=\"\" \/><\/a><br \/>\n<a href=\"\/blog\/wp-content\/uploads\/2008\/striezelmarktin_vilinaa.jpg\" target=\"_blank\" rel=\"noopener\"><img decoding=\"async\" style=\"border: 0px none; margin: 5px;\" src=\"\/blog\/wp-content\/uploads\/2008\/thumbs\/thumbs_striezelmarktin_vilinaa.jpg\" alt=\"\" \/><\/a><a href=\"\/blog\/wp-content\/uploads\/2008\/sianlihaa_striezelmarktilla.jpg\" target=\"_blank\" rel=\"noopener\"><img decoding=\"async\" style=\"border: 0px none; margin: 5px;\" src=\"\/blog\/wp-content\/uploads\/2008\/thumbs\/thumbs_sianlihaa_striezelmarktilla.jpg\" alt=\"\" \/><\/a><\/p>\n<p style=\"text-align: center;\"><em>Herkkuja ja vilin\u00e4\u00e4 perinteisill\u00e4 Striezelmarktin joulumarkkinoilla<\/em><\/p>\n<p style=\"text-align: center;\"><iframe loading=\"lazy\" src=\"https:\/\/www.youtube-nocookie.com\/embed\/ZMWWlNIDDRM\" width=\"480\" height=\"360\" frameborder=\"0\"><\/iframe><\/p>\n<p style=\"text-align: justify;\">Lauantaina jatkoimme keskustassa kiertely\u00e4 ja aioimme my\u00f6s vierailla Frauenkirchenin sis\u00e4ll\u00e4. Valitettavasti kirkko oli suljettu, sill\u00e4 Saksan tv:n kakkoskanava ZDF kuvasi juuri tuona viikonloppuna Frauenkircheniss\u00e4 joulukonserttia, joka tuli heti seuraavana p\u00e4iv\u00e4n\u00e4 televisiosta. Sis\u00e4\u00e4n ei siis ollut p\u00e4\u00e4sy\u00e4 kuin kutsuvierailla, mutta kupoliin oli turistien mahdollista nousta. Kupolin huippu on 91 metrin korkeudessa ja n\u00e4k\u00f6alatasanne l\u00f6ytyy 67 metrist\u00e4.<\/p>\n<p style=\"text-align: justify;\">Kipuaminen yl\u00f6s on huomattavan helppoa verrattuna muihin vanhoihin kirkkoihin, sill\u00e4 Frauenkirchenin j\u00e4lleenrakennuksessa on pystytty suunnittelemaan kaikki uudelleen. Olikin j\u00e4nn\u00e4, miten muun muassa kaikki sein\u00e4pinnat matkalla yl\u00f6s olivat uusia, ja miten seiniss\u00e4 oli s\u00e4hk\u00f6- ja jopa verkkorasioita &#8211; kuin miss\u00e4 tahansa modernissa rakennuksessa. My\u00f6s ilmastointi ja l\u00e4mm\u00f6n s\u00e4\u00e4tely toimivat kuin normaalissa talossa. Matkalla yl\u00f6s on mahdollista n\u00e4hd\u00e4 alas kirkkoon ja n\u00e4immekin television kamera- ja valaistushenkil\u00f6st\u00f6\u00e4 kuvaamassa konserttia. N\u00e4iden kuvaaman materiaan n\u00e4keminen seuraavana p\u00e4iv\u00e4n\u00e4 kotona televisiosta olikin jotenkin hassua. &#8221;Tuollahan me juuri olimme&#8221;.<\/p>\n<p style=\"text-align: center;\"><a href=\"\/blog\/wp-content\/uploads\/2008\/elben_rantaa.jpg\" target=\"_blank\" rel=\"noopener\"><img decoding=\"async\" style=\"border: 0px none; margin: 5px;\" src=\"\/blog\/wp-content\/uploads\/2008\/thumbs\/thumbs_elben_rantaa.jpg\" alt=\"\" \/><\/a><a href=\"\/blog\/wp-content\/uploads\/2008\/dresdenin_vanhaa_kaupunkia.jpg\" target=\"_blank\" rel=\"noopener\"><img decoding=\"async\" style=\"border: 0px none; margin: 5px;\" src=\"\/blog\/wp-content\/uploads\/2008\/thumbs\/thumbs_dresdenin_vanhaa_kaupunkia.jpg\" alt=\"\" \/><\/a><br \/>\n<a href=\"\/blog\/wp-content\/uploads\/2008\/joulumarkkinakatu_frauenkichenilta.jpg\" target=\"_blank\" rel=\"noopener\"><img decoding=\"async\" style=\"border: 0px none; margin: 5px;\" src=\"\/blog\/wp-content\/uploads\/2008\/thumbs\/thumbs_joulumarkkinakatu_frauenkichenilta.jpg\" alt=\"\" \/><\/a><a href=\"\/blog\/wp-content\/uploads\/2008\/uudelleenrakennettua_vanhaa_kaupunkia.jpg\" target=\"_blank\" rel=\"noopener\"><img decoding=\"async\" style=\"border: 0px none; margin: 5px;\" src=\"\/blog\/wp-content\/uploads\/2008\/thumbs\/thumbs_uudelleenrakennettua_vanhaa_kaupunkia.jpg\" alt=\"\" \/><\/a><\/p>\n<p style=\"text-align: center;\"><em>Maisemia Frauenkirchenin kupolin huipulta<\/em><\/p>\n<p style=\"text-align: center;\"><a href=\"\/blog\/wp-content\/uploads\/2008\/striezelmarkt_ylailmoista.jpg\" target=\"_blank\" rel=\"noopener\"><img decoding=\"async\" style=\"border: 0px none; margin: 5px;\" src=\"\/blog\/wp-content\/uploads\/2008\/striezelmarkt_ylailmoista.jpg\" alt=\"\" \/><\/a><\/p>\n<p style=\"text-align: center;\"><em>Striezelmarktin joulumarkkinat kupolilta n\u00e4htyn\u00e4<\/em><\/p>\n<p style=\"text-align: justify;\">Kupolin maisemia ihailtuamme siirryimme illan h\u00e4m\u00e4rrytty\u00e4 Zwingerin marmorisalille, jossa j\u00e4rjestettiin pienempi joulukonsertti. Konsertissa esiintyi paikallinen kamariorkesteri, joka soittikin miellytt\u00e4v\u00e4\u00e4 joulumusiikkia mezzosopraanon laulaessa. Hienot puitteet entisest\u00e4\u00e4n lis\u00e4siv\u00e4t konsertin tunnelmaa. Konsertin j\u00e4lkeen oli viel\u00e4 mukava k\u00e4vell\u00e4 iltavalaistussa keskustassa ihmisvilin\u00e4\u00e4 katsellen, kunnes lopulta palasimme hotellillemme.<\/p>\n<p style=\"text-align: center;\"><a href=\"\/blog\/wp-content\/uploads\/2008\/dresdenin_kamariorkesteri.jpg\" target=\"_blank\" rel=\"noopener\"><img decoding=\"async\" style=\"border: 0px none; margin: 5px;\" src=\"\/blog\/wp-content\/uploads\/2008\/dresdenin_kamariorkesteri.jpg\" alt=\"\" \/><\/a><\/p>\n<p style=\"text-align: center;\"><em>Kamariorkesterin joulukonsertissa<\/em><\/p>\n<p style=\"text-align: justify;\">Sunnuntaina oleskelimme hotellilla melkein puoleen p\u00e4iv\u00e4\u00e4n asti, jonka j\u00e4lkeen huone oli luovutettava. K\u00e4yskentelimme viel\u00e4 muutaman tunnin keskustassa, kunnes koitti aika siirty\u00e4 p\u00e4\u00e4rautatieasemalle ja nousta Berliiniin viev\u00e4\u00e4n junaan. Lyhyt viikonloppureissumme oli onnistuneesti ohitse. Dresdenist\u00e4 j\u00e4i hyv\u00e4 maku, sill\u00e4 kaupunki on kaunis ja j\u00e4lleenrakentamista on tehty runsaasti vanhan ehdoilla. Kielt\u00e4m\u00e4tt\u00e4 kaupungissa vieraillessa tulee harmistunut mieli siit\u00e4, miksi kaupunkia piti noina kolmena y\u00f6n\u00e4 pommittaa. Ilman tuota tapahtumaa Dresden voisi olla jopa koko Euroopan parhaiten s\u00e4ilynyt barokkikaupunki valtavalla vanhalla keskustalla.<\/p>\n<p style=\"text-align: justify;\">Historian kulku on harmittava, mutta on hienoa n\u00e4hd\u00e4, ett\u00e4 Dresden selv\u00e4sti yritt\u00e4\u00e4 palauttaa loistonsa. Junalla Elbe\u00e4 ylitt\u00e4ess\u00e4 on mahdollisuus viel\u00e4 kerran ihailla kaupungin lukuisista torneista muodostuvaa upeaa joenrannan silhuettia ja kiitt\u00e4\u00e4 mieless\u00e4\u00e4n Dresdeni\u00e4 hienosta viikonlopusta.<\/p>\n<p style=\"text-align: center;\"><a href=\"\/blog\/wp-content\/uploads\/2008\/elokuvateatterin_erikoista_arkkitehtuuria.jpg\" target=\"_blank\" rel=\"noopener\"><img decoding=\"async\" style=\"border: 0px none; margin: 5px;\" src=\"\/blog\/wp-content\/uploads\/2008\/elokuvateatterin_erikoista_arkkitehtuuria.jpg\" alt=\"\" \/><\/a><\/p>\n<p style=\"text-align: center;\"><em>Moderni elokuvateatterin sis\u00e4\u00e4nk\u00e4ynti<\/em><\/p>\n<p style=\"text-align: center;\"><a href=\"\/blog\/wp-content\/uploads\/2008\/dresdenin_tornien_silhuetti_junasta.jpg\" target=\"_blank\" rel=\"noopener\"><img decoding=\"async\" style=\"border: 0px none; margin: 5px;\" src=\"\/blog\/wp-content\/uploads\/2008\/dresdenin_tornien_silhuetti_junasta.jpg\" alt=\"\" \/><\/a><\/p>\n<p style=\"text-align: center;\"><em>Dresdenin silhuetti junasta n\u00e4htyn\u00e4<\/em><\/p>\n","protected":false},"excerpt":{"rendered":"<p>Kerrotaanpa nyt Dresdenin upeasta kaupungista, jossa vietimme marraskuun viimeisen viikonlopun. Idea l\u00e4hte\u00e4 juuri Dresdeniin syntyi siit\u00e4, ett\u00e4 kaupungissa j\u00e4rjestet\u00e4\u00e4n Saksan vanhimmat joulumarkkinat ja ne olivat juuri tuolloin auenneet. Lis\u00e4ksi Dresden sijaitsee Berliinin l\u00e4hell\u00e4, vain 200 kilometri\u00e4 p\u00e4\u00e4kaupungista etel\u00e4\u00e4n. P\u00e4\u00e4t\u00f6st\u00e4 l\u00e4hte\u00e4 ei haitannut sek\u00e4\u00e4n, ett\u00e4 meno-paluu junaliput maksoivat yhteens\u00e4 kahdelle hengelle vaivaiset 59 euroa.<\/p>\n","protected":false},"author":1,"featured_media":11989,"comment_status":"open","ping_status":"open","sticky":false,"template":"","format":"standard","meta":{"_jetpack_memberships_contains_paid_content":false,"footnotes":""},"categories":[7,10],"tags":[21,93,117,405,139,404,264,274,403,190,401,406,309,402],"class_list":["post-1242","post","type-post","status-publish","format-standard","has-post-thumbnail","hentry","category-matkakertomukset","category-saksa","tag-2-maailmansota","tag-dresden","tag-frauenkirche","tag-furstenzug","tag-historiaa-2","tag-hofkirchen","tag-joulu","tag-joulumarkkinat","tag-residenzschloss","tag-saksa","tag-semperoper","tag-striezelmarkt","tag-volkswagen","tag-zwinger"],"jetpack_featured_media_url":"https:\/\/www.vuosiamaailmalla.fi\/blog\/wp-content\/uploads\/striezelmarktin_vilinaa_banner-1.jpg","jetpack_sharing_enabled":true,"_links":{"self":[{"href":"https:\/\/www.vuosiamaailmalla.fi\/blog\/wp-json\/wp\/v2\/posts\/1242","targetHints":{"allow":["GET"]}}],"collection":[{"href":"https:\/\/www.vuosiamaailmalla.fi\/blog\/wp-json\/wp\/v2\/posts"}],"about":[{"href":"https:\/\/www.vuosiamaailmalla.fi\/blog\/wp-json\/wp\/v2\/types\/post"}],"author":[{"embeddable":true,"href":"https:\/\/www.vuosiamaailmalla.fi\/blog\/wp-json\/wp\/v2\/users\/1"}],"replies":[{"embeddable":true,"href":"https:\/\/www.vuosiamaailmalla.fi\/blog\/wp-json\/wp\/v2\/comments?post=1242"}],"version-history":[{"count":2,"href":"https:\/\/www.vuosiamaailmalla.fi\/blog\/wp-json\/wp\/v2\/posts\/1242\/revisions"}],"predecessor-version":[{"id":13046,"href":"https:\/\/www.vuosiamaailmalla.fi\/blog\/wp-json\/wp\/v2\/posts\/1242\/revisions\/13046"}],"wp:featuredmedia":[{"embeddable":true,"href":"https:\/\/www.vuosiamaailmalla.fi\/blog\/wp-json\/wp\/v2\/media\/11989"}],"wp:attachment":[{"href":"https:\/\/www.vuosiamaailmalla.fi\/blog\/wp-json\/wp\/v2\/media?parent=1242"}],"wp:term":[{"taxonomy":"category","embeddable":true,"href":"https:\/\/www.vuosiamaailmalla.fi\/blog\/wp-json\/wp\/v2\/categories?post=1242"},{"taxonomy":"post_tag","embeddable":true,"href":"https:\/\/www.vuosiamaailmalla.fi\/blog\/wp-json\/wp\/v2\/tags?post=1242"}],"curies":[{"name":"wp","href":"https:\/\/api.w.org\/{rel}","templated":true}]}}