{"id":12497,"date":"2021-10-31T21:08:22","date_gmt":"2021-11-01T04:08:22","guid":{"rendered":"https:\/\/www.vuosiamaailmalla.fi\/blog\/?p=12497"},"modified":"2021-11-01T21:28:26","modified_gmt":"2021-11-02T04:28:26","slug":"halloweeniin-valmistautumista-kitsilanossa","status":"publish","type":"post","link":"https:\/\/www.vuosiamaailmalla.fi\/blog\/2021\/halloweeniin-valmistautumista-kitsilanossa\/","title":{"rendered":"Halloweenin viettoa Kitsilanossa"},"content":{"rendered":"<p style=\"text-align: justify;\">Poikkeuksellisen sateisen sek\u00e4 kolean syksyn keskell\u00e4 monissa lapsiperheiss\u00e4 on ehditty j\u00e4nnitt\u00e4m\u00e4\u00e4n lokakuun viimeisen p\u00e4iv\u00e4n s\u00e4\u00e4t\u00e4. Tuolloin vietet\u00e4\u00e4n nimitt\u00e4in <em>halloweenia<\/em>, joka on yksi Pohjois-Amerikan<a title=\"Sekavat pyh\u00e4p\u00e4iv\u00e4t\" href=\"https:\/\/www.vuosiamaailmalla.fi\/blog\/2019\/sekavat-pyhapaivat\/\"> suosituimmista juhlap\u00e4ivist\u00e4<\/a> ja erityisen t\u00e4rke\u00e4 lapsille. Ilahduttavasti t\u00e4n\u00e4 vuonna s\u00e4\u00e4 osui <a title=\"Railakas halloween\" href=\"https:\/\/www.vuosiamaailmalla.fi\/blog\/2020\/railakas-halloween\/\">viimevuotiseen tapaan<\/a> t\u00e4ydellisesti kohdilleen ja t\u00e4n\u00e4 viikonloppuna Vancouveria helliv\u00e4t pilvett\u00f6m\u00e4n kuulaat syysp\u00e4iv\u00e4t.<\/p>\n<p><!--more--><\/p>\n<p style=\"text-align: justify;\">Upean kelin inspiroimana l\u00e4hdimme koko perheen voimin katsastamaan alkuillan menoa ja ihmisten valmistautumista halloweeniin Kitsilanon alueella. T\u00e4m\u00e4 Downtownin l\u00e4hettyvill\u00e4 sijaitseva pientalovaltainen alue on kauniin vehre\u00e4\u00e4 ja <a title=\"Syksyinen\u00a0Stanley Park\" href=\"https:\/\/www.vuosiamaailmalla.fi\/blog\/2020\/syksyinen-stanley-park\/\">syksyn v\u00e4riloistoa<\/a> oli viel\u00e4 n\u00e4ht\u00e4vill\u00e4 viime viikkojen syysmyrskyist\u00e4 huolimatta runsain mitoin.<\/p>\n<p style=\"text-align: center;\"><a href=\"\/blog\/wp-content\/uploads\/2021\/jericho_beach_park1.jpg\"><img decoding=\"async\" src=\"\/blog\/wp-content\/uploads\/2021\/thumbs\/thumbs_jericho_beach_park1.jpg\" \/><\/a><a href=\"\/blog\/wp-content\/uploads\/2021\/syksyinen_kitsilano2.jpg\"><img decoding=\"async\" src=\"\/blog\/wp-content\/uploads\/2021\/thumbs\/thumbs_syksyinen_kitsilano2.jpg\" \/><\/a><a href=\"\/blog\/wp-content\/uploads\/2021\/syksyinen_kitsilano1.jpg\"><img decoding=\"async\" src=\"\/blog\/wp-content\/uploads\/2021\/thumbs\/thumbs_syksyinen_kitsilano1.jpg\" \/><\/a><\/p>\n<p style=\"text-align: center;\"><em>Syksyinen Kitsilano<\/em><\/p>\n<p style=\"text-align: center;\"><a href=\"\/blog\/wp-content\/uploads\/2021\/halloween_koristuksia3.jpg\"><img decoding=\"async\" src=\"\/blog\/wp-content\/uploads\/2021\/thumbs\/thumbs_halloween_koristuksia3.jpg\" \/><\/a><a href=\"\/blog\/wp-content\/uploads\/2021\/halloween_koristuksia4.jpg\"><img decoding=\"async\" src=\"\/blog\/wp-content\/uploads\/2021\/thumbs\/thumbs_halloween_koristuksia4.jpg\" \/><\/a><\/p>\n<p style=\"text-align: center;\"><em>Koristeluita illan varalle<\/em><\/p>\n<p style=\"text-align: justify;\">Ihmisten pihoilla n\u00e4ki j\u00e4lleen kerran mit\u00e4 moninaisimpia koristuksia, joidenkin talojen menness\u00e4 koristeluissaan aina \u00f6verin puolelle. N\u00e4iss\u00e4 taloissa onkin syyt\u00e4 varautua runsaaseen m\u00e4\u00e4r\u00e4\u00e4n vieraita, sill\u00e4 suosituimmissa osoitteissa poikkeaa illan aikana helposti satoja lapsia, aiheuttaen talon edustalle pienen liikenneruuhkan! N\u00e4in kiireist\u00e4 ei ollut kuitenkaan viel\u00e4 valoisan aikaan, mutta veikkaanpa muutaman t\u00e4ss\u00e4kin n\u00e4hdyn osoitteen olleen illasta suosittu vierailukohde alueen lapsille.<\/p>\n<p style=\"text-align: center;\"><a href=\"\/blog\/wp-content\/uploads\/2021\/halloween_koristuksia2.jpg\"><img decoding=\"async\" src=\"\/blog\/wp-content\/uploads\/2021\/thumbs\/thumbs_halloween_koristuksia2.jpg\" \/><\/a><a href=\"\/blog\/wp-content\/uploads\/2021\/halloween_koristuksia1.jpg\"><img decoding=\"async\" src=\"\/blog\/wp-content\/uploads\/2021\/thumbs\/thumbs_halloween_koristuksia1.jpg\" \/><\/a><\/p>\n<p style=\"text-align: center;\"><em>Luisevat grillijuhlat<\/em><\/p>\n<p style=\"text-align: justify;\">K\u00e4velimme asuinalueiden poikki aina aurinkoiselle <a title=\"Spanish Banksin kuumat hiekkarannat\" href=\"https:\/\/www.vuosiamaailmalla.fi\/blog\/2021\/spanish-banksin-kuumat-hiekkarannat\/\">Jericho Beachille<\/a> asti ja sielt\u00e4 Kitsilanon rantaa pitkin kohti keskustaa. Viile\u00e4st\u00e4 tuulesta huolimatta maisemat pohjoisrannan vuorille olivat kertakaikkisen upeat ja viime viikkoina useaan otteeseen sataneesta ensilumesta oli n\u00e4ht\u00e4vill\u00e4 pieni haituva korkeimmilla huipuilla, kunnon talven odottaessa viel\u00e4 tuloaan.<\/p>\n<p style=\"text-align: center;\"><a href=\"\/blog\/wp-content\/uploads\/2021\/jean_beaty_park_panoraama.jpg\"><img decoding=\"async\" src=\"\/blog\/wp-content\/uploads\/2021\/jean_beaty_park_panoraama_pieni.jpg\" \/><\/a><\/p>\n<p style=\"text-align: center;\"><em>Kerrassaan upea syysp\u00e4iv\u00e4<\/em><\/p>\n<p style=\"text-align: justify;\">Meid\u00e4n pienelt\u00e4 tyt\u00f6lt\u00e4mme t\u00e4m\u00e4n el\u00e4m\u00e4n ensimm\u00e4inen halloween meni hyvist\u00e4 nokosista nauttiessa t\u00e4ysin ohitse, mutta ensi vuonna halloween tarkoittanee meill\u00e4kin valmisteluita ja esimerkiksi <a title=\"Kurpitsan kaiverrusta\" href=\"https:\/\/www.vuosiamaailmalla.fi\/blog\/2013\/kurpitsan-kaiverrusta\/\">kurpitsan kaivertamista<\/a> parvekkeelle tunnelmaa tuomaan.<\/p>\n<p style=\"text-align: center;\"><a href=\"\/blog\/wp-content\/uploads\/2021\/jericho_beach_park2.jpg\"><img decoding=\"async\" src=\"\/blog\/wp-content\/uploads\/2021\/jericho_beach_park2.jpg\" \/><\/a><\/p>\n<p style=\"text-align: center;\"><em>Jericho Beachilla<\/em><\/p>\n<p style=\"text-align: center;\"><a href=\"\/blog\/wp-content\/uploads\/2021\/point_grey_road_park2.jpg\"><img decoding=\"async\" src=\"\/blog\/wp-content\/uploads\/2021\/thumbs\/thumbs_point_grey_road_park2.jpg\" \/><\/a><a href=\"\/blog\/wp-content\/uploads\/2021\/point_grey_road_park1.jpg\"><img decoding=\"async\" src=\"\/blog\/wp-content\/uploads\/2021\/thumbs\/thumbs_point_grey_road_park1.jpg\" \/><\/a><\/p>\n<p style=\"text-align: center;\"><em>Tuulinen p\u00e4iv\u00e4<\/em><\/p>\n","protected":false},"excerpt":{"rendered":"<p>Poikkeuksellisen sateisen sek\u00e4 kolean syksyn keskell\u00e4 monissa lapsiperheiss\u00e4 on ehditty j\u00e4nnitt\u00e4m\u00e4\u00e4n lokakuun viimeisen p\u00e4iv\u00e4n s\u00e4\u00e4t\u00e4. Tuolloin vietet\u00e4\u00e4n nimitt\u00e4in halloweenia, joka on yksi Pohjois-Amerikan suosituimmista juhlap\u00e4ivist\u00e4 ja erityisen t\u00e4rke\u00e4 lapsille. Ilahduttavasti t\u00e4n\u00e4 vuonna s\u00e4\u00e4 osui viimevuotiseen tapaan t\u00e4ydellisesti kohdilleen ja t\u00e4n\u00e4 viikonloppuna Vancouveria helliv\u00e4t pilvett\u00f6m\u00e4n kuulaat syysp\u00e4iv\u00e4t.<\/p>\n","protected":false},"author":1,"featured_media":12498,"comment_status":"open","ping_status":"closed","sticky":false,"template":"","format":"standard","meta":{"_jetpack_memberships_contains_paid_content":false,"footnotes":""},"categories":[17,3],"tags":[25,388,1694,935,939,365],"class_list":["post-12497","post","type-post","status-publish","format-standard","has-post-thumbnail","hentry","category-arki-kanadassa","category-arki-ulkomailla","tag-ajankohtaista","tag-halloween","tag-jericho-beach","tag-kanada","tag-vancouver","tag-vancouver-kitsilano"],"jetpack_featured_media_url":"https:\/\/www.vuosiamaailmalla.fi\/blog\/wp-content\/uploads\/halloween_koristuksia_banner.jpg","jetpack_sharing_enabled":true,"_links":{"self":[{"href":"https:\/\/www.vuosiamaailmalla.fi\/blog\/wp-json\/wp\/v2\/posts\/12497","targetHints":{"allow":["GET"]}}],"collection":[{"href":"https:\/\/www.vuosiamaailmalla.fi\/blog\/wp-json\/wp\/v2\/posts"}],"about":[{"href":"https:\/\/www.vuosiamaailmalla.fi\/blog\/wp-json\/wp\/v2\/types\/post"}],"author":[{"embeddable":true,"href":"https:\/\/www.vuosiamaailmalla.fi\/blog\/wp-json\/wp\/v2\/users\/1"}],"replies":[{"embeddable":true,"href":"https:\/\/www.vuosiamaailmalla.fi\/blog\/wp-json\/wp\/v2\/comments?post=12497"}],"version-history":[{"count":6,"href":"https:\/\/www.vuosiamaailmalla.fi\/blog\/wp-json\/wp\/v2\/posts\/12497\/revisions"}],"predecessor-version":[{"id":12504,"href":"https:\/\/www.vuosiamaailmalla.fi\/blog\/wp-json\/wp\/v2\/posts\/12497\/revisions\/12504"}],"wp:featuredmedia":[{"embeddable":true,"href":"https:\/\/www.vuosiamaailmalla.fi\/blog\/wp-json\/wp\/v2\/media\/12498"}],"wp:attachment":[{"href":"https:\/\/www.vuosiamaailmalla.fi\/blog\/wp-json\/wp\/v2\/media?parent=12497"}],"wp:term":[{"taxonomy":"category","embeddable":true,"href":"https:\/\/www.vuosiamaailmalla.fi\/blog\/wp-json\/wp\/v2\/categories?post=12497"},{"taxonomy":"post_tag","embeddable":true,"href":"https:\/\/www.vuosiamaailmalla.fi\/blog\/wp-json\/wp\/v2\/tags?post=12497"}],"curies":[{"name":"wp","href":"https:\/\/api.w.org\/{rel}","templated":true}]}}