{"id":12505,"date":"2021-11-07T20:59:46","date_gmt":"2021-11-08T04:59:46","guid":{"rendered":"https:\/\/www.vuosiamaailmalla.fi\/blog\/?p=12505"},"modified":"2024-07-01T13:58:58","modified_gmt":"2024-07-01T20:58:58","slug":"isovanhemmat-vierailulla","status":"publish","type":"post","link":"https:\/\/www.vuosiamaailmalla.fi\/blog\/2021\/isovanhemmat-vierailulla\/","title":{"rendered":"Isovanhemmat vierailulla"},"content":{"rendered":"<p style=\"text-align: justify;\">Kuluva vuosi on ollut meille todella erityinen ja arkemme on muovautunut t\u00e4ysin uudenlaiseksi elokuussa syntyneen tytt\u00e4remme johdosta. <a title=\"Uuden el\u00e4m\u00e4n alku\" href=\"https:\/\/www.vuosiamaailmalla.fi\/blog\/2021\/uuden-elaman-alku\/\">Ihanasta tapahtumasta<\/a> on ehtinyt kulua nyt hieman yli kolme kuukautta, miss\u00e4 ajassa on saanut todeta pienten vauvojen kasvavan hurjaa vauhtia ja ihanan vauvavaiheen olevan oikeasti todella lyhyt aika!<\/p>\n<p><!--more--><\/p>\n<p style=\"text-align: justify;\">Lapsenlapsen syntym\u00e4 maailman toisella laidalla on ollut isovanhemmillemme paitsi \u00e4\u00e4rimm\u00e4isen iloinen, my\u00f6skin haikea tapahtuma, sill\u00e4 n\u00e4ill\u00e4 on ollut kova halu saada todistaa sit\u00e4 kanssamme. T\u00e4m\u00e4 on kuitenkin vaikeaa suuren et\u00e4isyyden ja <a title=\"K\u00e4sist\u00e4 karannut korona\" href=\"https:\/\/www.vuosiamaailmalla.fi\/blog\/2020\/kasista-karannut-korona\/\">koronaepidemian<\/a> vuoksi, ja olemmekin Niinan kanssa n\u00e4hneet vanhempiamme edellisen kerran <a title=\"Joululoma nostalgisissa merkeiss\u00e4\" href=\"https:\/\/www.vuosiamaailmalla.fi\/blog\/2020\/joululoma-nostalgisissa-merkeissa\/\">joulukuussa 2019<\/a>!<\/p>\n<p style=\"text-align: justify;\">Alun perin suunnitelmanamme oli lent\u00e4\u00e4 jouluksi Suomeen n\u00e4kem\u00e4\u00e4n tuttuja, mutta syntym\u00e4\u00e4 seurannut <a title=\"Kriittiset ensip\u00e4iv\u00e4t teho-osastolla\" href=\"https:\/\/www.vuosiamaailmalla.fi\/blog\/2021\/kriittiset-ensipaivat-teho-osastolla\/\">pitk\u00e4 sairaalajakso teho-osastolla<\/a> muutti suunnitelmiamme. Vaikean vaiheen keskell\u00e4 suunnitelmaksi muodostuikin, ett\u00e4 vanhempamme lent\u00e4v\u00e4t sen sijaan Kanadaan tapaamaan uutta tulokasta ja avustamaan arjen alkamisessa.<\/p>\n<p style=\"text-align: justify;\">Lentomatkustus on ollut pandemiankin aikana mahdollista, mutta s\u00e4\u00e4nn\u00f6t sen ymp\u00e4rill\u00e4 ovat tiukentuneet jatkuvasti, Kanadan ollessa s\u00e4\u00e4nn\u00f6iss\u00e4\u00e4n erityisen tiukka. Viel\u00e4 loppukes\u00e4st\u00e4 maahantulo ilman karanteenia oli mahdollista ainoastaan <a title=\"Rokotusten k\u00e4rkimaa\" href=\"https:\/\/www.vuosiamaailmalla.fi\/blog\/2021\/rokotusten-karkimaa\/\">t\u00e4ysrokotetuille<\/a> matkaajille ja niillekin vain perhesiteen perusteella. Erilaisia todistuksia vaaditaan kuitenkin runsaasti, mik\u00e4 ei ole helppoa aikana, kun eri maat vasta valmistelevat <a title=\"Kiistanalainen rokotepassi k\u00e4ytt\u00f6\u00f6n\" href=\"https:\/\/www.vuosiamaailmalla.fi\/blog\/2021\/kiistanalainen-rokotepassi-kayttoon\/\">rokotustodistusten<\/a> laajempaan k\u00e4ytt\u00f6\u00f6nottoa.<\/p>\n<p style=\"text-align: center;\"><a href=\"\/blog\/wp-content\/uploads\/2021\/uutta_tulokasta_tapaamassa1.jpg\"><img decoding=\"async\" src=\"\/blog\/wp-content\/uploads\/2021\/thumbs\/thumbs_uutta_tulokasta_tapaamassa1.jpg\" \/><\/a><a href=\"\/blog\/wp-content\/uploads\/2021\/uutta_tulokasta_tapaamassa2.jpg\"><img decoding=\"async\" src=\"\/blog\/wp-content\/uploads\/2021\/thumbs\/thumbs_uutta_tulokasta_tapaamassa2.jpg\" \/><\/a><\/p>\n<p style=\"text-align: center;\"><em>Pient\u00e4 k\u00e4\u00e4r\u00f6\u00e4 tapaamassa<\/em><\/p>\n<p style=\"text-align: justify;\">Matkan j\u00e4rjestely olikin erityisen hankalaa meid\u00e4n joutuessa viett\u00e4m\u00e4\u00e4n p\u00e4iv\u00e4t sairaalalla, mutta onneksi siskoni suurella avustuksella omat vanhempani saapuivat Vancouveriin vain kymmenen p\u00e4iv\u00e4\u00e4 syntym\u00e4n j\u00e4lkeen. T\u00e4\u00e4ll\u00e4 heit\u00e4 oli vastassa loppukes\u00e4n viimeinen <a title=\"Kaikkien aikojen enn\u00e4tyshelle\" href=\"https:\/\/www.vuosiamaailmalla.fi\/blog\/2021\/kaikkien-aikojen-ennatyshelle\/\">kuuma hellejakso<\/a> sek\u00e4 <a title=\"Maailman huonoin ilmanlaatu\" href=\"https:\/\/www.vuosiamaailmalla.fi\/blog\/2020\/maailman-huonoin-ilmanlaatu\/\">mets\u00e4palosavuinen ilma<\/a>, joka kuitenkin selkeni muutamassa p\u00e4iv\u00e4ss\u00e4.<\/p>\n<p style=\"text-align: justify;\">Vieraat olivat tietenkin todella innoissaan mahdollisuudesta n\u00e4hd\u00e4 pieni tulokas, mutta koronas\u00e4\u00e4nn\u00f6sten vuoksi heid\u00e4n ei ollut mahdollista vierailla sairaalan teho-osastolla. Niinp\u00e4 vanhempieni aika kuluikin kotonamme, Niinan ja minun viett\u00e4ess\u00e4 p\u00e4iv\u00e4t sairaalalla tytt\u00e4remme kanssa. Niina vietti my\u00f6s \u00f6it\u00e4 sairaalalla, minun saapuessa yleens\u00e4 y\u00f6ksi kotiin. Iltaisin ehdin k\u00e4yd\u00e4 vanhempieni kanssa lyhyill\u00e4 k\u00e4velyill\u00e4 kotimme l\u00e4hist\u00f6ll\u00e4 haukkaamassa happea, mik\u00e4 auttoi p\u00e4\u00e4n selvitt\u00e4misess\u00e4.<\/p>\n<p style=\"text-align: center;\"><a href=\"\/blog\/wp-content\/uploads\/2021\/queensborough_panoraama2.jpg\"><img decoding=\"async\" src=\"\/blog\/wp-content\/uploads\/2021\/queensborough_panoraama2_pieni.jpg\" \/><\/a><\/p>\n<p style=\"text-align: center;\"><em>K\u00e4velyll\u00e4 Queensboroughssa<\/em><\/p>\n<p style=\"text-align: justify;\">Iloinen ja odotettu hetki koitti lopulta viikkoa my\u00f6hemmin, kun meid\u00e4n onnistui sopia tuoda jo paremmin voiva tytt\u00f6mme teho-osastolta alas sairaalan aulaan. Siell\u00e4 mummi ja pappa saivat viimeinkin tavata kovasti odotetun lapsenlapsensa ja pit\u00e4\u00e4 t\u00e4t\u00e4 syliss\u00e4\u00e4n. Tapaaminen oli todella t\u00e4rke\u00e4 hetki ja pieni Fiona ihmetteli uusia ihmisi\u00e4 uteliaan iloisesti.<\/p>\n<p style=\"text-align: justify;\">Vanhempieni matka Vancouveriin oli 18 p\u00e4iv\u00e4n mittainen ja meit\u00e4 j\u00e4nnittikin j\u00e4isik\u00f6 tapaaminen reissun ainoaksi. Onneksi p\u00e4\u00e4simme sairaalasta kotiin nelj\u00e4 p\u00e4iv\u00e4\u00e4 ennen n\u00e4iden kotiinpaluuta, joten ensimm\u00e4iset p\u00e4iv\u00e4mme kotona olivat meille kaikille yhteinen ihana kokemus, jossa piisasi sylittely\u00e4 sek\u00e4 <a title=\"Valmiina vauvan tuloon\" href=\"https:\/\/www.vuosiamaailmalla.fi\/blog\/2021\/valmiina-vauvan-tuloon\/\">lastenvaunuissa<\/a> k\u00f6r\u00f6ttely\u00e4.<\/p>\n<p style=\"text-align: justify;\">Elokuun viimeisen viikonlopun s\u00e4\u00e4 oli my\u00f6s poikkeuksellisen upea ja sinisen taivaan innoittamana teinkin vanhempieni kanssa p\u00e4iv\u00e4retken Fraser Valleyn alueelle. Vierailimme aina yht\u00e4 kauniilla <em>Bridal Veil Fallsin<\/em> vesiputouksella sek\u00e4 huikealla <em>Hope Sliden<\/em> maanvy\u00f6rym\u00e4ll\u00e4. Hopen suunnalla kun oltiin, oli meid\u00e4n my\u00f6s pakko katsastaa eritt\u00e4in vilkas <a title=\"Othello Tunnels\" href=\"https:\/\/www.vuosiamaailmalla.fi\/blog\/2014\/othello-tunnels\/\"><em>Othello Tunnels<\/em><\/a>. Retkemme olikin vieraiden mieleen ja jylh\u00e4\u00e4n kanjoniin louhitut nelj\u00e4 entist\u00e4 junatunnelia ovat hurja n\u00e4ky sek\u00e4 rakennustaidon taidonn\u00e4yte.<\/p>\n<p style=\"text-align: center;\"><a href=\"\/blog\/wp-content\/uploads\/2021\/retki_othello_tunnelsille2.jpg\"><img decoding=\"async\" src=\"\/blog\/wp-content\/uploads\/2021\/thumbs\/thumbs_retki_othello_tunnelsille2.jpg\" \/><\/a><a href=\"\/blog\/wp-content\/uploads\/2021\/retki_othello_tunnelsille3.jpg\"><img decoding=\"async\" src=\"\/blog\/wp-content\/uploads\/2021\/thumbs\/thumbs_retki_othello_tunnelsille3.jpg\" \/><\/a><a href=\"\/blog\/wp-content\/uploads\/2021\/retki_othello_tunnelsille1.jpg\"><img decoding=\"async\" src=\"\/blog\/wp-content\/uploads\/2021\/thumbs\/thumbs_retki_othello_tunnelsille1.jpg\" \/><\/a><\/p>\n<p style=\"text-align: center;\"><em>Othellon tunneleilla oli ruuhkaa<\/em><\/p>\n<p style=\"text-align: center;\"><a href=\"\/blog\/wp-content\/uploads\/2021\/retki_bridal_veil_fallsille.jpg\"><img decoding=\"async\" src=\"\/blog\/wp-content\/uploads\/2021\/thumbs\/thumbs_retki_bridal_veil_fallsille.jpg\" \/><\/a><a href=\"\/blog\/wp-content\/uploads\/2021\/retki_hope_fallsille.jpg\"><img decoding=\"async\" src=\"\/blog\/wp-content\/uploads\/2021\/thumbs\/thumbs_retki_hope_fallsille.jpg\" \/><\/a><\/p>\n<p style=\"text-align: center;\"><em>Fraser Valleyn n\u00e4ht\u00e4vyyksi\u00e4<\/em><\/p>\n<p style=\"text-align: justify;\">Paluumatkalla pys\u00e4hdyimme minullekin uudella kohteella. Olen ihastellut usein Missionin kaupungin kohdalla korkean kukkulan laella kohoavaa kookasta rakennusta, jonka torni n\u00e4kyy kauas. Rakennus on osa vuonna 1939 perustettua benediktiinimunkkiyhteis\u00f6\u00e4, jonka kompleksi tunnetaan nimell\u00e4 <em>Westminster Abbey<\/em>. Yhteis\u00f6\u00f6n kuuluu noin 30 luostarilla t\u00e4ysip\u00e4iv\u00e4isesti asustavaa munkkia, jotka harjoittavat uskonnollista seminaari- ja koulutustoimintaa.<\/p>\n<p style=\"text-align: center;\"><a href=\"\/blog\/wp-content\/uploads\/2021\/westminster_abbey_mission1.jpg\"><img decoding=\"async\" src=\"\/blog\/wp-content\/uploads\/2021\/thumbs\/thumbs_westminster_abbey_mission1.jpg\" \/><\/a><a href=\"\/blog\/wp-content\/uploads\/2021\/westminster_abbey_mission2.jpg\"><img decoding=\"async\" src=\"\/blog\/wp-content\/uploads\/2021\/thumbs\/thumbs_westminster_abbey_mission2.jpg\" \/><\/a><\/p>\n<p style=\"text-align: center;\"><em>Westminster Abbey<\/em><\/p>\n<p style=\"text-align: justify;\">N\u00e4ytt\u00e4v\u00e4 rakennuskompleksi on norjalaisen arkkitehdin k\u00e4sialaa ja otettu k\u00e4ytt\u00f6\u00f6n vuonna 1954. Korkea kirkontorni n\u00e4kyy kauas, mutta todellinen n\u00e4ht\u00e4vyys on vuonna 1982 avautunut suuri kirkkosali. Ristinmuotoinen rakennus on ulkoa melko mit\u00e4\u00e4nsanomaton betonipintainen rakennelma, teeman jatkuessa my\u00f6s sis\u00e4tiloissa. Rakennusta kuitenkin koristavat lukuisat v\u00e4rikk\u00e4\u00e4t lasi-ikkunat, joiden kautta sis\u00e4\u00e4n suodattuu l\u00e4mmin valo, joka v\u00e4rj\u00e4\u00e4 sisustan eri v\u00e4reill\u00e4. N\u00e4ky on kaunis ja sis\u00e4lle on hartaushetkien ulkopuolella vapaa p\u00e4\u00e4sy.<\/p>\n<p style=\"text-align: center;\"><a href=\"\/blog\/wp-content\/uploads\/2021\/westminster_abbey_mission_sisalta2.jpg\"><img decoding=\"async\" src=\"\/blog\/wp-content\/uploads\/2021\/thumbs\/thumbs_westminster_abbey_mission_sisalta2.jpg\" \/><\/a><a href=\"\/blog\/wp-content\/uploads\/2021\/westminster_abbey_mission_sisalta1.jpg\"><img decoding=\"async\" src=\"\/blog\/wp-content\/uploads\/2021\/thumbs\/thumbs_westminster_abbey_mission_sisalta1.jpg\" \/><\/a><a href=\"\/blog\/wp-content\/uploads\/2021\/westminster_abbey_mission_sisalta5.jpg\"><img decoding=\"async\" src=\"\/blog\/wp-content\/uploads\/2021\/thumbs\/thumbs_westminster_abbey_mission_sisalta5.jpg\" \/><\/a><br \/>\n<a href=\"\/blog\/wp-content\/uploads\/2021\/westminster_abbey_mission_sisalta4.jpg\"><img decoding=\"async\" src=\"\/blog\/wp-content\/uploads\/2021\/thumbs\/thumbs_westminster_abbey_mission_sisalta4.jpg\" \/><\/a><a href=\"\/blog\/wp-content\/uploads\/2021\/westminster_abbey_mission_sisalta3.jpg\"><img decoding=\"async\" src=\"\/blog\/wp-content\/uploads\/2021\/thumbs\/thumbs_westminster_abbey_mission_sisalta3.jpg\" \/><\/a><\/p>\n<p style=\"text-align: center;\"><em>Kirkkosali sateenkaaren v\u00e4reiss\u00e4<\/em><\/p>\n<p style=\"text-align: justify;\">My\u00f6s kirkon noin 70 hehtaarin kokoiset tilukset ovat pieni k\u00e4velyn arvoiset, maaston vieriess\u00e4 kukkulan lakea pitkin. Tilusten l\u00e4nsilaidalta l\u00f6ytyy pieni kieleke, jolta aukeaa n\u00e4kym\u00e4 yli alapuolella sijaitsevan 38 800 asukkaan Missionin kaupungin, jota rajaa suuri ja hitaasti virtaava Fraser River.<\/p>\n<p style=\"text-align: center;\"><a href=\"\/blog\/wp-content\/uploads\/2021\/mission_panoraama.jpg\"><img decoding=\"async\" src=\"\/blog\/wp-content\/uploads\/2021\/mission_panoraama_pieni.jpg\" \/><\/a><\/p>\n<p style=\"text-align: center;\"><em>Missionin kaupungin yll\u00e4<\/em><\/p>\n<p style=\"text-align: justify;\">Mukavan p\u00e4iv\u00e4matkamme sek\u00e4 ihanien ensip\u00e4iviemme my\u00f6t\u00e4 vanhempieni vierailu oli onnistunut, vaikka sen ensimm\u00e4isi\u00e4 viikkoja varjostikin ep\u00e4varmuus siit\u00e4 kuinka kauan joutuisimmekaan olemaan sairaalalla. Onneksi n\u00e4ille muodostui ihana mahdollisuus tavata suvun uusin tulokas matkan viimeisin\u00e4 p\u00e4ivin\u00e4.<\/p>\n<p style=\"text-align: justify;\">T\u00e4ss\u00e4 mieless\u00e4 Niinan vanhemmilla oli parempi ajoitus, kun n\u00e4m\u00e4 saapuivat luoksemme kuukautta my\u00f6hemmin. Tuolloin Fiona alkoi l\u00e4hesty\u00e4 jo kahden kuukauden ik\u00e4\u00e4, ollen kuitenkin edelleen pieni paketti. Tuohon menness\u00e4 olimme my\u00f6skin saaneet kiinni normiarjesta ja min\u00e4kin olin palannut t\u00f6ihin, mink\u00e4 vuoksi my\u00f6s heid\u00e4n vierailuaan v\u00e4ritti runsas ajanvietto kotonamme vauvaa ihmetellen ja hoitaen.<\/p>\n<p style=\"text-align: justify;\">Vierailun ensimm\u00e4isen\u00e4 viikonloppuna ajoimme tuulisen p\u00e4iv\u00e4n keskell\u00e4 <a title=\"P\u00e4\u00e4si\u00e4ispy\u00f6r\u00e4ily Crescent Beachilla\" href=\"https:\/\/www.vuosiamaailmalla.fi\/blog\/2015\/paasiaispyoraily-crescent-beachilla\/\"><em>Crescent Beachille<\/em><\/a>, joka on Niinan ja minun suosima alue k\u00e4vell\u00e4. Sielt\u00e4 on hauska my\u00f6s poiketa White Rockin keskustassa, jossa vieraamme vierailivat <a title=\"Kanadan pisimm\u00e4ll\u00e4 laiturilla\" href=\"https:\/\/www.vuosiamaailmalla.fi\/blog\/2020\/kanadan-pisimmalla-laiturilla\/\">Kanadan pisimm\u00e4ll\u00e4 laiturilla<\/a> vuonna 2013 olleella <a title=\"Vieraita vanhalta mantereelta\" href=\"https:\/\/www.vuosiamaailmalla.fi\/blog\/2013\/vieraita-vanhalta-mantereelta\/\">ensimm\u00e4isell\u00e4 Kanadan matkallaan<\/a>.<\/p>\n<p style=\"text-align: center;\"><a href=\"\/blog\/wp-content\/uploads\/2021\/vieraiden_kanssa_crescent_beachilla.jpg\"><img decoding=\"async\" src=\"\/blog\/wp-content\/uploads\/2021\/vieraiden_kanssa_crescent_beachilla.jpg\" \/><\/a><\/p>\n<p style=\"text-align: center;\"><em>K\u00e4rryttely\u00e4 Crescent Beachilla<\/em><\/p>\n<p style=\"text-align: justify;\">Seuraavana p\u00e4iv\u00e4n\u00e4 ajoimme koko porukka Missioniin, jossa n\u00e4ytin my\u00f6s n\u00e4ille vieraille Westminster Abbeyn alueen. Valitettavasti keli oli t\u00e4ll\u00e4 kertaa pilvinen, emmek\u00e4 pystyneet vierailemaan kirkkorakennuksen sis\u00e4ll\u00e4, mutta k\u00e4vimme silti katsastamassa maisemat ulkoa sek\u00e4\u00a0 jo mainitulta kalliokielekkeelt\u00e4.<\/p>\n<p style=\"text-align: center;\"><a href=\"\/blog\/wp-content\/uploads\/2021\/westminster_abbey_mission_panoraama.jpg\"><img decoding=\"async\" src=\"\/blog\/wp-content\/uploads\/2021\/westminster_abbey_mission_panoraama_pieni.jpg\" \/><\/a><\/p>\n<p style=\"text-align: center;\"><em>T\u00e4ll\u00e4 kertaa pilvinen Westminster Abbey\u00a0<\/em><\/p>\n<p style=\"text-align: center;\"><a href=\"\/blog\/wp-content\/uploads\/2021\/vieraat_missionissa.jpg\"><img decoding=\"async\" src=\"\/blog\/wp-content\/uploads\/2021\/vieraat_missionissa.jpg\" \/><\/a><\/p>\n<p style=\"text-align: center;\"><em>Viikonloppuretkell\u00e4<\/em><\/p>\n<p style=\"text-align: justify;\">Luostarilta ajoimme l\u00e4hist\u00f6ll\u00e4 sijaitsevaan <em>Cascade Falls Regional Parkiin<\/em>, jossa emme ole Niinan kanssa aiemmin k\u00e4yneetk\u00e4\u00e4n. Syv\u00e4ll\u00e4 Missionin perukoilla ja aivan vuorten juurella sijaitsevan pienen 22 hehtaarin kokoisen puiston n\u00e4ht\u00e4vyys on upea vesiputous, jonka nime\u00e4 puisto kantaa.<\/p>\n<p style=\"text-align: justify;\">Parkkipaikalta on lyhyt, joskin sangen jyrkk\u00e4 kipuaminen riippusillalle, jolta avautuu hieno n\u00e4kym\u00e4 voimakkaasti jymisev\u00e4lle putoukselle. Putouksella on korkeutta 30 metri\u00e4, mink\u00e4 j\u00e4lkeen vesimassat jatkavat matkaansa alas vuolasta koskea, p\u00e4\u00e4tyen osaksi Hatzic Valleyn pohjalla virtaavaa ja lopulta Fraser Riveriin p\u00e4\u00e4tyv\u00e4\u00e4 jokea. Upea vesiputous teki kaikkiin vaikutuksen ja erityisesti Fionalle maistui uni j\u00e4nnitt\u00e4v\u00e4n p\u00e4iv\u00e4matkan j\u00e4lkeen.<\/p>\n<p style=\"text-align: center;\"><a href=\"\/blog\/wp-content\/uploads\/2021\/syksyinen_kanaka_creek.jpg\"><img decoding=\"async\" src=\"\/blog\/wp-content\/uploads\/2021\/thumbs\/thumbs_syksyinen_kanaka_creek.jpg\" \/><\/a><a href=\"\/blog\/wp-content\/uploads\/2021\/cascade_falls_regional_park1.jpg\"><img decoding=\"async\" src=\"\/blog\/wp-content\/uploads\/2021\/thumbs\/thumbs_cascade_falls_regional_park1.jpg\" \/><\/a><a href=\"\/blog\/wp-content\/uploads\/2021\/cascade_falls_regional_park2.jpg\"><img decoding=\"async\" src=\"\/blog\/wp-content\/uploads\/2021\/thumbs\/thumbs_cascade_falls_regional_park2.jpg\" \/><\/a><br \/>\n<a href=\"\/blog\/wp-content\/uploads\/2021\/cascade_falls_regional_park3.jpg\"><img decoding=\"async\" src=\"\/blog\/wp-content\/uploads\/2021\/thumbs\/thumbs_cascade_falls_regional_park3.jpg\" \/><\/a><a href=\"\/blog\/wp-content\/uploads\/2021\/cascade_falls_regional_park4.jpg\"><img decoding=\"async\" src=\"\/blog\/wp-content\/uploads\/2021\/thumbs\/thumbs_cascade_falls_regional_park4.jpg\" \/><\/a><\/p>\n<p style=\"text-align: center;\"><em>Upea Cascade Falls Regional Park<\/em><\/p>\n<p style=\"text-align: justify;\">Seuraavalla viikolla vierailimme ilta-aikaan Burnaby Mountainilla sijaitsevalla <em>Simon Fraser Universityn<\/em> kampuksella. Alueella on erikoista arkkitehtuuria ja sielt\u00e4 aukeaa my\u00f6s hieno maisema Vancouveriin. Yliopistojen syysluentojen ollessa jo k\u00e4ynniss\u00e4 oli kampus viel\u00e4 iltasellakin vilkas, opiskelijoiden kiiruhtaessa kuka minnekin.<\/p>\n<p style=\"text-align: center;\"><a href=\"\/blog\/wp-content\/uploads\/2021\/vieraiden_kanssa_sfulla.jpg\"><img decoding=\"async\" src=\"\/blog\/wp-content\/uploads\/2021\/thumbs\/thumbs_vieraiden_kanssa_sfulla.jpg\" \/><\/a><a href=\"\/blog\/wp-content\/uploads\/2021\/vieraiden_kanssa_burnaby_mountainilla.jpg\"><img decoding=\"async\" src=\"\/blog\/wp-content\/uploads\/2021\/thumbs\/thumbs_vieraiden_kanssa_burnaby_mountainilla.jpg\" \/><\/a><\/p>\n<p style=\"text-align: center;\"><em>Ilta Burnaby Mountainilla<\/em><\/p>\n<p style=\"text-align: justify;\">Toinen vierailukohde oli <em>Tynehead Regional Park<\/em> Surreyss\u00e4, jossa toivoimme n\u00e4kev\u00e4mme vilauksen lohennousua. Vaikka elettiinkin jo lokakuun puoliv\u00e4li\u00e4, ei Serpentine Riveriss\u00e4 ollut n\u00e4ht\u00e4viss\u00e4 ainoatakaan kalaa, mik\u00e4 on melkoinen ero <a title=\"Lohennousua Serpentine Riverill\u00e4\" href=\"https:\/\/www.vuosiamaailmalla.fi\/blog\/2020\/lohennousua-serpentine-riverilla\/\">vuoden takaiseen<\/a>. Ehk\u00e4p\u00e4 ajoituksemme oli huono, mutta meist\u00e4 oli silti mukava k\u00e4vell\u00e4 sateen j\u00e4lkeisess\u00e4 raikkaassa mets\u00e4ss\u00e4.<\/p>\n<p style=\"text-align: center;\"><a href=\"\/blog\/wp-content\/uploads\/2021\/tynehead_regional_parkissa.jpg\"><img decoding=\"async\" src=\"\/blog\/wp-content\/uploads\/2021\/tynehead_regional_parkissa.jpg\" \/><\/a><\/p>\n<p style=\"text-align: center;\"><em>Lohennousu j\u00e4i n\u00e4kem\u00e4tt\u00e4<\/em><\/p>\n<p style=\"text-align: justify;\">Vieraidemme matkan huipentuma oli kuitenkin pitk\u00e4 viikonloppu <a title=\"Salt Spring Islandin kiitosp\u00e4iv\u00e4\" href=\"https:\/\/www.vuosiamaailmalla.fi\/blog\/2021\/salt-spring-islandin-kiitospaiva\/\">Salt Spring Islandilla<\/a>, jota oli odotettu pitk\u00e4\u00e4n. Olimme varanneet reissun meille kahdelle jo <a title=\"Joulu pandemian keskell\u00e4\" href=\"https:\/\/www.vuosiamaailmalla.fi\/blog\/2020\/joulu-pandemian-keskella\/\">viime jouluksi<\/a>, mutta koronarajoitusten vuoksi jouduimme siirt\u00e4m\u00e4\u00e4n sit\u00e4 kahdesti niin, ett\u00e4 se sattui lopulta kiitosp\u00e4iv\u00e4n yhteyteen. Kyseess\u00e4 oli minun ja Niinan ensimm\u00e4inen lomamatka l\u00e4hes puoleentoista vuoteen, sek\u00e4 Fionan ensimm\u00e4inen automatka koskaan. Maisemat Gulf Islandin saaristossa olivat kauniina viikonloppuna upeat ja pieni lomamatkamme eritt\u00e4in rentouttava.<\/p>\n<p style=\"text-align: center;\"><a href=\"\/blog\/wp-content\/uploads\/2021\/vieraat_granville_islandilla2.jpg\"><img decoding=\"async\" src=\"\/blog\/wp-content\/uploads\/2021\/thumbs\/thumbs_vieraat_granville_islandilla2.jpg\" \/><\/a><a href=\"\/blog\/wp-content\/uploads\/2021\/vieraat_granville_islandilla1.jpg\"><img decoding=\"async\" src=\"\/blog\/wp-content\/uploads\/2021\/thumbs\/thumbs_vieraat_granville_islandilla1.jpg\" \/><\/a><a href=\"\/blog\/wp-content\/uploads\/2021\/mummo_karryttelee.jpg\"><img decoding=\"async\" src=\"\/blog\/wp-content\/uploads\/2021\/thumbs\/thumbs_mummo_karryttelee.jpg\" \/><\/a><\/p>\n<p style=\"text-align: center;\"><em>Mukavasti sujunut vierailu<\/em><\/p>\n<p style=\"text-align: justify;\">Loppujaan molempien isovanhempien vierailu onnistui hyvin ja matkat saatiin j\u00e4rjestetty\u00e4 lyhyell\u00e4 varoitusajalla koronarajoituksista huolimatta. Meist\u00e4 oli todella mukava n\u00e4hd\u00e4 rakkaita ihmisi\u00e4 puolentoista vuoden j\u00e4lkeen ja n\u00e4ille uuden tulokkaan n\u00e4keminen vastasyntyneen\u00e4 oli ikimuistoinen kokemus.<\/p>\n<p style=\"text-align: justify;\">Nyt kun oma Suomen lomareissuamme on siirtynyt <a title=\"Pitk\u00e4ll\u00e4 kes\u00e4lomalla Suomessa\" href=\"https:\/\/www.vuosiamaailmalla.fi\/blog\/2022\/pitkalla-kesalomalla-suomessa\/\">ensi kes\u00e4\u00e4n<\/a>, on arvoitus milloin saamme taas vieraita luoksemme. Ehk\u00e4p\u00e4 <a title=\"Luminen joulu vieraiden seurassa\" href=\"https:\/\/www.vuosiamaailmalla.fi\/blog\/2022\/luminen-joulu-vieraiden-seurassa\/\">ensi jouluna<\/a>?<\/p>\n","protected":false},"excerpt":{"rendered":"<p>Kuluva vuosi on ollut meille todella erityinen ja arkemme on muovautunut t\u00e4ysin uudenlaiseksi elokuussa syntyneen tytt\u00e4remme johdosta. Ihanasta tapahtumasta on ehtinyt kulua nyt hieman yli kolme kuukautta, miss\u00e4 ajassa on saanut todeta pienten vauvojen kasvavan hurjaa vauhtia ja ihanan vauvavaiheen olevan oikeasti todella lyhyt aika!<\/p>\n","protected":false},"author":1,"featured_media":12510,"comment_status":"open","ping_status":"closed","sticky":false,"template":"","format":"standard","meta":{"_jetpack_memberships_contains_paid_content":false,"footnotes":""},"categories":[17,3],"tags":[1567,77,1615,1705,847,770,1702,1704,771,1706,201,1539,725,1703,567],"class_list":["post-12505","post","type-post","status-publish","format-standard","has-post-thumbnail","hentry","category-arki-kanadassa","category-arki-ulkomailla","tag-bridal-veil-falls","tag-burnaby","tag-burnaby-mountain","tag-cascade-falls-regional-park","tag-crescent-beach","tag-hope","tag-hope-slide","tag-mission","tag-othello-tunnels","tag-simon-fraser-university","tag-surrey","tag-tynehead-regional-park","tag-vierailu","tag-westminster-abbey","tag-white-rock"],"jetpack_featured_media_url":"https:\/\/www.vuosiamaailmalla.fi\/blog\/wp-content\/uploads\/vieraat_missionissa_banner.jpg","jetpack_sharing_enabled":true,"_links":{"self":[{"href":"https:\/\/www.vuosiamaailmalla.fi\/blog\/wp-json\/wp\/v2\/posts\/12505","targetHints":{"allow":["GET"]}}],"collection":[{"href":"https:\/\/www.vuosiamaailmalla.fi\/blog\/wp-json\/wp\/v2\/posts"}],"about":[{"href":"https:\/\/www.vuosiamaailmalla.fi\/blog\/wp-json\/wp\/v2\/types\/post"}],"author":[{"embeddable":true,"href":"https:\/\/www.vuosiamaailmalla.fi\/blog\/wp-json\/wp\/v2\/users\/1"}],"replies":[{"embeddable":true,"href":"https:\/\/www.vuosiamaailmalla.fi\/blog\/wp-json\/wp\/v2\/comments?post=12505"}],"version-history":[{"count":9,"href":"https:\/\/www.vuosiamaailmalla.fi\/blog\/wp-json\/wp\/v2\/posts\/12505\/revisions"}],"predecessor-version":[{"id":13673,"href":"https:\/\/www.vuosiamaailmalla.fi\/blog\/wp-json\/wp\/v2\/posts\/12505\/revisions\/13673"}],"wp:featuredmedia":[{"embeddable":true,"href":"https:\/\/www.vuosiamaailmalla.fi\/blog\/wp-json\/wp\/v2\/media\/12510"}],"wp:attachment":[{"href":"https:\/\/www.vuosiamaailmalla.fi\/blog\/wp-json\/wp\/v2\/media?parent=12505"}],"wp:term":[{"taxonomy":"category","embeddable":true,"href":"https:\/\/www.vuosiamaailmalla.fi\/blog\/wp-json\/wp\/v2\/categories?post=12505"},{"taxonomy":"post_tag","embeddable":true,"href":"https:\/\/www.vuosiamaailmalla.fi\/blog\/wp-json\/wp\/v2\/tags?post=12505"}],"curies":[{"name":"wp","href":"https:\/\/api.w.org\/{rel}","templated":true}]}}