{"id":12514,"date":"2021-11-08T21:51:44","date_gmt":"2021-11-09T05:51:44","guid":{"rendered":"https:\/\/www.vuosiamaailmalla.fi\/blog\/?p=12514"},"modified":"2021-11-20T19:43:48","modified_gmt":"2021-11-21T03:43:48","slug":"tornado-vancouverin-maaperalla","status":"publish","type":"post","link":"https:\/\/www.vuosiamaailmalla.fi\/blog\/2021\/tornado-vancouverin-maaperalla\/","title":{"rendered":"Tornado Vancouverin maaper\u00e4ll\u00e4"},"content":{"rendered":"<p style=\"text-align: justify;\">Vuorten ymp\u00e4r\u00f6im\u00e4 Vancouver on harvoin <a title=\"Maanvy\u00f6ryjen erist\u00e4m\u00e4 Vancouver\" href=\"https:\/\/www.vuosiamaailmalla.fi\/blog\/2021\/maanvyoryjen-eristama-vancouver\/\">\u00e4\u00e4rimm\u00e4isen s\u00e4\u00e4n<\/a> kohteena ja esimerkiksi ukkonen on kaupungissa kohtuullisen harvinainen vieras. Syksyisin tyynelt\u00e4merelt\u00e4 saapuu kuitenkin voimakkaita syysmyrskyj\u00e4, jotka kaatavat puita ja vaurioittavat rakennelmia, kuten White Rockin <a title=\"Kanadan pisimm\u00e4ll\u00e4 laiturilla\" href=\"https:\/\/www.vuosiamaailmalla.fi\/blog\/2020\/kanadan-pisimmalla-laiturilla\/\">kuuluisan laiturin<\/a> katkeaminen joulukuun 2018 myrskyss\u00e4. N\u00e4m\u00e4 s\u00e4\u00e4ilmi\u00f6t kalpenevat kuitenkin kaikki lauantaina kaupunkiin iskeneen \u00e4\u00e4rimm\u00e4isen harvinaisen tornadon rinnalla.<\/p>\n<p><!--more--><\/p>\n<p style=\"text-align: center;\"><a href=\"\/blog\/wp-content\/uploads\/2021\/vancouver_tornado.jpg\"><img decoding=\"async\" src=\"\/blog\/wp-content\/uploads\/2021\/vancouver_tornado.jpg\" \/><\/a><\/p>\n<p style=\"text-align: center;\"><em>\u00c4\u00e4rimm\u00e4isen harvinainen tornado<\/em><\/p>\n<p style=\"text-align: justify;\">Iltap\u00e4iv\u00e4ll\u00e4 noin viiden aikaan <a title=\"Vancouverin lentokentt\u00e4 uusille miljoonaluvuille\" href=\"https:\/\/www.vuosiamaailmalla.fi\/blog\/2016\/vancouverin-lentokentta-uusille-miljoonaluvuille\/\">Vancouverin lentokent\u00e4n<\/a> edustalla havaittiin merell\u00e4 muodostuva ja nopeasti pohjoiseen liikkuva vesipy\u00f6rre (eng. <em>waterspout<\/em>). <em>Environment Canada<\/em> on vahvistanut ett\u00e4 py\u00f6rteen tuulet ovat ylt\u00e4neet alimman EF0-luokan tornadoksi, jossa tuulen nopeudet ovat rapsakat 90-110 km\/h. Py\u00f6rre liikkui nopeaa vauhtia pohjoiseen, kohti Vancouverin kaupunkia, jonne annettiin nopeasti poikkeuksellinen tornadovaroitus.<\/p>\n<p style=\"text-align: center;\"><a href=\"\/blog\/wp-content\/uploads\/2021\/yvr_tornado2.jpg\"><img decoding=\"async\" src=\"\/blog\/wp-content\/uploads\/2021\/yvr_tornado2.jpg\" \/><\/a><\/p>\n<p style=\"text-align: center;\"><em>Vesipy\u00f6rre lentokent\u00e4n taustalla<\/em><\/p>\n<p style=\"text-align: center;\"><iframe loading=\"lazy\" title=\"YouTube video player\" src=\"https:\/\/www.youtube-nocookie.com\/embed\/xZ1rmmh3UXs\" width=\"560\" height=\"315\" frameborder=\"0\" allowfullscreen=\"allowfullscreen\"><\/iframe><\/p>\n<p style=\"text-align: center;\"><em>Hurjaa kuvamateriaalia<\/em><\/p>\n<p style=\"text-align: justify;\">Tornado ei p\u00e4\u00e4ssyt kuitenkaan kaupunkiin saakka, sill\u00e4 se t\u00f6rm\u00e4si <em>University of British Columbian<\/em> niemeen, kaataen siell\u00e4 puita ja aiheuttaen tuhoa ennen haihtumistaan vain noin kymmenen minuutin j\u00e4lkeen. N\u00e4in ollen itse kaupunki v\u00e4lttyi tuhoilta ja uhalta, johon kukaan t\u00e4k\u00e4l\u00e4inen ei ole lainkaan valmistautunut.<\/p>\n<p style=\"text-align: center;\"><iframe loading=\"lazy\" title=\"YouTube video player\" src=\"https:\/\/www.youtube-nocookie.com\/embed\/SVcUYfZJ0L4\" width=\"560\" height=\"315\" frameborder=\"0\" allowfullscreen=\"allowfullscreen\"><\/iframe><\/p>\n<p style=\"text-align: center;\"><em>Poikkeuksellinen s\u00e4\u00e4ilmi\u00f6<\/em><\/p>\n<p style=\"text-align: justify;\">Puolen tunnin mittainen poikkeuksellinen tapahtuma meni meilt\u00e4kin t\u00e4ysin ohitse siit\u00e4kin huolimatta, ett\u00e4 asunnostamme n\u00e4kee suoraan lentokent\u00e4n takana olevalle merelle. Olin itse tuohon aikaan Fionan kanssa k\u00e4velyll\u00e4 ja muistan ukkosen jyr\u00e4ht\u00e4neen kahdesti jossain et\u00e4\u00e4ll\u00e4, mink\u00e4 on t\u00e4ytynyt liitty\u00e4 kyseiseen myrskyrintamaan.<\/p>\n<p style=\"text-align: center;\"><a href=\"\/blog\/wp-content\/uploads\/2021\/yvr_tornado1.jpg\"><img decoding=\"async\" src=\"\/blog\/wp-content\/uploads\/2021\/thumbs\/thumbs_yvr_tornado1.jpg\" \/><\/a><a href=\"\/blog\/wp-content\/uploads\/2021\/yvr_tornado3.jpg\"><img decoding=\"async\" src=\"\/blog\/wp-content\/uploads\/2021\/thumbs\/thumbs_yvr_tornado3.jpg\" \/><\/a><\/p>\n<p style=\"text-align: center;\"><em>Tornado meren yll\u00e4<\/em><\/p>\n<p style=\"text-align: justify;\">Tornadot ovat Vancouverissa \u00e4\u00e4rimm\u00e4isen harvinainen ilmi\u00f6, mutta eiv\u00e4t silti t\u00e4ysin tavattomia. Lauantain py\u00f6rre on j\u00e4rjestyksess\u00e4\u00e4n viides alueella koskaan havaittu tornado, kolmen aiemman EF0-luokkaan kuuluneen py\u00f6rteen iskeydytty\u00e4 New Westminsteriin vuonna 1954, <a title=\"Merellinen py\u00f6r\u00e4retki Stevestoniin\" href=\"https:\/\/www.vuosiamaailmalla.fi\/blog\/2014\/merellinen-pyoraretki-stevestoniin\/\">Stevestoniin<\/a> vuonna 1964 ja <a title=\"Kev\u00e4tt\u00e4 Port Moodyssa\" href=\"https:\/\/www.vuosiamaailmalla.fi\/blog\/2015\/kevatta-port-moodyssa\/\">Port Moodyyn<\/a> vuonna 1988. <a title=\"J\u00e4\u00e4tel\u00f6retki Pitt Meadowsiin\" href=\"https:\/\/www.vuosiamaailmalla.fi\/blog\/2021\/jaateloretki-pitt-meadowsiin\/\">Pitt Meadowsiin<\/a> vuonna 1991 iskenyt tornado on historian ainoa EF1-luokan py\u00f6rre, jossa tuulten voimakkuus on ylt\u00e4nyt per\u00e4ti 180 km\/h lukemaan!<\/p>\n<p style=\"text-align: center;\"><a href=\"\/blog\/wp-content\/uploads\/2021\/vancouverin_alueen_tornadot.jpg\"><img decoding=\"async\" src=\"\/blog\/wp-content\/uploads\/2021\/vancouverin_alueen_tornadot.jpg\" \/><\/a><\/p>\n<p style=\"text-align: center;\"><em>Historian viisi tornadoa<\/em><\/p>\n<p style=\"text-align: justify;\">J\u00e4lkik\u00e4teen harmittaa, ett\u00e4 n\u00e4in poikkeuksellinen asia meni meilt\u00e4 t\u00e4ysin ohitse. Nettiin ladatut sumeat k\u00e4nnykk\u00e4kuvat ja videot kertovat kuitenkin poikkeuksellisen s\u00e4\u00e4ilmi\u00f6n todellakin tapahtuneen ja meno n\u00e4ytt\u00e4\u00e4 olleen tilanteen ollessa k\u00e4ynniss\u00e4 melko pelottava.<\/p>\n","protected":false},"excerpt":{"rendered":"<p>Vuorten ymp\u00e4r\u00f6im\u00e4 Vancouver on harvoin \u00e4\u00e4rimm\u00e4isen s\u00e4\u00e4n kohteena ja esimerkiksi ukkonen on kaupungissa kohtuullisen harvinainen vieras. Syksyisin tyynelt\u00e4merelt\u00e4 saapuu kuitenkin voimakkaita syysmyrskyj\u00e4, jotka kaatavat puita ja vaurioittavat rakennelmia, kuten White Rockin kuuluisan laiturin katkeaminen joulukuun 2018 myrskyss\u00e4. N\u00e4m\u00e4 s\u00e4\u00e4ilmi\u00f6t kalpenevat kuitenkin kaikki lauantaina kaupunkiin iskeneen \u00e4\u00e4rimm\u00e4isen harvinaisen tornadon rinnalla.<\/p>\n","protected":false},"author":1,"featured_media":12515,"comment_status":"open","ping_status":"closed","sticky":false,"template":"","format":"standard","meta":{"_jetpack_memberships_contains_paid_content":false,"footnotes":""},"categories":[17,3],"tags":[25,34,935,299,270,738,739,939],"class_list":["post-12514","post","type-post","status-publish","format-standard","has-post-thumbnail","hentry","category-arki-kanadassa","category-arki-ulkomailla","tag-ajankohtaista","tag-arki","tag-kanada","tag-syksy","tag-saa","tag-university-endowment-lands","tag-university-of-british-columbia","tag-vancouver"],"jetpack_featured_media_url":"https:\/\/www.vuosiamaailmalla.fi\/blog\/wp-content\/uploads\/yvr_tornado_banner.jpg","jetpack_sharing_enabled":true,"_links":{"self":[{"href":"https:\/\/www.vuosiamaailmalla.fi\/blog\/wp-json\/wp\/v2\/posts\/12514","targetHints":{"allow":["GET"]}}],"collection":[{"href":"https:\/\/www.vuosiamaailmalla.fi\/blog\/wp-json\/wp\/v2\/posts"}],"about":[{"href":"https:\/\/www.vuosiamaailmalla.fi\/blog\/wp-json\/wp\/v2\/types\/post"}],"author":[{"embeddable":true,"href":"https:\/\/www.vuosiamaailmalla.fi\/blog\/wp-json\/wp\/v2\/users\/1"}],"replies":[{"embeddable":true,"href":"https:\/\/www.vuosiamaailmalla.fi\/blog\/wp-json\/wp\/v2\/comments?post=12514"}],"version-history":[{"count":2,"href":"https:\/\/www.vuosiamaailmalla.fi\/blog\/wp-json\/wp\/v2\/posts\/12514\/revisions"}],"predecessor-version":[{"id":12533,"href":"https:\/\/www.vuosiamaailmalla.fi\/blog\/wp-json\/wp\/v2\/posts\/12514\/revisions\/12533"}],"wp:featuredmedia":[{"embeddable":true,"href":"https:\/\/www.vuosiamaailmalla.fi\/blog\/wp-json\/wp\/v2\/media\/12515"}],"wp:attachment":[{"href":"https:\/\/www.vuosiamaailmalla.fi\/blog\/wp-json\/wp\/v2\/media?parent=12514"}],"wp:term":[{"taxonomy":"category","embeddable":true,"href":"https:\/\/www.vuosiamaailmalla.fi\/blog\/wp-json\/wp\/v2\/categories?post=12514"},{"taxonomy":"post_tag","embeddable":true,"href":"https:\/\/www.vuosiamaailmalla.fi\/blog\/wp-json\/wp\/v2\/tags?post=12514"}],"curies":[{"name":"wp","href":"https:\/\/api.w.org\/{rel}","templated":true}]}}