{"id":1254,"date":"2010-12-01T20:03:03","date_gmt":"2010-12-02T04:03:03","guid":{"rendered":"http:\/\/13.53.127.146\/?p=1254"},"modified":"2013-04-12T19:49:49","modified_gmt":"2013-04-13T02:49:49","slug":"kylmaa-pitelee","status":"publish","type":"post","link":"https:\/\/www.vuosiamaailmalla.fi\/blog\/2010\/kylmaa-pitelee\/","title":{"rendered":"Kylm\u00e4\u00e4 pitelee"},"content":{"rendered":"<p style=\"text-align: justify;\">Suomessa paukkuvat pakkaset paraikaa jopa kymmeniss\u00e4 asteissa, mutta kylm\u00e4\u00e4 pitelee t\u00e4ll\u00e4kin suunnalla. P\u00e4iv\u00e4l\u00e4mp\u00f6tilat meniv\u00e4t pakkasen puolelle Berliiniss\u00e4 viime viikon torstaina ja perjantaina n\u00e4htiin ensimm\u00e4isten lumihiutaleiden leijailevan. Lunta ei ole sittemmin nimeksik\u00e4\u00e4n tullut, mutta pakkasella on pysytty ja t\u00e4n\u00e4\u00e4n sek\u00e4 huomenna l\u00e4mp\u00f6tiloiksi kirjataan p\u00e4iv\u00e4ll\u00e4 -9 astetta. Erityisesti t\u00e4n\u00e4\u00e4n on ollut hyvin kylm\u00e4 p\u00e4iv\u00e4, sill\u00e4 navakka tuuli on tehnyt viimaindeksist\u00e4 noin -18 astetta vastaavan. Vaatetta on saanut siis kiskoa t\u00e4\u00e4ll\u00e4kin huolella p\u00e4\u00e4lleen ja silti on meinannut tulla vilu ty\u00f6matkoilla.<\/p>\n<p style=\"text-align: justify;\">Joulumarkkinoilla olikin viile\u00e4 <a title=\"Ostoksilla jouluvieraan kanssa\" href=\"https:\/\/www.vuosiamaailmalla.fi\/?p=1372\">kierrell\u00e4<\/a> menneen\u00e4 viikonloppuna ja sama olisi edess\u00e4 tulevanakin, kun saamme vieraaksemme Niinan vanhemmat. Siihen menness\u00e4 pit\u00e4\u00e4 keskitty\u00e4 asuntomme l\u00e4mpim\u00e4n\u00e4 pit\u00e4miseen, sill\u00e4 sen yksinkertaiset ikkunat eiv\u00e4t juuri viimaa ja hohkaavaa kylm\u00e4\u00e4 pid\u00e4ttele. Tarvetta onkin j\u00e4lleen ollut s\u00e4hk\u00f6iselle lis\u00e4patterillemme, sill\u00e4 kaukol\u00e4mmitys ei pysty pit\u00e4m\u00e4\u00e4n asuntomme l\u00e4mp\u00f6\u00e4 tasaisena tuulisina p\u00e4ivin\u00e4.<\/p>\n<p style=\"text-align: justify;\">Noh, talvi on silti ihanaa aikaa ja eik\u00f6h\u00e4n t\u00e4h\u00e4n kylmyyteen j\u00e4lleen totu. Jotenkin sit\u00e4 p\u00e4rj\u00e4ttiin nelj\u00e4 talvea Joensuunkin pakkasissa. Siell\u00e4 alle -30 asteen lukemat ovat kuitenkin jokatalvisia. Tosin t\u00e4k\u00e4l\u00e4iset ennusteet lupaavat l\u00e4mpim\u00e4mp\u00e4\u00e4 jo ensi viikolle, jolloin p\u00e4\u00e4st\u00e4\u00e4n kaiketi j\u00e4lleen plussan puolelle. Turvallisen, ihanan ja l\u00e4mpim\u00e4n plussan. 8)<\/p>\n","protected":false},"excerpt":{"rendered":"<p>Suomessa paukkuvat pakkaset paraikaa jopa kymmeniss\u00e4 asteissa, mutta kylm\u00e4\u00e4 pitelee t\u00e4ll\u00e4kin suunnalla. P\u00e4iv\u00e4l\u00e4mp\u00f6tilat meniv\u00e4t pakkasen puolelle Berliiniss\u00e4 viime viikon torstaina ja perjantaina n\u00e4htiin ensimm\u00e4isten lumihiutaleiden leijailevan. Lunta ei ole sittemmin nimeksik\u00e4\u00e4n tullut, mutta pakkasella on pysytty ja t\u00e4n\u00e4\u00e4n sek\u00e4 huomenna l\u00e4mp\u00f6tiloiksi kirjataan p\u00e4iv\u00e4ll\u00e4 -9 astetta. Erityisesti t\u00e4n\u00e4\u00e4n on ollut hyvin kylm\u00e4 p\u00e4iv\u00e4, sill\u00e4 navakka tuuli &hellip; <a href=\"https:\/\/www.vuosiamaailmalla.fi\/blog\/2010\/kylmaa-pitelee\/\" class=\"more-link\">Jatka lukemista<span class=\"screen-reader-text\"> &#8221;Kylm\u00e4\u00e4 pitelee&#8221;<\/span><\/a><\/p>\n","protected":false},"author":1,"featured_media":0,"comment_status":"open","ping_status":"open","sticky":false,"template":"","format":"standard","meta":{"_jetpack_memberships_contains_paid_content":false,"footnotes":""},"categories":[18,3,5],"tags":[34,932,49,190,270,202],"class_list":["post-1254","post","type-post","status-publish","format-standard","hentry","category-arki-saksassa","category-arki-ulkomailla","category-asuminen-saksassa","tag-arki","tag-asunto","tag-berliini","tag-saksa","tag-saa","tag-talvi"],"jetpack_featured_media_url":"","jetpack_sharing_enabled":true,"_links":{"self":[{"href":"https:\/\/www.vuosiamaailmalla.fi\/blog\/wp-json\/wp\/v2\/posts\/1254","targetHints":{"allow":["GET"]}}],"collection":[{"href":"https:\/\/www.vuosiamaailmalla.fi\/blog\/wp-json\/wp\/v2\/posts"}],"about":[{"href":"https:\/\/www.vuosiamaailmalla.fi\/blog\/wp-json\/wp\/v2\/types\/post"}],"author":[{"embeddable":true,"href":"https:\/\/www.vuosiamaailmalla.fi\/blog\/wp-json\/wp\/v2\/users\/1"}],"replies":[{"embeddable":true,"href":"https:\/\/www.vuosiamaailmalla.fi\/blog\/wp-json\/wp\/v2\/comments?post=1254"}],"version-history":[{"count":0,"href":"https:\/\/www.vuosiamaailmalla.fi\/blog\/wp-json\/wp\/v2\/posts\/1254\/revisions"}],"wp:attachment":[{"href":"https:\/\/www.vuosiamaailmalla.fi\/blog\/wp-json\/wp\/v2\/media?parent=1254"}],"wp:term":[{"taxonomy":"category","embeddable":true,"href":"https:\/\/www.vuosiamaailmalla.fi\/blog\/wp-json\/wp\/v2\/categories?post=1254"},{"taxonomy":"post_tag","embeddable":true,"href":"https:\/\/www.vuosiamaailmalla.fi\/blog\/wp-json\/wp\/v2\/tags?post=1254"}],"curies":[{"name":"wp","href":"https:\/\/api.w.org\/{rel}","templated":true}]}}