{"id":12584,"date":"2022-01-01T18:57:25","date_gmt":"2022-01-02T02:57:25","guid":{"rendered":"https:\/\/www.vuosiamaailmalla.fi\/blog\/?p=12584"},"modified":"2022-01-01T19:03:02","modified_gmt":"2022-01-02T03:03:02","slug":"erittain-talvinen-vuodenvaihde","status":"publish","type":"post","link":"https:\/\/www.vuosiamaailmalla.fi\/blog\/2022\/erittain-talvinen-vuodenvaihde\/","title":{"rendered":"Eritt\u00e4in talvinen vuodenvaihde"},"content":{"rendered":"<p style=\"text-align: justify;\">Vuosi vaihtui viime y\u00f6n\u00e4 kipakassa pakkasessa. Kylm\u00e4\u00e4 kautta onkin riitt\u00e4nyt Vancouverissa aina jouluaatosta saakka, jolloin saatiin juuri parahiksi <a title=\"Ensimm\u00e4inen perhejoulu\" href=\"https:\/\/www.vuosiamaailmalla.fi\/blog\/2021\/ensimmainen-perhejoulu\/\">valkoinen joulu<\/a>. T\u00e4t\u00e4 joulun ihmett\u00e4 seurasi pitk\u00e4 reilun viikon mittainen pakkasjakso, jonka aikana rikottiin <a title=\"J\u00e4\u00e4tynyt Stanley Park\" href=\"https:\/\/www.vuosiamaailmalla.fi\/blog\/2021\/jaatynyt-stanley-park\/\">kylmyysenn\u00e4tyksi\u00e4<\/a> monin paikoin. Esimerkiksi t\u00e4\u00e4ll\u00e4 Burnabyss\u00e4 viime p\u00e4ivien l\u00e4mp\u00f6tilat ovat olleet -8 asteen tienoilla, y\u00f6pakkasten ylt\u00e4ess\u00e4 jopa -13 asteeseen, mitk\u00e4 ovat molemmat t\u00e4k\u00e4l\u00e4isitt\u00e4in hyvin alhaisia lukemia.<\/p>\n<p><!--more--><\/p>\n<p style=\"text-align: justify;\">Pakkasjakson mukava puoli on kuiva keli, mit\u00e4 onkin kaipaillut pitk\u00e4n ja <a title=\"Maanvy\u00f6ryjen erist\u00e4m\u00e4 Vancouver\" href=\"https:\/\/www.vuosiamaailmalla.fi\/blog\/2021\/maanvyoryjen-eristama-vancouver\/\">eritt\u00e4in sateisen syksyn<\/a> keskell\u00e4. Sateita saatiin my\u00f6s v\u00e4lip\u00e4ivin\u00e4, mutta pakkasen ansiosta se leijaili taivaalta h\u00f6yhenenkevyen\u00e4 pakkaslumena ja Vancouverissa her\u00e4ttiinkin torstaina 20 senttimetriin tuoretta lunta.<\/p>\n<p style=\"text-align: center;\"><a href=\"\/blog\/wp-content\/uploads\/2021\/luminen_uusivuosi1.jpg\"><img decoding=\"async\" src=\"\/blog\/wp-content\/uploads\/2021\/thumbs\/thumbs_luminen_uusivuosi1.jpg\" \/><\/a><a href=\"\/blog\/wp-content\/uploads\/2021\/luminen_uusivuosi2.jpg\"><img decoding=\"async\" src=\"\/blog\/wp-content\/uploads\/2021\/thumbs\/thumbs_luminen_uusivuosi2.jpg\" \/><\/a><a href=\"\/blog\/wp-content\/uploads\/2021\/luminen_uusivuosi3.jpg\"><img decoding=\"async\" src=\"\/blog\/wp-content\/uploads\/2021\/thumbs\/thumbs_luminen_uusivuosi3.jpg\" \/><\/a><\/p>\n<p style=\"text-align: center;\"><em>Kunnon talvimaisema<\/em><\/p>\n<p style=\"text-align: justify;\">Torstai olikin mit\u00e4 upein talvip\u00e4iv\u00e4 ja lumesta piti tietenkin l\u00e4hte\u00e4 nauttimaan. Itse k\u00e4vin kokeilemassa miten <a title=\"Huikea 2021 BMW X3M Competition\" href=\"https:\/\/www.vuosiamaailmalla.fi\/blog\/2020\/huikea-2021-bmw-x3m-competition\/\">urheiluautoomme<\/a> viime talvena ostetut <a title=\"Talvirenkaat urheiluautoon\" href=\"https:\/\/www.vuosiamaailmalla.fi\/blog\/2021\/talvirenkaat-urheiluautoon\/\">upouudet talvirenkaat<\/a> pit\u00e4v\u00e4t kunnon lumella ja l\u00f6ysinkin lumisia sivukatuja joita ei oltu viel\u00e4 aurattu. Niill\u00e4 bemari eteni syv\u00e4ss\u00e4 lumessa vaivattomasti ja olosuhteet olivat kerta kaikkiaan t\u00e4ydelliset talvirenkaillemme. My\u00f6s kauppakeskuksen auraamattomalla parkkipaikalla oli pakko py\u00f6r\u00e4ytt\u00e4\u00e4 510 hevosvoiman avustamana muutamat donitsit.<\/p>\n<p style=\"text-align: center;\"><a href=\"\/blog\/wp-content\/uploads\/2021\/x3m_lumihangessa2.jpg\"><img decoding=\"async\" src=\"\/blog\/wp-content\/uploads\/2021\/thumbs\/thumbs_x3m_lumihangessa2.jpg\" \/><\/a><a href=\"\/blog\/wp-content\/uploads\/2021\/x3m_lumihangessa3.jpg\"><img decoding=\"async\" src=\"\/blog\/wp-content\/uploads\/2021\/thumbs\/thumbs_x3m_lumihangessa3.jpg\" \/><\/a><a href=\"\/blog\/wp-content\/uploads\/2021\/x3m_lumihangessa4.jpg\"><img decoding=\"async\" src=\"\/blog\/wp-content\/uploads\/2021\/thumbs\/thumbs_x3m_lumihangessa4.jpg\" \/><\/a><\/p>\n<p style=\"text-align: center;\"><em>Uudet talvirenkaat tositoimissa<\/em><\/p>\n<p style=\"text-align: center;\"><a href=\"\/blog\/wp-content\/uploads\/2021\/x3m_lumihangessa1.jpg\"><img decoding=\"async\" src=\"\/blog\/wp-content\/uploads\/2021\/x3m_lumihangessa1.jpg\" \/><\/a><\/p>\n<p style=\"text-align: center;\"><em>Lumidonitseja<\/em><\/p>\n<p style=\"text-align: justify;\">Upeina olivat my\u00f6s asuinalueemme kadut ja puistot, joille syntynytt\u00e4 <a title=\"Metrotownin talviset nietokset\" href=\"https:\/\/www.vuosiamaailmalla.fi\/blog\/2016\/metrotownin-talviset-nietokset\/\">talven ihmemaata<\/a> oli paljon ihmisi\u00e4 ihmettelem\u00e4ss\u00e4. Kirkas aurinko oli kuin parhaimpana talvip\u00e4iv\u00e4n\u00e4 konsanaan ja voi vitsi millaiset olosuhteet <a title=\"Kev\u00e4thangilla Cypress Mountainilla\" href=\"https:\/\/www.vuosiamaailmalla.fi\/blog\/2017\/kevathangilla-cypress-mountainilla\/\">paikallisilla vuorilla<\/a> lieneek\u00e4\u00e4n ollut lasketella!<\/p>\n<p style=\"text-align: center;\"><a href=\"\/blog\/wp-content\/uploads\/2021\/talvinen_panoraama1.jpg\"><img decoding=\"async\" src=\"\/blog\/wp-content\/uploads\/2021\/talvinen_panoraama1_pieni.jpg\" \/><\/a><\/p>\n<p style=\"text-align: center;\"><em>Mielet\u00f6n talvip\u00e4iv\u00e4<\/em><\/p>\n<p style=\"text-align: center;\"><a href=\"\/blog\/wp-content\/uploads\/2021\/luminen_grouse_mountain1.jpg\"><img decoding=\"async\" src=\"\/blog\/wp-content\/uploads\/2021\/thumbs\/thumbs_luminen_grouse_mountain1.jpg\" \/><\/a><a href=\"\/blog\/wp-content\/uploads\/2021\/luminen_grouse_mountain2.jpg\"><img decoding=\"async\" src=\"\/blog\/wp-content\/uploads\/2021\/thumbs\/thumbs_luminen_grouse_mountain2.jpg\" \/><\/a><\/p>\n<p style=\"text-align: center;\"><em>Grouse ja Cypress Mountainin laskettelukeskukset<\/em><\/p>\n<p style=\"text-align: center;\"><a href=\"\/blog\/wp-content\/uploads\/2021\/talvinen_panoraama2.jpg\"><img decoding=\"async\" src=\"\/blog\/wp-content\/uploads\/2021\/talvinen_panoraama2_pieni.jpg\" \/><\/a><\/p>\n<p style=\"text-align: center;\"><em>Hyyt\u00e4v\u00e4 Vancouver\u00a0<\/em><\/p>\n<p style=\"text-align: justify;\">Poikkeuksellista pakkasjaksoa riitti aina t\u00e4n\u00e4iseen uudenvuodenp\u00e4iv\u00e4\u00e4n saakka ja t\u00e4t\u00e4 kirjoittaessa keli on nyt l\u00e4mpenem\u00e4ss\u00e4 niin, ett\u00e4 illalla saataneen r\u00e4nt\u00e4- ja mahdollisesti my\u00f6s vesisateita. Vancouverin talvissa on hyv\u00e4\u00e4 se, ett\u00e4 ne antavat aina v\u00e4lill\u00e4 maistiaisen kunnon talvesta, mutta ovat kuitenkin p\u00e4\u00e4osin lyhyit\u00e4 ja sulia. T\u00e4llaisessa keliss\u00e4 on vain mukavampaa k\u00e4vell\u00e4 ja ty\u00f6nt\u00e4\u00e4 lastenvaunuja ilman, ett\u00e4 lumi ja t\u00e4\u00e4ll\u00e4 <a title=\"Taistelu tiesuolasta\" href=\"https:\/\/www.vuosiamaailmalla.fi\/blog\/2017\/taistelu-tiesuolasta\/\">raskaasti k\u00e4ytett\u00e4v\u00e4 tiesuola<\/a> kulkeutuvat kaikkialle.<\/p>\n<p style=\"text-align: center;\"><a href=\"\/blog\/wp-content\/uploads\/2021\/luminen_uusivuosi6.jpg\"><img decoding=\"async\" src=\"\/blog\/wp-content\/uploads\/2021\/thumbs\/thumbs_luminen_uusivuosi6.jpg\" \/><\/a><a href=\"\/blog\/wp-content\/uploads\/2021\/luminen_uusivuosi4.jpg\"><img decoding=\"async\" src=\"\/blog\/wp-content\/uploads\/2021\/thumbs\/thumbs_luminen_uusivuosi4.jpg\" \/><\/a><a href=\"\/blog\/wp-content\/uploads\/2021\/luminen_uusivuosi5.jpg\"><img decoding=\"async\" src=\"\/blog\/wp-content\/uploads\/2021\/thumbs\/thumbs_luminen_uusivuosi5.jpg\" \/><\/a><\/p>\n<p style=\"text-align: center;\"><em>Talvinen Burnaby<\/em><\/p>\n<p style=\"text-align: center;\"><a href=\"\/blog\/wp-content\/uploads\/2021\/luminen_uusivuosi10.jpg\"><img decoding=\"async\" src=\"\/blog\/wp-content\/uploads\/2021\/thumbs\/thumbs_luminen_uusivuosi10.jpg\" \/><\/a><a href=\"\/blog\/wp-content\/uploads\/2021\/luminen_uusivuosi8.jpg\"><img decoding=\"async\" src=\"\/blog\/wp-content\/uploads\/2021\/thumbs\/thumbs_luminen_uusivuosi8.jpg\" \/><\/a><a href=\"\/blog\/wp-content\/uploads\/2021\/luminen_uusivuosi9.jpg\"><img decoding=\"async\" src=\"\/blog\/wp-content\/uploads\/2021\/thumbs\/thumbs_luminen_uusivuosi9.jpg\" \/><\/a><br \/>\n<a href=\"\/blog\/wp-content\/uploads\/2021\/luminen_uusivuosi12.jpg\"><img decoding=\"async\" src=\"\/blog\/wp-content\/uploads\/2021\/thumbs\/thumbs_luminen_uusivuosi12.jpg\" \/><\/a><a href=\"\/blog\/wp-content\/uploads\/2021\/luminen_uusivuosi7.jpg\"><img decoding=\"async\" src=\"\/blog\/wp-content\/uploads\/2021\/thumbs\/thumbs_luminen_uusivuosi7.jpg\" \/><\/a><\/p>\n<p style=\"text-align: center;\"><em>Talvip\u00e4iv\u00e4 Metrotownissa<\/em><\/p>\n<p style=\"text-align: justify;\">Vuosi vaihtui y\u00f6ll\u00e4 rauhallisin menoin ja katsoimme televisiosta uudenvuoden juhlal\u00e4hetyst\u00e4 New Yorkin Times Squarelta, jossa olimme itse paikalla vain <a title=\"Uusivuosi Times Squarella\" href=\"https:\/\/www.vuosiamaailmalla.fi\/blog\/2019\/uusivuosi-times-squarella\/\">kolme vuotta sitten<\/a>. Uusivuosi ei ole Kanadassa ja varsinkaan Vancouverissa mik\u00e4\u00e4n suuri ilotulitusjuhla, joten keskiy\u00f6n paukuttelut olivat hyvin maltilliset ja kestoltaan lyhyet. My\u00f6sk\u00e4\u00e4n paraikaa riehuva viides korona-aalto ei anna aihetta suuren juhlaan, mutta toivotaan ett\u00e4 alkamassa on silti hyv\u00e4 ja paluuta normaaliin tarkoittava vuosi 2022.<\/p>\n<p>Hyv\u00e4\u00e4 uuttavuotta kaikille blogini lukijoille!<\/p>\n<p style=\"text-align: center;\"><a href=\"\/blog\/wp-content\/uploads\/2021\/luminen_uusivuosi13.jpg\"><img decoding=\"async\" src=\"\/blog\/wp-content\/uploads\/2021\/luminen_uusivuosi13.jpg\" \/><\/a><\/p>\n<p style=\"text-align: center;\"><em>Lumen peitt\u00e4m\u00e4 kaupunki<\/em><\/p>\n","protected":false},"excerpt":{"rendered":"<p>Vuosi vaihtui viime y\u00f6n\u00e4 kipakassa pakkasessa. Kylm\u00e4\u00e4 kautta onkin riitt\u00e4nyt Vancouverissa aina jouluaatosta saakka, jolloin saatiin juuri parahiksi valkoinen joulu. T\u00e4t\u00e4 joulun ihmett\u00e4 seurasi pitk\u00e4 reilun viikon mittainen pakkasjakso, jonka aikana rikottiin kylmyysenn\u00e4tyksi\u00e4 monin paikoin. Esimerkiksi t\u00e4\u00e4ll\u00e4 Burnabyss\u00e4 viime p\u00e4ivien l\u00e4mp\u00f6tilat ovat olleet -8 asteen tienoilla, y\u00f6pakkasten ylt\u00e4ess\u00e4 jopa -13 asteeseen, mitk\u00e4 ovat molemmat t\u00e4k\u00e4l\u00e4isitt\u00e4in &hellip; <a href=\"https:\/\/www.vuosiamaailmalla.fi\/blog\/2022\/erittain-talvinen-vuodenvaihde\/\" class=\"more-link\">Jatka lukemista<span class=\"screen-reader-text\"> &#8221;Eritt\u00e4in talvinen vuodenvaihde&#8221;<\/span><\/a><\/p>\n","protected":false},"author":1,"featured_media":12585,"comment_status":"open","ping_status":"closed","sticky":false,"template":"","format":"standard","meta":{"_jetpack_memberships_contains_paid_content":false,"footnotes":""},"categories":[17,3],"tags":[25,34,77,78,935,270,202,1576,939],"class_list":["post-12584","post","type-post","status-publish","format-standard","has-post-thumbnail","hentry","category-arki-kanadassa","category-arki-ulkomailla","tag-ajankohtaista","tag-arki","tag-burnaby","tag-burnaby-metrotown","tag-kanada","tag-saa","tag-talvi","tag-talvirenkaat","tag-vancouver"],"jetpack_featured_media_url":"https:\/\/www.vuosiamaailmalla.fi\/blog\/wp-content\/uploads\/luminen_uusivuosi_banner.jpg","jetpack_sharing_enabled":true,"_links":{"self":[{"href":"https:\/\/www.vuosiamaailmalla.fi\/blog\/wp-json\/wp\/v2\/posts\/12584","targetHints":{"allow":["GET"]}}],"collection":[{"href":"https:\/\/www.vuosiamaailmalla.fi\/blog\/wp-json\/wp\/v2\/posts"}],"about":[{"href":"https:\/\/www.vuosiamaailmalla.fi\/blog\/wp-json\/wp\/v2\/types\/post"}],"author":[{"embeddable":true,"href":"https:\/\/www.vuosiamaailmalla.fi\/blog\/wp-json\/wp\/v2\/users\/1"}],"replies":[{"embeddable":true,"href":"https:\/\/www.vuosiamaailmalla.fi\/blog\/wp-json\/wp\/v2\/comments?post=12584"}],"version-history":[{"count":6,"href":"https:\/\/www.vuosiamaailmalla.fi\/blog\/wp-json\/wp\/v2\/posts\/12584\/revisions"}],"predecessor-version":[{"id":12591,"href":"https:\/\/www.vuosiamaailmalla.fi\/blog\/wp-json\/wp\/v2\/posts\/12584\/revisions\/12591"}],"wp:featuredmedia":[{"embeddable":true,"href":"https:\/\/www.vuosiamaailmalla.fi\/blog\/wp-json\/wp\/v2\/media\/12585"}],"wp:attachment":[{"href":"https:\/\/www.vuosiamaailmalla.fi\/blog\/wp-json\/wp\/v2\/media?parent=12584"}],"wp:term":[{"taxonomy":"category","embeddable":true,"href":"https:\/\/www.vuosiamaailmalla.fi\/blog\/wp-json\/wp\/v2\/categories?post=12584"},{"taxonomy":"post_tag","embeddable":true,"href":"https:\/\/www.vuosiamaailmalla.fi\/blog\/wp-json\/wp\/v2\/tags?post=12584"}],"curies":[{"name":"wp","href":"https:\/\/api.w.org\/{rel}","templated":true}]}}