{"id":12630,"date":"2022-01-23T20:13:38","date_gmt":"2022-01-24T04:13:38","guid":{"rendered":"https:\/\/www.vuosiamaailmalla.fi\/blog\/?p=12630"},"modified":"2026-01-19T23:05:53","modified_gmt":"2026-01-20T07:05:53","slug":"elamantayteiset-10-vuotta-kanadassa","status":"publish","type":"post","link":"https:\/\/www.vuosiamaailmalla.fi\/blog\/2022\/elamantayteiset-10-vuotta-kanadassa\/","title":{"rendered":"El\u00e4m\u00e4nt\u00e4yteiset 10 vuotta Kanadassa"},"content":{"rendered":"<p style=\"text-align: justify;\">T\u00e4m\u00e4n viikon perjantaina vietettiin jokavuotista merkkip\u00e4iv\u00e4\u00e4mme ajasta jonka olemme asuneet t\u00e4\u00e4ll\u00e4 Kanadassa. T\u00e4n\u00e4 vuonna p\u00e4iv\u00e4 vaatikin kunnollista noteeraamista, sill\u00e4 t\u00e4yteen tuli py\u00f6re\u00e4t <strong>kymmenen vuotta<\/strong> eli yksi kokonainen vuosikymmen maassa, mit\u00e4 on vaikea uskoa todeksi. Voiko tosiaan olla, ett\u00e4 olemme el\u00e4neet jo nelj\u00e4nneksen el\u00e4m\u00e4st\u00e4mme Kanadassa ja per\u00e4ti 40% koko elinajastamme ulkomailla!?<\/p>\n<p><!--more--><\/p>\n<p style=\"text-align: justify;\">Olen tehnyt selontekoa kymmenest\u00e4 ensimm\u00e4isest\u00e4 vuodestamme ulkomailla <a title=\"El\u00e4m\u00e4mme seikkailu \u2013 10 vuotta maailmalla\" href=\"https:\/\/www.vuosiamaailmalla.fi\/blog\/2016\/elamamme-seikkailu-10-vuotta-maailmalla\/\">aiemmassa kirjoituksessani<\/a> miss\u00e4 mainitsin, ett\u00e4 ajatus Kanadaan muutosta alkoi hautua mieliss\u00e4mme siit\u00e4 saakka, kun aloimme ty\u00f6skennell\u00e4 <em>Nokian<\/em> Vancouverin tiimin kanssa Saksassa asuessamme. Varsinainen p\u00e4\u00e4t\u00f6s muutosta tehtiin Niinan kanssa joulun pyhin\u00e4 vuonna 2010 ja seuraavan vuoden syksyll\u00e4 minun onnistui l\u00f6yt\u00e4\u00e4 ja saada samaiselta Vancouverin Nokialta kokemustani vastaava ty\u00f6paikka.<\/p>\n<p style=\"text-align: center;\"><a href=\"\/blog\/wp-content\/uploads\/2012\/vancouver_seawall_panoraama1.jpg\"><img decoding=\"async\" src=\"\/blog\/wp-content\/uploads\/2012\/vancouver_seawall_panoraama1_pieni.jpg\" \/><\/a><\/p>\n<p style=\"text-align: center;\"><em>Haaveiden kaupunki<\/em><\/p>\n<p style=\"text-align: justify;\">Ty\u00f6paikan saatuani alkoi v\u00e4litt\u00f6m\u00e4sti <a title=\"Ruljanssi Kanadan ty\u00f6lupien kanssa\" href=\"https:\/\/www.vuosiamaailmalla.fi\/blog\/2013\/kikkailua-kanadalaisten-tyolupien-kanssa\/\">ty\u00f6lupien kanssa puljaaminen<\/a>, mik\u00e4 oli <a title=\"Ikuisuusprosessi kanadalaisesta ty\u00f6luvasta\" href=\"https:\/\/www.vuosiamaailmalla.fi\/blog\/2012\/ikuisuusprosessi-kanadalaisesta-tyoluvasta\/\">stressaavaa aikaa<\/a> ja teki muuttop\u00e4iv\u00e4st\u00e4 usean kuukauden ajaksi m\u00e4\u00e4r\u00e4\u00e4m\u00e4tt\u00f6m\u00e4n. Ty\u00f6tarjouksen j\u00e4lkeen minun onnistui kuitenkin vierailla <a title=\"Ensivaikutelma Vancouverista\" href=\"https:\/\/www.vuosiamaailmalla.fi\/blog\/2011\/ensivaikutelma-vancouverista\/\">ensimm\u00e4ist\u00e4 kertaa Vancouverissa<\/a> eli p\u00e4\u00e4sin n\u00e4kem\u00e4\u00e4n ja kokemaan tulevan asuinkaupunkimme, josta olimme siihen menness\u00e4 ainoastaan lukeneet!<\/p>\n<p style=\"text-align: center;\"><a href=\"\/blog\/wp-content\/uploads\/2018\/melvillen_huipulla1.jpg\"><img decoding=\"async\" src=\"\/blog\/wp-content\/uploads\/2018\/thumbs\/thumbs_melvillen_huipulla1.jpg\" \/><\/a><a href=\"\/blog\/wp-content\/uploads\/2012\/nokia_vancouver.jpg\"><img decoding=\"async\" src=\"\/blog\/wp-content\/uploads\/2012\/thumbs\/thumbs_nokia_vancouver.jpg\" \/><\/a><\/p>\n<p style=\"text-align: center;\"><em>Nokia toi meid\u00e4t Vancouveriin<\/em><\/p>\n<p style=\"text-align: justify;\">Saimme lopulta tiedon ty\u00f6luvista aivan vuoden 2012 ensimm\u00e4isin\u00e4 p\u00e4ivin\u00e4, mink\u00e4 j\u00e4lkeen alkoi tapahtua nopeaan tahtiin. Reilussa viikossa j\u00e4rjestimme kaikki <a title=\"Viimeinen ty\u00f6p\u00e4iv\u00e4 ja Saksasta l\u00e4hd\u00f6n haikeus\" href=\"https:\/\/www.vuosiamaailmalla.fi\/blog\/2012\/viimeinen-tyopaiva-ja-saksasta-lahdon-haikeus\/\">Saksasta l\u00e4ht\u00f6\u00f6n<\/a> liittyv\u00e4t asiakirjat sek\u00e4 <a title=\"Muuttokuorman pitk\u00e4 matka\" href=\"https:\/\/www.vuosiamaailmalla.fi\/blog\/2012\/muuttokuorman-pitka-matka\/\">muuttokuormaan<\/a> liittyv\u00e4n pakkaamisen. Varsinainen maahanmuutto tapahtui <strong>tammikuun 21. p\u00e4iv\u00e4<\/strong>, kun min\u00e4 matkustin Vancouveriin <a title=\"Maahanmuutto bisnesluokassa\" href=\"https:\/\/www.vuosiamaailmalla.fi\/blog\/2012\/maahanmuutto-bisnesluokassa\/\">valmistelemaan tulevaa el\u00e4m\u00e4\u00e4mme <\/a>kaupungissa. Niina j\u00e4i viel\u00e4 Berliiniin p\u00e4\u00e4tt\u00e4m\u00e4\u00e4n viiden ja puolen vuoden mittaisen <a title=\"Viisi vuotta Saksassa\" href=\"https:\/\/www.vuosiamaailmalla.fi\/blog\/2011\/viisi-vuotta-saksassa\/\">el\u00e4m\u00e4mme Saksassa<\/a> ennen saapumistaan per\u00e4ss\u00e4ni <a title=\"Sinkkuel\u00e4m\u00e4n loppu\" href=\"https:\/\/www.vuosiamaailmalla.fi\/blog\/2012\/sinkkuelaman-loppu\/\">kaksi viikkoa my\u00f6hemmin<\/a>.<\/p>\n<p style=\"text-align: center;\"><a href=\"\/blog\/wp-content\/uploads\/2013\/avoin_tyolupa.jpg\"><img decoding=\"async\" src=\"\/blog\/wp-content\/uploads\/2013\/avoin_tyolupa.jpg\" \/><\/a><\/p>\n<p style=\"text-align: center;\"><em>Kauan odotettu ty\u00f6lupa<\/em><\/p>\n<p style=\"text-align: justify;\">Vancouverin p\u00e4\u00e4ss\u00e4 minun piti j\u00e4rjest\u00e4\u00e4 meille asunto ja aloittaa uudessa ty\u00f6ss\u00e4, miss\u00e4 oli ty\u00f6t\u00e4 ja p\u00e4iv\u00e4t pitki\u00e4. Niinan saavuttua asuimme aluksi muutaman kuukauden <a title=\"2505-1331 West Georgia Street\" href=\"https:\/\/www.vuosiamaailmalla.fi\/blog\/2012\/2505-1331-west-georgia-street\/\">v\u00e4liaikaisessa asunnossa<\/a>, ennen kuin l\u00f6ysimme monen mutkan kautta upean pysyv\u00e4n kodin er\u00e4\u00e4n ydinkeskustan pilvenpiirt\u00e4j\u00e4n huipulta.<\/p>\n<p style=\"text-align: justify;\">Niinan saavuttua Kanadaan, jatkoi t\u00e4m\u00e4 aluksi t\u00f6it\u00e4 Berliiniin, mutta onneksemme Vancouverin Nokialla oli tuolloin k\u00e4ynniss\u00e4 laaja henkil\u00f6st\u00f6n palkkaus ja h\u00e4nen onnistui saada t\u00f6it\u00e4 t\u00e4\u00e4lt\u00e4. Usean kuukauden hulinan j\u00e4lkeen kaikki alkoi viimeinkin olla kohdillaan ja uusi el\u00e4m\u00e4mme Kanadassa aluillaan, mutta sitten er\u00e4\u00e4n\u00e4 aamuna kaikelta putosi pohja pois. Kes\u00e4kuun 14. p\u00e4iv\u00e4 Nokia ilmoitti yli 10 000 ihmisen irtisanomista ymp\u00e4ri maailmaa ja pieni 350 hengen yksikk\u00f6mme Vancouverissa oli <a title=\"Yhden aikakauden p\u00e4\u00e4t\u00f6s ja uuden alku\" href=\"https:\/\/www.vuosiamaailmalla.fi\/blog\/2013\/yhden-aikakauden-paatos-ja-uuden-alku\/\">osa lakkautuslistaa<\/a>.<\/p>\n<p style=\"text-align: justify;\">On shokeeraavaa her\u00e4t\u00e4 tietoon, ett\u00e4 molemmat meist\u00e4 oli irtisanottu y\u00f6n aikana ilman tietoa huomisesta. Emme kuitenkaan\u00a0 antautuneet masennukselle ja seuraavien kuukausien aikana l\u00f6ysimme molemmat uudet ty\u00f6paikat, jotka olivat viel\u00e4p\u00e4 Nokiaa paremmat. Lis\u00e4ksi meid\u00e4n onnistui j\u00e4rjest\u00e4\u00e4 ty\u00f6luvat uusien ty\u00f6paikkojemme ymp\u00e4rille, mik\u00e4 oli onni, sill\u00e4 juuri Nokiaan sidotut alkuper\u00e4iset ty\u00f6luvat tekiv\u00e4t monille hankalaksi j\u00e4\u00e4d\u00e4 Kanadaan ja usea tuttumme joutuikin muuttamaan irtisanomisen j\u00e4lkeen takaisin Suomeen.<\/p>\n<p style=\"text-align: justify;\"><a title=\"Vuosi Kanadassa\" href=\"https:\/\/www.vuosiamaailmalla.fi\/blog\/2013\/vuosi-kanadassa\/\">Ensimm\u00e4ist\u00e4 vuottamme Kanadassa<\/a> voikin luonnehtia v\u00e4hint\u00e4\u00e4nkin turbulentiksi ja vuosi oli t\u00e4ynn\u00e4 suuria el\u00e4m\u00e4nk\u00e4\u00e4nteit\u00e4. T\u00e4ten olikin ilahduttavaa, ett\u00e4 <a title=\"Kaksi vuotta Kanadassa\" href=\"https:\/\/www.vuosiamaailmalla.fi\/blog\/2014\/kaksi-vuotta-kanadassa\/\">toinen vuotemme maassa<\/a> oli enemm\u00e4nkin uusiin Nokian j\u00e4lkeisiin ty\u00f6kuvioihin tutustumista ja el\u00e4m\u00e4n vakiinnuttamista. Siin\u00e4 auttoi huomattavasti my\u00f6s <a title=\"Kanadan pysyv\u00e4t asukkaat\" href=\"https:\/\/www.vuosiamaailmalla.fi\/blog\/2013\/kanadan-pysyvat-asukkaat\/\">pysyv\u00e4n asumisluvan saaminen<\/a>, mik\u00e4 oli uuden ty\u00f6nantajamme sponsoroinnin ansiosta yll\u00e4tt\u00e4v\u00e4nkin vaivaton urakka. Lupa tarkoitti, ettei meid\u00e4n tarvinnut en\u00e4\u00e4 kantaa huolta Kanadasta pois joutumisesta, vaikka ty\u00f6tilanteemme jatkossa muuttuisikin.<\/p>\n<p style=\"text-align: justify;\">Toisen vuoden aikana saimme <a title=\"Vieraita vanhalta mantereelta\" href=\"https:\/\/www.vuosiamaailmalla.fi\/blog\/2013\/vieraita-vanhalta-mantereelta\/\">luoksemme my\u00f6s vieraita<\/a>, mik\u00e4 ei ollut mahdollista kaiken sen ensimm\u00e4isen vuoden hurlumhein aikana. Emme nimitt\u00e4in olleet ehtineet ostaa laisinkaan huonekaluja\u00a0 uuteen pilvenpiirt\u00e4j\u00e4asuntoomme ennen Nokian uutisia ja lopulta huonekalut ostettiin juuri Nokian irtisanomispakettien rahoilla, tuoden onnen aiempaan onnettomuuteen.<\/p>\n<p style=\"text-align: center;\"><a href=\"\/blog\/wp-content\/uploads\/2014\/seasons_in_the_park1.jpg\"><img decoding=\"async\" src=\"\/blog\/wp-content\/uploads\/2014\/seasons_in_the_park1.jpg\" \/><\/a><\/p>\n<p style=\"text-align: center;\"><em>Vieraita on k\u00e4ynyt tasaiseen tahtiin<\/em><\/p>\n<p style=\"text-align: justify;\"><a title=\"Kolme vuotta Kanadassa\" href=\"https:\/\/www.vuosiamaailmalla.fi\/blog\/2015\/kolme-vuotta-kanadassa\/\">Kolmas Kanadan vuosi<\/a> sujui ilman dramatiikkaa, mutta <a title=\"Nelj\u00e4 vuotta Kanadassa\" href=\"https:\/\/www.vuosiamaailmalla.fi\/blog\/2016\/nelja-vuotta-kanadassa\/\">nelj\u00e4nten\u00e4 vuotena<\/a> jouduimme valitettavasti muuttamaan upeasta asunnostamme Vancouverin <a title=\"Karannut kanadalainen unelma\" href=\"https:\/\/www.vuosiamaailmalla.fi\/blog\/2015\/karannut-kanadalainen-unelma\/\">hulluksi k\u00e4yneiden vuokramarkkinoiden<\/a> johdosta. Samaan aikaan oma ty\u00f6ni oli alkanut k\u00e4yd\u00e4 raskaaksi ja yhdeks\u00e4n vuoden ty\u00f6uran j\u00e4lkeen halusin pit\u00e4\u00e4 taukoa ty\u00f6el\u00e4m\u00e4st\u00e4. Niinp\u00e4 p\u00e4\u00e4dyimme pakkaamaan huonekalumme varastoon ja muuttamaan <a title=\"V\u00e4liaikaista asumista\" href=\"https:\/\/www.vuosiamaailmalla.fi\/blog\/2015\/valiaikaista-asumista\/\">pieneen v\u00e4liaikaisasuntoon<\/a> samalla, kun min\u00e4 keskityin ty\u00f6n ulkopuolisiin asioihin kuten t\u00e4h\u00e4n blogiini sek\u00e4 matkusteluun.<\/p>\n<p style=\"text-align: center;\"><a href=\"\/blog\/wp-content\/uploads\/2015\/metrotown_usvassa1.jpg\"><img decoding=\"async\" src=\"\/blog\/wp-content\/uploads\/2015\/thumbs\/thumbs_metrotown_usvassa1.jpg\" \/><\/a><a href=\"\/blog\/wp-content\/uploads\/2015\/max_vuoret.jpg\"><img decoding=\"async\" src=\"\/blog\/wp-content\/uploads\/2015\/thumbs\/thumbs_max_vuoret.jpg\" \/><\/a><\/p>\n<p style=\"text-align: center;\"><em>Eri asuntojen maisemia ja Burnaby et\u00e4\u00e4ll\u00e4<\/em><\/p>\n<p style=\"text-align: justify;\">Kymmenen kuukauden mittainen <a title=\"Sapatin loppu\" href=\"https:\/\/www.vuosiamaailmalla.fi\/blog\/2016\/sapatin-loppu\/\">sapattini p\u00e4\u00e4ttyi<\/a> lopulta <a title=\"Viisi vuotta Kanadassa\" href=\"https:\/\/www.vuosiamaailmalla.fi\/blog\/2017\/viisi-vuotta-kanadassa\/\">viidennen Kanadan vuotemme<\/a> aikana ja molempien ollessa j\u00e4lleen ty\u00f6llistettyj\u00e4, uskalsimme etsi\u00e4 itsellemme uutta asuntoa. Sellainen l\u00f6ytyi lopulta <a title=\"Muutto Burnabyyn\" href=\"https:\/\/www.vuosiamaailmalla.fi\/blog\/2016\/muutto-uuteen-kotiin\/\">naapurikaupunki Burnabyst\u00e4<\/a>, jossa Nokian toimisto sijaitsi aikanaan ja joka oli my\u00f6s uuden videopelialalla toimivan uuden ty\u00f6paikkani paikkakunta. Kyseess\u00e4 oli huikea kattohuoneisto uudenaikaisen korkean tornitalon huipulla. El\u00e4m\u00e4 hymyili j\u00e4lleen samalla, kun meille tuli t\u00e4yteen <a title=\"El\u00e4m\u00e4mme seikkailu \u2013 10 vuotta maailmalla\" href=\"https:\/\/www.vuosiamaailmalla.fi\/blog\/2016\/elamamme-seikkailu-10-vuotta-maailmalla\/\">kymmenen vuotta ulkomailla<\/a>.<\/p>\n<p style=\"text-align: center;\"><a href=\"\/blog\/wp-content\/uploads\/2016\/kymmenen_vuotta_maailmalla.jpg\"><img decoding=\"async\" src=\"\/blog\/wp-content\/uploads\/2016\/kymmenen_vuotta_maailmalla.jpg\" \/><\/a><\/p>\n<p style=\"text-align: center;\"><em>Matkassa on kasvettu<\/em><\/p>\n<p style=\"text-align: justify;\"><a title=\"Kuusi vuotta Kanadassa\" href=\"https:\/\/www.vuosiamaailmalla.fi\/blog\/2018\/kuusi-vuotta-kanadassa\/\">Kuudennen vuoden<\/a> aikana el\u00e4m\u00e4 oli j\u00e4lleen kerran vakaata ja teimmekin huikeita lomamatkoja esimerkiksi Islantiin sek\u00e4 <a title=\"Trooppinen jouluaatto Guamissa\" href=\"https:\/\/www.vuosiamaailmalla.fi\/blog\/2018\/trooppinen-jouluaatto-guamissa\/\">pienille paratiisisaarille<\/a>. Matkasimme aina joka vuosi jonnekin, mink\u00e4 lis\u00e4ksi Niinalla oli paljon ty\u00f6matkoja eri puolille Yhdysvaltoja. N\u00e4m\u00e4 vuodet olivat melkoista <a title=\"101 lentoa\" href=\"https:\/\/www.vuosiamaailmalla.fi\/blog\/2014\/101-lentoa\/\">el\u00e4m\u00e4\u00e4 lentokoneessa<\/a> ja n\u00e4imme paljon maailmaa.<\/p>\n<p style=\"text-align: justify;\"><a title=\"Seitsem\u00e4n vuotta Kanadassa\" href=\"https:\/\/www.vuosiamaailmalla.fi\/blog\/2019\/seitseman-vuotta-kanadassa\/\">Kanadan seitsem\u00e4s vuosi<\/a> oli valitettavasti j\u00e4lleen kerran muutosten vuosi, kun jouduimme muuttamaan kattohuoneistostamme <a title=\"Karannut kanadalainen unelma\" href=\"https:\/\/www.vuosiamaailmalla.fi\/blog\/2015\/karannut-kanadalainen-unelma\/\">asuntomarkkinoiden myllerryksen<\/a> vuoksi, p\u00e4\u00e4tyen tilap\u00e4isesti takaisin <a title=\"Asukkaana Trump Towerissa\" href=\"https:\/\/www.vuosiamaailmalla.fi\/blog\/2018\/asukkaana-trump-towerissa\/\">Vancouverin keskustaan<\/a>. Vuosi oli kuitenkin muutoin vakaa ja aloimme sen aikana hakea my\u00f6s meit\u00e4 jo kotvan mietitytt\u00e4nytt\u00e4 <a title=\"Hakemus Kanadan kansalaisuudesta\" href=\"https:\/\/www.vuosiamaailmalla.fi\/blog\/2018\/hakemus-kanadan-kansalaisuudesta\/\">Kanadan kansalaisuutta<\/a>.<\/p>\n<p style=\"text-align: center;\"><a href=\"\/blog\/wp-content\/uploads\/2017\/terassi_pilvien_ylapuolella3.jpg\"><img decoding=\"async\" src=\"\/blog\/wp-content\/uploads\/2017\/thumbs\/thumbs_terassi_pilvien_ylapuolella3.jpg\" \/><\/a><a href=\"\/blog\/wp-content\/uploads\/2018\/trump_tower3.jpg\"><img decoding=\"async\" src=\"\/blog\/wp-content\/uploads\/2018\/thumbs\/thumbs_trump_tower3.jpg\" \/><\/a><\/p>\n<p style=\"text-align: center;\"><em>Asuntoja on ollut monia<\/em><\/p>\n<p style=\"text-align: justify;\">Kanadan kansalaisia meist\u00e4 tuli <a title=\"Uunituoreet Kanadan kansalaiset\" href=\"https:\/\/www.vuosiamaailmalla.fi\/blog\/2019\/uunituoreet-kanadan-kansalaiset\/\">seuraavan vuoden kev\u00e4\u00e4n\u00e4<\/a>, mik\u00e4 oli ehdottomasti <a title=\"Kahdeksan vuotta Kanadassa\" href=\"https:\/\/www.vuosiamaailmalla.fi\/blog\/2020\/kahdeksan-vuotta-kanadassa\/\">kahdeksannen vuoden<\/a> huippukohta ja omanlainen k\u00e4\u00e4nnekohtansa el\u00e4m\u00e4ss\u00e4mme, sill\u00e4 olimme nyt kahden maan t\u00e4ysiverisi\u00e4 kansalaisia. Vuosi oli muuten vakaa ja j\u00e4lleen kerran t\u00e4ynn\u00e4 matkustamista sek\u00e4 vieraita Suomesta. Meille tuli my\u00f6s t\u00e4yteen kymmenen vuotta <a title=\"Ortodoksiset talvih\u00e4\u00e4mme\" href=\"https:\/\/www.vuosiamaailmalla.fi\/blog\/2009\/ortodoksiset-talvihaamme\/\">naimisissa<\/a> ja k\u00e4vimmekin juhlavuoden kunniaksi uudistamassa valamme\u00a0 tyylill\u00e4 Las Vegasissa itse <a title=\"Elviksen kanssa alttarilla\" href=\"https:\/\/www.vuosiamaailmalla.fi\/blog\/2019\/elviksen-kanssa-alttarilla\/\">Elviksen edess\u00e4<\/a>.<\/p>\n<p style=\"text-align: center;\"><a href=\"\/blog\/wp-content\/uploads\/2019\/uunituoreet_kanadalaiset2.jpg\"><img decoding=\"async\" src=\"\/blog\/wp-content\/uploads\/2019\/thumbs\/thumbs_uunituoreet_kanadalaiset2.jpg\" \/><\/a><a href=\"\/blog\/wp-content\/uploads\/2019\/kaksi_passia.jpg\"><img decoding=\"async\" src=\"\/blog\/wp-content\/uploads\/2019\/thumbs\/thumbs_kaksi_passia.jpg\" \/><\/a><\/p>\n<p style=\"text-align: center;\"><em>Kansalaisuus oli kohokohtia<\/em><\/p>\n<p style=\"text-align: center;\"><a href=\"\/blog\/wp-content\/uploads\/2019\/elvis_taluttaa_alttarille3.jpg\"><img decoding=\"async\" src=\"\/blog\/wp-content\/uploads\/2019\/elvis_taluttaa_alttarille3.jpg\" \/><\/a><\/p>\n<p style=\"text-align: center;\"><em>Valojen uusinta Vegasissa<\/em><\/p>\n<p style=\"text-align: justify;\">Kukaan ei olisi voinut arvata, ett\u00e4 seuraava <a title=\"Yhdeks\u00e4n vuotta Kanadassa\" href=\"https:\/\/www.vuosiamaailmalla.fi\/blog\/2021\/yhdeksan-vuotta-kanadassa\/\">yhdeks\u00e4s vuosi<\/a> olisi koko maailmaa muuttava vuosi, kun <a title=\"Huoli koronaviruksesta\" href=\"https:\/\/www.vuosiamaailmalla.fi\/blog\/2020\/huolta-koronaviruksen-kanssa\/\">koronaepidemia<\/a> laittoi kaikkien el\u00e4m\u00e4n uusiksi. Meille vuosi 2020 oli paljon aikaa kotona, mutta ty\u00f6rintamalla kyseess\u00e4 oli yksi parhaimpia vuosia, sill\u00e4 min\u00e4 vaihdoin tuona kes\u00e4n\u00e4 ty\u00f6paikkaa uuteen johtorooliin. On j\u00e4nn\u00e4 miten IT-ala on porskuttanut <a title=\"Kanadan ty\u00f6llisyystilanne (2021)\" href=\"https:\/\/www.vuosiamaailmalla.fi\/blog\/2021\/kanadan-tyollisyystilanne-2021\/\">koronankin keskell\u00e4<\/a> ja miten ohjelmistoyritykset ovat palkanneet kiivaasti koko t\u00e4n\u00e4 aikana, tahkoten enn\u00e4tystuloksia.<\/p>\n<p style=\"text-align: center;\"><a href=\"\/blog\/wp-content\/uploads\/2020\/kitimatin_suurin_puu.jpg\"><img decoding=\"async\" src=\"\/blog\/wp-content\/uploads\/2020\/thumbs\/thumbs_kitimatin_suurin_puu.jpg\" \/><\/a><a href=\"\/blog\/wp-content\/uploads\/2020\/bmw_x3m_competition_ensiajolla2.jpg\"><img decoding=\"async\" src=\"\/blog\/wp-content\/uploads\/2020\/thumbs\/thumbs_bmw_x3m_competition_ensiajolla2.jpg\" \/><\/a><\/p>\n<p style=\"text-align: center;\"><em>Koronavuoden l\u00e4himatkoja ja hankintoja<\/em><\/p>\n<p style=\"text-align: justify;\">Ja t\u00e4st\u00e4 p\u00e4\u00e4semmekin lopulta viimeisimp\u00e4\u00e4n <strong>kymmenenteen vuoteemme Kanadassa<\/strong>, joka on ollut ehdottomasti kaikkein suurin muutos koko el\u00e4m\u00e4\u00e4mme. Puhun tietenkin <a title=\"Uuden el\u00e4m\u00e4n alku\" href=\"https:\/\/www.vuosiamaailmalla.fi\/blog\/2021\/uuden-elaman-alku\/\">tytt\u00e4remme syntym\u00e4st\u00e4<\/a> viime vuoden elokuussa, johon <a title=\"Valmiina vauvan tuloon\" href=\"https:\/\/www.vuosiamaailmalla.fi\/blog\/2021\/valmiina-vauvan-tuloon\/\">valmistauduimme<\/a> innolla vuoden koko ensimm\u00e4isen puoliskon, toisen puoliskon ollessa uuteen perhe-el\u00e4m\u00e4\u00e4n totuttelua. Vaikka pienen el\u00e4m\u00e4n alkuun sis\u00e4ltyikin <a title=\"Kriittiset ensip\u00e4iv\u00e4t teho-osastolla\" href=\"https:\/\/www.vuosiamaailmalla.fi\/blog\/2021\/kriittiset-ensipaivat-teho-osastolla\/\">karmea alkuvaihe<\/a>, on Fiona ollut \u00e4\u00e4rimm\u00e4isen iloinen asia el\u00e4m\u00e4ss\u00e4mme nyt jo kuuden kuukauden ajan!<\/p>\n<p style=\"text-align: center;\"><a href=\"\/blog\/wp-content\/uploads\/2021\/viimeisillaan_raskaana3.jpg\"><img decoding=\"async\" src=\"\/blog\/wp-content\/uploads\/2021\/thumbs\/thumbs_viimeisillaan_raskaana3.jpg\" \/><\/a><a href=\"\/blog\/wp-content\/uploads\/2021\/uunituore_ihminen2.jpg\"><img decoding=\"async\" src=\"\/blog\/wp-content\/uploads\/2021\/thumbs\/thumbs_uunituore_ihminen2.jpg\" \/><\/a><a href=\"\/blog\/wp-content\/uploads\/2021\/ensimmainen_perhejoulu1.jpg\"><img decoding=\"async\" src=\"\/blog\/wp-content\/uploads\/2021\/thumbs\/thumbs_ensimmainen_perhejoulu1.jpg\" \/><\/a><\/p>\n<p style=\"text-align: center;\"><em>Kymmenennen vuoden suuri lahja<\/em><\/p>\n<p style=\"text-align: justify;\">Koska olemme Niinan kanssa tosiel\u00e4m\u00e4n projektip\u00e4\u00e4llik\u00f6it\u00e4, oli p\u00e4\u00e4t\u00f6s perheen perustamisesta harkittu ja siihen vaikutti osaltaan niin koronavuoden pakollinen kotona oleskelu, kuin my\u00f6skin taloudellisen vakauden saavuttaminen. Olemme olleet Niinan kanssa yhdess\u00e4 l\u00e4hes 20 vuoden ajan ja kaikki n\u00e4m\u00e4 vuodet olemme joko opiskelleet Joensuussa tai ty\u00f6skennelleet Saksassa ja Kanadassa. Ahkeruutemme onkin kuljettanut molempien ty\u00f6urat pitk\u00e4lle, mink\u00e4 tuoman taloudellisen vakauden johdosta perheen perustamiseen ei sis\u00e4lly en\u00e4\u00e4 taloudellista riski\u00e4.<\/p>\n<p style=\"text-align: justify;\">Syntym\u00e4\u00e4 seurannut <a title=\"\u00c4itiysvapaan korkea hinta\" href=\"https:\/\/www.vuosiamaailmalla.fi\/blog\/2026\/vanhempainvapaan-loppu\/\">\u00e4itiysloma<\/a> on ollut my\u00f6s Niinan ansaittu tilaisuus pit\u00e4\u00e4 &#8221;vapaata&#8221; hieman samaan tapaan kun tein itse vuonna 2015, mik\u00e4 on yli vuosikymmenen kiivaan ty\u00f6skentelyn j\u00e4lkeen t\u00e4ysin kohtuullista. Vaikka minun ei olekaan ollut mahdollista ottaa sen suurempaa isyysvapaata, on ollut ilahduttavaa ty\u00f6skennell\u00e4 kotoa k\u00e4sin ja p\u00e4\u00e4st\u00e4 t\u00e4ten osallistumaan pienesti p\u00e4ivitt\u00e4iseen lapsiperheen el\u00e4m\u00e4\u00e4n.<\/p>\n<p style=\"text-align: center;\"><a href=\"\/blog\/wp-content\/uploads\/2021\/lopultakin_kotona.jpg\"><img decoding=\"async\" src=\"\/blog\/wp-content\/uploads\/2021\/thumbs\/thumbs_lopultakin_kotona.jpg\" \/><\/a><\/p>\n<p style=\"text-align: center;\"><em>Perhe-el\u00e4m\u00e4 on ollut ihanaa<\/em><\/p>\n<p style=\"text-align: justify;\">Fionan my\u00f6t\u00e4 meit\u00e4 kanadalaisia on perheess\u00e4mme nyt kolme ja suomalaisia ainoastaan kaksi, sill\u00e4 emme ole viel\u00e4 hakeneet Fionalle Suomen kansalaisuutta. N\u00e4in tullaan tietenkin tekem\u00e4\u00e4n t\u00e4m\u00e4n kes\u00e4n suunnitellulla <a title=\"Pitk\u00e4ll\u00e4 kes\u00e4lomalla Suomessa\" href=\"https:\/\/www.vuosiamaailmalla.fi\/blog\/2022\/pitkalla-kesalomalla-suomessa\/\">Suomen reissulla<\/a>, jolla on my\u00f6s tarkoitus j\u00e4rjest\u00e4\u00e4 perinteinen kastetilaisuus sukulaisten ja kummien ollessa l\u00e4sn\u00e4.<\/p>\n<p style=\"text-align: justify;\">N\u00e4m\u00e4 tulevatkin olemaan nyt alkaneen yhdennentoista Kanadan vuotemme asioita ja on vaikea sanoa mit\u00e4 muuta vuosi tuokaan tullessaan. Pysynemme varmasti paikoillamme, matkojen ollessa lyhyit\u00e4 ja <a title=\"Salt Spring Islandin kiitosp\u00e4iv\u00e4\" href=\"https:\/\/www.vuosiamaailmalla.fi\/blog\/2021\/salt-spring-islandin-kiitospaiva\/\">keskittyess\u00e4 l\u00e4hiseudulle<\/a>. Kaukomatkailun aikakausi on ainakin t\u00e4ll\u00e4 er\u00e4\u00e4 ohitse, mutta minulla riitt\u00e4\u00e4 silti kirjoitettavaa menneist\u00e4 matkoista viel\u00e4 vuosien ajaksi.<\/p>\n<p style=\"text-align: justify;\">Tarkoitukseni onkin jatkaa n\u00e4iden kirjoitusten vuosittaista laatimista, sill\u00e4 t\u00e4h\u00e4n kirjoitukseen valmistautuessani tajusin miten mukavaa onkaan pysty\u00e4 k\u00e4\u00e4nt\u00e4m\u00e4\u00e4n aikakelloa taaksep\u00e4in ja lukea omista tunnelmista vuosia sitten. Ja jos t\u00e4m\u00e4 on mielenkiintoisaa itselle, on se varmasti sit\u00e4 jokin p\u00e4iv\u00e4 my\u00f6s tytt\u00e4rellemme, jonka on mahdollista lukea vanhempiensa el\u00e4m\u00e4nvaiheista sek\u00e4 edesottamuksista mennein\u00e4 aikoina osana t\u00e4t\u00e4 el\u00e4m\u00e4mme seikkailua.<\/p>\n<p style=\"text-align: left;\"><em>Klaus, Niina &amp; Fiona<\/em><\/p>\n<p style=\"text-align: center;\"><a href=\"\/blog\/wp-content\/uploads\/2021\/salt_spring_island_ravintolassa.jpg\"><img decoding=\"async\" src=\"\/blog\/wp-content\/uploads\/2021\/salt_spring_island_ravintolassa.jpg\" \/><\/a><\/p>\n","protected":false},"excerpt":{"rendered":"<p>T\u00e4m\u00e4n viikon perjantaina vietettiin jokavuotista merkkip\u00e4iv\u00e4\u00e4mme ajasta jonka olemme asuneet t\u00e4\u00e4ll\u00e4 Kanadassa. T\u00e4n\u00e4 vuonna p\u00e4iv\u00e4 vaatikin kunnollista noteeraamista, sill\u00e4 t\u00e4yteen tuli py\u00f6re\u00e4t kymmenen vuotta eli yksi kokonainen vuosikymmen maassa, mit\u00e4 on vaikea uskoa todeksi. Voiko tosiaan olla, ett\u00e4 olemme el\u00e4neet jo nelj\u00e4nneksen el\u00e4m\u00e4st\u00e4mme Kanadassa ja per\u00e4ti 40% koko elinajastamme ulkomailla!?<\/p>\n","protected":false},"author":1,"featured_media":12633,"comment_status":"open","ping_status":"closed","sticky":false,"template":"","format":"standard","meta":{"_jetpack_memberships_contains_paid_content":false,"footnotes":""},"categories":[17,3,4,1621,13],"tags":[25,77,935,939],"class_list":["post-12630","post","type-post","status-publish","format-standard","has-post-thumbnail","hentry","category-arki-kanadassa","category-arki-ulkomailla","category-asuminen-kanadassa","category-perhe-kanadassa","category-tyoskentely-kanadassa","tag-ajankohtaista","tag-burnaby","tag-kanada","tag-vancouver"],"jetpack_featured_media_url":"https:\/\/www.vuosiamaailmalla.fi\/blog\/wp-content\/uploads\/kymmenen_vuotta_kanadassa_banner.jpg","jetpack_sharing_enabled":true,"_links":{"self":[{"href":"https:\/\/www.vuosiamaailmalla.fi\/blog\/wp-json\/wp\/v2\/posts\/12630","targetHints":{"allow":["GET"]}}],"collection":[{"href":"https:\/\/www.vuosiamaailmalla.fi\/blog\/wp-json\/wp\/v2\/posts"}],"about":[{"href":"https:\/\/www.vuosiamaailmalla.fi\/blog\/wp-json\/wp\/v2\/types\/post"}],"author":[{"embeddable":true,"href":"https:\/\/www.vuosiamaailmalla.fi\/blog\/wp-json\/wp\/v2\/users\/1"}],"replies":[{"embeddable":true,"href":"https:\/\/www.vuosiamaailmalla.fi\/blog\/wp-json\/wp\/v2\/comments?post=12630"}],"version-history":[{"count":6,"href":"https:\/\/www.vuosiamaailmalla.fi\/blog\/wp-json\/wp\/v2\/posts\/12630\/revisions"}],"predecessor-version":[{"id":14225,"href":"https:\/\/www.vuosiamaailmalla.fi\/blog\/wp-json\/wp\/v2\/posts\/12630\/revisions\/14225"}],"wp:featuredmedia":[{"embeddable":true,"href":"https:\/\/www.vuosiamaailmalla.fi\/blog\/wp-json\/wp\/v2\/media\/12633"}],"wp:attachment":[{"href":"https:\/\/www.vuosiamaailmalla.fi\/blog\/wp-json\/wp\/v2\/media?parent=12630"}],"wp:term":[{"taxonomy":"category","embeddable":true,"href":"https:\/\/www.vuosiamaailmalla.fi\/blog\/wp-json\/wp\/v2\/categories?post=12630"},{"taxonomy":"post_tag","embeddable":true,"href":"https:\/\/www.vuosiamaailmalla.fi\/blog\/wp-json\/wp\/v2\/tags?post=12630"}],"curies":[{"name":"wp","href":"https:\/\/api.w.org\/{rel}","templated":true}]}}