{"id":127,"date":"2012-06-01T21:08:47","date_gmt":"2012-06-02T04:08:47","guid":{"rendered":"http:\/\/127.0.0.1:4001\/wordpress\/?p=127"},"modified":"2021-02-01T20:49:04","modified_gmt":"2021-02-02T04:49:04","slug":"flash-mob-vancouver","status":"publish","type":"post","link":"https:\/\/www.vuosiamaailmalla.fi\/blog\/2012\/flash-mob-vancouver\/","title":{"rendered":"Flash Mob Vancouver"},"content":{"rendered":"<p style=\"text-align: justify;\">Mit\u00e4 erilaisimmat <em>flash mobit<\/em> ovat nousseet viime vuosina suureen suosioon ymp\u00e4ri maailman. N\u00e4m\u00e4 ihmisjoukkojen ennalta sopimat, yleens\u00e4 julkisella paikalla yll\u00e4tt\u00e4en tapahtuvat, joukkotapahtumat ovat muodostuneet yleisiksi varsinkin suurissa kaupungeissa. Niinakin sattui keskelle <a title=\"Hetkeksi j\u00e4\u00e4tynyt Alexanderplatz\" href=\"https:\/\/www.vuosiamaailmalla.fi\/?p=2419\">yht\u00e4<\/a> lokakuussa 2010, keskell\u00e4 kirkasta p\u00e4iv\u00e4\u00e4 Berliinin Alexanderplatzilla ostoksilla ollessaan.<\/p>\n<p><!--more--><\/p>\n<p style=\"text-align: justify;\">Vancouverissakin flash mobeja on j\u00e4rjestetty jo vuosia, mutta erityisesti t\u00e4n\u00e4 vuonna niist\u00e4 n\u00e4ytt\u00e4\u00e4 tulleen oikein buumi ja kev\u00e4\u00e4n mittaan tapahtumia on n\u00e4hty pitkin metropolialuetta. Ker\u00e4sin alle viimeisen puolentoista vuoden ajalta pienempi\u00e4 ja hieman suurempia tapahtumia pitkin kaupunkia. N\u00e4iden videoiden perusteella Vancouverin kaduilla sek\u00e4 l\u00e4hialueiden ostoskeskuksilla onkin sangen suuri mahdollisuus joutua yll\u00e4tt\u00e4en keskelle flash mobia. Ole siis valmis, jos jostain alkaa yll\u00e4tt\u00e4en kuulua musiikkia ja ymp\u00e4rille ker\u00e4\u00e4nty\u00e4 ihmisi\u00e4&#8230; \ud83d\ude09<\/p>\n<p><iframe loading=\"lazy\" src=\"https:\/\/www.youtube-nocookie.com\/embed\/v41htsHHLDg\" frameborder=\"0\" width=\"640\" height=\"360\"><\/iframe><\/p>\n<p style=\"text-align: center;\">&#8221;Wedding Dress&#8221; Flash Mob, Vancouver Public Library, 11. helmikuuta 2012<\/p>\n<p style=\"text-align: center;\"><iframe loading=\"lazy\" src=\"https:\/\/www.youtube-nocookie.com\/embed\/Hc1D7ZaQ51s\" frameborder=\"0\" width=\"640\" height=\"360\"><\/iframe><\/p>\n<p style=\"text-align: center;\">&#8221;Brits Burst Into YVR&#8221; Flash Mob \/ kampanja, Vancouverin kansainv\u00e4linen lentokentt\u00e4, 24. toukokuuta 2012<\/p>\n<p style=\"text-align: center;\"><iframe loading=\"lazy\" src=\"https:\/\/www.youtube-nocookie.com\/embed\/qpc6XHuPWw8\" frameborder=\"0\" width=\"640\" height=\"360\"><\/iframe><\/p>\n<p style=\"text-align: center;\">&#8221;Sweater Day Dance&#8221; Flash Mob, <a title=\"Korkeuksiin kurkottava Metrotown\" href=\"https:\/\/www.vuosiamaailmalla.fi\/?p=2242\">Metrotown<\/a>, 4. helmikuuta 2012<\/p>\n<p style=\"text-align: center;\"><iframe loading=\"lazy\" src=\"https:\/\/www.youtube-nocookie.com\/embed\/L0oYgYd6hyM\" frameborder=\"0\" width=\"640\" height=\"360\"><\/iframe><\/p>\n<p style=\"text-align: center;\">&#8221;To Women and Girls Everywhere&#8221; Flash Mob, Park Royal Mall, 12. helmikuuta 2011<\/p>\n<p style=\"text-align: center;\"><iframe loading=\"lazy\" src=\"https:\/\/www.youtube-nocookie.com\/embed\/MhYyAa0VnyY\" frameborder=\"0\" width=\"640\" height=\"360\"><\/iframe><\/p>\n<p style=\"text-align: center;\">&#8221;Anti-Bullying&#8221; Flash Mob, Oakridge, tammikuu 2011<\/p>\n<p style=\"text-align: center;\"><iframe loading=\"lazy\" src=\"https:\/\/www.youtube-nocookie.com\/embed\/oJ1A_IBi01E\" frameborder=\"0\" width=\"640\" height=\"360\"><\/iframe><\/p>\n<p style=\"text-align: center;\">&#8221;Anti-Bullying&#8221; Flash Mob, Aberdeen Centre, 26. helmikuuta 2012<\/p>\n<p style=\"text-align: center;\"><iframe loading=\"lazy\" src=\"https:\/\/www.youtube-nocookie.com\/embed\/dkDlOP2BhdE\" frameborder=\"0\" width=\"640\" height=\"360\"><\/iframe><\/p>\n<p style=\"text-align: center;\">&#8221;Body-by-Vi&#8221; Flash Mob \/\u00a0kampanja, Metrotown, 21. huhtikuu 2012<\/p>\n<p style=\"text-align: center;\"><iframe loading=\"lazy\" src=\"https:\/\/www.youtube-nocookie.com\/embed\/dfxlat-tp_Q\" frameborder=\"0\" width=\"640\" height=\"360\"><\/iframe><\/p>\n<p style=\"text-align: center;\">&#8221;God Is Good&#8221; Flash Mob, Granville Street, 3. syyskuuta 2011<\/p>\n<p style=\"text-align: center;\"><iframe loading=\"lazy\" src=\"https:\/\/www.youtube-nocookie.com\/embed\/6fiZWRg-M8g\" frameborder=\"0\" width=\"640\" height=\"480\"><\/iframe><\/p>\n<p style=\"text-align: center;\">&#8221;CandyGram.ca&#8221; Flash Mob, Pacific Center, tammikuu 2012<\/p>\n","protected":false},"excerpt":{"rendered":"<p>Mit\u00e4 erilaisimmat flash mobit ovat nousseet viime vuosina suureen suosioon ymp\u00e4ri maailman. N\u00e4m\u00e4 ihmisjoukkojen ennalta sopimat, yleens\u00e4 julkisella paikalla yll\u00e4tt\u00e4en tapahtuvat, joukkotapahtumat ovat muodostuneet yleisiksi varsinkin suurissa kaupungeissa. Niinakin sattui keskelle yht\u00e4 lokakuussa 2010, keskell\u00e4 kirkasta p\u00e4iv\u00e4\u00e4 Berliinin Alexanderplatzilla ostoksilla ollessaan.<\/p>\n","protected":false},"author":1,"featured_media":0,"comment_status":"open","ping_status":"open","sticky":false,"template":"","format":"standard","meta":{"_jetpack_memberships_contains_paid_content":false,"footnotes":""},"categories":[17,3],"tags":[34,77,78,112,133,935,939,940],"class_list":["post-127","post","type-post","status-publish","format-standard","hentry","category-arki-kanadassa","category-arki-ulkomailla","tag-arki","tag-burnaby","tag-burnaby-metrotown","tag-flash-mob","tag-hassua","tag-kanada","tag-vancouver","tag-vancouver-downtown"],"jetpack_featured_media_url":"","jetpack_sharing_enabled":true,"_links":{"self":[{"href":"https:\/\/www.vuosiamaailmalla.fi\/blog\/wp-json\/wp\/v2\/posts\/127","targetHints":{"allow":["GET"]}}],"collection":[{"href":"https:\/\/www.vuosiamaailmalla.fi\/blog\/wp-json\/wp\/v2\/posts"}],"about":[{"href":"https:\/\/www.vuosiamaailmalla.fi\/blog\/wp-json\/wp\/v2\/types\/post"}],"author":[{"embeddable":true,"href":"https:\/\/www.vuosiamaailmalla.fi\/blog\/wp-json\/wp\/v2\/users\/1"}],"replies":[{"embeddable":true,"href":"https:\/\/www.vuosiamaailmalla.fi\/blog\/wp-json\/wp\/v2\/comments?post=127"}],"version-history":[{"count":1,"href":"https:\/\/www.vuosiamaailmalla.fi\/blog\/wp-json\/wp\/v2\/posts\/127\/revisions"}],"predecessor-version":[{"id":11570,"href":"https:\/\/www.vuosiamaailmalla.fi\/blog\/wp-json\/wp\/v2\/posts\/127\/revisions\/11570"}],"wp:attachment":[{"href":"https:\/\/www.vuosiamaailmalla.fi\/blog\/wp-json\/wp\/v2\/media?parent=127"}],"wp:term":[{"taxonomy":"category","embeddable":true,"href":"https:\/\/www.vuosiamaailmalla.fi\/blog\/wp-json\/wp\/v2\/categories?post=127"},{"taxonomy":"post_tag","embeddable":true,"href":"https:\/\/www.vuosiamaailmalla.fi\/blog\/wp-json\/wp\/v2\/tags?post=127"}],"curies":[{"name":"wp","href":"https:\/\/api.w.org\/{rel}","templated":true}]}}