{"id":12700,"date":"2011-07-31T20:28:01","date_gmt":"2011-08-01T03:28:01","guid":{"rendered":"https:\/\/www.vuosiamaailmalla.fi\/blog\/?p=12700"},"modified":"2022-02-20T20:28:34","modified_gmt":"2022-02-21T04:28:34","slug":"zarkana","status":"publish","type":"post","link":"https:\/\/www.vuosiamaailmalla.fi\/blog\/2011\/zarkana\/","title":{"rendered":"Zarkana"},"content":{"rendered":"<p style=\"text-align: justify;\">Mahtavan ja vivahteikkaan <a title=\"Kes\u00e4lomalla New Yorkissa\" href=\"https:\/\/www.vuosiamaailmalla.fi\/blog\/2011\/kesalomalla-new-yorkissa\/\">New Yorkin matkamme<\/a> yhteyteen osui kaksi sangen erityist\u00e4 tapahtumaa: minun <a title=\"Syntt\u00e4rit Nykiss\u00e4\" href=\"https:\/\/www.vuosiamaailmalla.fi\/blog\/2011\/synttarit-nykissa\/\">syntym\u00e4p\u00e4iv\u00e4ni<\/a> sek\u00e4 maailmankuulun akrobaattisirkus <em>Cirque du Soleilin<\/em> uusimman tuotannon kantaesitys. N\u00e4ist\u00e4 j\u00e4lkimm\u00e4inen kiehtoi meit\u00e4 melkoisesti, sill\u00e4 uutta <em>Zarkana<\/em> nimist\u00e4 esityst\u00e4 mainostettiin laajasti New Yorkin kaduilla ja sen esiintymispaikkana olisi kaupungin upea ja kuuluisa <em>Radio City Music Hall<\/em>.<\/p>\n<p><!--more--><\/p>\n<p style=\"text-align: justify;\">\u2757 <strong>Artikkelin kirjoituksen j\u00e4lkeen Zarkanan esitykset ovat p\u00e4\u00e4ttyneet vain viiden vuoden j\u00e4lkeen vuonna 2016.<\/strong><\/p>\n<p style=\"text-align: justify;\">Olemme olleet <a href=\"https:\/\/www.vuosiamaailmalla.fi\/?tag=cirque-du-soleil\">Cirque du Soleilin<\/a> eli Aurinkosirkuksen esityksess\u00e4 kaksi kertaa aiemmin. Ensimm\u00e4inen kertamme oli kaksi vuotta sitten sirkuksen kotikaupungissa Montrealissa, jossa n\u00e4imme <em>Ovo<\/em> nimisen tuotannon ennen sen l\u00e4ht\u00f6\u00e4 kiertueelle. Viime syksyn\u00e4 n\u00e4imme puolestamme kotona Berliiniss\u00e4 <a title=\"Saltimbanco\" href=\"https:\/\/www.vuosiamaailmalla.fi\/blog\/2010\/saltimbanco\/\"><em>Saltimbanco<\/em><\/a> nimisen kiertueen. Kahden kokemuksen perusteella olemmekin olleet kiinnostuneita n\u00e4kem\u00e4\u00e4n lis\u00e4\u00e4 sirkuksen upeita tuotantoja, joita kiert\u00e4\u00e4 ymp\u00e4ri maailmaa kaiken aikaa noin 20 eri showta. Nyt New Yorkiin osunut n\u00e4yt\u00f6s oli kuitenkin hyvin erityinen, sill\u00e4 kyseess\u00e4 oli tuotannon <strong>maailman ensimm\u00e4inen julkinen esitys<\/strong>, viikkoja ennen virallista ensi-iltaa kes\u00e4kuun 29. p\u00e4iv\u00e4n\u00e4.<\/p>\n<p style=\"text-align: center;\"><a href=\"\/blog\/wp-content\/uploads\/2011\/poster_zarkana.jpg\"><img decoding=\"async\" src=\"\/blog\/wp-content\/uploads\/2011\/poster_zarkana.jpg\" \/><\/a><\/p>\n<p style=\"text-align: center;\"><em>Uusi Zarkana tuotanto<\/em><\/p>\n<p style=\"text-align: center;\"><iframe loading=\"lazy\" title=\"YouTube video player\" src=\"https:\/\/www.youtube-nocookie.com\/embed\/UfTL2I8_TGE\" width=\"560\" height=\"315\" frameborder=\"0\" allowfullscreen=\"allowfullscreen\"><\/iframe><\/p>\n<p style=\"text-align: justify;\">Vaikka kyseess\u00e4 olikin er\u00e4\u00e4nlainen julkinen kenraaliharjoitus, maksoivat liput esitykseen silti $138 per henki, mik\u00e4 on melko suolaisesti. Lippuja oli myyty silti tuhansia, sill\u00e4 valtaisa Radio City Music Hall oli tuona torstai-iltana sangen t\u00e4ynn\u00e4. Aiemmin samana p\u00e4iv\u00e4n\u00e4 olimme kiert\u00e4neet ihastelemassa rakennuksen upeita takatiloja ja olikin hauskaa p\u00e4\u00e4st\u00e4 nauttimaan samana iltana maailmanluokan showsta alhaalla permannolla sijaitsevilta paikoiltamme.<\/p>\n<p style=\"text-align: center;\"><a href=\"\/blog\/wp-content\/uploads\/2011\/zarkanaa_katsomassa4.jpg\"><img decoding=\"async\" src=\"\/blog\/wp-content\/uploads\/2011\/thumbs\/thumbs_zarkanaa_katsomassa4.jpg\" \/><\/a><a href=\"\/blog\/wp-content\/uploads\/2011\/zarkanaa_katsomassa3.jpg\"><img decoding=\"async\" src=\"\/blog\/wp-content\/uploads\/2011\/thumbs\/thumbs_zarkanaa_katsomassa3.jpg\" \/><\/a><br \/>\n<a href=\"\/blog\/wp-content\/uploads\/2011\/zarkanaa_katsomassa2.jpg\"><img decoding=\"async\" src=\"\/blog\/wp-content\/uploads\/2011\/thumbs\/thumbs_zarkanaa_katsomassa2.jpg\" \/><\/a><a href=\"\/blog\/wp-content\/uploads\/2011\/zarkanaa_katsomassa1.jpg\"><img decoding=\"async\" src=\"\/blog\/wp-content\/uploads\/2011\/thumbs\/thumbs_zarkanaa_katsomassa1.jpg\" \/><\/a><\/p>\n<p style=\"text-align: center;\"><em>Upea Radio City Music Hall<\/em><\/p>\n<p style=\"text-align: justify;\">Zarkana kertoo rakkaansa sek\u00e4 taikavoimansa menett\u00e4neest\u00e4 taikurista, joka anoo apua jumalilta, p\u00e4\u00e4tyen t\u00e4ten surrealistiseen taikamaailmaan. Esityksen nimi on sirkukselle tyypillinen sekoistus oikeita sanoja, t\u00e4ss\u00e4 tapauksessa englanninkielen sanat <em>bizarre<\/em> ja <em>arcana<\/em>, jotka kuvaavat esityksen mystisen maagista tunnelmaa.<\/p>\n<p style=\"text-align: center;\"><a href=\"\/blog\/wp-content\/uploads\/2011\/zarkana3.jpg\"><img decoding=\"async\" src=\"\/blog\/wp-content\/uploads\/2011\/thumbs\/thumbs_zarkana3.jpg\" \/><\/a><a href=\"\/blog\/wp-content\/uploads\/2011\/zarkana2.jpg\"><img decoding=\"async\" src=\"\/blog\/wp-content\/uploads\/2011\/thumbs\/thumbs_zarkana2.jpg\" \/><\/a><a href=\"\/blog\/wp-content\/uploads\/2011\/zarkana1.jpg\"><img decoding=\"async\" src=\"\/blog\/wp-content\/uploads\/2011\/thumbs\/thumbs_zarkana1.jpg\" \/><\/a><\/p>\n<p style=\"text-align: center;\"><em>Maaginen maailma<\/em><\/p>\n<p style=\"text-align: justify;\">Koska shown on tarkoitus pysy\u00e4 New Yorkissa aina ensi vuoteen saakka, on esiintymislava rakennettu osaksi historiallista teatteria. Sek\u00e4 puvustus ett\u00e4 lavastus olivat j\u00e4lleen Aurinkosirkukselle tyypillisen v\u00e4rikk\u00e4\u00e4t ja monipuoliset, tehden showsta visuaalisesti\u00a0 \u00e4\u00e4rimm\u00e4isen upean.<\/p>\n<p style=\"text-align: justify;\">Varsinaiset esiintymisnumerot olivat j\u00e4lleen henke\u00e4salpaavia ja mieleen j\u00e4i muutama erityisempi temppu. &#8221;Kuolemanpy\u00f6r\u00e4ss\u00e4&#8221; kaksi akrobaattia pysyi ilmassa py\u00f6riv\u00e4n suuren heilurin p\u00e4\u00e4ll\u00e4 t\u00e4m\u00e4n py\u00f6riess\u00e4 ja jopa hyppiv\u00e4t hyppynarua vinhasti liikkuvalla kaltevalla pinnalla! Temppu ei ole todellakaan helppo ja siin\u00e4 on kuollut vuosikymmenien aikana useita akrobaatteja.<\/p>\n<p style=\"text-align: center;\"><a href=\"\/blog\/wp-content\/uploads\/2011\/zarkana9.jpg\"><img decoding=\"async\" src=\"\/blog\/wp-content\/uploads\/2011\/thumbs\/thumbs_zarkana9.jpg\" \/><\/a><\/p>\n<p style=\"text-align: center;\"><em>Kuolemanpy\u00f6r\u00e4<\/em><\/p>\n<p style=\"text-align: justify;\">Melkoista sormin\u00e4pp\u00e4ryytt\u00e4 vaati puolestaan jongl\u00f6\u00f6rinaisen ohjelmanumero, jossa t\u00e4m\u00e4 pallotteli lukuisia keltaisia palloja erilaisia pintoja vasten. Mieleenpainuvinta oli lopussa n\u00e4hty osuus, jossa t\u00e4m\u00e4 peruutti yl\u00f6s portaita samaan aikaan palloja eri askelmilla pompottaen, mink\u00e4 pelk\u00e4st\u00e4\u00e4n katsominen sai jo p\u00e4\u00e4n py\u00f6r\u00e4lle.<\/p>\n<p style=\"text-align: center;\"><a href=\"\/blog\/wp-content\/uploads\/2011\/zarkana6.jpg\"><img decoding=\"async\" src=\"\/blog\/wp-content\/uploads\/2011\/thumbs\/thumbs_zarkana6.jpg\" \/><\/a><a href=\"\/blog\/wp-content\/uploads\/2011\/zarkana7.jpg\"><img decoding=\"async\" src=\"\/blog\/wp-content\/uploads\/2011\/thumbs\/thumbs_zarkana7.jpg\" \/><\/a><a href=\"\/blog\/wp-content\/uploads\/2011\/zarkana8.jpg\"><img decoding=\"async\" src=\"\/blog\/wp-content\/uploads\/2011\/thumbs\/thumbs_zarkana8.jpg\" \/><\/a><\/p>\n<p style=\"text-align: center;\"><em>Huikeita esityksi\u00e4 ja pukuja<\/em><\/p>\n<p style=\"text-align: justify;\">Kaikkein huikein ohjelmanumero oli kuitenkin miehen ja naisen suorittama tikasduo, jossa mies kiipesi tyhj\u00e4\u00e4 vasten seisoville tikapuille nainen hartioillaan. Ja jos tuo ei ollut viel\u00e4 mit\u00e4\u00e4n, niin viel\u00e4kin huimemmaksi numeron teki paikalle tuodut toiset tikkaat, joita mies kannatteli k\u00e4siss\u00e4\u00e4n samalla, kun nainen kiipesi aivan niiden huipulle. Siis aivan uskomatonta tasapainoilua!<\/p>\n<p style=\"text-align: justify;\">Zarkana olikin ehtaa Cirque du Soleilin laatua, mutta kiintoisasti ensiesitykseen mahtui my\u00f6s virheit\u00e4, mit\u00e4 emme ole n\u00e4hneet aiemmin sirkuksen esityksiss\u00e4. Esimerkiksi suuria kankaisia lippuja ilmaan heittelev\u00e4ss\u00e4 osuudessa yksi lippu tippui maahan ainakin kahdesti ja muutamassa akrobatianumerossa vaadittiin toinen yritys ennen tempun onnistumista. Esiintyjill\u00e4 olikin ohjelmassa selv\u00e4stikin viel\u00e4 harjoittelemista ennen kolme kolme viikkoa my\u00f6hemmin olevaa virallista maailman ensi-iltaa.<\/p>\n<p style=\"text-align: center;\"><a href=\"\/blog\/wp-content\/uploads\/2011\/zarkana4.jpg\"><img decoding=\"async\" src=\"\/blog\/wp-content\/uploads\/2011\/thumbs\/thumbs_zarkana4.jpg\" \/><\/a><a href=\"\/blog\/wp-content\/uploads\/2011\/zarkana5.jpg\"><img decoding=\"async\" src=\"\/blog\/wp-content\/uploads\/2011\/thumbs\/thumbs_zarkana5.jpg\" \/><\/a><\/p>\n<p style=\"text-align: center;\"><em>Kauniita satutunnelmia<\/em><\/p>\n<p style=\"text-align: justify;\">Meist\u00e4 oli sangen yll\u00e4tt\u00e4v\u00e4\u00e4 miten muutamat yleis\u00f6ss\u00e4 olivat silminn\u00e4hden pettyneit\u00e4 virheisiin ja muutamat jopa k\u00e4veliv\u00e4t ulos teatterista kesken esityksen. En muista sent\u00e4\u00e4n kuulleeni buuausta, mutta meit\u00e4 pienet virheet vaativissa tempuissa eiv\u00e4t haitanneet. Ehk\u00e4 newyorkilaiset ovat tottuneet t\u00e4ydellisyyteen tai ovat muuten vain hyvin vaativia katsojia?<\/p>\n<p style=\"text-align: justify;\">Kolmannen Cirque du Soleilin esityksen n\u00e4keminen olikin todella hauska kokemusta ja meill\u00e4 on nyt p\u00e4\u00e4ll\u00e4 kuume n\u00e4hd\u00e4 mahdollisesti <a title=\"Alegr\u00eda\" href=\"https:\/\/www.vuosiamaailmalla.fi\/blog\/2011\/alegria\/\">viel\u00e4 jokin show<\/a> kotona Berliiniss\u00e4. Ja ehk\u00e4 my\u00f6s joskus my\u00f6hemmin, mahdollisesti <a title=\"Crystal\" href=\"https:\/\/www.vuosiamaailmalla.fi\/blog\/2018\/crystal\/\">jossain maailmalla<\/a>, saa n\u00e4hd\u00e4. Zarkanalle silti meilt\u00e4 l\u00e4mmin suositus muiden tuotantojen tapaan.<\/p>\n","protected":false},"excerpt":{"rendered":"<p>Mahtavan ja vivahteikkaan New Yorkin matkamme yhteyteen osui kaksi sangen erityist\u00e4 tapahtumaa: minun syntym\u00e4p\u00e4iv\u00e4ni sek\u00e4 maailmankuulun akrobaattisirkus Cirque du Soleilin uusimman tuotannon kantaesitys. N\u00e4ist\u00e4 j\u00e4lkimm\u00e4inen kiehtoi meit\u00e4 melkoisesti, sill\u00e4 uutta Zarkana nimist\u00e4 esityst\u00e4 mainostettiin laajasti New Yorkin kaduilla ja sen esiintymispaikkana olisi kaupungin upea ja kuuluisa Radio City Music Hall.<\/p>\n","protected":false},"author":1,"featured_media":12703,"comment_status":"open","ping_status":"closed","sticky":false,"template":"","format":"standard","meta":{"_jetpack_memberships_contains_paid_content":false,"footnotes":""},"categories":[7,890],"tags":[85,1317,295,1316,1572,194,11,1716],"class_list":["post-12700","post","type-post","status-publish","format-standard","has-post-thumbnail","hentry","category-matkakertomukset","category-yhdysvallat","tag-cirque-du-soleil","tag-matkakertomus-new-york-chicago","tag-new-york","tag-new-york-midtown","tag-radio-city-music-hall","tag-show","tag-matkakertomukset-yhdysvallat","tag-zarkana"],"jetpack_featured_media_url":"https:\/\/www.vuosiamaailmalla.fi\/blog\/wp-content\/uploads\/zarkana_banner.jpg","jetpack_sharing_enabled":true,"_links":{"self":[{"href":"https:\/\/www.vuosiamaailmalla.fi\/blog\/wp-json\/wp\/v2\/posts\/12700","targetHints":{"allow":["GET"]}}],"collection":[{"href":"https:\/\/www.vuosiamaailmalla.fi\/blog\/wp-json\/wp\/v2\/posts"}],"about":[{"href":"https:\/\/www.vuosiamaailmalla.fi\/blog\/wp-json\/wp\/v2\/types\/post"}],"author":[{"embeddable":true,"href":"https:\/\/www.vuosiamaailmalla.fi\/blog\/wp-json\/wp\/v2\/users\/1"}],"replies":[{"embeddable":true,"href":"https:\/\/www.vuosiamaailmalla.fi\/blog\/wp-json\/wp\/v2\/comments?post=12700"}],"version-history":[{"count":3,"href":"https:\/\/www.vuosiamaailmalla.fi\/blog\/wp-json\/wp\/v2\/posts\/12700\/revisions"}],"predecessor-version":[{"id":12704,"href":"https:\/\/www.vuosiamaailmalla.fi\/blog\/wp-json\/wp\/v2\/posts\/12700\/revisions\/12704"}],"wp:featuredmedia":[{"embeddable":true,"href":"https:\/\/www.vuosiamaailmalla.fi\/blog\/wp-json\/wp\/v2\/media\/12703"}],"wp:attachment":[{"href":"https:\/\/www.vuosiamaailmalla.fi\/blog\/wp-json\/wp\/v2\/media?parent=12700"}],"wp:term":[{"taxonomy":"category","embeddable":true,"href":"https:\/\/www.vuosiamaailmalla.fi\/blog\/wp-json\/wp\/v2\/categories?post=12700"},{"taxonomy":"post_tag","embeddable":true,"href":"https:\/\/www.vuosiamaailmalla.fi\/blog\/wp-json\/wp\/v2\/tags?post=12700"}],"curies":[{"name":"wp","href":"https:\/\/api.w.org\/{rel}","templated":true}]}}