{"id":12711,"date":"2011-07-26T13:12:27","date_gmt":"2011-07-26T20:12:27","guid":{"rendered":"https:\/\/www.vuosiamaailmalla.fi\/blog\/?p=12711"},"modified":"2022-03-19T20:56:43","modified_gmt":"2022-03-20T03:56:43","slug":"suurenmoinen-rockefeller-center","status":"publish","type":"post","link":"https:\/\/www.vuosiamaailmalla.fi\/blog\/2011\/suurenmoinen-rockefeller-center\/","title":{"rendered":"Suurenmoinen Rockefeller Center"},"content":{"rendered":"<p style=\"text-align: left;\"><em>Jatkoa\u00a0<a title=\"Maailmaa valaiseva Vapaudenpatsas\" href=\"https:\/\/www.vuosiamaailmalla.fi\/blog\/2011\/maailmaa-valaiseva-vapaudenpatsas\/\">t\u00e4\u00e4lt\u00e4<\/a>. Matkakertomuksen muut osat l\u00f6ytyv\u00e4t\u00a0<a href=\"http:\/\/www.vuosiamaailmalla.fi\/blog\/?tag=matkakertomus-new-york-chicago\">t\u00e4\u00e4lt\u00e4<\/a>.<\/em><\/p>\n<p style=\"text-align: justify;\">Viimeinen p\u00e4iv\u00e4mme New Yorkissa olisi pullollaan vierailukohteita, joten aloitimme p\u00e4iv\u00e4mme aikaisin aamusta k\u00e4velyll\u00e4 luksuskatu <em>Fifth Avenueta<\/em> yl\u00f6sp\u00e4in aina <a title=\"Syntym\u00e4p\u00e4iv\u00e4retki Central Parkissa\" href=\"https:\/\/www.vuosiamaailmalla.fi\/blog\/2011\/syntymapaivaretki-central-parkissa\/\">Central Parkin kulmalle<\/a>, jossa osoitteessa <em>767 Fifth Avenue<\/em> sijaitsee amerikkalaisen <em>F.A.O. Schwarzin<\/em> legendaarinen lelukauppa. Vuonna 1862 <a title=\"Hurjan maineen Baltimore\" href=\"https:\/\/www.vuosiamaailmalla.fi\/blog\/2013\/hurjan-maineen-baltimore\/\">Baltimoressa<\/a> perustettu liike on ollut yli sadan vuoden ajan newyorkilainen ikoni ja ketjun lippulaivaliike Manhattanilla on n\u00e4kemisen arvoinen aikuisillekin.<\/p>\n<p><!--more--><\/p>\n<p style=\"text-align: center;\"><a href=\"\/blog\/wp-content\/uploads\/2011\/fifth_avenue_apple_store1.jpg\"><img decoding=\"async\" src=\"\/blog\/wp-content\/uploads\/2011\/thumbs\/thumbs_fifth_avenue_apple_store1.jpg\" \/><\/a><a href=\"\/blog\/wp-content\/uploads\/2011\/fifth_avenue_apple_store2.jpg\"><img decoding=\"async\" src=\"\/blog\/wp-content\/uploads\/2011\/thumbs\/thumbs_fifth_avenue_apple_store2.jpg\" \/><\/a><a href=\"\/blog\/wp-content\/uploads\/2011\/fao_schwarz1.jpg\"><img decoding=\"async\" src=\"\/blog\/wp-content\/uploads\/2011\/thumbs\/thumbs_fao_schwarz1.jpg\" \/><\/a><\/p>\n<p style=\"text-align: center;\"><em>F.A.O. Schwarzin lippulaivaliike<\/em><\/p>\n<p style=\"text-align: justify;\">Ketju on tunnettu korkealuokkaisista leluistaan, erityisesti k\u00e4sintehdyist\u00e4 pehmoleluista. Ostimmekin liikkeest\u00e4 matkamuistoksi pienen hiirulaisen, jonka tulemme jonain p\u00e4iv\u00e4n antamaan <a title=\"Uuden el\u00e4m\u00e4n alku\" href=\"https:\/\/www.vuosiamaailmalla.fi\/blog\/2021\/uuden-elaman-alku\/\">lapsellemme<\/a> lahjaksi. Paikalla ollessa kannattaa my\u00f6s vierailla liikkeen toisessa kerroksessa, jossa sijaitseva suuri lattiapiano on tuttu Tom Hanksin vuoden 1988 elokuvasta <em>Big<\/em>. Erilaisia \u00e4\u00e4ni\u00e4 tuottavalla pianolla musisointi on ehdottomasti pienten lasten mieleen.<\/p>\n<p style=\"text-align: center;\"><a href=\"\/blog\/wp-content\/uploads\/2011\/fao_schwarz2.jpg\"><img decoding=\"async\" src=\"\/blog\/wp-content\/uploads\/2011\/thumbs\/thumbs_fao_schwarz2.jpg\" \/><\/a><a href=\"\/blog\/wp-content\/uploads\/2011\/fao_schwarz3.jpg\"><img decoding=\"async\" src=\"\/blog\/wp-content\/uploads\/2011\/thumbs\/thumbs_fao_schwarz3.jpg\" \/><\/a><a href=\"\/blog\/wp-content\/uploads\/2011\/fao_schwarz4.jpg\"><img decoding=\"async\" src=\"\/blog\/wp-content\/uploads\/2011\/thumbs\/thumbs_fao_schwarz4.jpg\" \/><\/a><\/p>\n<p style=\"text-align: center;\"><em>Kiireinen lelukauppa<\/em><\/p>\n<p style=\"text-align: center;\"><a href=\"\/blog\/wp-content\/uploads\/2011\/iso_piano.jpg\"><img decoding=\"async\" src=\"\/blog\/wp-content\/uploads\/2011\/iso_piano.jpg\" \/><\/a><\/p>\n<p style=\"text-align: center;\"><em>Elokuvastakin tuttu suuri piano<\/em><\/p>\n<p style=\"text-align: justify;\">Lelukaupalta jatkoimme <em>59th Streeti\u00e4<\/em> halki New Yorkin ylellisen Upper East Siden asuinalueen kohti East Riverin rantaa. <em>2nd Avenuen<\/em> kohdalla katu haarautuu ja 59th Street nousee vuonna 1909 valmistuneelle <em>Queensboro Bridgelle<\/em>, joka yhdist\u00e4\u00e4 Manhattanin joen vastarannalla sijaitsevaan Queensiin. 1135 metri\u00e4 pitk\u00e4 kaksikerroksinen ulokesilta on tuttu monista elokuvista ja silt\u00e4 aukeavat upeat It\u00e4-Manhattanin maisemat. Sillan yli on kulkenut sen satavuotisen historian aikana niin rautatielinjoja kuin autoliikennett\u00e4kin, jota on ollut enimmill\u00e4\u00e4n per\u00e4ti 11 kaistan verran.<\/p>\n<p style=\"text-align: justify;\">Valmistuessaan Queensboro Bridge oli maailman nelj\u00e4nneksi pisin silta ja Pohjois-Amerikan pisin ulokesilta se oli aina Kanadassa sijaitsevan <em>Quebec Bridgen<\/em> valmistumiseen saakka vuonna 1917. Sillan rakentaminen maksoi 18 miljoonaa dollaria ja vaati per\u00e4ti 50 ty\u00f6ntekij\u00e4n hengen. Se my\u00f6s tunnettiin alun perin nimell\u00e4 <em>Blackwells Island Bridge<\/em>, sillan alapuolella sijaitsevan saaren mukaan.<\/p>\n<p style=\"text-align: center;\"><a href=\"\/blog\/wp-content\/uploads\/2011\/roosevelt_islandin_gondola6.jpg\"><img decoding=\"async\" src=\"\/blog\/wp-content\/uploads\/2011\/roosevelt_islandin_gondola6.jpg\" \/><\/a><\/p>\n<p style=\"text-align: center;\"><em>Upea Queensboro Bridge<\/em><\/p>\n<p style=\"text-align: justify;\">Saari tunnetaan t\u00e4n\u00e4 p\u00e4iv\u00e4n\u00e4 nimell\u00e4 Roosevelt Island, Yhdysvaltojen <a title=\"Muistomerkkej\u00e4 sodille ja merkkihenkil\u00f6ille\" href=\"https:\/\/www.vuosiamaailmalla.fi\/blog\/2013\/muistomerkkeja-sodille-ja-merkkihenkiloille\/\">toisen maailmansodan<\/a> aikaisen presidentti Franklin D. Rooseveltin mukaan. Ainoastaan 240 metri\u00e4 leve\u00e4, mutta per\u00e4ti 3,2 kilometri\u00e4 pitk\u00e4 pitkulainen saari on tunnettu historian aikana useilla nimill\u00e4, kuten Mannings Island ja Blackwells Island. Kaupunki osti yksityisomistuksessa olleen saaren itselleen vuonna 1828 ja siell\u00e4 toimi pitk\u00e4\u00e4n vankila sek\u00e4 suuri mielisairaala, joiden toiminnot siirrettiin vasta 1900-luvun taitteessa l\u00e4heisille Wards Islandin sek\u00e4 pahamaineisen Rikers Islandin saarille, vain muutama kilometri yl\u00e4juoksuun.<\/p>\n<p style=\"text-align: justify;\">Sittemmin Roosevelt Island on muunnettu asuink\u00e4ytt\u00f6\u00f6n ja sen v\u00e4kiluku on nyky\u00e4\u00e4n 11 600. Saaren kuuluisimpia asukkaita ovat olleet <em>Yhdistyneiden Kansakuntien<\/em> entinen\u00a0 p\u00e4\u00e4sihteeri Kofi Annan sek\u00e4 <em>Sinkkuel\u00e4m\u00e4\u00e4 <\/em>televisiosarjan t\u00e4hti Sarah Jessica Parker. Saarelta onkin lyhyt lauttayhteys suoraan vastarannalla kohoavalle <a title=\"Fifth Avenue ja vierailu YK:n p\u00e4\u00e4majalla\" href=\"https:\/\/www.vuosiamaailmalla.fi\/blog\/2011\/fifth-avenue-ja-vierailu-ykn-paamajalla\/\">YK:n p\u00e4\u00e4majalle<\/a>.<\/p>\n<p style=\"text-align: center;\"><a href=\"\/blog\/wp-content\/uploads\/2011\/roosevelt_islandin_gondola1.jpg\"><img decoding=\"async\" src=\"\/blog\/wp-content\/uploads\/2011\/thumbs\/thumbs_roosevelt_islandin_gondola1.jpg\" \/><\/a><a href=\"\/blog\/wp-content\/uploads\/2011\/roosevelt_islandin_gondola2.jpg\"><img decoding=\"async\" src=\"\/blog\/wp-content\/uploads\/2011\/thumbs\/thumbs_roosevelt_islandin_gondola2.jpg\" \/><\/a><a href=\"\/blog\/wp-content\/uploads\/2011\/roosevelt_islandin_gondola3.jpg\"><img decoding=\"async\" src=\"\/blog\/wp-content\/uploads\/2011\/thumbs\/thumbs_roosevelt_islandin_gondola3.jpg\" \/><\/a><br \/>\n<a href=\"\/blog\/wp-content\/uploads\/2011\/roosevelt_islandin_gondola4.jpg\"><img decoding=\"async\" src=\"\/blog\/wp-content\/uploads\/2011\/thumbs\/thumbs_roosevelt_islandin_gondola4.jpg\" \/><\/a><a href=\"\/blog\/wp-content\/uploads\/2011\/roosevelt_islandin_gondola7.jpg\"><img decoding=\"async\" src=\"\/blog\/wp-content\/uploads\/2011\/thumbs\/thumbs_roosevelt_islandin_gondola7.jpg\" \/><\/a><a href=\"\/blog\/wp-content\/uploads\/2011\/roosevelt_islandin_gondola5.jpg\"><img decoding=\"async\" src=\"\/blog\/wp-content\/uploads\/2011\/thumbs\/thumbs_roosevelt_islandin_gondola5.jpg\" \/><\/a><\/p>\n<p style=\"text-align: center;\"><em>K\u00f6ysirata Roosevelt Islandille<\/em><\/p>\n<p style=\"text-align: justify;\">Roosevelt Island on liikenteellisesti hieman hassussa paikassa, sill\u00e4 valtava Queensboro Bridge ylitt\u00e4\u00e4 sen kokonaan. Sillalta oli aiemmin autohissi alas saarelle, mutta se poistui k\u00e4yt\u00f6st\u00e4 Queensiin johtavan sillan valmistuttua ja k\u00f6ysiradan aloitettua toimintansa saaren ja Manhattanin v\u00e4lill\u00e4 vuonna 1976. K\u00f6ysiradan kaksi alkuper\u00e4ist\u00e4 vaunua ovat identtisi\u00e4 Vancouverin <a title=\"Kompurointia Grouse Mountainin illassa\" href=\"https:\/\/www.vuosiamaailmalla.fi\/blog\/2016\/kompurointia-ja-hauskaa-grouse-mountainin-illassa\/\"><em>Grouse Mountainin<\/em><\/a> k\u00f6ysiradan kanssa ja ne tekev\u00e4t nelj\u00e4n minuutin mittaisen matkansa p\u00e4\u00e4teasemien v\u00e4lill\u00e4 joka seitsem\u00e4s minuutti, yhteens\u00e4 115 kertaa p\u00e4iv\u00e4ss\u00e4. K\u00f6ysiradan kyydist\u00e4 on hienot maisemat niin vieress\u00e4 kolisevalle sillalle, kuin pohjoiseen levittyv\u00e4n Upper East Siden suuntaan.<\/p>\n<p style=\"text-align: center;\"><a href=\"\/blog\/wp-content\/uploads\/2011\/roosevelt_islandin_gondola_maisema2.jpg\"><img decoding=\"async\" src=\"\/blog\/wp-content\/uploads\/2011\/thumbs\/thumbs_roosevelt_islandin_gondola_maisema2.jpg\" \/><\/a><a href=\"\/blog\/wp-content\/uploads\/2011\/roosevelt_islandin_gondola_maisema1.jpg\"><img decoding=\"async\" src=\"\/blog\/wp-content\/uploads\/2011\/thumbs\/thumbs_roosevelt_islandin_gondola_maisema1.jpg\" \/><\/a><a href=\"\/blog\/wp-content\/uploads\/2011\/roosevelt_islandilla1.jpg\"><img decoding=\"async\" src=\"\/blog\/wp-content\/uploads\/2011\/thumbs\/thumbs_roosevelt_islandilla1.jpg\" \/><\/a><\/p>\n<p style=\"text-align: center;\"><em>East Riverin rantaa<\/em><\/p>\n<p style=\"text-align: justify;\">Vietimme Roosevelt Islandilla ainoastaan v\u00e4h\u00e4n aikaa, sill\u00e4 siell\u00e4 ei ole turistille paljoa n\u00e4ht\u00e4v\u00e4\u00e4. Saari tulee kuitenkin uudistumaan melkoisesti vuosikymmenen lopussa, kun sinne avautuu huippuyliopisto <em>Cornellin<\/em> uusi teknologiakampus, mik\u00e4 tuo paikalle runsaasti uutta el\u00e4m\u00e4\u00e4.<\/p>\n<p style=\"text-align: justify;\">Saarelta otimme metron takaisin Manhattanille. Metroaseman avautuminen vuonna 1989 yhdisti Roosevelt Islandin kunnolla osaksi ymp\u00e4r\u00f6iv\u00e4\u00e4 New Yorkia, mutta kyyti k\u00f6ysiradalla on silti ainakin turistille kokemisen arvoinen, sill\u00e4 mit\u00e4\u00e4n vastaavaa ei l\u00f6ydy muualta New Yorkista.<\/p>\n<p style=\"text-align: justify;\">Takaisin Manhattanilla ohjelmassamme oli tutustua viimeinkin kunnolla <em>Rockefeller Centerin<\/em> suureen rakennuskompleksiin sek\u00e4 tehd\u00e4 kierros kuuluisan <em>Radio City Music Hallin<\/em> takatiloissa. Tarkoituksenamme oli kurkata aamup\u00e4iv\u00e4ll\u00e4 rakennuksen kulisseihin ja nauttia samana iltana rakennuksen p\u00e4\u00e4salissa siell\u00e4 esiintyv\u00e4n maailmankuulun <em>Cirque du Soleilin<\/em> upouuden <em>Zarkana<\/em> nimisen shown <a title=\"Zarkana\" href=\"https:\/\/www.vuosiamaailmalla.fi\/blog\/2011\/zarkana\/\">maailman ensiesityksest\u00e4<\/a>.<\/p>\n<p style=\"text-align: justify;\">Vuonna 1932 valmistuneessa upeassa rakennuksessa on 5960 istumapaikkaa ja se oli valmistuessaan paitsi New Yorkin, my\u00f6s koko maailman suurin konserttitalo. Paikalle visioitiin alun perin oopperarakennusta, joka rakentui my\u00f6hemmin nykyisen <em>Lincoln Centerin<\/em> tiloihin l\u00e4hemp\u00e4n\u00e4 Central Parkia. Koko Rockefeller Center -hankkeen tukijana sek\u00e4 merkitt\u00e4v\u00e4n\u00e4 rahoittajana toimi maailman kaikkien aikojen rikkaimman miehen, \u00f6ljy-yhti\u00f6 <em>Standard Oilin<\/em> perustaja John D. Rockefellerin poika Junior, joka lahjoitti el\u00e4m\u00e4ns\u00e4 aikana yli 500 miljoonaa dollaria hyv\u00e4ntekev\u00e4isyyteen (nykyrahassa monta miljardia).<\/p>\n<p style=\"text-align: center;\"><a href=\"\/blog\/wp-content\/uploads\/2011\/rockefeller_center2.jpg\"><img decoding=\"async\" src=\"\/blog\/wp-content\/uploads\/2011\/thumbs\/thumbs_rockefeller_center2.jpg\" \/><\/a><a href=\"\/blog\/wp-content\/uploads\/2011\/rockefeller_center4.jpg\"><img decoding=\"async\" src=\"\/blog\/wp-content\/uploads\/2011\/thumbs\/thumbs_rockefeller_center4.jpg\" \/><\/a><a href=\"\/blog\/wp-content\/uploads\/2011\/rockefeller_center3.jpg\"><img decoding=\"async\" src=\"\/blog\/wp-content\/uploads\/2011\/thumbs\/thumbs_rockefeller_center3.jpg\" \/><\/a><\/p>\n<p style=\"text-align: center;\"><em>Rockefeller Center on Midtownin keskus<\/em><\/p>\n<p style=\"text-align: justify;\">Suurhanke sai alkunsa vuonna 1928, kun Rockefeller vuokrasi <em>Columbia Universitylle<\/em> kuuluneen sangen alkeellisen alueen keskelt\u00e4 nykyist\u00e4 Midtownin aluetta pitk\u00e4ll\u00e4 87 vuoden sopimuksella. Rockefellerin tarkoituksena oli rakentaa valtaisalle tontille suuri toimisto- ja mediakeskittym\u00e4, jonka p\u00e4\u00e4vuokralaiseksi tulisi amerikkalainen <em>Radio Corporation of America<\/em>. Kompleksin suunnittelu oli monivaiheinen ja vaikea urakka, mutta rakentaminen alkoi lopulta kev\u00e4\u00e4ll\u00e4 1931. Kompleksin ty\u00f6nimen\u00e4 oli alun perin <em>Radio City<\/em> sen tulevan p\u00e4\u00e4vuokralaisen mukaan, mutta nimi vaihdettiin ennen sen valmistumista Rockefeller Centeriksi, kuuluisan nimen tuoman tunnettavuuden vuoksi.<\/p>\n<p style=\"text-align: center;\"><a href=\"\/blog\/wp-content\/uploads\/2011\/rockefeller_center_rakenteilla.jpg\"><img decoding=\"async\" src=\"\/blog\/wp-content\/uploads\/2011\/rockefeller_center_rakenteilla.jpg\" \/><\/a><\/p>\n<p style=\"text-align: center;\"><em>Suurkompleksi rakenteilla<\/em><\/p>\n<p style=\"text-align: justify;\">Keskuksen rakentamiseen osallistui arviolta 60 000 ihmist\u00e4, mik\u00e4 oli \u00e4\u00e4rimm\u00e4isen t\u00e4rke\u00e4\u00e4 1930-luvun suuren laman kourissa kamppailevalle kaupungille. Kompleksin arkkitehtuuriksi valittiin tuolloin vallalla ollut ja nykyisin eritt\u00e4in pidetty koristeellinen <em>art deco<\/em> suuntaus. Yhten\u00e4isen tyylin varmistamiseksi kompleksin kaikkien rakennusten julkisivuissa k\u00e4ytetty kivimateriaali tilattiin Indianassa sijaitsevalta yritykselt\u00e4, mik\u00e4 on edelleen kaikkien aikojen suurin kivitilaus. Kompleksin pilvenpiirt\u00e4jiin uppoaisi my\u00f6s valtavasti ter\u00e4st\u00e4, joka tilattiin pittsburghilaiselta <em>U.S. Steelilt\u00e4<\/em>. Tilaus onnistuttiin neuvottelemaan niin halvaksi, ett\u00e4 yritys teki sill\u00e4 lopulta tappiota, ty\u00f6llist\u00e4en kuitenkin 8000 ihmist\u00e4 usean vuoden ajan.<\/p>\n<p style=\"text-align: center;\"><a href=\"\/blog\/wp-content\/uploads\/2011\/rockefeller_center6.jpg\"><img decoding=\"async\" src=\"\/blog\/wp-content\/uploads\/2011\/thumbs\/thumbs_rockefeller_center6.jpg\" \/><\/a><a href=\"\/blog\/wp-content\/uploads\/2011\/rockefeller_center5.jpg\"><img decoding=\"async\" src=\"\/blog\/wp-content\/uploads\/2011\/thumbs\/thumbs_rockefeller_center5.jpg\" \/><\/a><br \/>\n<a href=\"\/blog\/wp-content\/uploads\/2011\/rockefeller_center8.jpg\"><img decoding=\"async\" src=\"\/blog\/wp-content\/uploads\/2011\/thumbs\/thumbs_rockefeller_center8.jpg\" \/><\/a><a href=\"\/blog\/wp-content\/uploads\/2011\/rockefeller_center7.jpg\"><img decoding=\"async\" src=\"\/blog\/wp-content\/uploads\/2011\/thumbs\/thumbs_rockefeller_center7.jpg\" \/><\/a><\/p>\n<p style=\"text-align: center;\"><em>Kompleksin hieno piha-alue<\/em><\/p>\n<p style=\"text-align: center;\"><a href=\"\/blog\/wp-content\/uploads\/2011\/rockefeller_center1.jpg\"><img decoding=\"async\" src=\"\/blog\/wp-content\/uploads\/2011\/thumbs\/thumbs_rockefeller_center1.jpg\" \/><\/a><a href=\"\/blog\/wp-content\/uploads\/2011\/rockefeller_center12.jpg\"><img decoding=\"async\" src=\"\/blog\/wp-content\/uploads\/2011\/thumbs\/thumbs_rockefeller_center12.jpg\" \/><\/a><\/p>\n<p style=\"text-align: center;\"><em>Rakennusten upeita yksityiskohtia<\/em><\/p>\n<p style=\"text-align: justify;\">Itse valtaisa musiikkisali valmistui kompleksin lukuisista rakennuksista toisena joulukuussa 1932, vain reilu vuosi rakentamisen aloittamisen j\u00e4lkeen. Valitettavasti sen ensiesitys oli suuri floppi siit\u00e4kin huolimatta, ett\u00e4 paikalle oli palkattu 1930-luvun merkitt\u00e4vimpi\u00e4 teatterit\u00e4hti\u00e4. Avajaisspektaakkelin esitykset oli ahdettu p\u00e4\u00e4salin valtavalle lavalle niin, ettei yleis\u00f6n ollut helppo erottaa esiintyji\u00e4. Lis\u00e4ksi yli kuusituntinen show oli pitk\u00e4 kuin n\u00e4lk\u00e4vuosi ja kesti aina y\u00f6 kahteen niin, ett\u00e4 jopa itse Rockefeller l\u00e4hti paikalta ennen shown p\u00e4\u00e4t\u00f6st\u00e4.<\/p>\n<p style=\"text-align: justify;\">Useat paikalla olleet toimittajat joutuivat poistumaan paikalta kirjoittamaan illasta ennen seuraavan p\u00e4iv\u00e4n lehden painoon menoa, joutuen t\u00e4ten keksim\u00e4\u00e4n osan esityksist\u00e4 p\u00e4\u00e4st\u00e4\u00e4n. Avajaiset saivatkin murskavastaanoton lehdist\u00f6lt\u00e4, mutta itse teatterin tiloja pidettiin silti upeina. Koska rakennusta haluttiin mainostaa maailman suurimpana, laskettiin sen istumapaikkoihin joka ikinen rakennuksesta l\u00f6ytynyt istuin ja tuoli, jolla saatiin lukemaksi titteliin tarvittavat 6201 paikkaa. Varsinaisessa p\u00e4\u00e4salissa on kuitenkin ainoastaan 5960 istumapaikkaa.<\/p>\n<p style=\"text-align: justify;\">Kankean alun j\u00e4lkeen teatteri l\u00f6ysi kuitenkin nopeasti menestyst\u00e4 erityisesti my\u00f6hempin\u00e4 vuosina teatteritoiminnan ulkopuolelle laajentuneesta repertuaarista. Se toimi muun muassa pitk\u00e4\u00e4n maailman suurimpana elokuvateatterina, jossa sai ensi-iltansa monta Hollywoodin klassikkoelokuvaa. Teatterin taloudelliset ongelmat alkoivat kuitenkin lis\u00e4\u00e4nty\u00e4 1960-luvulla, jolloin moni teatteri Manhattanilla joutui sulkemaan ovensa. Lopulta vuonna 1978 teatterin omistava yhti\u00f6 p\u00e4\u00e4tyi konkurssiin, jolloin sit\u00e4 uhkasi sulkeminen ja muuntaminen muuhun k\u00e4ytt\u00f6\u00f6n, mahdollisesti sis\u00e4tenniskentiksi tai jopa huvipuistoksi. Sulkeminen onnistuttiin kuitenkin v\u00e4ltt\u00e4m\u00e4\u00e4n esiintyjien ja newyorkilaisten kovan poliittisen lobbauksen my\u00f6t\u00e4, jonka ansiosta rakennus sai kulttuurihistoriallisen maamerkin statuksen, mik\u00e4 est\u00e4\u00e4 sen muuntamisen muuhun k\u00e4ytt\u00f6\u00f6n.<\/p>\n<p style=\"text-align: center;\"><a href=\"\/blog\/wp-content\/uploads\/2011\/radio_city_music_hall_kierros1.jpg\"><img decoding=\"async\" src=\"\/blog\/wp-content\/uploads\/2011\/radio_city_music_hall_kierros1.jpg\" \/><\/a><\/p>\n<p style=\"text-align: center;\"><em>Ikoninen Radio City Music Hall<\/em><\/p>\n<p style=\"text-align: justify;\">Pelastus talousvaikeuksiin l\u00f6ytyi ohjelmiston laajentamisesta edelleen ja teatterin p\u00e4\u00e4salissa alettiinkin pit\u00e4m\u00e4\u00e4n lukuisia televisiotapahtumia, kuten <em>Grammy<\/em>, <em>Emmy<\/em> ja <em>Tony Awards<\/em> gaaloja, sek\u00e4 suuria musiikkikonsertteja. N\u00e4iden avulla rakennus on pysynyt vilkkaassa k\u00e4yt\u00f6ss\u00e4 aina t\u00e4h\u00e4n p\u00e4iv\u00e4\u00e4n saakka.<\/p>\n<p style=\"text-align: center;\"><a href=\"\/blog\/wp-content\/uploads\/2011\/radio_city_music_hall_kierros2.jpg\"><img decoding=\"async\" src=\"\/blog\/wp-content\/uploads\/2011\/thumbs\/thumbs_radio_city_music_hall_kierros2.jpg\" \/><\/a><a href=\"\/blog\/wp-content\/uploads\/2011\/radio_city_music_hall_kierros4.jpg\"><img decoding=\"async\" src=\"\/blog\/wp-content\/uploads\/2011\/thumbs\/thumbs_radio_city_music_hall_kierros4.jpg\" \/><\/a><a href=\"\/blog\/wp-content\/uploads\/2011\/radio_city_music_hall_kierros3.jpg\"><img decoding=\"async\" src=\"\/blog\/wp-content\/uploads\/2011\/thumbs\/thumbs_radio_city_music_hall_kierros3.jpg\" \/><\/a><br \/>\n<a href=\"\/blog\/wp-content\/uploads\/2011\/radio_city_music_hall_kierros6.jpg\"><img decoding=\"async\" src=\"\/blog\/wp-content\/uploads\/2011\/thumbs\/thumbs_radio_city_music_hall_kierros6.jpg\" \/><\/a><a href=\"\/blog\/wp-content\/uploads\/2011\/radio_city_music_hall_kierros5.jpg\"><img decoding=\"async\" src=\"\/blog\/wp-content\/uploads\/2011\/thumbs\/thumbs_radio_city_music_hall_kierros5.jpg\" \/><\/a><a href=\"\/blog\/wp-content\/uploads\/2011\/radio_city_music_hall_kierros7.jpg\"><img decoding=\"async\" src=\"\/blog\/wp-content\/uploads\/2011\/thumbs\/thumbs_radio_city_music_hall_kierros7.jpg\" \/><\/a><br \/>\n<a href=\"\/blog\/wp-content\/uploads\/2011\/radio_city_music_hall_roxy_suite2.jpg\"><img decoding=\"async\" src=\"\/blog\/wp-content\/uploads\/2011\/thumbs\/thumbs_radio_city_music_hall_roxy_suite2.jpg\" \/><\/a><a href=\"\/blog\/wp-content\/uploads\/2011\/radio_city_music_hall_roxy_suite1.jpg\"><img decoding=\"async\" src=\"\/blog\/wp-content\/uploads\/2011\/thumbs\/thumbs_radio_city_music_hall_roxy_suite1.jpg\" \/><\/a><\/p>\n<p style=\"text-align: center;\"><em>Huikeita art deco yksityiskohtia<\/em><\/p>\n<p style=\"text-align: justify;\">Kulissien takaisella kierroksella n\u00e4imme miten upea rakennus onkaan sis\u00e4lt\u00e4 ja sen ehdottomia huippukohtia ovat sek\u00e4 valtava juhla-aula ett\u00e4 tietenkin massiivinen p\u00e4\u00e4sali. Molemmat on verhoiltu l\u00e4mpimill\u00e4 v\u00e4reill\u00e4 ja upeilla art decon yksityiskohdilla, tehden Radio City Music Hallista mielest\u00e4mme yhden maailman upeimpia esiintymispaikkoja.<\/p>\n<p style=\"text-align: center;\"><a href=\"\/blog\/wp-content\/uploads\/2011\/radio_city_music_hall_kierros9.jpg\"><img decoding=\"async\" src=\"\/blog\/wp-content\/uploads\/2011\/thumbs\/thumbs_radio_city_music_hall_kierros9.jpg\" \/><\/a><a href=\"\/blog\/wp-content\/uploads\/2011\/radio_city_music_hall_kierros8.jpg\"><img decoding=\"async\" src=\"\/blog\/wp-content\/uploads\/2011\/thumbs\/thumbs_radio_city_music_hall_kierros8.jpg\" \/><\/a><a href=\"\/blog\/wp-content\/uploads\/2011\/radio_city_music_hall_kierros11.jpg\"><img decoding=\"async\" src=\"\/blog\/wp-content\/uploads\/2011\/thumbs\/thumbs_radio_city_music_hall_kierros11.jpg\" \/><\/a><\/p>\n<p style=\"text-align: center;\"><em>Tummempaa sisustusta<\/em><\/p>\n<p style=\"text-align: center;\"><a href=\"\/blog\/wp-content\/uploads\/2011\/radio_city_music_hall_kierros10.jpg\"><img decoding=\"async\" src=\"\/blog\/wp-content\/uploads\/2011\/radio_city_music_hall_kierros10.jpg\" \/><\/a><\/p>\n<p style=\"text-align: center;\"><em>My\u00f6s saniteettitiloissa on eleganssia<\/em><\/p>\n<p style=\"text-align: justify;\">N\u00e4hdyn perusteella meille nousikin suuret odotukset illan showlle. V\u00e4hint\u00e4\u00e4n yht\u00e4 upeaa olisi varmasti my\u00f6s n\u00e4hd\u00e4 tarkkuustanssiryhm\u00e4 <em>The Rockettesin<\/em> esitys rakennuksessa. Alkujaan <a title=\"Kuuluisan kaaren St. Louis\" href=\"https:\/\/www.vuosiamaailmalla.fi\/blog\/2014\/kuuluisan-kaaren-st-louis\/\">St. Louisissa<\/a> perustettu tanssiryhm\u00e4 on esiintynyt Radio City Music Hallin lavalla aina sen avautumisesta l\u00e4htien vuonna 1932 ja ryhm\u00e4n kuuluisin show on joka joulu esitett\u00e4v\u00e4 suuri spektaakkeli, jota on kehuttu runsaasti. Kierroksellamme saimme ilahduttavasti tavata yhden ryhm\u00e4\u00e4n kuuluvan tanssijan osana kulissien takaista kierrostamme.<\/p>\n<p style=\"text-align: center;\"><a href=\"\/blog\/wp-content\/uploads\/2011\/rockettes_ryhma3.jpg\"><img decoding=\"async\" src=\"\/blog\/wp-content\/uploads\/2011\/thumbs\/thumbs_rockettes_ryhma3.jpg\" \/><\/a><a href=\"\/blog\/wp-content\/uploads\/2011\/rockettes_ryhma4.jpg\"><img decoding=\"async\" src=\"\/blog\/wp-content\/uploads\/2011\/thumbs\/thumbs_rockettes_ryhma4.jpg\" \/><\/a><\/p>\n<p style=\"text-align: center;\"><em>Kuuluisa The Rockettes<\/em><\/p>\n<p style=\"text-align: center;\"><a href=\"\/blog\/wp-content\/uploads\/2011\/rockettes_ryhma2.jpg\"><img decoding=\"async\" src=\"\/blog\/wp-content\/uploads\/2011\/thumbs\/thumbs_rockettes_ryhma2.jpg\" \/><\/a><a href=\"\/blog\/wp-content\/uploads\/2011\/rockettes_ryhma1.jpg\"><img decoding=\"async\" src=\"\/blog\/wp-content\/uploads\/2011\/thumbs\/thumbs_rockettes_ryhma1.jpg\" \/><\/a><\/p>\n<p style=\"text-align: center;\"><em>Tanssiryhm\u00e4n asusteita<\/em><\/p>\n<p style=\"text-align: justify;\">Kiehtovan kierroksen sek\u00e4 vauhdikkaan aamup\u00e4iv\u00e4mme j\u00e4ljilt\u00e4 k\u00e4vimme lep\u00e4\u00e4m\u00e4ss\u00e4 hotellillamme muutaman tunnin, ennen paluuta Rockefeller Centerille iltap\u00e4iv\u00e4st\u00e4. Tarkoituksenamme oli t\u00e4ll\u00e4 kertaa kivuta kompleksin p\u00e4\u00e4rakennus <em>30 Rockefeller Plazan<\/em> huipulle, jossa sijaitsee vuonna 1933 avautunut kuuluisa n\u00e4k\u00f6alatasanne <em>Top of the Rock<\/em>. Rakennuksen huipulla 65. kerroksessa sijaitsee my\u00f6s tunnettu tapahtumaravintola <em>Rainbow Room<\/em>, joka oli kuitenkin suljettuna usean vuoden kest\u00e4v\u00e4n t\u00e4ydellisen remontin ajaksi.<\/p>\n<p style=\"text-align: center;\"><a href=\"\/blog\/wp-content\/uploads\/2011\/rockefeller_center10.jpg\"><img decoding=\"async\" src=\"\/blog\/wp-content\/uploads\/2011\/thumbs\/thumbs_rockefeller_center10.jpg\" \/><\/a><a href=\"\/blog\/wp-content\/uploads\/2011\/rockefeller_center9.jpg\"><img decoding=\"async\" src=\"\/blog\/wp-content\/uploads\/2011\/thumbs\/thumbs_rockefeller_center9.jpg\" \/><\/a><a href=\"\/blog\/wp-content\/uploads\/2011\/rockefeller_center11.jpg\"><img decoding=\"async\" src=\"\/blog\/wp-content\/uploads\/2011\/thumbs\/thumbs_rockefeller_center11.jpg\" \/><\/a><\/p>\n<p style=\"text-align: center;\"><em>30 Rockefeller Plaza on alueen korkein rakennus<\/em><\/p>\n<p style=\"text-align: justify;\">Rockefeller Centerin 66-kerroksinen p\u00e4\u00e4rakennus on 260 metri\u00e4 korkea ja edustaa kauttaaltaan art decoa. 1930-luvulla voimassa olleiden rakennuss\u00e4\u00e4d\u00f6sten johdosta rakennus kerrostuu lukuisten tasanteiden kautta kauniiksi torniksi. Rakennus oli valmistuessaan my\u00f6s kaupungin viidenneksi korkein pilvenpiirt\u00e4j\u00e4 ja Midtownin kolmanneksi korkein rakennus heti l\u00e4heisten <a title=\"Empire State Buildingin huipulla\" href=\"https:\/\/www.vuosiamaailmalla.fi\/blog\/2011\/empire-state-buildingin-huipulla-ja-eloisa-vahamuseo\/\"><em>Empire State Building<\/em><\/a> ja <em>Chrysler Building<\/em> j\u00e4lkeen.<\/p>\n<p style=\"text-align: justify;\">Rakennus oli alkujaan elektroniikkayhti\u00f6 RCA:n p\u00e4\u00e4konttori, mutta viime vuosikymmenet rakennuksen p\u00e4\u00e4vuokralainen on ollut televisioyhti\u00f6 <em>National Broadcasting Company<\/em>, jonka studiot sijaitsevat rakennuksen alimmissa kerroksissa. Niist\u00e4 l\u00e4hetet\u00e4\u00e4n useita yhti\u00f6n televisiokanavia ja monta tunnettua my\u00f6h\u00e4isillan <em>talk-showta<\/em>, jotka kuvataan vapaaehtoisen live-yleis\u00f6n edess\u00e4.<\/p>\n<p style=\"text-align: center;\"><a href=\"\/blog\/wp-content\/uploads\/2011\/nbc_kauppa2.jpg\"><img decoding=\"async\" src=\"\/blog\/wp-content\/uploads\/2011\/thumbs\/thumbs_nbc_kauppa2.jpg\" \/><\/a><a href=\"\/blog\/wp-content\/uploads\/2011\/nbc_kauppa1.jpg\"><img decoding=\"async\" src=\"\/blog\/wp-content\/uploads\/2011\/thumbs\/thumbs_nbc_kauppa1.jpg\" \/><\/a><a href=\"\/blog\/wp-content\/uploads\/2011\/nbc_kauppa3.jpg\"><img decoding=\"async\" src=\"\/blog\/wp-content\/uploads\/2011\/thumbs\/thumbs_nbc_kauppa3.jpg\" \/><\/a><\/p>\n<p style=\"text-align: center;\"><em>NBC Storessa on myynniss\u00e4 monenlaista<\/em><\/p>\n<p style=\"text-align: justify;\">Aulassa teht\u00e4v\u00e4n turvatarkastuksen j\u00e4lkeen hissimatka tornin huipulle on nopea. Itse n\u00e4k\u00f6alatasanne jakautuu kahteen kerrokseen, joiden tasanteet ovat paljaan taivaan alla. Paikka on n\u00e4in ollen mit\u00e4 loistavin maisemakuvaukseen, sill\u00e4 valokuvia ei tarvitse ottaa heijastavan ikkunalasin takaa, kuten yleens\u00e4 niin monissa paikoissa.<\/p>\n<p style=\"text-align: center;\"><a href=\"\/blog\/wp-content\/uploads\/2011\/top_of_the_rock1.jpg\"><img decoding=\"async\" src=\"\/blog\/wp-content\/uploads\/2011\/thumbs\/thumbs_top_of_the_rock1.jpg\" \/><\/a><a href=\"\/blog\/wp-content\/uploads\/2011\/top_of_the_rock2.jpg\"><img decoding=\"async\" src=\"\/blog\/wp-content\/uploads\/2011\/thumbs\/thumbs_top_of_the_rock2.jpg\" \/><\/a><a href=\"\/blog\/wp-content\/uploads\/2011\/top_of_the_rockin_huipulla.jpg\"><img decoding=\"async\" src=\"\/blog\/wp-content\/uploads\/2011\/thumbs\/thumbs_top_of_the_rockin_huipulla.jpg\" \/><\/a><\/p>\n<p style=\"text-align: center;\"><em>Top of the Rock kannattaa kokea<\/em><\/p>\n<p style=\"text-align: justify;\">Ylh\u00e4\u00e4lt\u00e4 n\u00e4kyy kaikkialle Manhattanille ja etel\u00e4ss\u00e4 maisemana on klassinen Empire State Buildingin ja <a title=\"Kiertely\u00e4 Lower Manhattanilla\" href=\"https:\/\/www.vuosiamaailmalla.fi\/blog\/2011\/kiertelya-ja-kaartelua-lower-manhattanilla\/\">Lower Manhattanin<\/a> n\u00e4kym\u00e4. Kaukana h\u00e4\u00e4m\u00f6tt\u00e4v\u00e4t my\u00f6s <em>Brooklyn Bridge<\/em> sek\u00e4 <a title=\"Maailmaa valaiseva Vapaudenpatsas\" href=\"https:\/\/www.vuosiamaailmalla.fi\/blog\/2011\/maailmaa-valaiseva-vapaudenpatsas\/\">Vapaudenpatsas<\/a>. Pohjoispuolella maiseman t\u00e4ytt\u00e4\u00e4 vehre\u00e4 Central Park, joka oli helteisen iltap\u00e4iv\u00e4n sateen j\u00e4ljilt\u00e4 pienen udun keskell\u00e4. Ymp\u00e4rill\u00e4 aukeava maisema onkin todella tuttu ja sen tunnistaa vaikkei olisi koskaan New Yorkissa k\u00e4ynytk\u00e4\u00e4n.<\/p>\n<p style=\"text-align: center;\"><a href=\"\/blog\/wp-content\/uploads\/2011\/top_of_the_rock_manhattan_maisema2.jpg\"><img decoding=\"async\" src=\"\/blog\/wp-content\/uploads\/2011\/thumbs\/thumbs_top_of_the_rock_manhattan_maisema2.jpg\" \/><\/a><a href=\"\/blog\/wp-content\/uploads\/2011\/top_of_the_rock_manhattan_maisema1.jpg\"><img decoding=\"async\" src=\"\/blog\/wp-content\/uploads\/2011\/thumbs\/thumbs_top_of_the_rock_manhattan_maisema1.jpg\" \/><\/a><a href=\"\/blog\/wp-content\/uploads\/2011\/top_of_the_rock_manhattan_maisema3.jpg\"><img decoding=\"async\" src=\"\/blog\/wp-content\/uploads\/2011\/thumbs\/thumbs_top_of_the_rock_manhattan_maisema3.jpg\" \/><\/a><br \/>\n<a href=\"\/blog\/wp-content\/uploads\/2011\/top_of_the_rock_manhattan_maisema5.jpg\"><img decoding=\"async\" src=\"\/blog\/wp-content\/uploads\/2011\/thumbs\/thumbs_top_of_the_rock_manhattan_maisema5.jpg\" \/><\/a><a href=\"\/blog\/wp-content\/uploads\/2011\/top_of_the_rock_manhattan_maisema4.jpg\"><img decoding=\"async\" src=\"\/blog\/wp-content\/uploads\/2011\/thumbs\/thumbs_top_of_the_rock_manhattan_maisema4.jpg\" \/><\/a><a href=\"\/blog\/wp-content\/uploads\/2011\/top_of_the_rock_manhattan_maisema6.jpg\"><img decoding=\"async\" src=\"\/blog\/wp-content\/uploads\/2011\/thumbs\/thumbs_top_of_the_rock_manhattan_maisema6.jpg\" \/><\/a><\/p>\n<p style=\"text-align: center;\"><em>Klassiset Manhattanin maisemat<\/em><\/p>\n<p style=\"text-align: center;\"><a href=\"\/blog\/wp-content\/uploads\/2011\/top_of_the_rock_maisema2.jpg\"><img decoding=\"async\" src=\"\/blog\/wp-content\/uploads\/2011\/thumbs\/thumbs_top_of_the_rock_maisema2.jpg\" \/><\/a><a href=\"\/blog\/wp-content\/uploads\/2011\/top_of_the_rock_maisema3.jpg\"><img decoding=\"async\" src=\"\/blog\/wp-content\/uploads\/2011\/thumbs\/thumbs_top_of_the_rock_maisema3.jpg\" \/><\/a><\/p>\n<p style=\"text-align: center;\"><em>Vehre\u00e4n utuinen Central Park<\/em><\/p>\n<p style=\"text-align: center;\"><a href=\"\/blog\/wp-content\/uploads\/2011\/top_of_the_rock_maisema5.jpg\"><img decoding=\"async\" src=\"\/blog\/wp-content\/uploads\/2011\/thumbs\/thumbs_top_of_the_rock_maisema5.jpg\" \/><\/a><a href=\"\/blog\/wp-content\/uploads\/2011\/top_of_the_rock_maisema4.jpg\"><img decoding=\"async\" src=\"\/blog\/wp-content\/uploads\/2011\/thumbs\/thumbs_top_of_the_rock_maisema4.jpg\" \/><\/a><\/p>\n<p style=\"text-align: center;\"><em>Kaupungin kaksi kuuluisinta pilvenpiirt\u00e4j\u00e4\u00e4<\/em><\/p>\n<p style=\"text-align: center;\"><a href=\"\/blog\/wp-content\/uploads\/2011\/top_of_the_rock_maisema6.jpg\"><img decoding=\"async\" src=\"\/blog\/wp-content\/uploads\/2011\/thumbs\/thumbs_top_of_the_rock_maisema6.jpg\" \/><\/a><a href=\"\/blog\/wp-content\/uploads\/2011\/top_of_the_rock_maisema1.jpg\"><img decoding=\"async\" src=\"\/blog\/wp-content\/uploads\/2011\/thumbs\/thumbs_top_of_the_rock_maisema1.jpg\" \/><\/a><\/p>\n<p style=\"text-align: center;\"><em>Brooklyn Bridge ja <a title=\"Uusivuosi Times Squarella\" href=\"https:\/\/www.vuosiamaailmalla.fi\/blog\/2019\/uusivuosi-times-squarella\/\">New Yorkin uudenvuodenpallo<\/a><\/em><\/p>\n<p style=\"text-align: justify;\">Olimme ajoittaneet vierailumme niin, ett\u00e4 saimme n\u00e4hd\u00e4 ymp\u00e4r\u00f6iv\u00e4n kaupungin sek\u00e4 valoisaan aikaan, ett\u00e4 my\u00f6s pime\u00e4n laskeuduttua. Hiljalleen h\u00e4m\u00e4rtyv\u00e4 ilta olikin upea ja valon h\u00e4lvetess\u00e4 suurkaupunki n\u00e4ytt\u00e4ytyi monissa iltataivaan s\u00e4vyiss\u00e4 ennen y\u00f6n laskeutumista.<\/p>\n<p style=\"text-align: center;\"><a href=\"\/blog\/wp-content\/uploads\/2011\/top_of_the_rock_pimeneva_manhattan1.jpg\"><img decoding=\"async\" src=\"\/blog\/wp-content\/uploads\/2011\/thumbs\/thumbs_top_of_the_rock_pimeneva_manhattan1.jpg\" \/><\/a><a href=\"\/blog\/wp-content\/uploads\/2011\/top_of_the_rock_pimeneva_manhattan2.jpg\"><img decoding=\"async\" src=\"\/blog\/wp-content\/uploads\/2011\/thumbs\/thumbs_top_of_the_rock_pimeneva_manhattan2.jpg\" \/><\/a><a href=\"\/blog\/wp-content\/uploads\/2011\/top_of_the_rock_pimeneva_manhattan3.jpg\"><img decoding=\"async\" src=\"\/blog\/wp-content\/uploads\/2011\/thumbs\/thumbs_top_of_the_rock_pimeneva_manhattan3.jpg\" \/><\/a><br \/>\n<a href=\"\/blog\/wp-content\/uploads\/2011\/top_of_the_rock_pimeneva_manhattan4.jpg\"><img decoding=\"async\" src=\"\/blog\/wp-content\/uploads\/2011\/thumbs\/thumbs_top_of_the_rock_pimeneva_manhattan4.jpg\" \/><\/a><a href=\"\/blog\/wp-content\/uploads\/2011\/top_of_the_rock_pimeneva_manhattan5.jpg\"><img decoding=\"async\" src=\"\/blog\/wp-content\/uploads\/2011\/thumbs\/thumbs_top_of_the_rock_pimeneva_manhattan5.jpg\" \/><\/a><a href=\"\/blog\/wp-content\/uploads\/2011\/top_of_the_rock_pimeneva_manhattan6.jpg\"><img decoding=\"async\" src=\"\/blog\/wp-content\/uploads\/2011\/thumbs\/thumbs_top_of_the_rock_pimeneva_manhattan6.jpg\" \/><\/a><\/p>\n<p style=\"text-align: center;\"><em>Laskeutuva ilta<\/em><\/p>\n<p style=\"text-align: justify;\">Valokuvien ottaminen huipulta on helppoa, mutta valitettavasti <a title=\"Kameralaitteisto: Gitzo GT2541 ja Arca Swiss Monoball Z1\" href=\"https:\/\/www.vuosiamaailmalla.fi\/blog\/2014\/kameralaitteisto-gitzo-gt2541-ja-arca-swiss-monoball-z1\/\">kolmijalkaiset jalustat<\/a> ovat kiellettyj\u00e4. Vakaita pime\u00e4n kuvia voi silti ottaa asettamalla kamera ylemm\u00e4n tasanteen reunustalle, joka tukee kameraa tarpeeksi laadukkaiden valokuvien saamiseksi. Maisema ylh\u00e4\u00e4lt\u00e4 onkin n\u00e4kemisen arvoinen, sill\u00e4 se on erilainen kuin esimerkiksi Empire State Buildingist\u00e4 aukeava ja kyse on klassisista New Yorkin maisemista.<\/p>\n<p style=\"text-align: center;\"><a href=\"\/blog\/wp-content\/uploads\/2011\/top_of_the_rock_pimealla3.jpg\"><img decoding=\"async\" src=\"\/blog\/wp-content\/uploads\/2011\/thumbs\/thumbs_top_of_the_rock_pimealla3.jpg\" \/><\/a><a href=\"\/blog\/wp-content\/uploads\/2011\/top_of_the_rock_pimealla1.jpg\"><img decoding=\"async\" src=\"\/blog\/wp-content\/uploads\/2011\/thumbs\/thumbs_top_of_the_rock_pimealla1.jpg\" \/><\/a><a href=\"\/blog\/wp-content\/uploads\/2011\/top_of_the_rock_pimealla2.jpg\"><img decoding=\"async\" src=\"\/blog\/wp-content\/uploads\/2011\/thumbs\/thumbs_top_of_the_rock_pimealla2.jpg\" \/><\/a><br \/>\n<a href=\"\/blog\/wp-content\/uploads\/2011\/top_of_the_rock_pimealla4.jpg\"><img decoding=\"async\" src=\"\/blog\/wp-content\/uploads\/2011\/thumbs\/thumbs_top_of_the_rock_pimealla4.jpg\" \/><\/a><a href=\"\/blog\/wp-content\/uploads\/2011\/top_of_the_rock_pimealla5.jpg\"><img decoding=\"async\" src=\"\/blog\/wp-content\/uploads\/2011\/thumbs\/thumbs_top_of_the_rock_pimealla5.jpg\" \/><\/a><\/p>\n<p style=\"text-align: center;\"><em>New York pime\u00e4n j\u00e4lkeen<\/em><\/p>\n<p style=\"text-align: center;\"><a href=\"\/blog\/wp-content\/uploads\/2011\/top_of_the_rock_empire_state_building_high-res.jpg\"><img decoding=\"async\" src=\"\/blog\/wp-content\/uploads\/2011\/thumbs\/thumbs_top_of_the_rock_empire_state_building_high-res.jpg\" \/><\/a><\/p>\n<p style=\"text-align: center;\"><em>Ikoninen Empire State Building<\/em><\/p>\n<p style=\"text-align: justify;\">Illan p\u00e4\u00e4tteeksi laskeuduimme takaisin Rockefeller Centerin pihalle, josta suuntasimme viel\u00e4 kerran Radio City Music hallin luokse. Edess\u00e4 olisi upea ilta maailmanluokan akrobatiasirkuksen parissa, mist\u00e4 New Yorkin matkakertomuksen <a title=\"Zarkana\" href=\"https:\/\/www.vuosiamaailmalla.fi\/blog\/2011\/zarkana\/\">viimeisess\u00e4 osassa<\/a>.<\/p>\n<p style=\"text-align: justify;\">New Yorkista matkamme jatkuisi seuraavana aamuna Laguardian lentokent\u00e4n kautta kohti <a title=\"Oklahoman preerialla\" href=\"https:\/\/www.vuosiamaailmalla.fi\/blog\/2014\/oklahoman-preerialla\/\">Amerikan Keskil\u00e4nnen<\/a> suurinta kaupunkia sek\u00e4 pilvenpiirt\u00e4jien synnyinkaupunkia, Chicagoa.<\/p>\n<p style=\"text-align: right;\"><em>Seuraavaan osaan\u00a0<a title=\"Maailmaa valaiseva Vapaudenpatsas\" href=\"http:\/\/www.vuosiamaailmalla.fi\/blog\/2011\/maailmaa-valaiseva-vapaudenpatsas\/\">t\u00e4st\u00e4<\/a>. Matkakertomuksen muut osat l\u00f6ytyv\u00e4t\u00a0<a href=\"https:\/\/www.vuosiamaailmalla.fi\/?tag=matkakertomus-new-york-chicago\">t\u00e4\u00e4lt\u00e4<\/a>.<\/em><\/p>\n","protected":false},"excerpt":{"rendered":"<p>Jatkoa\u00a0t\u00e4\u00e4lt\u00e4. Matkakertomuksen muut osat l\u00f6ytyv\u00e4t\u00a0t\u00e4\u00e4lt\u00e4. Viimeinen p\u00e4iv\u00e4mme New Yorkissa olisi pullollaan vierailukohteita, joten aloitimme p\u00e4iv\u00e4mme aikaisin aamusta k\u00e4velyll\u00e4 luksuskatu Fifth Avenueta yl\u00f6sp\u00e4in aina Central Parkin kulmalle, jossa osoitteessa 767 Fifth Avenue sijaitsee amerikkalaisen F.A.O. Schwarzin legendaarinen lelukauppa. Vuonna 1862 Baltimoressa perustettu liike on ollut yli sadan vuoden ajan newyorkilainen ikoni ja ketjun lippulaivaliike Manhattanilla on &hellip; <a href=\"https:\/\/www.vuosiamaailmalla.fi\/blog\/2011\/suurenmoinen-rockefeller-center\/\" class=\"more-link\">Jatka lukemista<span class=\"screen-reader-text\"> &#8221;Suurenmoinen Rockefeller Center&#8221;<\/span><\/a><\/p>\n","protected":false},"author":1,"featured_media":12739,"comment_status":"open","ping_status":"closed","sticky":false,"template":"","format":"standard","meta":{"_jetpack_memberships_contains_paid_content":false,"footnotes":""},"categories":[7,890],"tags":[1575,139,1317,295,1316,1718,1572,1573,1574,1717,11],"class_list":["post-12711","post","type-post","status-publish","format-standard","has-post-thumbnail","hentry","category-matkakertomukset","category-yhdysvallat","tag-30-rockefeller-plaza","tag-historiaa-2","tag-matkakertomus-new-york-chicago","tag-new-york","tag-new-york-midtown","tag-queensboro-bridge","tag-radio-city-music-hall","tag-rockefeller-center","tag-rockefeller-plaza","tag-roosevelt-island","tag-matkakertomukset-yhdysvallat"],"jetpack_featured_media_url":"https:\/\/www.vuosiamaailmalla.fi\/blog\/wp-content\/uploads\/top_of_the_rock_banner.jpg","jetpack_sharing_enabled":true,"_links":{"self":[{"href":"https:\/\/www.vuosiamaailmalla.fi\/blog\/wp-json\/wp\/v2\/posts\/12711","targetHints":{"allow":["GET"]}}],"collection":[{"href":"https:\/\/www.vuosiamaailmalla.fi\/blog\/wp-json\/wp\/v2\/posts"}],"about":[{"href":"https:\/\/www.vuosiamaailmalla.fi\/blog\/wp-json\/wp\/v2\/types\/post"}],"author":[{"embeddable":true,"href":"https:\/\/www.vuosiamaailmalla.fi\/blog\/wp-json\/wp\/v2\/users\/1"}],"replies":[{"embeddable":true,"href":"https:\/\/www.vuosiamaailmalla.fi\/blog\/wp-json\/wp\/v2\/comments?post=12711"}],"version-history":[{"count":12,"href":"https:\/\/www.vuosiamaailmalla.fi\/blog\/wp-json\/wp\/v2\/posts\/12711\/revisions"}],"predecessor-version":[{"id":12742,"href":"https:\/\/www.vuosiamaailmalla.fi\/blog\/wp-json\/wp\/v2\/posts\/12711\/revisions\/12742"}],"wp:featuredmedia":[{"embeddable":true,"href":"https:\/\/www.vuosiamaailmalla.fi\/blog\/wp-json\/wp\/v2\/media\/12739"}],"wp:attachment":[{"href":"https:\/\/www.vuosiamaailmalla.fi\/blog\/wp-json\/wp\/v2\/media?parent=12711"}],"wp:term":[{"taxonomy":"category","embeddable":true,"href":"https:\/\/www.vuosiamaailmalla.fi\/blog\/wp-json\/wp\/v2\/categories?post=12711"},{"taxonomy":"post_tag","embeddable":true,"href":"https:\/\/www.vuosiamaailmalla.fi\/blog\/wp-json\/wp\/v2\/tags?post=12711"}],"curies":[{"name":"wp","href":"https:\/\/api.w.org\/{rel}","templated":true}]}}