{"id":12755,"date":"2022-04-12T12:11:39","date_gmt":"2022-04-12T19:11:39","guid":{"rendered":"https:\/\/www.vuosiamaailmalla.fi\/blog\/?p=12755"},"modified":"2022-04-12T12:34:21","modified_gmt":"2022-04-12T19:34:21","slug":"lougheedin-projektipaivitys-2022","status":"publish","type":"post","link":"https:\/\/www.vuosiamaailmalla.fi\/blog\/2022\/lougheedin-projektipaivitys-2022\/","title":{"rendered":"Lougheedin projektip\u00e4ivitys (2022)"},"content":{"rendered":"<p style=\"text-align: justify;\">Kiivaana jatkuva rakennusbuumi ei osoita mink\u00e4\u00e4nlaisia laantumisen merkkej\u00e4 ja erityisesti t\u00e4\u00e4ll\u00e4 Burnabyn esikaupungissa <a title=\"Burnabyn projektip\u00e4ivitys (2021)\" href=\"https:\/\/www.vuosiamaailmalla.fi\/blog\/2021\/burnabyn-projektipaivitys-2021\/\">kohoaa korkeita torneja<\/a> siin\u00e4 m\u00e4\u00e4rin, ett\u00e4 aihetta seuraavankin on vaikea pysy\u00e4 kaikkien projektien per\u00e4ss\u00e4. Kaupungin asukasluku hipoikin viimeisimmiss\u00e4 tilastoissa jo <a title=\"Voimakkaasti kasvava v\u00e4est\u00f6\" href=\"https:\/\/www.vuosiamaailmalla.fi\/blog\/2022\/voimakkaasti-kasvava-vaesto\/\">nelj\u00e4nnesmiljoonan rajaa<\/a> mik\u00e4 n\u00e4kyy kyll\u00e4 Burnabyn nelj\u00e4n kaupunkikeskustan siluetissa, yhten\u00e4 n\u00e4kyvimp\u00e4n\u00e4 Lougheedin alue.<\/p>\n<p><!--more--><\/p>\n<p style=\"text-align: center;\"><a href=\"\/blog\/wp-content\/uploads\/2022\/brentwood_douglas_roadilta_panoraama1.jpg\"><img decoding=\"async\" src=\"\/blog\/wp-content\/uploads\/2022\/brentwood_douglas_roadilta_panoraama1_pieni.jpg\" \/><\/a><\/p>\n<p style=\"text-align: center;\"><em>Burnaby kasvaa vauhdilla<\/em><\/p>\n<p style=\"text-align: justify;\">Lougheed on kaupunkikeskustoista toiseksi viimeisen\u00e4 kehittym\u00e4\u00e4n l\u00e4htenyt, edell\u00e4\u00e4n nopeasti muuttuvat <a title=\"Metrotownin talviset nietokset\" href=\"https:\/\/www.vuosiamaailmalla.fi\/blog\/2016\/metrotownin-talviset-nietokset\/\">Metrotown<\/a> sek\u00e4 <a title=\"Sumuun k\u00e4\u00e4ritty metropoli\" href=\"https:\/\/www.vuosiamaailmalla.fi\/blog\/2020\/sumuun-kaaritty-metropoli\/\">Brentwood<\/a> ja per\u00e4ss\u00e4\u00e4n hieman unisempi Edmonds. Kuten monessa muussakin paikassa, alkusys\u00e4yksen\u00e4 suurien rakennushankkeiden k\u00e4ynnistymiselle toimi <a title=\"Evergreen-linjan ty\u00f6maalla\" href=\"https:\/\/www.vuosiamaailmalla.fi\/blog\/2014\/evergreen-linjan-tyomaalla\/\">Evergreen-linjan avautuminen<\/a> vuonna 2016 ja alue on siit\u00e4 ainutlaatuinen, ett\u00e4 sill\u00e4 riste\u00e4\u00e4 kaksi SkyTrain-linjaa. Lougheedin vieress\u00e4 humisee my\u00f6s metropolin <a title=\"Port Mann Bridgen projekti valmis\" href=\"https:\/\/www.vuosiamaailmalla.fi\/blog\/2015\/port-mann-bridgen-projekti-valmis\/\">p\u00e4\u00e4v\u00e4yl\u00e4 <em>Highway 1<\/em><\/a>, joten liikenneyhteydet ovat hyv\u00e4t joka suuntaan kulkuneuvosta riippumatta.<\/p>\n<p style=\"text-align: center;\"><a href=\"\/blog\/wp-content\/uploads\/2014\/evergreen_line_tyomaa5.jpg\"><img decoding=\"async\" src=\"\/blog\/wp-content\/uploads\/2014\/evergreen_line_tyomaa5.jpg\" \/><\/a><\/p>\n<p style=\"text-align: center;\"><em>Evergreen-linja toimi l\u00e4ht\u00f6laukauksena<\/em><\/p>\n<p style=\"text-align: justify;\">Alueen toinen erityispiirre on se, ett\u00e4 se sijaitsee aivan Burnabyn ja naapurikaupunki Coquitlamin rajalla, jotka kummatkin osallistuvat aktiiviseen alueen kehitt\u00e4miseen. Lougheedin pohjoispuolella sijaitseekin Burquitlamin asuinalue, jonka nimi on suora v\u00e4\u00e4nn\u00f6s kahden kaupungin nimest\u00e4. My\u00f6s Burquitlamista on muodostunut todella kuuma rakennusty\u00f6maa, jossa kohoaa paraikaa 50-kerroksisia asuintorneja uuden SkyTrain-aseman ymp\u00e4rill\u00e4.<\/p>\n<p style=\"text-align: center;\"><a href=\"\/blog\/wp-content\/uploads\/2022\/burquitlam_park1.jpg\"><img decoding=\"async\" src=\"\/blog\/wp-content\/uploads\/2022\/thumbs\/thumbs_burquitlam_park1.jpg\" \/><\/a><a href=\"\/blog\/wp-content\/uploads\/2022\/567_clarke6.jpg\"><img decoding=\"async\" src=\"\/blog\/wp-content\/uploads\/2022\/thumbs\/thumbs_567_clarke6.jpg\" \/><\/a><\/p>\n<p style=\"text-align: center;\"><em>Burquitlam kasvaa tyhj\u00e4st\u00e4<\/em><\/p>\n<p style=\"text-align: justify;\">Uusista torneista valmiina on vastik\u00e4\u00e4n valmistunut 49-kerroksinen <em>567 Clarke<\/em>, joka on t\u00e4ll\u00e4 hetkell\u00e4 Coquitlamin korkein rakennus. Rakennuksen erikoisuuksiin kuuluvat kuntosali ja sis\u00e4koripallokentt\u00e4 28. kerroksen korkeudessa sek\u00e4 49. kerroksessa sijaitseva ja kaikille asukkaille avoin <em>lounge<\/em>. Torni on omasta mielest\u00e4ni todella onnistunut ja arkkitehtuuriltaan virkist\u00e4v\u00e4sti normitorneista poikkeava. My\u00f6s koko alueesta on rakentumassa eritt\u00e4in viihtyis\u00e4 kun laajoja parkkialueita muunnetaan asuin- ja puistok\u00e4ytt\u00f6\u00f6n.<\/p>\n<p style=\"text-align: center;\"><a href=\"\/blog\/wp-content\/uploads\/2022\/567_clarke4.jpg\"><img decoding=\"async\" src=\"\/blog\/wp-content\/uploads\/2022\/567_clarke4.jpg\" \/><\/a><\/p>\n<p style=\"text-align: center;\"><em>T\u00e4m\u00e4n hetken Coquitlamin korkein<\/em><\/p>\n<p style=\"text-align: center;\"><a href=\"\/blog\/wp-content\/uploads\/2022\/koripallokentta_korkeuksissa.jpg\"><img decoding=\"async\" src=\"\/blog\/wp-content\/uploads\/2022\/koripallokentta_korkeuksissa.jpg\" \/><\/a><\/p>\n<p style=\"text-align: center;\"><em>Koripallokentt\u00e4 korkeuksissa<\/em><\/p>\n<p style=\"text-align: justify;\">Hieman erikoisempi torni on my\u00f6s l\u00e4hist\u00f6lle vastik\u00e4\u00e4n valmistunut 33-kerroksinen <em>Hensley<\/em>, jonka korkeat v\u00e4likerrokset sek\u00e4 erikoinen huippu erottavat sen katukuvassa. My\u00f6s Hensley on nyt t\u00e4ysin asutettu, rakennuksen valmistuttua viime kes\u00e4n\u00e4.<\/p>\n<p style=\"text-align: center;\"><a href=\"\/blog\/wp-content\/uploads\/2022\/hensley1.jpg\"><img decoding=\"async\" src=\"\/blog\/wp-content\/uploads\/2022\/hensley1.jpg\" \/><\/a><\/p>\n<p style=\"text-align: center;\"><em>Hensleyss\u00e4 on nyt asukkaat<\/em><\/p>\n<p style=\"text-align: justify;\">T\u00e4t\u00e4 vastap\u00e4\u00e4t\u00e4, kuitenkin j\u00e4lleen Burnabyn puolella, sijaitsee Lougheedin alueen varsinainen ydinkeskusta. 1970-luvulla rakennetun ostoskeskuksen paikalle pala kerrallaan rakentuva <em>The City of Lougheed<\/em> on yli <a title=\"Burnaby rakentaa metropolia\" href=\"https:\/\/www.vuosiamaailmalla.fi\/blog\/2017\/city-of-lougheed-ja-southcity\/\">viidentoista tornin kompleksi<\/a>, jonka ykk\u00f6svaiheen nelj\u00e4 tornia ovat nyt kaikki saavuttaneet harjakorkeutensa. Tiiviin ja korkean kompleksin rakentuminen nopeasti on n\u00e4kyv\u00e4\u00e4 ja uusien tornien my\u00f6t\u00e4 koko Lougheedin on alkanut erottamaan kaukaa ja aivan uusista paikoista.<\/p>\n<p style=\"text-align: center;\"><a href=\"\/blog\/wp-content\/uploads\/2022\/the_city_of_lougheed4.jpg\"><img decoding=\"async\" src=\"\/blog\/wp-content\/uploads\/2022\/the_city_of_lougheed4.jpg\" \/><\/a><\/p>\n<p style=\"text-align: center;\"><em>Suurprojekti Lougheedin ytimess\u00e4<\/em><\/p>\n<p style=\"text-align: center;\"><a href=\"\/blog\/wp-content\/uploads\/2022\/the_city_of_lougheed6.jpg\"><img decoding=\"async\" src=\"\/blog\/wp-content\/uploads\/2022\/thumbs\/thumbs_the_city_of_lougheed6.jpg\" \/><\/a><a href=\"\/blog\/wp-content\/uploads\/2022\/the_city_of_lougheed3.jpg\"><img decoding=\"async\" src=\"\/blog\/wp-content\/uploads\/2022\/thumbs\/thumbs_the_city_of_lougheed3.jpg\" \/><\/a><a href=\"\/blog\/wp-content\/uploads\/2022\/the_city_of_lougheed5.jpg\"><img decoding=\"async\" src=\"\/blog\/wp-content\/uploads\/2022\/thumbs\/thumbs_the_city_of_lougheed5.jpg\" \/><\/a><br \/>\n<a href=\"\/blog\/wp-content\/uploads\/2022\/the_city_of_lougheed8.jpg\"><img decoding=\"async\" src=\"\/blog\/wp-content\/uploads\/2022\/thumbs\/thumbs_the_city_of_lougheed8.jpg\" \/><\/a><a href=\"\/blog\/wp-content\/uploads\/2022\/the_city_of_lougheed9.jpg\"><img decoding=\"async\" src=\"\/blog\/wp-content\/uploads\/2022\/thumbs\/thumbs_the_city_of_lougheed9.jpg\" \/><\/a><\/p>\n<p style=\"text-align: center;\"><em>The City of Lougheed<\/em><\/p>\n<p style=\"text-align: justify;\">Ykk\u00f6svaiheen tornien korkeudet vaihtelevat 38 ja 55 kerroksen v\u00e4lill\u00e4, joten kyse on yksist\u00e4 koko kaupunkialueen korkeimmista torneista, joskin vain jonkin aikaa, sill\u00e4 suunnitteilla ja jo rakenteilla on lukuisia <a title=\"Kilpailu korkeimmasta pilvenpiirt\u00e4j\u00e4st\u00e4\" href=\"https:\/\/www.vuosiamaailmalla.fi\/blog\/2020\/kilpailu-korkeimmasta-pilvenpiirtajasta\/\">korkeita pilvenpiirt\u00e4ji\u00e4<\/a> juuri Burnabyn alueella.<\/p>\n<p style=\"text-align: center;\"><a href=\"\/blog\/wp-content\/uploads\/2022\/the_city_of_lougheed_hi-res1.jpg\"><img decoding=\"async\" src=\"\/blog\/wp-content\/uploads\/2022\/thumbs\/thumbs_the_city_of_lougheed_hi-res1.jpg\" \/><\/a><\/p>\n<p style=\"text-align: center;\"><em>Korkea ykk\u00f6storni<\/em><\/p>\n<p style=\"text-align: center;\"><a href=\"\/blog\/wp-content\/uploads\/2017\/city_of_lougheed1.jpg\"><img decoding=\"async\" src=\"\/blog\/wp-content\/uploads\/2017\/city_of_lougheed1.jpg\" \/><\/a><\/p>\n<p style=\"text-align: center;\"><em>Tuleva kaupunkikeskus<\/em><\/p>\n<p style=\"text-align: justify;\">Nyt valmistuvat tornit tulevatkin olemaan valmistuessaan verrattain matalia, sill\u00e4 naapuritontille puuhataan t\u00e4ll\u00e4 hetkell\u00e4 nelj\u00e4\u00e4 tornia, korkeuksiltaan 50, 73, 76 ja 80 kerrosta. N\u00e4ist\u00e4 viimeisimm\u00e4t saattavat olla toteutuessaan <a title=\"Taivaisiin kasvanut Toronto\" href=\"https:\/\/www.vuosiamaailmalla.fi\/blog\/2014\/taivaisiin-kohonnut-toronto\/\">Toronto<\/a> pois lukien jopa koko Kanadan korkeimpia, mik\u00e4 on melkoinen saavutus Burnabyn kokoisessa esikaupungissa!<\/p>\n","protected":false},"excerpt":{"rendered":"<p>Kiivaana jatkuva rakennusbuumi ei osoita mink\u00e4\u00e4nlaisia laantumisen merkkej\u00e4 ja erityisesti t\u00e4\u00e4ll\u00e4 Burnabyn esikaupungissa kohoaa korkeita torneja siin\u00e4 m\u00e4\u00e4rin, ett\u00e4 aihetta seuraavankin on vaikea pysy\u00e4 kaikkien projektien per\u00e4ss\u00e4. Kaupungin asukasluku hipoikin viimeisimmiss\u00e4 tilastoissa jo nelj\u00e4nnesmiljoonan rajaa mik\u00e4 n\u00e4kyy kyll\u00e4 Burnabyn nelj\u00e4n kaupunkikeskustan siluetissa, yhten\u00e4 n\u00e4kyvimp\u00e4n\u00e4 Lougheedin alue.<\/p>\n","protected":false},"author":1,"featured_media":12757,"comment_status":"open","ping_status":"closed","sticky":false,"template":"","format":"standard","meta":{"_jetpack_memberships_contains_paid_content":false,"footnotes":""},"categories":[17,3],"tags":[1719,77,1199,88,1720,935,301,1691],"class_list":["post-12755","post","type-post","status-publish","format-standard","has-post-thumbnail","hentry","category-arki-kanadassa","category-arki-ulkomailla","tag-567-clarke","tag-burnaby","tag-burnaby-lougheed","tag-coquitlam","tag-hensley","tag-kanada","tag-rakennustyomaa","tag-the-city-of-lougheed"],"jetpack_featured_media_url":"https:\/\/www.vuosiamaailmalla.fi\/blog\/wp-content\/uploads\/lougheedin_keskusta_banner.jpg","jetpack_sharing_enabled":true,"_links":{"self":[{"href":"https:\/\/www.vuosiamaailmalla.fi\/blog\/wp-json\/wp\/v2\/posts\/12755","targetHints":{"allow":["GET"]}}],"collection":[{"href":"https:\/\/www.vuosiamaailmalla.fi\/blog\/wp-json\/wp\/v2\/posts"}],"about":[{"href":"https:\/\/www.vuosiamaailmalla.fi\/blog\/wp-json\/wp\/v2\/types\/post"}],"author":[{"embeddable":true,"href":"https:\/\/www.vuosiamaailmalla.fi\/blog\/wp-json\/wp\/v2\/users\/1"}],"replies":[{"embeddable":true,"href":"https:\/\/www.vuosiamaailmalla.fi\/blog\/wp-json\/wp\/v2\/comments?post=12755"}],"version-history":[{"count":4,"href":"https:\/\/www.vuosiamaailmalla.fi\/blog\/wp-json\/wp\/v2\/posts\/12755\/revisions"}],"predecessor-version":[{"id":12760,"href":"https:\/\/www.vuosiamaailmalla.fi\/blog\/wp-json\/wp\/v2\/posts\/12755\/revisions\/12760"}],"wp:featuredmedia":[{"embeddable":true,"href":"https:\/\/www.vuosiamaailmalla.fi\/blog\/wp-json\/wp\/v2\/media\/12757"}],"wp:attachment":[{"href":"https:\/\/www.vuosiamaailmalla.fi\/blog\/wp-json\/wp\/v2\/media?parent=12755"}],"wp:term":[{"taxonomy":"category","embeddable":true,"href":"https:\/\/www.vuosiamaailmalla.fi\/blog\/wp-json\/wp\/v2\/categories?post=12755"},{"taxonomy":"post_tag","embeddable":true,"href":"https:\/\/www.vuosiamaailmalla.fi\/blog\/wp-json\/wp\/v2\/tags?post=12755"}],"curies":[{"name":"wp","href":"https:\/\/api.w.org\/{rel}","templated":true}]}}