{"id":12767,"date":"2022-05-09T12:46:15","date_gmt":"2022-05-09T19:46:15","guid":{"rendered":"https:\/\/www.vuosiamaailmalla.fi\/blog\/?p=12767"},"modified":"2022-06-05T15:23:20","modified_gmt":"2022-06-05T22:23:20","slug":"aitienpaivabrunssi-vancouverin-ylapuolella","status":"publish","type":"post","link":"https:\/\/www.vuosiamaailmalla.fi\/blog\/2022\/aitienpaivabrunssi-vancouverin-ylapuolella\/","title":{"rendered":"\u00c4itienp\u00e4iv\u00e4brunssi Vancouverin yl\u00e4puolella"},"content":{"rendered":"<p style=\"text-align: justify;\">Kanadalaiset pyh\u00e4p\u00e4iv\u00e4t ovat suomalaisittain <a title=\"Sekavat pyh\u00e4p\u00e4iv\u00e4t\" href=\"https:\/\/www.vuosiamaailmalla.fi\/blog\/2019\/sekavat-pyhapaivat\/\">sangen sekavia<\/a>, useiden arkipyhien ja juhlap\u00e4ivien sijoittuessa maissa t\u00e4ysin eri puolelle kalenteria. Yksi juhlap\u00e4iv\u00e4 joka kuitenkin asettuu Suomen kanssa samaan p\u00e4iv\u00e4m\u00e4\u00e4r\u00e4\u00e4n on \u00e4itienp\u00e4iv\u00e4, jota vietet\u00e4\u00e4n molemmissa maissa toukokuun toisena sunnuntaina. Vaikka kyse ei olekaan arkipyh\u00e4st\u00e4, oli p\u00e4iv\u00e4m\u00e4\u00e4r\u00e4ll\u00e4 meille t\u00e4n\u00e4 vuonna erityisest\u00e4 merkityst\u00e4, sill\u00e4 se oli Niinan ensimm\u00e4inen \u00e4itienp\u00e4iv\u00e4 <a title=\"Uuden el\u00e4m\u00e4n alku\" href=\"https:\/\/www.vuosiamaailmalla.fi\/blog\/2021\/uuden-elaman-alku\/\">tytt\u00e4remme syntym\u00e4n<\/a> j\u00e4lkeen.<\/p>\n<p><!--more--><\/p>\n<p style=\"text-align: justify;\">Koska is\u00e4np\u00e4iv\u00e4\u00e4 juhlitaan suomalaisittain marraskuussa (Kanadassa kes\u00e4kuun lopussa), on minulla ollut jo oma juhlap\u00e4iv\u00e4ni viime vuonna. Ensimm\u00e4isen \u00e4itienp\u00e4iv\u00e4n kunniaksi piti kuitenkin kehitell\u00e4 jotain aivan erityist\u00e4 ja juhlakalu itse saikin loistavan idean \u00e4itienp\u00e4iv\u00e4brunssista. Sellaiset ovat Kanadassa suosittu tapa juhlistaa kaikkia \u00e4itej\u00e4 ja monet ravintolat tarjoavatkin tuolloin erikoiskattauksia.<\/p>\n<p style=\"text-align: center;\"><a href=\"\/blog\/wp-content\/uploads\/2020\/vancouver_harbour_centre_siluetti.jpg\"><img decoding=\"async\" src=\"\/blog\/wp-content\/uploads\/2020\/vancouver_harbour_centre_siluetti.jpg\" \/><\/a><\/p>\n<p style=\"text-align: center;\"><em>Tunnistettava osa Vancouverin siluettia<\/em><\/p>\n<p style=\"text-align: justify;\">Niinan oli sattunut lukea, ett\u00e4 yksi t\u00e4llainen ravintola on Vancouverin ydinkeskustassa sijaitseva <em>Vancouver Lookout<\/em>, joka on turistien suosima ikoninen n\u00e4k\u00f6alatasanne. Tasanne sijaitsee vuonna 1977 valmistuneen 28-kerroksisen <em>Harbour Centre<\/em> -keskuksen huipulla py\u00f6re\u00e4ss\u00e4 rakennelmassa, jonka masto ylt\u00e4\u00e4 177 metrin korkeuteen, itse n\u00e4k\u00f6alatasanteen ollessa parikymment\u00e4 metri\u00e4 alempana noin 140 metrin korkeudessa. Hyvin erottuva rakennus on tunnistettava osa Vancouverin siluettia ja sen avajaisiin saapui jopa legendaarinen Neil Armstrong eli maailman ensimm\u00e4inen <a title=\"Apollon jalanj\u00e4ljiss\u00e4 Houston Space Centerill\u00e4\" href=\"https:\/\/www.vuosiamaailmalla.fi\/blog\/2014\/apollon-jalanjaljilla-houston-space-centerilla\/\">Kuun pinnalla<\/a> k\u00e4vellyt henkil\u00f6.<\/p>\n<p style=\"text-align: center;\"><a href=\"\/blog\/wp-content\/uploads\/2015\/vancouver_harbour_centre4.jpg\"><img decoding=\"async\" src=\"\/blog\/wp-content\/uploads\/2015\/thumbs\/thumbs_vancouver_harbour_centre4.jpg\" \/><\/a><a href=\"\/blog\/wp-content\/uploads\/2015\/vancouver_harbour_centre5.jpg\"><img decoding=\"async\" src=\"\/blog\/wp-content\/uploads\/2015\/thumbs\/thumbs_vancouver_harbour_centre5.jpg\" \/><\/a><a href=\"\/blog\/wp-content\/uploads\/2015\/vancouver_harbour_centre6.jpg\"><img decoding=\"async\" src=\"\/blog\/wp-content\/uploads\/2015\/thumbs\/thumbs_vancouver_harbour_centre6.jpg\" \/><\/a><\/p>\n<p style=\"text-align: center;\"><em>Vancouverin Harbour Centre<\/em><\/p>\n<p style=\"text-align: justify;\">Emme ole vierailleet tornissa aiemmin, sill\u00e4 vuosien asuminen keskustan <a title=\"Asukkaana Trump Towerissa\" href=\"https:\/\/www.vuosiamaailmalla.fi\/blog\/2018\/asukkaana-trump-towerissa\/\">korkeissa pilvenpiirt\u00e4jiss\u00e4<\/a> oli saanut meid\u00e4t siihen uskoon, ettei vierailu turistikohteessa kannattaisi. Olemme olleet kuitenkin v\u00e4\u00e4r\u00e4ss\u00e4, sill\u00e4 ylh\u00e4\u00e4lt\u00e4 avautuukin todella upea maisema, joka jokaisen Vancouverin k\u00e4vij\u00e4n on syyt\u00e4 n\u00e4hd\u00e4. Ja maisemasta nauttii parhaiten juuri hyv\u00e4n ruoan parissa, sill\u00e4 rakennus on Vancouverin viimeinen viel\u00e4 k\u00e4yt\u00f6ss\u00e4 oleva py\u00f6riv\u00e4 ravintola, <em>Empire Landmark Hotellin<\/em> purkamisen ja sen huipulla sijainneen upean <a title=\"Cloud 9 py\u00f6r\u00e4hti viimeisen kerran\" href=\"https:\/\/www.vuosiamaailmalla.fi\/blog\/2017\/cloud-9-pyorahti-viimeisen-kerran\/\">ravintolan sulkemisen j\u00e4lkeen<\/a>.<\/p>\n<p style=\"text-align: center;\"><a href=\"\/blog\/wp-content\/uploads\/2015\/vancouver_harbour_centre3.jpg\"><img decoding=\"async\" src=\"\/blog\/wp-content\/uploads\/2015\/thumbs\/thumbs_vancouver_harbour_centre3.jpg\" \/><\/a><a href=\"\/blog\/wp-content\/uploads\/2015\/vancouver_harbour_centre2.jpg\"><img decoding=\"async\" src=\"\/blog\/wp-content\/uploads\/2015\/thumbs\/thumbs_vancouver_harbour_centre2.jpg\" \/><\/a><a href=\"\/blog\/wp-content\/uploads\/2015\/vancouver_harbour_centre1.jpg\"><img decoding=\"async\" src=\"\/blog\/wp-content\/uploads\/2015\/thumbs\/thumbs_vancouver_harbour_centre1.jpg\" \/><\/a><\/p>\n<p style=\"text-align: center;\"><em>Ikoninen n\u00e4k\u00f6alatorni<\/em><\/p>\n<p style=\"text-align: center;\"><a href=\"\/blog\/wp-content\/uploads\/2022\/vancouver_lookout1.jpg\"><img decoding=\"async\" src=\"\/blog\/wp-content\/uploads\/2022\/thumbs\/thumbs_vancouver_lookout1.jpg\" \/><\/a><a href=\"\/blog\/wp-content\/uploads\/2022\/vancouver_lookout2.jpg\"><img decoding=\"async\" src=\"\/blog\/wp-content\/uploads\/2022\/thumbs\/thumbs_vancouver_lookout2.jpg\" \/><\/a><\/p>\n<p style=\"text-align: center;\"><em>Matkalla huipulle<\/em><\/p>\n<p style=\"text-align: justify;\">Maisemat huipulta ovat todella upeat ja meid\u00e4t ohjattiin ikkunan vieress\u00e4 sijaitsevaan p\u00f6yt\u00e4\u00e4n, josta niist\u00e4 oli esteet\u00f6nt\u00e4 nauttia. Ravintola tekee t\u00e4yden py\u00f6r\u00e4hdyksen 60 minuutissa ja meid\u00e4n ruokailumme alkoi Burrard Inletin sek\u00e4 viereisen <em>Canada Placen<\/em> maisemalla. <a title=\"Norwegian Bliss vieraili Vancouverissa\" href=\"https:\/\/www.vuosiamaailmalla.fi\/blog\/2018\/norwegian-bliss-ankkuroitui-vancouverissa\/\">Risteilykausi<\/a> on kahden koronavuoden j\u00e4lkeen j\u00e4lleen takaisin ja Canada Placen kyljess\u00e4 olikin muutama luksusristeilij\u00e4 valmistautumassa pitk\u00e4lle risteilylle Alaskaan.<\/p>\n<p style=\"text-align: center;\"><a href=\"\/blog\/wp-content\/uploads\/2022\/serenade_of_the_seas.jpg\"><img decoding=\"async\" src=\"\/blog\/wp-content\/uploads\/2022\/thumbs\/thumbs_serenade_of_the_seas.jpg\" \/><\/a><a href=\"\/blog\/wp-content\/uploads\/2022\/vancouver_lookout_maisema11.jpg\"><img decoding=\"async\" src=\"\/blog\/wp-content\/uploads\/2022\/thumbs\/thumbs_vancouver_lookout_maisema11.jpg\" \/><\/a><\/p>\n<p style=\"text-align: center;\"><em>Burrard Inletin rantaa<\/em><\/p>\n<p style=\"text-align: justify;\">Sataman puolelta maisema k\u00e4\u00e4ntyy Gastownin suuntaan, joka on Vancouverin historiallinen keskusta ja suosittu ravintola-alue. Kaukana taustalla kohoavat niin <a title=\"Uskomaton Brentwood\" href=\"https:\/\/www.vuosiamaailmalla.fi\/blog\/2015\/uskomaton-brentwood\/\">Brentwoodin<\/a> kuin <a title=\"Metrotownin projektip\u00e4ivitys\" href=\"https:\/\/www.vuosiamaailmalla.fi\/blog\/2014\/metrotownin-projektipaivitys\/\">Metrotowninkin<\/a> korkeat siluetit, jonka osa my\u00f6s oma kotimme on! Etualalla on puolestaan n\u00e4ht\u00e4vill\u00e4 <em>Victory Squaren<\/em> puisto upeine historiallisine rakennuksineen, sek\u00e4 hieman et\u00e4\u00e4mm\u00e4ll\u00e4 <em>BC Placen<\/em> suuri stadion, jolla olemme nauttineet <a title=\"Naisten MM-jalkapalloa katsomassa\" href=\"https:\/\/www.vuosiamaailmalla.fi\/blog\/2015\/naisten-mm-jalkapalloa-katsomassa\/\">monesta eri tahtumassa<\/a>.<\/p>\n<p style=\"text-align: center;\"><a href=\"\/blog\/wp-content\/uploads\/2022\/woodwards_high-res.jpg\"><img decoding=\"async\" src=\"\/blog\/wp-content\/uploads\/2022\/thumbs\/thumbs_woodwards_high-res.jpg\" \/><\/a><\/p>\n<p style=\"text-align: center;\"><em>Upea Woodward&#8217;s Building Gastownin keskell\u00e4<\/em><\/p>\n<p style=\"text-align: center;\"><a href=\"\/blog\/wp-content\/uploads\/2022\/vancouver_lookout_maisema1.jpg\"><img decoding=\"async\" src=\"\/blog\/wp-content\/uploads\/2022\/thumbs\/thumbs_vancouver_lookout_maisema1.jpg\" \/><\/a><a href=\"\/blog\/wp-content\/uploads\/2022\/vancouver_lookout_maisema2.jpg\"><img decoding=\"async\" src=\"\/blog\/wp-content\/uploads\/2022\/thumbs\/thumbs_vancouver_lookout_maisema2.jpg\" \/><\/a><\/p>\n<p style=\"text-align: center;\"><em>Gastown ja it\u00e4inen keskusta<\/em><\/p>\n<p style=\"text-align: center;\"><a href=\"\/blog\/wp-content\/uploads\/2022\/sun_tower.jpg\"><img decoding=\"async\" src=\"\/blog\/wp-content\/uploads\/2022\/thumbs\/thumbs_sun_tower.jpg\" \/><\/a><a href=\"\/blog\/wp-content\/uploads\/2022\/victory_square.jpg\"><img decoding=\"async\" src=\"\/blog\/wp-content\/uploads\/2022\/thumbs\/thumbs_victory_square.jpg\" \/><\/a><a href=\"\/blog\/wp-content\/uploads\/2022\/dominion_building1.jpg\"><img decoding=\"async\" src=\"\/blog\/wp-content\/uploads\/2022\/thumbs\/thumbs_dominion_building1.jpg\" \/><\/a><\/p>\n<p style=\"text-align: center;\"><em>Victory Squaren ymp\u00e4ryst\u00e4<\/em><\/p>\n<p style=\"text-align: center;\"><a href=\"\/blog\/wp-content\/uploads\/2022\/vancouver_lookout_maisema3.jpg\"><img decoding=\"async\" src=\"\/blog\/wp-content\/uploads\/2022\/thumbs\/thumbs_vancouver_lookout_maisema3.jpg\" \/><\/a><a href=\"\/blog\/wp-content\/uploads\/2022\/amazon_post_ylhaalta.jpg\"><img decoding=\"async\" src=\"\/blog\/wp-content\/uploads\/2022\/thumbs\/thumbs_amazon_post_ylhaalta.jpg\" \/><\/a><a href=\"\/blog\/wp-content\/uploads\/2022\/holy_rosary_cathedral.jpg\"><img decoding=\"async\" src=\"\/blog\/wp-content\/uploads\/2022\/thumbs\/thumbs_holy_rosary_cathedral.jpg\" \/><\/a><\/p>\n<p style=\"text-align: center;\"><em>Stadionin aluetta hallitsevat uudet toimistorakennukset<\/em><\/p>\n<p style=\"text-align: justify;\">Vain pieni py\u00f6r\u00e4hdys my\u00f6t\u00e4p\u00e4iv\u00e4\u00e4n ja Downtownin pilvenpiirt\u00e4j\u00e4t kohoavat osaksi n\u00e4kym\u00e4\u00e4. T\u00e4m\u00e4 maisema onkin muuttunut t\u00e4\u00e4ll\u00e4 asumiemme vuosien aikana melkoisesti, sill\u00e4 keskustaan kohoaa jatkuvasti <a title=\"Kiivasta rakentamista Downtownissa\" href=\"https:\/\/www.vuosiamaailmalla.fi\/blog\/2021\/kiivasta-rakentamista-downtownissa\/\">valtavasti korkeita rakennuksia<\/a>. Pilvenpiirt\u00e4j\u00e4t, joista osa on n\u00e4k\u00f6alatasannetta korkeampiakin, sijaitsevat kuitenkin onneksi hieman et\u00e4\u00e4mp\u00e4n\u00e4, joten maisema on edelleen esteet\u00f6n. Harbour Centren viereen rakentuneet uudet toimistotornit on onneksi nekin rajattu juuri n\u00e4kym\u00e4n alapuolelle, joten maisema s\u00e4ilynee esteett\u00f6m\u00e4n\u00e4 jatkossakin.<\/p>\n<p style=\"text-align: center;\"><a href=\"\/blog\/wp-content\/uploads\/2022\/vancouver_lookout_maisema4.jpg\"><img decoding=\"async\" src=\"\/blog\/wp-content\/uploads\/2022\/thumbs\/thumbs_vancouver_lookout_maisema4.jpg\" \/><\/a><a href=\"\/blog\/wp-content\/uploads\/2022\/vancouver_lookout_maisema5.jpg\"><img decoding=\"async\" src=\"\/blog\/wp-content\/uploads\/2022\/thumbs\/thumbs_vancouver_lookout_maisema5.jpg\" \/><\/a><\/p>\n<p style=\"text-align: center;\"><em>Etel\u00e4ss\u00e4 sijaitsee Yaletown<\/em><\/p>\n<p style=\"text-align: center;\"><a href=\"\/blog\/wp-content\/uploads\/2022\/vancouver_lookout_maisema6.jpg\"><img decoding=\"async\" src=\"\/blog\/wp-content\/uploads\/2022\/thumbs\/thumbs_vancouver_lookout_maisema6.jpg\" \/><\/a><a href=\"\/blog\/wp-content\/uploads\/2022\/vancouver_lookout_maisema7.jpg\"><img decoding=\"async\" src=\"\/blog\/wp-content\/uploads\/2022\/thumbs\/thumbs_vancouver_lookout_maisema7.jpg\" \/><\/a><br \/>\n<a href=\"\/blog\/wp-content\/uploads\/2022\/vancouver_lookout_maisema6b.jpg\"><img decoding=\"async\" src=\"\/blog\/wp-content\/uploads\/2022\/thumbs\/thumbs_vancouver_lookout_maisema6b.jpg\" \/><\/a><a href=\"\/blog\/wp-content\/uploads\/2022\/vancouver_lookout_maisema8.jpg\"><img decoding=\"async\" src=\"\/blog\/wp-content\/uploads\/2022\/thumbs\/thumbs_vancouver_lookout_maisema8.jpg\" \/><\/a><\/p>\n<p style=\"text-align: center;\"><em>Downtownin pilvenpiirt\u00e4ji\u00e4<\/em><\/p>\n<p style=\"text-align: center;\"><a href=\"\/blog\/wp-content\/uploads\/2022\/vancouver_lookout_maisema_panoraama1.jpg\"><img decoding=\"async\" src=\"\/blog\/wp-content\/uploads\/2022\/vancouver_lookout_maisema_panoraama1_pieni.jpg\" \/><\/a><\/p>\n<p style=\"text-align: center;\"><em>Avoimena s\u00e4ilynyt maisema<\/em><\/p>\n<p style=\"text-align: center;\"><a href=\"\/blog\/wp-content\/uploads\/2022\/butterfly_rakenteilla.jpg\"><img decoding=\"async\" src=\"\/blog\/wp-content\/uploads\/2022\/thumbs\/thumbs_butterfly_rakenteilla.jpg\" \/><\/a><a href=\"\/blog\/wp-content\/uploads\/2022\/the_stack.jpg\"><img decoding=\"async\" src=\"\/blog\/wp-content\/uploads\/2022\/thumbs\/thumbs_the_stack.jpg\" \/><\/a><\/p>\n<p style=\"text-align: center;\"><em>Korkeita rakennusty\u00f6maita<\/em><\/p>\n<p style=\"text-align: justify;\">Etel\u00e4\u00e4 kohti katsottaessa et\u00e4\u00e4ll\u00e4 on mahdollista erottaa Vancouverin kaupungintalo sek\u00e4 sen taustalla nopeasti rakentuva <a title=\"Oakridgeen kasvaa Vancouverin toinen keskusta\" href=\"https:\/\/www.vuosiamaailmalla.fi\/blog\/2018\/oakridgesta-kasvaa-vancouverin-toinen-keskus\/\">Oakridgen suurty\u00f6m\u00e4\u00e4<\/a>, jolla hy\u00f6rii kymmenkunta nostokurkea useiden hulppeiden asuintornien sek\u00e4 upouuden kauppakeskuksen parissa.<\/p>\n<p style=\"text-align: center;\"><a href=\"\/blog\/wp-content\/uploads\/2022\/burrard_place_high-res1.jpg\"><img decoding=\"async\" src=\"\/blog\/wp-content\/uploads\/2022\/thumbs\/thumbs_burrard_place_high-res1.jpg\" \/><\/a><a href=\"\/blog\/wp-content\/uploads\/2022\/korkea_torni_high-res1.jpg\"><img decoding=\"async\" src=\"\/blog\/wp-content\/uploads\/2022\/thumbs\/thumbs_korkea_torni_high-res1.jpg\" \/><\/a><a href=\"\/blog\/wp-content\/uploads\/2022\/national_bank_high-res1.jpg\"><img decoding=\"async\" src=\"\/blog\/wp-content\/uploads\/2022\/thumbs\/thumbs_national_bank_high-res1.jpg\" \/><\/a><a href=\"\/blog\/wp-content\/uploads\/2022\/marine_building_high-res1.jpg\"><img decoding=\"async\" src=\"\/blog\/wp-content\/uploads\/2022\/thumbs\/thumbs_marine_building_high-res1.jpg\" \/><\/a><\/p>\n<p style=\"text-align: center;\"><em>Viime vuosien uusia rakennuksia<\/em><\/p>\n<p style=\"text-align: center;\"><a href=\"\/blog\/wp-content\/uploads\/2022\/oakridge_nosturit2.jpg\"><img decoding=\"async\" src=\"\/blog\/wp-content\/uploads\/2022\/oakridge_nosturit2.jpg\" \/><\/a><\/p>\n<p style=\"text-align: center;\"><em>Oakridgen ty\u00f6maa n\u00e4kyy et\u00e4\u00e4ll\u00e4<\/em><\/p>\n<p style=\"text-align: justify;\">Kierroksen p\u00e4\u00e4tt\u00e4\u00e4 klassinen Coal Harbourin maisema sek\u00e4 paluu vuorten suuntaan. Pieni hauska yksityiskohta on viereisen <em>Granville Square<\/em> nimisen toimistotornin huipulla sijaitseva lennonjohtotorni, josta valvotaan Burrard Inletin vilkasta vesitasokoneiden lentoliikennett\u00e4. 142 metrin korkeudessa sijaitseva lennonjohtotorni on maailman korkein ja harvinainen esimerkki tornista, joka ei seiso itsen\u00e4isesti suuren lentokent\u00e4n yhteydess\u00e4.<\/p>\n<p style=\"text-align: center;\"><a href=\"\/blog\/wp-content\/uploads\/2022\/vancouver_lookout_maisema9.jpg\"><img decoding=\"async\" src=\"\/blog\/wp-content\/uploads\/2022\/thumbs\/thumbs_vancouver_lookout_maisema9.jpg\" \/><\/a><a href=\"\/blog\/wp-content\/uploads\/2022\/vancouver_lookout_maisema10.jpg\"><img decoding=\"async\" src=\"\/blog\/wp-content\/uploads\/2022\/thumbs\/thumbs_vancouver_lookout_maisema10.jpg\" \/><\/a><a href=\"\/blog\/wp-content\/uploads\/2022\/coal_harbour_lennonjohtotorni.jpg\"><img decoding=\"async\" src=\"\/blog\/wp-content\/uploads\/2022\/thumbs\/thumbs_coal_harbour_lennonjohtotorni.jpg\" \/><\/a><\/p>\n<p style=\"text-align: center;\"><em>Maailman korkein lennonjohtotorni<\/em><\/p>\n<p style=\"text-align: justify;\">Maisemat olivatkin siis kaikkiin suuntiin todella makoisat, mutta mitenk\u00e4s itse ruoka? Noutop\u00f6yd\u00e4t notkuivat monenlaisia herkkuja ja mit\u00e4 erilaisempia vaihtoehtoja, joten brunssi teki kyll\u00e4 vaikutuksen, t\u00e4ydent\u00e4en upeita maisemia. Kokemus oli itse asiassa niin hyv\u00e4, ett\u00e4 t\u00e4nne pit\u00e4\u00e4 tuoda jatkossa vieraatkin ihastelemaan maisemia herkullisen ruoan parissa!<\/p>\n<p style=\"text-align: center;\"><a href=\"\/blog\/wp-content\/uploads\/2022\/aitienpaiva_buffet3.jpg\"><img decoding=\"async\" src=\"\/blog\/wp-content\/uploads\/2022\/thumbs\/thumbs_aitienpaiva_buffet3.jpg\" \/><\/a><a href=\"\/blog\/wp-content\/uploads\/2022\/aitienpaiva_buffet4.jpg\"><img decoding=\"async\" src=\"\/blog\/wp-content\/uploads\/2022\/thumbs\/thumbs_aitienpaiva_buffet4.jpg\" \/><\/a><a href=\"\/blog\/wp-content\/uploads\/2022\/aitienpaiva_buffet5.jpg\"><img decoding=\"async\" src=\"\/blog\/wp-content\/uploads\/2022\/thumbs\/thumbs_aitienpaiva_buffet5.jpg\" \/><\/a><br \/>\n<a href=\"\/blog\/wp-content\/uploads\/2022\/aitienpaiva_buffet1.jpg\"><img decoding=\"async\" src=\"\/blog\/wp-content\/uploads\/2022\/thumbs\/thumbs_aitienpaiva_buffet1.jpg\" \/><\/a><a href=\"\/blog\/wp-content\/uploads\/2022\/aitienpaiva_buffet2.jpg\"><img decoding=\"async\" src=\"\/blog\/wp-content\/uploads\/2022\/thumbs\/thumbs_aitienpaiva_buffet2.jpg\" \/><\/a><\/p>\n<p style=\"text-align: center;\"><em>Notkuvat noutop\u00f6yd\u00e4t<\/em><\/p>\n<p style=\"text-align: justify;\">On j\u00e4nn\u00e4, ett\u00e4 meilt\u00e4 kesti <a title=\"El\u00e4m\u00e4nt\u00e4yteiset 10 vuotta Kanadassa\" href=\"https:\/\/www.vuosiamaailmalla.fi\/blog\/2022\/elamantayteiset-10-vuotta-kanadassa\/\">yli kymmenen vuotta<\/a> vierailla yhdell\u00e4 Vancouverin p\u00e4\u00e4n\u00e4ht\u00e4vyydell\u00e4, mutta parempi my\u00f6h\u00e4\u00e4n kuin ei milloinkaan! Herkuttelun j\u00e4lkeen sulattelimme laajaa ateriaa reippaalla k\u00e4velyll\u00e4 alkukes\u00e4isen <a title=\"Toukokuinen Downtownin k\u00e4vely\" href=\"https:\/\/www.vuosiamaailmalla.fi\/blog\/2022\/toukokuinen-downtownin-kavely\/\">Downtownin ymp\u00e4ri<\/a> ennen paluuta kotiin Burnabyyn. Ensimm\u00e4inen \u00e4itienp\u00e4iv\u00e4mme oli t\u00e4ten hauska merkkip\u00e4iv\u00e4, mik\u00e4 asettanee paineita keksi\u00e4 jotain kivaa my\u00f6s seuraavalle is\u00e4np\u00e4iv\u00e4lle&#8230;<\/p>\n<p style=\"text-align: center;\"><a href=\"\/blog\/wp-content\/uploads\/2022\/vancouver_lookout3.jpg\"><img decoding=\"async\" src=\"\/blog\/wp-content\/uploads\/2022\/vancouver_lookout3.jpg\" \/><\/a><\/p>\n<p style=\"text-align: center;\"><em>Ensimm\u00e4inen \u00e4itienp\u00e4iv\u00e4<\/em><\/p>\n","protected":false},"excerpt":{"rendered":"<p>Kanadalaiset pyh\u00e4p\u00e4iv\u00e4t ovat suomalaisittain sangen sekavia, useiden arkipyhien ja juhlap\u00e4ivien sijoittuessa maissa t\u00e4ysin eri puolelle kalenteria. Yksi juhlap\u00e4iv\u00e4 joka kuitenkin asettuu Suomen kanssa samaan p\u00e4iv\u00e4m\u00e4\u00e4r\u00e4\u00e4n on \u00e4itienp\u00e4iv\u00e4, jota vietet\u00e4\u00e4n molemmissa maissa toukokuun toisena sunnuntaina. Vaikka kyse ei olekaan arkipyh\u00e4st\u00e4, oli p\u00e4iv\u00e4m\u00e4\u00e4r\u00e4ll\u00e4 meille t\u00e4n\u00e4 vuonna erityisest\u00e4 merkityst\u00e4, sill\u00e4 se oli Niinan ensimm\u00e4inen \u00e4itienp\u00e4iv\u00e4 tytt\u00e4remme syntym\u00e4n j\u00e4lkeen.<\/p>\n","protected":false},"author":1,"featured_media":12768,"comment_status":"open","ping_status":"closed","sticky":false,"template":"","format":"standard","meta":{"_jetpack_memberships_contains_paid_content":false,"footnotes":""},"categories":[17,3],"tags":[25,1167,1723,935,936,939,1721,211,940,492,1724,1722],"class_list":["post-12767","post","type-post","status-publish","format-standard","has-post-thumbnail","hentry","category-arki-kanadassa","category-arki-ulkomailla","tag-ajankohtaista","tag-canada-place","tag-harbour-centre","tag-kanada","tag-ravintolat","tag-vancouver","tag-vancouver-lookout","tag-vancouver-coal-harbour","tag-vancouver-downtown","tag-vancouver-gastown","tag-woodwards-building","tag-aitienpaiva"],"jetpack_featured_media_url":"https:\/\/www.vuosiamaailmalla.fi\/blog\/wp-content\/uploads\/vancouver_lookout_maisema_banner.jpg","jetpack_sharing_enabled":true,"_links":{"self":[{"href":"https:\/\/www.vuosiamaailmalla.fi\/blog\/wp-json\/wp\/v2\/posts\/12767","targetHints":{"allow":["GET"]}}],"collection":[{"href":"https:\/\/www.vuosiamaailmalla.fi\/blog\/wp-json\/wp\/v2\/posts"}],"about":[{"href":"https:\/\/www.vuosiamaailmalla.fi\/blog\/wp-json\/wp\/v2\/types\/post"}],"author":[{"embeddable":true,"href":"https:\/\/www.vuosiamaailmalla.fi\/blog\/wp-json\/wp\/v2\/users\/1"}],"replies":[{"embeddable":true,"href":"https:\/\/www.vuosiamaailmalla.fi\/blog\/wp-json\/wp\/v2\/comments?post=12767"}],"version-history":[{"count":4,"href":"https:\/\/www.vuosiamaailmalla.fi\/blog\/wp-json\/wp\/v2\/posts\/12767\/revisions"}],"predecessor-version":[{"id":12778,"href":"https:\/\/www.vuosiamaailmalla.fi\/blog\/wp-json\/wp\/v2\/posts\/12767\/revisions\/12778"}],"wp:featuredmedia":[{"embeddable":true,"href":"https:\/\/www.vuosiamaailmalla.fi\/blog\/wp-json\/wp\/v2\/media\/12768"}],"wp:attachment":[{"href":"https:\/\/www.vuosiamaailmalla.fi\/blog\/wp-json\/wp\/v2\/media?parent=12767"}],"wp:term":[{"taxonomy":"category","embeddable":true,"href":"https:\/\/www.vuosiamaailmalla.fi\/blog\/wp-json\/wp\/v2\/categories?post=12767"},{"taxonomy":"post_tag","embeddable":true,"href":"https:\/\/www.vuosiamaailmalla.fi\/blog\/wp-json\/wp\/v2\/tags?post=12767"}],"curies":[{"name":"wp","href":"https:\/\/api.w.org\/{rel}","templated":true}]}}