{"id":12774,"date":"2022-05-10T16:05:57","date_gmt":"2022-05-10T23:05:57","guid":{"rendered":"https:\/\/www.vuosiamaailmalla.fi\/blog\/?p=12774"},"modified":"2022-06-05T16:05:16","modified_gmt":"2022-06-05T23:05:16","slug":"toukokuinen-downtownin-kavely","status":"publish","type":"post","link":"https:\/\/www.vuosiamaailmalla.fi\/blog\/2022\/toukokuinen-downtownin-kavely\/","title":{"rendered":"Toukokuinen Downtownin k\u00e4vely"},"content":{"rendered":"<p style=\"text-align: justify;\">Makoisan sek\u00e4 huikeita maisemia tarjonneen <a title=\"\u00c4itienp\u00e4iv\u00e4brunssi Vancouverin yl\u00e4puolella\" href=\"https:\/\/www.vuosiamaailmalla.fi\/blog\/2022\/aitienpaivabrunssi-vancouverin-ylapuolella\/\">\u00e4itienp\u00e4iv\u00e4brunssin<\/a> j\u00e4lkeen p\u00e4\u00e4timme k\u00e4vell\u00e4 hieman matkaa keskustassa, jonne ei tule matkattua kovinkaan usein siit\u00e4kin huolimatta, ett\u00e4 asumme vain lyhyen metromatkan p\u00e4\u00e4ss\u00e4 keskustasta. Toukokuinen sunnuntaip\u00e4iv\u00e4 oli kaunis ja\u00a0 alati poutaantuva, eik\u00e4 l\u00e4mp\u00f6tilassakaan ollut moittimista, joten p\u00e4\u00e4dyimme lopulta kiert\u00e4m\u00e4\u00e4n koko Downtownin ymp\u00e4ri.<\/p>\n<p><!--more--><\/p>\n<p style=\"text-align: center;\"><a href=\"\/blog\/wp-content\/uploads\/2022\/downtownin_kavely1.jpg\"><img decoding=\"async\" src=\"\/blog\/wp-content\/uploads\/2022\/thumbs\/thumbs_downtownin_kavely1.jpg\" \/><\/a><a href=\"\/blog\/wp-content\/uploads\/2022\/downtownin_kavely2.jpg\"><img decoding=\"async\" src=\"\/blog\/wp-content\/uploads\/2022\/thumbs\/thumbs_downtownin_kavely2.jpg\" \/><\/a><a href=\"\/blog\/wp-content\/uploads\/2022\/downtownin_kavely3.jpg\"><img decoding=\"async\" src=\"\/blog\/wp-content\/uploads\/2022\/thumbs\/thumbs_downtownin_kavely3.jpg\" \/><\/a><\/p>\n<p style=\"text-align: center;\"><em>Hiljainen Downtown<\/em><\/p>\n<p style=\"text-align: justify;\"><em>Harbour Centrelt\u00e4<\/em> on lyhyt matka Coal Harbourin rantaan, jossa oli yll\u00e4tykseksemme sangen hiljaista. T\u00e4m\u00e4 oli yll\u00e4tt\u00e4v\u00e4\u00e4, sill\u00e4 ankkurissa oli kaksi Alaskaan suuntaavaa <a title=\"Norwegian Bliss vieraili Vancouverissa\" href=\"https:\/\/www.vuosiamaailmalla.fi\/blog\/2018\/norwegian-bliss-ankkuroitui-vancouverissa\/\">suurta risteilyalusta<\/a>, jotka tuovat normaalisti runsaasti vilin\u00e4\u00e4, ihmisten suunnatessa risteilylle. Ruuhkan sijaan saimmekin k\u00e4vell\u00e4 aivan rauhassa pitkin <em>Seawallin<\/em> kuuluisaa rantareitti\u00e4 kohti Stanley Parkia.<\/p>\n<p style=\"text-align: center;\"><a href=\"\/blog\/wp-content\/uploads\/2022\/coal_harbour_kavely1.jpg\"><img decoding=\"async\" src=\"\/blog\/wp-content\/uploads\/2022\/thumbs\/thumbs_coal_harbour_kavely1.jpg\" \/><\/a><a href=\"\/blog\/wp-content\/uploads\/2022\/coal_harbour_kavely3.jpg\"><img decoding=\"async\" src=\"\/blog\/wp-content\/uploads\/2022\/thumbs\/thumbs_coal_harbour_kavely3.jpg\" \/><\/a><a href=\"\/blog\/wp-content\/uploads\/2022\/coal_harbour_kavely2.jpg\"><img decoding=\"async\" src=\"\/blog\/wp-content\/uploads\/2022\/thumbs\/thumbs_coal_harbour_kavely2.jpg\" \/><\/a><\/p>\n<p style=\"text-align: center;\"><em>Rauhallista my\u00f6s Coal Harbourissa<\/em><\/p>\n<p style=\"text-align: justify;\">Sinne p\u00e4\u00e4sty\u00e4mme, k\u00e4velimme puiston it\u00e4laitaa Downtownin poikki aina English Bayn rantaan, miss\u00e4 aurinko tuli viimein kunnolla esiin. T\u00e4ll\u00e4 puolen keskustaa olikin huomattavasti vilkkaampaa, vaikka l\u00e4mp\u00f6tilat eiv\u00e4t olleetkaan viel\u00e4 kes\u00e4iset ja tuuli jopa aavistuksen viile\u00e4. Alueen v\u00e4ril\u00e4isk\u00e4 on aivan English Bayn \u00e4\u00e4rell\u00e4 sijaitseva ja \u00e4skett\u00e4in remontoitu kerrostalo, jonka kirkkaista v\u00e4reist\u00e4 ja kuvioista voi olla montaa mielt\u00e4.<\/p>\n<p style=\"text-align: center;\"><a href=\"\/blog\/wp-content\/uploads\/2022\/english_bay_kavely1.jpg\"><img decoding=\"async\" src=\"\/blog\/wp-content\/uploads\/2022\/thumbs\/thumbs_english_bay_kavely1.jpg\" \/><\/a><a href=\"\/blog\/wp-content\/uploads\/2022\/english_bay_kavely2.jpg\"><img decoding=\"async\" src=\"\/blog\/wp-content\/uploads\/2022\/thumbs\/thumbs_english_bay_kavely2.jpg\" \/><\/a><\/p>\n<p style=\"text-align: center;\"><em>English Bayn v\u00e4rik\u00e4s rakennus<\/em><\/p>\n<p style=\"text-align: justify;\">Alueen uusin &#8221;n\u00e4ht\u00e4vyys&#8221; on puolestaan lyhyen k\u00e4velymatkan p\u00e4\u00e4ss\u00e4 rantakivikolla makaava suuri punainen lautta. <a title=\"Maanvy\u00f6ryjen erist\u00e4m\u00e4 Vancouver\" href=\"https:\/\/www.vuosiamaailmalla.fi\/blog\/2021\/maanvyoryjen-eristama-vancouver\/\">Marraskuun voimakkaassa syysmyrskyss\u00e4<\/a> karkuun p\u00e4\u00e4ssyt valtava kuljetuslautta huuhtoutui tuulten viem\u00e4n\u00e4 rantakivikolle, johon se j\u00e4i jumiin. Lautan ilmestyminen n\u00e4kyv\u00e4lle paikalle Downtownin kupeeseen aiheutti v\u00e4litt\u00f6m\u00e4sti suurta mediahuomiota ja kaupunkilaiset ottivatkin sen nopeasti omakseen, v\u00e4\u00e4nt\u00e4en siit\u00e4 meemej\u00e4. Se sai jopa <a href=\"https:\/\/englishbaybarge.ca\/\">oman nettisivunsa<\/a>.<\/p>\n<p style=\"text-align: center;\"><a href=\"\/blog\/wp-content\/uploads\/2022\/english_bay_kavely3.jpg\"><img decoding=\"async\" src=\"\/blog\/wp-content\/uploads\/2022\/english_bay_kavely3.jpg\" \/><\/a><\/p>\n<p style=\"text-align: center;\"><em>Etel\u00e4keskustan rantaa<\/em><\/p>\n<p style=\"text-align: justify;\">Lautan omistava yritys yritti sen irrottamista hinaamalla, mink\u00e4 ei kuitenkaan onnistunut liikuttaa sit\u00e4 mihink\u00e4\u00e4n suuntaan, joten sittemmin p\u00e4\u00e4t\u00f6kseksi on muodostunut lautan purkaminen pilkkomalla. Purkuoperaation alkamisessa on kuitenkin kest\u00e4nyt, sill\u00e4 sen sijainti rantakivikossa tarkoittaa, ett\u00e4 sen poistossa pit\u00e4\u00e4 konsultoida valtavaa m\u00e4\u00e4r\u00e4\u00e4 eri viranomaisia ja teet\u00e4tt\u00e4\u00e4 tutkimuksia operaation vaikutuksista. Tapaus kertookin hyvin kanadalaisen byrokratian hitaudesta.<\/p>\n<p style=\"text-align: center;\"><a href=\"\/blog\/wp-content\/uploads\/2022\/english_bayn_lautta1.jpg\"><img decoding=\"async\" src=\"\/blog\/wp-content\/uploads\/2022\/thumbs\/thumbs_english_bayn_lautta1.jpg\" \/><\/a><a href=\"\/blog\/wp-content\/uploads\/2022\/english_bayn_lautta2.jpg\"><img decoding=\"async\" src=\"\/blog\/wp-content\/uploads\/2022\/thumbs\/thumbs_english_bayn_lautta2.jpg\" \/><\/a><a href=\"\/blog\/wp-content\/uploads\/2022\/english_bayn_lautta3.jpg\"><img decoding=\"async\" src=\"\/blog\/wp-content\/uploads\/2022\/thumbs\/thumbs_english_bayn_lautta3.jpg\" \/><\/a><br \/>\n<a href=\"\/blog\/wp-content\/uploads\/2022\/english_bayn_lautta4.jpg\"><img decoding=\"async\" src=\"\/blog\/wp-content\/uploads\/2022\/thumbs\/thumbs_english_bayn_lautta4.jpg\" \/><\/a><a href=\"\/blog\/wp-content\/uploads\/2022\/english_bayn_lautta5.jpg\"><img decoding=\"async\" src=\"\/blog\/wp-content\/uploads\/2022\/thumbs\/thumbs_english_bayn_lautta5.jpg\" \/><\/a><a href=\"\/blog\/wp-content\/uploads\/2022\/english_bayn_lautta6.jpg\"><img decoding=\"async\" src=\"\/blog\/wp-content\/uploads\/2022\/thumbs\/thumbs_english_bayn_lautta6.jpg\" \/><\/a><\/p>\n<p style=\"text-align: center;\"><em>Rantakivikkoon jumahtanut lautta<\/em><\/p>\n<p style=\"text-align: justify;\">Ep\u00e4selv\u00e4\u00e4 on my\u00f6s kuka purkamisen tulee maksamaan, sill\u00e4 lautan omistava yritys on kielt\u00e4ytynyt olevansa vastuussa tapahtuneesta. T\u00e4ll\u00e4 hetkell\u00e4 Vancouverin kaupunki maksaa my\u00f6s sievoisen summan lautan ymp\u00e4rivuorokautisesta valvonnasta, sill\u00e4 se veti nopeasti puoleensa sek\u00e4 uteliaita ett\u00e4 vandaaleja kaiken mediahuomion ajamana.<\/p>\n<p style=\"text-align: center;\"><a href=\"\/blog\/wp-content\/uploads\/2022\/yaletown_kavely1.jpg\"><img decoding=\"async\" src=\"\/blog\/wp-content\/uploads\/2022\/thumbs\/thumbs_yaletown_kavely1.jpg\" \/><\/a><a href=\"\/blog\/wp-content\/uploads\/2022\/yaletown_kavely2.jpg\"><img decoding=\"async\" src=\"\/blog\/wp-content\/uploads\/2022\/thumbs\/thumbs_yaletown_kavely2.jpg\" \/><\/a><a href=\"\/blog\/wp-content\/uploads\/2022\/yaletown_kavely4.jpg\"><img decoding=\"async\" src=\"\/blog\/wp-content\/uploads\/2022\/thumbs\/thumbs_yaletown_kavely4.jpg\" \/><\/a><\/p>\n<p style=\"text-align: center;\"><em>Aurinkoinen Yaletown<\/em><\/p>\n<p style=\"text-align: center;\"><a href=\"\/blog\/wp-content\/uploads\/2022\/yaletown_kavely3.jpg\"><img decoding=\"async\" src=\"\/blog\/wp-content\/uploads\/2022\/yaletown_kavely3.jpg\" \/><\/a><\/p>\n<p style=\"text-align: center;\"><em>Leikkikent\u00e4ll\u00e4 oli mukavaa<\/em><\/p>\n<p style=\"text-align: justify;\">Loppuk\u00e4velyll\u00e4 teimme lyhyen pys\u00e4hdyksen Yaletownissa sijaitsevalla leikkipuistolla, sill\u00e4 keinuminen ja liukum\u00e4et ovat meid\u00e4n perheess\u00e4mme se kova juttu. K\u00e4velymme oli kaiken kaikkiaan melko pitk\u00e4, mutta keli oli yksinkertaisesti niin upea ja alla niin hyv\u00e4 ruokailu, ett\u00e4 nautimme aurinkoisesta sunnuntaistamme suuresti.<\/p>\n<p style=\"text-align: center;\"><a href=\"\/blog\/wp-content\/uploads\/2022\/yaletown_kavely5.jpg\"><img decoding=\"async\" src=\"\/blog\/wp-content\/uploads\/2022\/thumbs\/thumbs_yaletown_kavely5.jpg\" \/><\/a><a href=\"\/blog\/wp-content\/uploads\/2022\/yaletown_kavely6.jpg\"><img decoding=\"async\" src=\"\/blog\/wp-content\/uploads\/2022\/thumbs\/thumbs_yaletown_kavely6.jpg\" \/><\/a><a href=\"\/blog\/wp-content\/uploads\/2022\/yaletown_kavely7.jpg\"><img decoding=\"async\" src=\"\/blog\/wp-content\/uploads\/2022\/thumbs\/thumbs_yaletown_kavely7.jpg\" \/><\/a><\/p>\n<p style=\"text-align: center;\"><em>Kaunis iltap\u00e4iv\u00e4 Yaletownissa<\/em><\/p>\n","protected":false},"excerpt":{"rendered":"<p>Makoisan sek\u00e4 huikeita maisemia tarjonneen \u00e4itienp\u00e4iv\u00e4brunssin j\u00e4lkeen p\u00e4\u00e4timme k\u00e4vell\u00e4 hieman matkaa keskustassa, jonne ei tule matkattua kovinkaan usein siit\u00e4kin huolimatta, ett\u00e4 asumme vain lyhyen metromatkan p\u00e4\u00e4ss\u00e4 keskustasta. Toukokuinen sunnuntaip\u00e4iv\u00e4 oli kaunis ja\u00a0 alati poutaantuva, eik\u00e4 l\u00e4mp\u00f6tilassakaan ollut moittimista, joten p\u00e4\u00e4dyimme lopulta kiert\u00e4m\u00e4\u00e4n koko Downtownin ymp\u00e4ri.<\/p>\n","protected":false},"author":1,"featured_media":12775,"comment_status":"open","ping_status":"closed","sticky":false,"template":"","format":"standard","meta":{"_jetpack_memberships_contains_paid_content":false,"footnotes":""},"categories":[17,3,777,774],"tags":[241,935,160,939,211,940,215],"class_list":["post-12774","post","type-post","status-publish","format-standard","has-post-thumbnail","hentry","category-arki-kanadassa","category-arki-ulkomailla","category-kavely","category-ulkoilu","tag-english-bay","tag-kanada","tag-kevat","tag-vancouver","tag-vancouver-coal-harbour","tag-vancouver-downtown","tag-vancouver-yaletown"],"jetpack_featured_media_url":"https:\/\/www.vuosiamaailmalla.fi\/blog\/wp-content\/uploads\/coal_harbour_kavely_banner.jpg","jetpack_sharing_enabled":true,"_links":{"self":[{"href":"https:\/\/www.vuosiamaailmalla.fi\/blog\/wp-json\/wp\/v2\/posts\/12774","targetHints":{"allow":["GET"]}}],"collection":[{"href":"https:\/\/www.vuosiamaailmalla.fi\/blog\/wp-json\/wp\/v2\/posts"}],"about":[{"href":"https:\/\/www.vuosiamaailmalla.fi\/blog\/wp-json\/wp\/v2\/types\/post"}],"author":[{"embeddable":true,"href":"https:\/\/www.vuosiamaailmalla.fi\/blog\/wp-json\/wp\/v2\/users\/1"}],"replies":[{"embeddable":true,"href":"https:\/\/www.vuosiamaailmalla.fi\/blog\/wp-json\/wp\/v2\/comments?post=12774"}],"version-history":[{"count":2,"href":"https:\/\/www.vuosiamaailmalla.fi\/blog\/wp-json\/wp\/v2\/posts\/12774\/revisions"}],"predecessor-version":[{"id":12777,"href":"https:\/\/www.vuosiamaailmalla.fi\/blog\/wp-json\/wp\/v2\/posts\/12774\/revisions\/12777"}],"wp:featuredmedia":[{"embeddable":true,"href":"https:\/\/www.vuosiamaailmalla.fi\/blog\/wp-json\/wp\/v2\/media\/12775"}],"wp:attachment":[{"href":"https:\/\/www.vuosiamaailmalla.fi\/blog\/wp-json\/wp\/v2\/media?parent=12774"}],"wp:term":[{"taxonomy":"category","embeddable":true,"href":"https:\/\/www.vuosiamaailmalla.fi\/blog\/wp-json\/wp\/v2\/categories?post=12774"},{"taxonomy":"post_tag","embeddable":true,"href":"https:\/\/www.vuosiamaailmalla.fi\/blog\/wp-json\/wp\/v2\/tags?post=12774"}],"curies":[{"name":"wp","href":"https:\/\/api.w.org\/{rel}","templated":true}]}}